{"id":11599,"date":"2018-06-15T09:46:07","date_gmt":"2018-06-15T08:46:07","guid":{"rendered":"http:\/\/www.soroptimisteurope.org\/fr\/?p=11599"},"modified":"2025-05-13T11:16:26","modified_gmt":"2025-05-13T09:16:26","slug":"video-de-lappel-international-de-presidente-jusqua-present","status":"publish","type":"post","link":"https:\/\/www.soroptimisteurope.org\/fr\/video-de-lappel-international-de-presidente-jusqua-present\/","title":{"rendered":"Vid\u00e9o de l&rsquo;appel international de la Pr\u00e9sidente: jusqu&rsquo;\u00e0 pr\u00e9sent"},"content":{"rendered":"<p><iframe width=\"560\" height=\"315\" src=\"https:\/\/www.youtube.com\/embed\/hNDmGBj_rcI?rel=0\" frameborder=\"0\" allow=\"autoplay; encrypted-media\" allowfullscreen><\/iframe><\/p>\n<p>&nbsp;<\/p>\n<p><span class=\"\" title=\"\">Regardez un message vid\u00e9o de la Pr\u00e9sidente de Soroptimist International, Mariet Verhoef-Cohen, qui apporte des nouvelles de l&rsquo;appel international de la Pr\u00e9sidente du SI 2017-2019, \u00abWomen, Water and Leadership\u00bb.<\/span> <span class=\"\" title=\"\">Deux projets de transformation sont actuellement en cours au Kenya et en Bulgarie, gr\u00e2ce aux dons g\u00e9n\u00e9reux des Soroptimist de toutes les F\u00e9d\u00e9rations.<\/span> <span class=\"\" title=\"\">En savoir plus.<\/span><\/p>\n","protected":false},"excerpt":{"rendered":"<p>&nbsp; Regardez un message vid\u00e9o de la Pr\u00e9sidente de Soroptimist International, Mariet Verhoef-Cohen, qui apporte des nouvelles de l&rsquo;appel international de la Pr\u00e9sidente du SI 2017-2019, \u00abWomen, Water and Leadership\u00bb. [&hellip;]<\/p>\n","protected":false},"author":5,"featured_media":36491,"comment_status":"open","ping_status":"open","sticky":false,"template":"","format":"standard","meta":{"_acf_changed":false,"give_campaign_id":0,"footnotes":""},"categories":[129],"tags":[],"class_list":["post-11599","post","type-post","status-publish","format-standard","has-post-thumbnail","hentry","category-nouvelles"],"acf":{"article_photo_de_couverture":false,"article_chapeau":"","article_contenu":[{"article_titre_du_paragraphe":"","article_paragraphe":"<p><iframe width=\"560\" height=\"315\" src=\"https:\/\/www.youtube.com\/embed\/hNDmGBj_rcI?rel=0\" frameborder=\"0\" allow=\"autoplay; encrypted-media\" allowfullscreen><\/iframe><\/p>\n<p>&nbsp;<\/p>\n<p><span class=\"\" title=\"\">Regardez un message vid\u00e9o de la Pr\u00e9sidente de Soroptimist International, Mariet Verhoef-Cohen, qui apporte des nouvelles de l&rsquo;appel international de la Pr\u00e9sidente du SI 2017-2019, \u00abWomen, Water and Leadership\u00bb.<\/span> <span class=\"\" title=\"\">Deux projets de transformation sont actuellement en cours au Kenya et en Bulgarie, gr\u00e2ce aux dons g\u00e9n\u00e9reux des Soroptimist de toutes les F\u00e9d\u00e9rations.<\/span> <span class=\"\" title=\"\">En savoir plus.<\/span><\/p>\n","article_media_image":false,"article_media_video":""}],"article_trombinoscope":false,"article_video":"","article_evenements_sociaux":false,"article_auteur_texte":"","article_nom_contact":"","article_email_contact":"","article_numero_contact":"","article_documents":false,"article_actualites_liees":false},"yoast_head":"<!-- This site is optimized with the Yoast SEO plugin v27.4 - https:\/\/yoast.com\/product\/yoast-seo-wordpress\/ -->\n<title>Vid\u00e9o de l&#039;appel international de la Pr\u00e9sidente: jusqu&#039;\u00e0 pr\u00e9sent - Soroptimist<\/title>\n<meta name=\"robots\" content=\"index, follow, max-snippet:-1, max-image-preview:large, max-video-preview:-1\" \/>\n<link rel=\"canonical\" href=\"https:\/\/www.soroptimisteurope.org\/presidents-appeal-video-the-story-so-far\/\" \/>\n<meta property=\"og:locale\" content=\"fr_FR\" \/>\n<meta property=\"og:type\" content=\"article\" \/>\n<meta property=\"og:title\" content=\"Vid\u00e9o de l&#039;appel international de la Pr\u00e9sidente: jusqu&#039;\u00e0 pr\u00e9sent - Soroptimist\" \/>\n<meta property=\"og:description\" content=\"&nbsp; Regardez un message vid\u00e9o de la Pr\u00e9sidente de Soroptimist International, Mariet Verhoef-Cohen, qui apporte des nouvelles de l&rsquo;appel international de la Pr\u00e9sidente du SI 2017-2019, \u00abWomen, Water and Leadership\u00bb. [&hellip;]\" \/>\n<meta property=\"og:url\" content=\"https:\/\/www.soroptimisteurope.org\/presidents-appeal-video-the-story-so-far\/\" \/>\n<meta property=\"og:site_name\" content=\"Soroptimist\" \/>\n<meta property=\"article:published_time\" content=\"2018-06-15T08:46:07+00:00\" \/>\n<meta property=\"article:modified_time\" content=\"2025-05-13T09:16:26+00:00\" \/>\n<meta property=\"og:image\" content=\"https:\/\/www.soroptimisteurope.org\/wp-content\/uploads\/2025\/04\/women-carrying-water-on-their-heads-3.jpg\" \/>\n\t<meta property=\"og:image:width\" content=\"1000\" \/>\n\t<meta property=\"og:image:height\" content=\"655\" \/>\n\t<meta property=\"og:image:type\" content=\"image\/jpeg\" \/>\n<meta name=\"author\" content=\"Virginie Racine\" \/>\n<meta name=\"twitter:card\" content=\"summary_large_image\" \/>\n<meta name=\"twitter:label1\" content=\"\u00c9crit par\" \/>\n\t<meta name=\"twitter:data1\" content=\"Virginie Racine\" \/>\n<script type=\"application\/ld+json\" class=\"yoast-schema-graph\">{\"@context\":\"https:\\\/\\\/schema.org\",\"@graph\":[{\"@type\":\"Article\",\"@id\":\"https:\\\/\\\/www.soroptimisteurope.org\\\/presidents-appeal-video-the-story-so-far\\\/#article\",\"isPartOf\":{\"@id\":\"https:\\\/\\\/www.soroptimisteurope.org\\\/presidents-appeal-video-the-story-so-far\\\/\"},\"author\":{\"name\":\"Virginie Racine\",\"@id\":\"https:\\\/\\\/www.soroptimisteurope.org\\\/#\\\/schema\\\/person\\\/71cb5ee8dc72773ed419609bf2274619\"},\"headline\":\"Vid\u00e9o de l&rsquo;appel international de la Pr\u00e9sidente: jusqu&rsquo;\u00e0 pr\u00e9sent\",\"datePublished\":\"2018-06-15T08:46:07+00:00\",\"dateModified\":\"2025-05-13T09:16:26+00:00\",\"mainEntityOfPage\":{\"@id\":\"https:\\\/\\\/www.soroptimisteurope.org\\\/presidents-appeal-video-the-story-so-far\\\/\"},\"wordCount\":78,\"commentCount\":0,\"image\":{\"@id\":\"https:\\\/\\\/www.soroptimisteurope.org\\\/presidents-appeal-video-the-story-so-far\\\/#primaryimage\"},\"thumbnailUrl\":\"https:\\\/\\\/www.soroptimisteurope.org\\\/wp-content\\\/uploads\\\/2025\\\/04\\\/women-carrying-water-on-their-heads-3.jpg\",\"articleSection\":[\"Nouvelles\"],\"inLanguage\":\"fr-FR\",\"potentialAction\":[{\"@type\":\"CommentAction\",\"name\":\"Comment\",\"target\":[\"https:\\\/\\\/www.soroptimisteurope.org\\\/presidents-appeal-video-the-story-so-far\\\/#respond\"]}]},{\"@type\":\"WebPage\",\"@id\":\"https:\\\/\\\/www.soroptimisteurope.org\\\/presidents-appeal-video-the-story-so-far\\\/\",\"url\":\"https:\\\/\\\/www.soroptimisteurope.org\\\/presidents-appeal-video-the-story-so-far\\\/\",\"name\":\"Vid\u00e9o de l'appel international de la Pr\u00e9sidente: jusqu'\u00e0 pr\u00e9sent - Soroptimist\",\"isPartOf\":{\"@id\":\"https:\\\/\\\/www.soroptimisteurope.org\\\/#website\"},\"primaryImageOfPage\":{\"@id\":\"https:\\\/\\\/www.soroptimisteurope.org\\\/presidents-appeal-video-the-story-so-far\\\/#primaryimage\"},\"image\":{\"@id\":\"https:\\\/\\\/www.soroptimisteurope.org\\\/presidents-appeal-video-the-story-so-far\\\/#primaryimage\"},\"thumbnailUrl\":\"https:\\\/\\\/www.soroptimisteurope.org\\\/wp-content\\\/uploads\\\/2025\\\/04\\\/women-carrying-water-on-their-heads-3.jpg\",\"datePublished\":\"2018-06-15T08:46:07+00:00\",\"dateModified\":\"2025-05-13T09:16:26+00:00\",\"author\":{\"@id\":\"https:\\\/\\\/www.soroptimisteurope.org\\\/#\\\/schema\\\/person\\\/71cb5ee8dc72773ed419609bf2274619\"},\"breadcrumb\":{\"@id\":\"https:\\\/\\\/www.soroptimisteurope.org\\\/presidents-appeal-video-the-story-so-far\\\/#breadcrumb\"},\"inLanguage\":\"fr-FR\",\"potentialAction\":[{\"@type\":\"ReadAction\",\"target\":[\"https:\\\/\\\/www.soroptimisteurope.org\\\/presidents-appeal-video-the-story-so-far\\\/\"]}]},{\"@type\":\"ImageObject\",\"inLanguage\":\"fr-FR\",\"@id\":\"https:\\\/\\\/www.soroptimisteurope.org\\\/presidents-appeal-video-the-story-so-far\\\/#primaryimage\",\"url\":\"https:\\\/\\\/www.soroptimisteurope.org\\\/wp-content\\\/uploads\\\/2025\\\/04\\\/women-carrying-water-on-their-heads-3.jpg\",\"contentUrl\":\"https:\\\/\\\/www.soroptimisteurope.org\\\/wp-content\\\/uploads\\\/2025\\\/04\\\/women-carrying-water-on-their-heads-3.jpg\",\"width\":1000,\"height\":655},{\"@type\":\"BreadcrumbList\",\"@id\":\"https:\\\/\\\/www.soroptimisteurope.org\\\/presidents-appeal-video-the-story-so-far\\\/#breadcrumb\",\"itemListElement\":[{\"@type\":\"ListItem\",\"position\":1,\"name\":\"Accueil\",\"item\":\"https:\\\/\\\/www.soroptimisteurope.org\\\/fr\\\/\"},{\"@type\":\"ListItem\",\"position\":2,\"name\":\"Vid\u00e9o de l&#8217;appel international de la Pr\u00e9sidente: jusqu&#8217;\u00e0 pr\u00e9sent\"}]},{\"@type\":\"WebSite\",\"@id\":\"https:\\\/\\\/www.soroptimisteurope.org\\\/#website\",\"url\":\"https:\\\/\\\/www.soroptimisteurope.org\\\/\",\"name\":\"Soroptimist\",\"description\":\"\",\"potentialAction\":[{\"@type\":\"SearchAction\",\"target\":{\"@type\":\"EntryPoint\",\"urlTemplate\":\"https:\\\/\\\/www.soroptimisteurope.org\\\/?s={search_term_string}\"},\"query-input\":{\"@type\":\"PropertyValueSpecification\",\"valueRequired\":true,\"valueName\":\"search_term_string\"}}],\"inLanguage\":\"fr-FR\"},{\"@type\":\"Person\",\"@id\":\"https:\\\/\\\/www.soroptimisteurope.org\\\/#\\\/schema\\\/person\\\/71cb5ee8dc72773ed419609bf2274619\",\"name\":\"Virginie Racine\",\"url\":\"https:\\\/\\\/www.soroptimisteurope.org\\\/fr\\\/author\\\/adminsorop2k21\\\/\"}]}<\/script>\n<!-- \/ Yoast SEO plugin. -->","yoast_head_json":{"title":"Vid\u00e9o de l'appel international de la Pr\u00e9sidente: jusqu'\u00e0 pr\u00e9sent - Soroptimist","robots":{"index":"index","follow":"follow","max-snippet":"max-snippet:-1","max-image-preview":"max-image-preview:large","max-video-preview":"max-video-preview:-1"},"canonical":"https:\/\/www.soroptimisteurope.org\/presidents-appeal-video-the-story-so-far\/","og_locale":"fr_FR","og_type":"article","og_title":"Vid\u00e9o de l'appel international de la Pr\u00e9sidente: jusqu'\u00e0 pr\u00e9sent - Soroptimist","og_description":"&nbsp; Regardez un message vid\u00e9o de la Pr\u00e9sidente de Soroptimist International, Mariet Verhoef-Cohen, qui apporte des nouvelles de l&rsquo;appel international de la Pr\u00e9sidente du SI 2017-2019, \u00abWomen, Water and Leadership\u00bb. [&hellip;]","og_url":"https:\/\/www.soroptimisteurope.org\/presidents-appeal-video-the-story-so-far\/","og_site_name":"Soroptimist","article_published_time":"2018-06-15T08:46:07+00:00","article_modified_time":"2025-05-13T09:16:26+00:00","og_image":[{"width":1000,"height":655,"url":"https:\/\/www.soroptimisteurope.org\/wp-content\/uploads\/2025\/04\/women-carrying-water-on-their-heads-3.jpg","type":"image\/jpeg"}],"author":"Virginie Racine","twitter_card":"summary_large_image","twitter_misc":{"\u00c9crit par":"Virginie Racine"},"schema":{"@context":"https:\/\/schema.org","@graph":[{"@type":"Article","@id":"https:\/\/www.soroptimisteurope.org\/presidents-appeal-video-the-story-so-far\/#article","isPartOf":{"@id":"https:\/\/www.soroptimisteurope.org\/presidents-appeal-video-the-story-so-far\/"},"author":{"name":"Virginie Racine","@id":"https:\/\/www.soroptimisteurope.org\/#\/schema\/person\/71cb5ee8dc72773ed419609bf2274619"},"headline":"Vid\u00e9o de l&rsquo;appel international de la Pr\u00e9sidente: jusqu&rsquo;\u00e0 pr\u00e9sent","datePublished":"2018-06-15T08:46:07+00:00","dateModified":"2025-05-13T09:16:26+00:00","mainEntityOfPage":{"@id":"https:\/\/www.soroptimisteurope.org\/presidents-appeal-video-the-story-so-far\/"},"wordCount":78,"commentCount":0,"image":{"@id":"https:\/\/www.soroptimisteurope.org\/presidents-appeal-video-the-story-so-far\/#primaryimage"},"thumbnailUrl":"https:\/\/www.soroptimisteurope.org\/wp-content\/uploads\/2025\/04\/women-carrying-water-on-their-heads-3.jpg","articleSection":["Nouvelles"],"inLanguage":"fr-FR","potentialAction":[{"@type":"CommentAction","name":"Comment","target":["https:\/\/www.soroptimisteurope.org\/presidents-appeal-video-the-story-so-far\/#respond"]}]},{"@type":"WebPage","@id":"https:\/\/www.soroptimisteurope.org\/presidents-appeal-video-the-story-so-far\/","url":"https:\/\/www.soroptimisteurope.org\/presidents-appeal-video-the-story-so-far\/","name":"Vid\u00e9o de l'appel international de la Pr\u00e9sidente: jusqu'\u00e0 pr\u00e9sent - Soroptimist","isPartOf":{"@id":"https:\/\/www.soroptimisteurope.org\/#website"},"primaryImageOfPage":{"@id":"https:\/\/www.soroptimisteurope.org\/presidents-appeal-video-the-story-so-far\/#primaryimage"},"image":{"@id":"https:\/\/www.soroptimisteurope.org\/presidents-appeal-video-the-story-so-far\/#primaryimage"},"thumbnailUrl":"https:\/\/www.soroptimisteurope.org\/wp-content\/uploads\/2025\/04\/women-carrying-water-on-their-heads-3.jpg","datePublished":"2018-06-15T08:46:07+00:00","dateModified":"2025-05-13T09:16:26+00:00","author":{"@id":"https:\/\/www.soroptimisteurope.org\/#\/schema\/person\/71cb5ee8dc72773ed419609bf2274619"},"breadcrumb":{"@id":"https:\/\/www.soroptimisteurope.org\/presidents-appeal-video-the-story-so-far\/#breadcrumb"},"inLanguage":"fr-FR","potentialAction":[{"@type":"ReadAction","target":["https:\/\/www.soroptimisteurope.org\/presidents-appeal-video-the-story-so-far\/"]}]},{"@type":"ImageObject","inLanguage":"fr-FR","@id":"https:\/\/www.soroptimisteurope.org\/presidents-appeal-video-the-story-so-far\/#primaryimage","url":"https:\/\/www.soroptimisteurope.org\/wp-content\/uploads\/2025\/04\/women-carrying-water-on-their-heads-3.jpg","contentUrl":"https:\/\/www.soroptimisteurope.org\/wp-content\/uploads\/2025\/04\/women-carrying-water-on-their-heads-3.jpg","width":1000,"height":655},{"@type":"BreadcrumbList","@id":"https:\/\/www.soroptimisteurope.org\/presidents-appeal-video-the-story-so-far\/#breadcrumb","itemListElement":[{"@type":"ListItem","position":1,"name":"Accueil","item":"https:\/\/www.soroptimisteurope.org\/fr\/"},{"@type":"ListItem","position":2,"name":"Vid\u00e9o de l&#8217;appel international de la Pr\u00e9sidente: jusqu&#8217;\u00e0 pr\u00e9sent"}]},{"@type":"WebSite","@id":"https:\/\/www.soroptimisteurope.org\/#website","url":"https:\/\/www.soroptimisteurope.org\/","name":"Soroptimist","description":"","potentialAction":[{"@type":"SearchAction","target":{"@type":"EntryPoint","urlTemplate":"https:\/\/www.soroptimisteurope.org\/?s={search_term_string}"},"query-input":{"@type":"PropertyValueSpecification","valueRequired":true,"valueName":"search_term_string"}}],"inLanguage":"fr-FR"},{"@type":"Person","@id":"https:\/\/www.soroptimisteurope.org\/#\/schema\/person\/71cb5ee8dc72773ed419609bf2274619","name":"Virginie Racine","url":"https:\/\/www.soroptimisteurope.org\/fr\/author\/adminsorop2k21\/"}]}},"_links":{"self":[{"href":"https:\/\/www.soroptimisteurope.org\/fr\/wp-json\/wp\/v2\/posts\/11599","targetHints":{"allow":["GET"]}}],"collection":[{"href":"https:\/\/www.soroptimisteurope.org\/fr\/wp-json\/wp\/v2\/posts"}],"about":[{"href":"https:\/\/www.soroptimisteurope.org\/fr\/wp-json\/wp\/v2\/types\/post"}],"author":[{"embeddable":true,"href":"https:\/\/www.soroptimisteurope.org\/fr\/wp-json\/wp\/v2\/users\/5"}],"replies":[{"embeddable":true,"href":"https:\/\/www.soroptimisteurope.org\/fr\/wp-json\/wp\/v2\/comments?post=11599"}],"version-history":[{"count":3,"href":"https:\/\/www.soroptimisteurope.org\/fr\/wp-json\/wp\/v2\/posts\/11599\/revisions"}],"predecessor-version":[{"id":34828,"href":"https:\/\/www.soroptimisteurope.org\/fr\/wp-json\/wp\/v2\/posts\/11599\/revisions\/34828"}],"wp:featuredmedia":[{"embeddable":true,"href":"https:\/\/www.soroptimisteurope.org\/fr\/wp-json\/wp\/v2\/media\/36491"}],"wp:attachment":[{"href":"https:\/\/www.soroptimisteurope.org\/fr\/wp-json\/wp\/v2\/media?parent=11599"}],"wp:term":[{"taxonomy":"category","embeddable":true,"href":"https:\/\/www.soroptimisteurope.org\/fr\/wp-json\/wp\/v2\/categories?post=11599"},{"taxonomy":"post_tag","embeddable":true,"href":"https:\/\/www.soroptimisteurope.org\/fr\/wp-json\/wp\/v2\/tags?post=11599"}],"curies":[{"name":"wp","href":"https:\/\/api.w.org\/{rel}","templated":true}]}}