{"id":12329,"date":"2018-09-21T15:49:02","date_gmt":"2018-09-21T14:49:02","guid":{"rendered":"http:\/\/www.soroptimisteurope.org\/?p=12329"},"modified":"2025-05-13T11:16:34","modified_gmt":"2025-05-13T09:16:34","slug":"nouveau-message-et-video-de-la-presidente","status":"publish","type":"post","link":"https:\/\/www.soroptimisteurope.org\/fr\/nouveau-message-et-video-de-la-presidente\/","title":{"rendered":"Nouveau message et vid\u00e9o de la Pr\u00e9sidente"},"content":{"rendered":"<h3>Ch\u00e8res amies Soroptimist,<\/h3>\n<p>La premi\u00e8re ann\u00e9e de mon biennium touche \u00e0 sa fin. Ce fut un immense plaisir de visiter de nombreux pays de notre F\u00e9d\u00e9ration et de participer \u00e0 de nombreux \u00e9v\u00e9nements Soroptimist, des journ\u00e9es nordiques au nord \u00e0 la Conf\u00e9rence SIFAF au sud!<\/p>\n<p>&nbsp;<\/p>\n<p>Je suis extr\u00eamement reconnaissante envers le Bureau du SIE pour leur soutien et leur travail acharn\u00e9. Il en va de m\u00eame pour l&rsquo;\u00e9quipe d\u00e9vou\u00e9e du secr\u00e9tariat permanent du SIE sous la direction de Meltem Zourdos. Je suis heureuse voir la coop\u00e9ration fructueuse entre les diff\u00e9rentes responsables et le personnel du secr\u00e9tariat permanent qui collaborent sur diff\u00e9rents projets. Je suis extr\u00eamement fi\u00e8re de la longue liste de leurs r\u00e9alisations au cours de ces 12 premiers mois!<\/p>\n<p>&nbsp;<\/p>\n<p><strong>D\u00e9veloppement Virtuel<\/strong><\/p>\n<p>La premi\u00e8re vice-pr\u00e9sidente Carolien Demey a men\u00e9 des recherches sur l&rsquo;adh\u00e9sion et les Unions virtuelles et en a expliqu\u00e9 les avantages pour notre organisation. C\u2019est un projet ambitieux, mais je pense qu\u2019il est essentiel pour s\u00e9curiser l\u2019avenir du SIE!<\/p>\n<p>&nbsp;<\/p>\n<p><strong>Lobbying<\/strong><\/p>\n<p>Les webinaires pr\u00e9sent\u00e9s par la vice-pr\u00e9sidente Elizabeth Otieno Nyadwe et son \u00e9quipe ont \u00e9t\u00e9 extr\u00eamement bien accueillis. Le dernier webinaire a fourni des conseils utiles sur la mani\u00e8re d&rsquo;organiser des activit\u00e9s de lobbying autour des\u200916 jours d\u2019activisme contre la violence\u00a0faite aux femmes. En 2017, nous avons d\u00e9j\u00e0 vu des activit\u00e9s de sensibilisation cr\u00e9atives et r\u00e9ussies dans toute la F\u00e9d\u00e9ration afin d\u2019\u00a0\u00ab\u00a0oranger le monde\u00a0\u00bb et je suis heureuse de voir les efforts d\u00e9ploy\u00e9s pour d\u00e9velopper ces actions dans l&rsquo;esprit de \u00ab\u00a0We Stand Up for Women\u00a0\u00bb!<\/p>\n<p>&nbsp;<\/p>\n<p><strong>Mentorat<\/strong><\/p>\n<p>Avec le soutien d&rsquo;Elena Savu, la vice-pr\u00e9sidente Verena von Tresclow-Bronke et le groupe de travail sur le mentorat du SIE ont mis au point un manuel complet et pratique sur le mentorat, d\u00e9sormais disponible sur le site Web du SIE.<\/p>\n<p>&nbsp;<\/p>\n<p><strong>Project Matching<\/strong><\/p>\n<p>La directrice du programme, Ingeborg Dietz, a travaill\u00e9 sans rel\u00e2che pour r\u00e9introduire le \u00ab\u00a0project matching\u00a0\u00bb au sein de la F\u00e9d\u00e9ration. Gr\u00e2ce \u00e0 Erica Sollberger, sp\u00e9cialiste des nouveaux m\u00e9dias, nous avons maintenant un site Web utile et attrayant pour informer et faciliter la coop\u00e9ration.<\/p>\n<p>&nbsp;<\/p>\n<p><strong>Nouveau manuel de recrutement<\/strong><\/p>\n<p>La pr\u00e9sidente du comit\u00e9 d\u2019extension, Gerda Rosiers, a produit un nouveau manuel de recrutement qui s\u2019av\u00e9rera pr\u00e9cieux pour le travail d\u2019extension au niveau des clubs.<\/p>\n<p>&nbsp;<\/p>\n<p><strong>R\u00e8glements et statuts SIE r\u00e9vis\u00e9s<\/strong><\/p>\n<p>Plusieurs membres du bureau se sont associ\u00e9s pour pr\u00e9senter une version r\u00e9vis\u00e9e et abr\u00e9g\u00e9e des statuts et r\u00e8glements du SIE. Cela fait longtemps que ce projet est en pr\u00e9paration et je suis tr\u00e8s heureuse de pouvoir bient\u00f4t en pr\u00e9senter une premi\u00e8re version.<\/p>\n<p>&nbsp;<\/p>\n<p><strong>Communication<\/strong><\/p>\n<p>L&rsquo;\u00e9quipe Communication a lanc\u00e9 le bulletin d&rsquo;informations \u00ab\u00a0le Trait d\u2019Union\u00a0\u00bb qui propose des informations mensuelles courtes et d\u2019actualit\u00e9. Si vous ne l\u2019avez pas encore fait, je vous encourage \u00e0 vous inscrire \u00e0 cette publication en ligne. La nouvelle vid\u00e9o anim\u00e9e, qui a \u00e9t\u00e9 montr\u00e9e au GM, est un moyen id\u00e9al de montrer qui nous sommes et ce que nous faisons. Et dans les semaines qui viennent, la bo\u00eete \u00e0 outils de branding tant attendue sera distribu\u00e9e, et atteindra, je l\u2019esp\u00e8re, tous les niveaux de l\u2019organisation.<\/p>\n<p>&nbsp;<\/p>\n<p>Apprendre \u00e0 conna\u00eetre la diversit\u00e9 du Soroptimist est l\u2019un des points les plus marquants de ma pr\u00e9sidence. J&rsquo;ai \u00e9t\u00e9 boulevers\u00e9e et combl\u00e9e par votre enthousiasme pour le th\u00e8me du biennium,<\/p>\n<p>&nbsp;<\/p>\n<p style=\"text-align: center;\"><strong>We Stand Up for Women!<\/strong><\/p>\n<p>&nbsp;<\/p>\n<p>Les diverses initiatives inspir\u00e9es par ce th\u00e8me mettent en lumi\u00e8re l\u2019engagement des Soroptimist \u00e0 am\u00e9liorer la vie des femmes et des filles. Votre passion motive le bureau \u00e0 poursuivre tous nos efforts pour renforcer et moderniser notre f\u00e9d\u00e9ration pour l&rsquo;avenir!<\/p>\n<p>&nbsp;<\/p>\n<p>Bien cordialement,<\/p>\n<p>&nbsp;<\/p>\n<p>Renata Trottmann Probst<\/p>\n<p>Pr\u00e9sidente du SIE 2017-2019<\/p>\n<p>&nbsp;<\/p>\n<p style=\"text-align: center;\"><iframe src=\"https:\/\/www.youtube.com\/embed\/Y2BnWzBjYF4?rel=0\" width=\"560\" height=\"315\" frameborder=\"0\" allowfullscreen=\"allowfullscreen\"><\/iframe><\/p>\n","protected":false},"excerpt":{"rendered":"<p>Ch\u00e8res amies Soroptimist, La premi\u00e8re ann\u00e9e de mon biennium touche \u00e0 sa fin. Ce fut un immense plaisir de visiter de nombreux pays de notre F\u00e9d\u00e9ration et de participer \u00e0 [&hellip;]<\/p>\n","protected":false},"author":5,"featured_media":36592,"comment_status":"open","ping_status":"open","sticky":false,"template":"","format":"standard","meta":{"_acf_changed":false,"give_campaign_id":0,"footnotes":""},"categories":[129],"tags":[],"class_list":["post-12329","post","type-post","status-publish","format-standard","has-post-thumbnail","hentry","category-nouvelles"],"acf":{"article_actualites_liees":false,"article_documents":false,"article_email_contact":"","article_evenements_sociaux":false,"article_nom_contact":"","article_numero_contact":"","article_photo_de_couverture":false,"article_trombinoscope":false,"article_video":"","article_chapeau":"","article_contenu":[{"article_titre_du_paragraphe":"Ch\u00e8res amies Soroptimist,","article_paragraphe":"<p>La premi\u00e8re ann\u00e9e de mon biennium touche \u00e0 sa fin. Ce fut un immense plaisir de visiter de nombreux pays de notre F\u00e9d\u00e9ration et de participer \u00e0 de nombreux \u00e9v\u00e9nements Soroptimist, des journ\u00e9es nordiques au nord \u00e0 la Conf\u00e9rence SIFAF au sud!<\/p>\n<p>&nbsp;<\/p>\n<p>Je suis extr\u00eamement reconnaissante envers le Bureau du SIE pour leur soutien et leur travail acharn\u00e9. Il en va de m\u00eame pour l&rsquo;\u00e9quipe d\u00e9vou\u00e9e du secr\u00e9tariat permanent du SIE sous la direction de Meltem Zourdos. Je suis heureuse voir la coop\u00e9ration fructueuse entre les diff\u00e9rentes responsables et le personnel du secr\u00e9tariat permanent qui collaborent sur diff\u00e9rents projets. Je suis extr\u00eamement fi\u00e8re de la longue liste de leurs r\u00e9alisations au cours de ces 12 premiers mois!<\/p>\n<p>&nbsp;<\/p>\n<p><strong>D\u00e9veloppement Virtuel<\/strong><\/p>\n<p>La premi\u00e8re vice-pr\u00e9sidente Carolien Demey a men\u00e9 des recherches sur l&rsquo;adh\u00e9sion et les Unions virtuelles et en a expliqu\u00e9 les avantages pour notre organisation. C\u2019est un projet ambitieux, mais je pense qu\u2019il est essentiel pour s\u00e9curiser l\u2019avenir du SIE!<\/p>\n<p>&nbsp;<\/p>\n<p><strong>Lobbying<\/strong><\/p>\n<p>Les webinaires pr\u00e9sent\u00e9s par la vice-pr\u00e9sidente Elizabeth Otieno Nyadwe et son \u00e9quipe ont \u00e9t\u00e9 extr\u00eamement bien accueillis. Le dernier webinaire a fourni des conseils utiles sur la mani\u00e8re d&rsquo;organiser des activit\u00e9s de lobbying autour des\u200916 jours d\u2019activisme contre la violence\u00a0faite aux femmes. En 2017, nous avons d\u00e9j\u00e0 vu des activit\u00e9s de sensibilisation cr\u00e9atives et r\u00e9ussies dans toute la F\u00e9d\u00e9ration afin d\u2019\u00a0\u00ab\u00a0oranger le monde\u00a0\u00bb et je suis heureuse de voir les efforts d\u00e9ploy\u00e9s pour d\u00e9velopper ces actions dans l&rsquo;esprit de \u00ab\u00a0We Stand Up for Women\u00a0\u00bb!<\/p>\n<p>&nbsp;<\/p>\n<p><strong>Mentorat<\/strong><\/p>\n<p>Avec le soutien d&rsquo;Elena Savu, la vice-pr\u00e9sidente Verena von Tresclow-Bronke et le groupe de travail sur le mentorat du SIE ont mis au point un manuel complet et pratique sur le mentorat, d\u00e9sormais disponible sur le site Web du SIE.<\/p>\n<p>&nbsp;<\/p>\n<p><strong>Project Matching<\/strong><\/p>\n<p>La directrice du programme, Ingeborg Dietz, a travaill\u00e9 sans rel\u00e2che pour r\u00e9introduire le \u00ab\u00a0project matching\u00a0\u00bb au sein de la F\u00e9d\u00e9ration. Gr\u00e2ce \u00e0 Erica Sollberger, sp\u00e9cialiste des nouveaux m\u00e9dias, nous avons maintenant un site Web utile et attrayant pour informer et faciliter la coop\u00e9ration.<\/p>\n<p>&nbsp;<\/p>\n<p><strong>Nouveau manuel de recrutement<\/strong><\/p>\n<p>La pr\u00e9sidente du comit\u00e9 d\u2019extension, Gerda Rosiers, a produit un nouveau manuel de recrutement qui s\u2019av\u00e9rera pr\u00e9cieux pour le travail d\u2019extension au niveau des clubs.<\/p>\n<p>&nbsp;<\/p>\n<p><strong>R\u00e8glements et statuts SIE r\u00e9vis\u00e9s<\/strong><\/p>\n<p>Plusieurs membres du bureau se sont associ\u00e9s pour pr\u00e9senter une version r\u00e9vis\u00e9e et abr\u00e9g\u00e9e des statuts et r\u00e8glements du SIE. Cela fait longtemps que ce projet est en pr\u00e9paration et je suis tr\u00e8s heureuse de pouvoir bient\u00f4t en pr\u00e9senter une premi\u00e8re version.<\/p>\n<p>&nbsp;<\/p>\n<p><strong>Communication<\/strong><\/p>\n<p>L&rsquo;\u00e9quipe Communication a lanc\u00e9 le bulletin d&rsquo;informations \u00ab\u00a0le Trait d\u2019Union\u00a0\u00bb qui propose des informations mensuelles courtes et d\u2019actualit\u00e9. Si vous ne l\u2019avez pas encore fait, je vous encourage \u00e0 vous inscrire \u00e0 cette publication en ligne. La nouvelle vid\u00e9o anim\u00e9e, qui a \u00e9t\u00e9 montr\u00e9e au GM, est un moyen id\u00e9al de montrer qui nous sommes et ce que nous faisons. Et dans les semaines qui viennent, la bo\u00eete \u00e0 outils de branding tant attendue sera distribu\u00e9e, et atteindra, je l\u2019esp\u00e8re, tous les niveaux de l\u2019organisation.<\/p>\n<p>&nbsp;<\/p>\n<p>Apprendre \u00e0 conna\u00eetre la diversit\u00e9 du Soroptimist est l\u2019un des points les plus marquants de ma pr\u00e9sidence. J&rsquo;ai \u00e9t\u00e9 boulevers\u00e9e et combl\u00e9e par votre enthousiasme pour le th\u00e8me du biennium,<\/p>\n<p>&nbsp;<\/p>\n<p style=\"text-align: center;\"><strong>We Stand Up for Women!<\/strong><\/p>\n<p>&nbsp;<\/p>\n<p>Les diverses initiatives inspir\u00e9es par ce th\u00e8me mettent en lumi\u00e8re l\u2019engagement des Soroptimist \u00e0 am\u00e9liorer la vie des femmes et des filles. Votre passion motive le bureau \u00e0 poursuivre tous nos efforts pour renforcer et moderniser notre f\u00e9d\u00e9ration pour l&rsquo;avenir!<\/p>\n<p>&nbsp;<\/p>\n<p>Bien cordialement,<\/p>\n<p>&nbsp;<\/p>\n<p>Renata Trottmann Probst<\/p>\n<p>Pr\u00e9sidente du SIE 2017-2019<\/p>\n<p>&nbsp;<\/p>\n<p style=\"text-align: center;\"><iframe src=\"https:\/\/www.youtube.com\/embed\/Y2BnWzBjYF4?rel=0\" width=\"560\" height=\"315\" frameborder=\"0\" allowfullscreen=\"allowfullscreen\"><\/iframe><\/p>\n","article_media_image":false,"article_media_video":""}],"article_auteur_texte":""},"yoast_head":"<!-- This site is optimized with the Yoast SEO plugin v27.4 - https:\/\/yoast.com\/product\/yoast-seo-wordpress\/ -->\n<title>Nouveau message et vid\u00e9o de la Pr\u00e9sidente - Soroptimist<\/title>\n<meta name=\"robots\" content=\"index, follow, max-snippet:-1, max-image-preview:large, max-video-preview:-1\" \/>\n<link rel=\"canonical\" href=\"https:\/\/www.soroptimisteurope.org\/new-video-message-from-the-president\/\" \/>\n<meta property=\"og:locale\" content=\"fr_FR\" \/>\n<meta property=\"og:type\" content=\"article\" \/>\n<meta property=\"og:title\" content=\"Nouveau message et vid\u00e9o de la Pr\u00e9sidente - Soroptimist\" \/>\n<meta property=\"og:description\" content=\"Ch\u00e8res amies Soroptimist, La premi\u00e8re ann\u00e9e de mon biennium touche \u00e0 sa fin. Ce fut un immense plaisir de visiter de nombreux pays de notre F\u00e9d\u00e9ration et de participer \u00e0 [&hellip;]\" \/>\n<meta property=\"og:url\" content=\"https:\/\/www.soroptimisteurope.org\/new-video-message-from-the-president\/\" \/>\n<meta property=\"og:site_name\" content=\"Soroptimist\" \/>\n<meta property=\"article:published_time\" content=\"2018-09-21T14:49:02+00:00\" \/>\n<meta property=\"article:modified_time\" content=\"2025-05-13T09:16:34+00:00\" \/>\n<meta property=\"og:image\" content=\"https:\/\/www.soroptimisteurope.org\/wp-content\/uploads\/2025\/04\/background-trial-2-1-scaled.jpg\" \/>\n\t<meta property=\"og:image:width\" content=\"2560\" \/>\n\t<meta property=\"og:image:height\" content=\"1432\" \/>\n\t<meta property=\"og:image:type\" content=\"image\/jpeg\" \/>\n<meta name=\"author\" content=\"Virginie Racine\" \/>\n<meta name=\"twitter:card\" content=\"summary_large_image\" \/>\n<meta name=\"twitter:label1\" content=\"\u00c9crit par\" \/>\n\t<meta name=\"twitter:data1\" content=\"Virginie Racine\" \/>\n\t<meta name=\"twitter:label2\" content=\"Dur\u00e9e de lecture estim\u00e9e\" \/>\n\t<meta name=\"twitter:data2\" content=\"3 minutes\" \/>\n<script type=\"application\/ld+json\" class=\"yoast-schema-graph\">{\"@context\":\"https:\\\/\\\/schema.org\",\"@graph\":[{\"@type\":\"Article\",\"@id\":\"https:\\\/\\\/www.soroptimisteurope.org\\\/new-video-message-from-the-president\\\/#article\",\"isPartOf\":{\"@id\":\"https:\\\/\\\/www.soroptimisteurope.org\\\/new-video-message-from-the-president\\\/\"},\"author\":{\"name\":\"Virginie Racine\",\"@id\":\"https:\\\/\\\/www.soroptimisteurope.org\\\/#\\\/schema\\\/person\\\/71cb5ee8dc72773ed419609bf2274619\"},\"headline\":\"Nouveau message et vid\u00e9o de la Pr\u00e9sidente\",\"datePublished\":\"2018-09-21T14:49:02+00:00\",\"dateModified\":\"2025-05-13T09:16:34+00:00\",\"mainEntityOfPage\":{\"@id\":\"https:\\\/\\\/www.soroptimisteurope.org\\\/new-video-message-from-the-president\\\/\"},\"wordCount\":701,\"commentCount\":0,\"image\":{\"@id\":\"https:\\\/\\\/www.soroptimisteurope.org\\\/new-video-message-from-the-president\\\/#primaryimage\"},\"thumbnailUrl\":\"https:\\\/\\\/www.soroptimisteurope.org\\\/wp-content\\\/uploads\\\/2025\\\/04\\\/background-trial-2-1-scaled.jpg\",\"articleSection\":[\"Nouvelles\"],\"inLanguage\":\"fr-FR\",\"potentialAction\":[{\"@type\":\"CommentAction\",\"name\":\"Comment\",\"target\":[\"https:\\\/\\\/www.soroptimisteurope.org\\\/new-video-message-from-the-president\\\/#respond\"]}]},{\"@type\":\"WebPage\",\"@id\":\"https:\\\/\\\/www.soroptimisteurope.org\\\/new-video-message-from-the-president\\\/\",\"url\":\"https:\\\/\\\/www.soroptimisteurope.org\\\/new-video-message-from-the-president\\\/\",\"name\":\"Nouveau message et vid\u00e9o de la Pr\u00e9sidente - Soroptimist\",\"isPartOf\":{\"@id\":\"https:\\\/\\\/www.soroptimisteurope.org\\\/#website\"},\"primaryImageOfPage\":{\"@id\":\"https:\\\/\\\/www.soroptimisteurope.org\\\/new-video-message-from-the-president\\\/#primaryimage\"},\"image\":{\"@id\":\"https:\\\/\\\/www.soroptimisteurope.org\\\/new-video-message-from-the-president\\\/#primaryimage\"},\"thumbnailUrl\":\"https:\\\/\\\/www.soroptimisteurope.org\\\/wp-content\\\/uploads\\\/2025\\\/04\\\/background-trial-2-1-scaled.jpg\",\"datePublished\":\"2018-09-21T14:49:02+00:00\",\"dateModified\":\"2025-05-13T09:16:34+00:00\",\"author\":{\"@id\":\"https:\\\/\\\/www.soroptimisteurope.org\\\/#\\\/schema\\\/person\\\/71cb5ee8dc72773ed419609bf2274619\"},\"breadcrumb\":{\"@id\":\"https:\\\/\\\/www.soroptimisteurope.org\\\/new-video-message-from-the-president\\\/#breadcrumb\"},\"inLanguage\":\"fr-FR\",\"potentialAction\":[{\"@type\":\"ReadAction\",\"target\":[\"https:\\\/\\\/www.soroptimisteurope.org\\\/new-video-message-from-the-president\\\/\"]}]},{\"@type\":\"ImageObject\",\"inLanguage\":\"fr-FR\",\"@id\":\"https:\\\/\\\/www.soroptimisteurope.org\\\/new-video-message-from-the-president\\\/#primaryimage\",\"url\":\"https:\\\/\\\/www.soroptimisteurope.org\\\/wp-content\\\/uploads\\\/2025\\\/04\\\/background-trial-2-1-scaled.jpg\",\"contentUrl\":\"https:\\\/\\\/www.soroptimisteurope.org\\\/wp-content\\\/uploads\\\/2025\\\/04\\\/background-trial-2-1-scaled.jpg\",\"width\":2560,\"height\":1432},{\"@type\":\"BreadcrumbList\",\"@id\":\"https:\\\/\\\/www.soroptimisteurope.org\\\/new-video-message-from-the-president\\\/#breadcrumb\",\"itemListElement\":[{\"@type\":\"ListItem\",\"position\":1,\"name\":\"Accueil\",\"item\":\"https:\\\/\\\/www.soroptimisteurope.org\\\/fr\\\/\"},{\"@type\":\"ListItem\",\"position\":2,\"name\":\"Nouveau message et vid\u00e9o de la Pr\u00e9sidente\"}]},{\"@type\":\"WebSite\",\"@id\":\"https:\\\/\\\/www.soroptimisteurope.org\\\/#website\",\"url\":\"https:\\\/\\\/www.soroptimisteurope.org\\\/\",\"name\":\"Soroptimist\",\"description\":\"\",\"potentialAction\":[{\"@type\":\"SearchAction\",\"target\":{\"@type\":\"EntryPoint\",\"urlTemplate\":\"https:\\\/\\\/www.soroptimisteurope.org\\\/?s={search_term_string}\"},\"query-input\":{\"@type\":\"PropertyValueSpecification\",\"valueRequired\":true,\"valueName\":\"search_term_string\"}}],\"inLanguage\":\"fr-FR\"},{\"@type\":\"Person\",\"@id\":\"https:\\\/\\\/www.soroptimisteurope.org\\\/#\\\/schema\\\/person\\\/71cb5ee8dc72773ed419609bf2274619\",\"name\":\"Virginie Racine\",\"url\":\"https:\\\/\\\/www.soroptimisteurope.org\\\/fr\\\/author\\\/adminsorop2k21\\\/\"}]}<\/script>\n<!-- \/ Yoast SEO plugin. -->","yoast_head_json":{"title":"Nouveau message et vid\u00e9o de la Pr\u00e9sidente - Soroptimist","robots":{"index":"index","follow":"follow","max-snippet":"max-snippet:-1","max-image-preview":"max-image-preview:large","max-video-preview":"max-video-preview:-1"},"canonical":"https:\/\/www.soroptimisteurope.org\/new-video-message-from-the-president\/","og_locale":"fr_FR","og_type":"article","og_title":"Nouveau message et vid\u00e9o de la Pr\u00e9sidente - Soroptimist","og_description":"Ch\u00e8res amies Soroptimist, La premi\u00e8re ann\u00e9e de mon biennium touche \u00e0 sa fin. Ce fut un immense plaisir de visiter de nombreux pays de notre F\u00e9d\u00e9ration et de participer \u00e0 [&hellip;]","og_url":"https:\/\/www.soroptimisteurope.org\/new-video-message-from-the-president\/","og_site_name":"Soroptimist","article_published_time":"2018-09-21T14:49:02+00:00","article_modified_time":"2025-05-13T09:16:34+00:00","og_image":[{"width":2560,"height":1432,"url":"https:\/\/www.soroptimisteurope.org\/wp-content\/uploads\/2025\/04\/background-trial-2-1-scaled.jpg","type":"image\/jpeg"}],"author":"Virginie Racine","twitter_card":"summary_large_image","twitter_misc":{"\u00c9crit par":"Virginie Racine","Dur\u00e9e de lecture estim\u00e9e":"3 minutes"},"schema":{"@context":"https:\/\/schema.org","@graph":[{"@type":"Article","@id":"https:\/\/www.soroptimisteurope.org\/new-video-message-from-the-president\/#article","isPartOf":{"@id":"https:\/\/www.soroptimisteurope.org\/new-video-message-from-the-president\/"},"author":{"name":"Virginie Racine","@id":"https:\/\/www.soroptimisteurope.org\/#\/schema\/person\/71cb5ee8dc72773ed419609bf2274619"},"headline":"Nouveau message et vid\u00e9o de la Pr\u00e9sidente","datePublished":"2018-09-21T14:49:02+00:00","dateModified":"2025-05-13T09:16:34+00:00","mainEntityOfPage":{"@id":"https:\/\/www.soroptimisteurope.org\/new-video-message-from-the-president\/"},"wordCount":701,"commentCount":0,"image":{"@id":"https:\/\/www.soroptimisteurope.org\/new-video-message-from-the-president\/#primaryimage"},"thumbnailUrl":"https:\/\/www.soroptimisteurope.org\/wp-content\/uploads\/2025\/04\/background-trial-2-1-scaled.jpg","articleSection":["Nouvelles"],"inLanguage":"fr-FR","potentialAction":[{"@type":"CommentAction","name":"Comment","target":["https:\/\/www.soroptimisteurope.org\/new-video-message-from-the-president\/#respond"]}]},{"@type":"WebPage","@id":"https:\/\/www.soroptimisteurope.org\/new-video-message-from-the-president\/","url":"https:\/\/www.soroptimisteurope.org\/new-video-message-from-the-president\/","name":"Nouveau message et vid\u00e9o de la Pr\u00e9sidente - Soroptimist","isPartOf":{"@id":"https:\/\/www.soroptimisteurope.org\/#website"},"primaryImageOfPage":{"@id":"https:\/\/www.soroptimisteurope.org\/new-video-message-from-the-president\/#primaryimage"},"image":{"@id":"https:\/\/www.soroptimisteurope.org\/new-video-message-from-the-president\/#primaryimage"},"thumbnailUrl":"https:\/\/www.soroptimisteurope.org\/wp-content\/uploads\/2025\/04\/background-trial-2-1-scaled.jpg","datePublished":"2018-09-21T14:49:02+00:00","dateModified":"2025-05-13T09:16:34+00:00","author":{"@id":"https:\/\/www.soroptimisteurope.org\/#\/schema\/person\/71cb5ee8dc72773ed419609bf2274619"},"breadcrumb":{"@id":"https:\/\/www.soroptimisteurope.org\/new-video-message-from-the-president\/#breadcrumb"},"inLanguage":"fr-FR","potentialAction":[{"@type":"ReadAction","target":["https:\/\/www.soroptimisteurope.org\/new-video-message-from-the-president\/"]}]},{"@type":"ImageObject","inLanguage":"fr-FR","@id":"https:\/\/www.soroptimisteurope.org\/new-video-message-from-the-president\/#primaryimage","url":"https:\/\/www.soroptimisteurope.org\/wp-content\/uploads\/2025\/04\/background-trial-2-1-scaled.jpg","contentUrl":"https:\/\/www.soroptimisteurope.org\/wp-content\/uploads\/2025\/04\/background-trial-2-1-scaled.jpg","width":2560,"height":1432},{"@type":"BreadcrumbList","@id":"https:\/\/www.soroptimisteurope.org\/new-video-message-from-the-president\/#breadcrumb","itemListElement":[{"@type":"ListItem","position":1,"name":"Accueil","item":"https:\/\/www.soroptimisteurope.org\/fr\/"},{"@type":"ListItem","position":2,"name":"Nouveau message et vid\u00e9o de la Pr\u00e9sidente"}]},{"@type":"WebSite","@id":"https:\/\/www.soroptimisteurope.org\/#website","url":"https:\/\/www.soroptimisteurope.org\/","name":"Soroptimist","description":"","potentialAction":[{"@type":"SearchAction","target":{"@type":"EntryPoint","urlTemplate":"https:\/\/www.soroptimisteurope.org\/?s={search_term_string}"},"query-input":{"@type":"PropertyValueSpecification","valueRequired":true,"valueName":"search_term_string"}}],"inLanguage":"fr-FR"},{"@type":"Person","@id":"https:\/\/www.soroptimisteurope.org\/#\/schema\/person\/71cb5ee8dc72773ed419609bf2274619","name":"Virginie Racine","url":"https:\/\/www.soroptimisteurope.org\/fr\/author\/adminsorop2k21\/"}]}},"_links":{"self":[{"href":"https:\/\/www.soroptimisteurope.org\/fr\/wp-json\/wp\/v2\/posts\/12329","targetHints":{"allow":["GET"]}}],"collection":[{"href":"https:\/\/www.soroptimisteurope.org\/fr\/wp-json\/wp\/v2\/posts"}],"about":[{"href":"https:\/\/www.soroptimisteurope.org\/fr\/wp-json\/wp\/v2\/types\/post"}],"author":[{"embeddable":true,"href":"https:\/\/www.soroptimisteurope.org\/fr\/wp-json\/wp\/v2\/users\/5"}],"replies":[{"embeddable":true,"href":"https:\/\/www.soroptimisteurope.org\/fr\/wp-json\/wp\/v2\/comments?post=12329"}],"version-history":[{"count":3,"href":"https:\/\/www.soroptimisteurope.org\/fr\/wp-json\/wp\/v2\/posts\/12329\/revisions"}],"predecessor-version":[{"id":34871,"href":"https:\/\/www.soroptimisteurope.org\/fr\/wp-json\/wp\/v2\/posts\/12329\/revisions\/34871"}],"wp:featuredmedia":[{"embeddable":true,"href":"https:\/\/www.soroptimisteurope.org\/fr\/wp-json\/wp\/v2\/media\/36592"}],"wp:attachment":[{"href":"https:\/\/www.soroptimisteurope.org\/fr\/wp-json\/wp\/v2\/media?parent=12329"}],"wp:term":[{"taxonomy":"category","embeddable":true,"href":"https:\/\/www.soroptimisteurope.org\/fr\/wp-json\/wp\/v2\/categories?post=12329"},{"taxonomy":"post_tag","embeddable":true,"href":"https:\/\/www.soroptimisteurope.org\/fr\/wp-json\/wp\/v2\/tags?post=12329"}],"curies":[{"name":"wp","href":"https:\/\/api.w.org\/{rel}","templated":true}]}}