{"id":13396,"date":"2019-01-15T11:01:46","date_gmt":"2019-01-15T10:01:46","guid":{"rendered":"http:\/\/www.soroptimisteurope.org\/?p=13396"},"modified":"2025-05-13T11:16:46","modified_gmt":"2025-05-13T09:16:46","slug":"envoyez-nous-vos-photos-pour-le-concours-de-photo-sie-2019","status":"publish","type":"post","link":"https:\/\/www.soroptimisteurope.org\/fr\/envoyez-nous-vos-photos-pour-le-concours-de-photo-sie-2019\/","title":{"rendered":"Envoyez-nous vos photos pour le Concours de Photo SIE 2019"},"content":{"rendered":"<p>Soroptimist International d\u2019Europe organise la sixi\u00e8me \u00e9dition du <strong>Concours de Photo <\/strong>appel\u00e9 Avec les yeux des Soroptimist. <strong>Tous les membres du Soroptimist International d\u2019Europe sont invit\u00e9s \u00e0 y participer\u00a0!<\/strong><\/p>\n<p>&nbsp;<\/p>\n<p><strong>Le th\u00e8me de la sixi\u00e8me \u00e9dition du concours de photo 2019 \u2013 Avec les yeux des Soroptimist \u2013 est: <\/strong><strong>WE STAND UP FOR WOMEN !<\/strong><\/p>\n<p>&nbsp;<\/p>\n<p>Le processus de soumission est tr\u00e8s simple\u00a0: il vous suffit de remplir le <strong>formulaire d\u2019inscription d\u2019une page<\/strong> que vous vous pouvez t\u00e9l\u00e9charger <strong><a href=\"https:\/\/extranet.soroptimisteurope.org\/download\/downloads\/file\/download\/1558\">ICI<\/a><\/strong>.<\/p>\n<p>&nbsp;<\/p>\n<p>Les <strong><u>conditions<\/u><\/strong> du concours sont les suivantes\u00a0:<\/p>\n<p>&nbsp;<\/p>\n<p><strong>Pour les participantes<\/strong><\/p>\n<p>&nbsp;<\/p>\n<ul>\n<li>Le concours est <strong>ouvert aux Soroptimist membres de la F\u00e9d\u00e9ration europ\u00e9enne<\/strong><\/li>\n<li>Chaque participante peut soumettre jusqu&rsquo;\u00e0 <strong>2\u00a0photos pour le th\u00e8me propos\u00e9<\/strong><\/li>\n<li>La participante doit \u00eatre l\u2019auteur et propri\u00e9taire du copyright\/droit d\u2019auteur de la photo soumise<\/li>\n<li>La participante a la responsabilit\u00e9 de s\u2019assurer du consentement de toutes les personnes photographi\u00e9es en vue de la publication de l\u2019image<\/li>\n<li>Les membres du Jury et les membres du Bureau \u00e9largi du SIE ne sont pas autoris\u00e9s \u00e0 participer au concours<\/li>\n<\/ul>\n<p>&nbsp;<\/p>\n<p><strong>Pour les photos<\/strong><\/p>\n<p>&nbsp;<\/p>\n<ul>\n<li>Chaque photo doit \u00eatre accompagn\u00e9e d\u2019un formulaire d\u2019inscription d\u00fbment rempli<\/li>\n<li>La taille des photos doit \u00eatre comprise entre <strong>1 Mo et<\/strong> <strong>8\u00a0Mo<\/strong><\/li>\n<li>Chaque photo doit \u00eatre une \u0153uvre originale et in\u00e9dite de la participante<strong>En acceptant de participer au concours, la participante autorise le SIE \u00e0 utiliser les photos pour ses m\u00e9dias \u00e9lectroniques et imprim\u00e9s.<\/strong><\/li>\n<\/ul>\n<p>&nbsp;<\/p>\n<p>Un <strong>Jury, <\/strong>pr\u00e9sid\u00e9 par la Directrice de Programme adjointe, choisira les gagnantes.<\/p>\n<p>&nbsp;<\/p>\n<p>Les gagnantes du concours seront annonc\u00e9es lors de la<strong> R\u00e9union des Gouverneures qui aura lieu \u00e0 Zagreb en Croatie entre les 25 et 26 mai 2019. <\/strong>Les laur\u00e9ates et les photos seront \u00e9galement c\u00e9l\u00e9br\u00e9es sur le <strong>site du\u00a0 SIE, ainsi que dans tous les autres supports de communication de la F\u00e9d\u00e9ration<\/strong>.<\/p>\n<p>&nbsp;<\/p>\n<p>Une s\u00e9lection de photos sera projet\u00e9e lors de la <strong>R\u00e9union des Gouverneures<\/strong>.<\/p>\n<p>&nbsp;<\/p>\n<p>Si vous souhaitez plus d\u2019informations sur le Concours de Photos ou si vous souhaitez obtenir de l\u2019aide pour remplir le formulaire, n\u2019h\u00e9sitez pas \u00e0 contacter l\u2019\u00e9quipe du Programme au SEP ou moi-m\u00eame. Nous restons \u00e0 votre enti\u00e8re disposition.<\/p>\n<p>&nbsp;<\/p>\n<p><u>Nous vous remercions de nous envoyer vos photos \u00e0 <strong>programme[at]soroptimisteurope.org<\/strong> au plus tard le <\/u><strong><u>15 avril 2019\u00a0<\/u><\/strong><u>!<\/u><\/p>\n","protected":false},"excerpt":{"rendered":"<p>Soroptimist International d\u2019Europe organise la sixi\u00e8me \u00e9dition du Concours de Photo appel\u00e9 Avec les yeux des Soroptimist. Tous les membres du Soroptimist International d\u2019Europe sont invit\u00e9s \u00e0 y participer\u00a0! &nbsp; [&hellip;]<\/p>\n","protected":false},"author":5,"featured_media":36784,"comment_status":"open","ping_status":"open","sticky":false,"template":"","format":"standard","meta":{"_acf_changed":false,"give_campaign_id":0,"footnotes":""},"categories":[129],"tags":[],"class_list":["post-13396","post","type-post","status-publish","format-standard","has-post-thumbnail","hentry","category-nouvelles"],"acf":{"article_photo_de_couverture":false,"article_chapeau":"","article_contenu":[{"article_titre_du_paragraphe":"","article_paragraphe":"<p>Soroptimist International d\u2019Europe organise la sixi\u00e8me \u00e9dition du <strong>Concours de Photo <\/strong>appel\u00e9 Avec les yeux des Soroptimist. <strong>Tous les membres du Soroptimist International d\u2019Europe sont invit\u00e9s \u00e0 y participer\u00a0!<\/strong><\/p>\n<p>&nbsp;<\/p>\n<p><strong>Le th\u00e8me de la sixi\u00e8me \u00e9dition du concours de photo 2019 \u2013 Avec les yeux des Soroptimist \u2013 est: <\/strong><strong>WE STAND UP FOR WOMEN !<\/strong><\/p>\n<p>&nbsp;<\/p>\n<p>Le processus de soumission est tr\u00e8s simple\u00a0: il vous suffit de remplir le <strong>formulaire d\u2019inscription d\u2019une page<\/strong> que vous vous pouvez t\u00e9l\u00e9charger <strong><a href=\"https:\/\/extranet.soroptimisteurope.org\/download\/downloads\/file\/download\/1558\">ICI<\/a><\/strong>.<\/p>\n<p>&nbsp;<\/p>\n<p>Les <strong><u>conditions<\/u><\/strong> du concours sont les suivantes\u00a0:<\/p>\n<p>&nbsp;<\/p>\n<p><strong>Pour les participantes<\/strong><\/p>\n<p>&nbsp;<\/p>\n<ul>\n<li>Le concours est <strong>ouvert aux Soroptimist membres de la F\u00e9d\u00e9ration europ\u00e9enne<\/strong><\/li>\n<li>Chaque participante peut soumettre jusqu&rsquo;\u00e0 <strong>2\u00a0photos pour le th\u00e8me propos\u00e9<\/strong><\/li>\n<li>La participante doit \u00eatre l\u2019auteur et propri\u00e9taire du copyright\/droit d\u2019auteur de la photo soumise<\/li>\n<li>La participante a la responsabilit\u00e9 de s\u2019assurer du consentement de toutes les personnes photographi\u00e9es en vue de la publication de l\u2019image<\/li>\n<li>Les membres du Jury et les membres du Bureau \u00e9largi du SIE ne sont pas autoris\u00e9s \u00e0 participer au concours<\/li>\n<\/ul>\n<p>&nbsp;<\/p>\n<p><strong>Pour les photos<\/strong><\/p>\n<p>&nbsp;<\/p>\n<ul>\n<li>Chaque photo doit \u00eatre accompagn\u00e9e d\u2019un formulaire d\u2019inscription d\u00fbment rempli<\/li>\n<li>La taille des photos doit \u00eatre comprise entre <strong>1 Mo et<\/strong> <strong>8\u00a0Mo<\/strong><\/li>\n<li>Chaque photo doit \u00eatre une \u0153uvre originale et in\u00e9dite de la participante<strong>En acceptant de participer au concours, la participante autorise le SIE \u00e0 utiliser les photos pour ses m\u00e9dias \u00e9lectroniques et imprim\u00e9s.<\/strong><\/li>\n<\/ul>\n<p>&nbsp;<\/p>\n<p>Un <strong>Jury, <\/strong>pr\u00e9sid\u00e9 par la Directrice de Programme adjointe, choisira les gagnantes.<\/p>\n<p>&nbsp;<\/p>\n<p>Les gagnantes du concours seront annonc\u00e9es lors de la<strong> R\u00e9union des Gouverneures qui aura lieu \u00e0 Zagreb en Croatie entre les 25 et 26 mai 2019. <\/strong>Les laur\u00e9ates et les photos seront \u00e9galement c\u00e9l\u00e9br\u00e9es sur le <strong>site du\u00a0 SIE, ainsi que dans tous les autres supports de communication de la F\u00e9d\u00e9ration<\/strong>.<\/p>\n<p>&nbsp;<\/p>\n<p>Une s\u00e9lection de photos sera projet\u00e9e lors de la <strong>R\u00e9union des Gouverneures<\/strong>.<\/p>\n<p>&nbsp;<\/p>\n<p>Si vous souhaitez plus d\u2019informations sur le Concours de Photos ou si vous souhaitez obtenir de l\u2019aide pour remplir le formulaire, n\u2019h\u00e9sitez pas \u00e0 contacter l\u2019\u00e9quipe du Programme au SEP ou moi-m\u00eame. Nous restons \u00e0 votre enti\u00e8re disposition.<\/p>\n<p>&nbsp;<\/p>\n<p><u>Nous vous remercions de nous envoyer vos photos \u00e0 <strong>programme[at]soroptimisteurope.org<\/strong> au plus tard le <\/u><strong><u>15 avril 2019\u00a0<\/u><\/strong><u>!<\/u><\/p>\n","article_media_image":false,"article_media_video":""}],"article_trombinoscope":false,"article_video":"","article_evenements_sociaux":false,"article_auteur_texte":"","article_nom_contact":"","article_email_contact":"","article_numero_contact":"","article_documents":false,"article_actualites_liees":false},"yoast_head":"<!-- This site is optimized with the Yoast SEO plugin v27.4 - https:\/\/yoast.com\/product\/yoast-seo-wordpress\/ -->\n<title>Envoyez-nous vos photos pour le Concours de Photo SIE 2019 - Soroptimist<\/title>\n<meta name=\"robots\" content=\"index, follow, max-snippet:-1, max-image-preview:large, max-video-preview:-1\" \/>\n<link rel=\"canonical\" href=\"https:\/\/www.soroptimisteurope.org\/submit-your-photos-to-the-sie-photo-competition-2019\/\" \/>\n<meta property=\"og:locale\" content=\"fr_FR\" \/>\n<meta property=\"og:type\" content=\"article\" \/>\n<meta property=\"og:title\" content=\"Envoyez-nous vos photos pour le Concours de Photo SIE 2019 - Soroptimist\" \/>\n<meta property=\"og:description\" content=\"Soroptimist International d\u2019Europe organise la sixi\u00e8me \u00e9dition du Concours de Photo appel\u00e9 Avec les yeux des Soroptimist. Tous les membres du Soroptimist International d\u2019Europe sont invit\u00e9s \u00e0 y participer\u00a0! &nbsp; [&hellip;]\" \/>\n<meta property=\"og:url\" content=\"https:\/\/www.soroptimisteurope.org\/submit-your-photos-to-the-sie-photo-competition-2019\/\" \/>\n<meta property=\"og:site_name\" content=\"Soroptimist\" \/>\n<meta property=\"article:published_time\" content=\"2019-01-15T10:01:46+00:00\" \/>\n<meta property=\"article:modified_time\" content=\"2025-05-13T09:16:46+00:00\" \/>\n<meta property=\"og:image\" content=\"https:\/\/www.soroptimisteurope.org\/wp-content\/uploads\/2025\/04\/photo-1-1-scaled.jpg\" \/>\n\t<meta property=\"og:image:width\" content=\"2560\" \/>\n\t<meta property=\"og:image:height\" content=\"1707\" \/>\n\t<meta property=\"og:image:type\" content=\"image\/jpeg\" \/>\n<meta name=\"author\" content=\"Virginie Racine\" \/>\n<meta name=\"twitter:card\" content=\"summary_large_image\" \/>\n<meta name=\"twitter:label1\" content=\"\u00c9crit par\" \/>\n\t<meta name=\"twitter:data1\" content=\"Virginie Racine\" \/>\n\t<meta name=\"twitter:label2\" content=\"Dur\u00e9e de lecture estim\u00e9e\" \/>\n\t<meta name=\"twitter:data2\" content=\"2 minutes\" \/>\n<script type=\"application\/ld+json\" class=\"yoast-schema-graph\">{\"@context\":\"https:\\\/\\\/schema.org\",\"@graph\":[{\"@type\":\"Article\",\"@id\":\"https:\\\/\\\/www.soroptimisteurope.org\\\/submit-your-photos-to-the-sie-photo-competition-2019\\\/#article\",\"isPartOf\":{\"@id\":\"https:\\\/\\\/www.soroptimisteurope.org\\\/submit-your-photos-to-the-sie-photo-competition-2019\\\/\"},\"author\":{\"name\":\"Virginie Racine\",\"@id\":\"https:\\\/\\\/www.soroptimisteurope.org\\\/#\\\/schema\\\/person\\\/71cb5ee8dc72773ed419609bf2274619\"},\"headline\":\"Envoyez-nous vos photos pour le Concours de Photo SIE 2019\",\"datePublished\":\"2019-01-15T10:01:46+00:00\",\"dateModified\":\"2025-05-13T09:16:46+00:00\",\"mainEntityOfPage\":{\"@id\":\"https:\\\/\\\/www.soroptimisteurope.org\\\/submit-your-photos-to-the-sie-photo-competition-2019\\\/\"},\"wordCount\":406,\"commentCount\":0,\"image\":{\"@id\":\"https:\\\/\\\/www.soroptimisteurope.org\\\/submit-your-photos-to-the-sie-photo-competition-2019\\\/#primaryimage\"},\"thumbnailUrl\":\"https:\\\/\\\/www.soroptimisteurope.org\\\/wp-content\\\/uploads\\\/2025\\\/04\\\/photo-1-1-scaled.jpg\",\"articleSection\":[\"Nouvelles\"],\"inLanguage\":\"fr-FR\",\"potentialAction\":[{\"@type\":\"CommentAction\",\"name\":\"Comment\",\"target\":[\"https:\\\/\\\/www.soroptimisteurope.org\\\/submit-your-photos-to-the-sie-photo-competition-2019\\\/#respond\"]}]},{\"@type\":\"WebPage\",\"@id\":\"https:\\\/\\\/www.soroptimisteurope.org\\\/submit-your-photos-to-the-sie-photo-competition-2019\\\/\",\"url\":\"https:\\\/\\\/www.soroptimisteurope.org\\\/submit-your-photos-to-the-sie-photo-competition-2019\\\/\",\"name\":\"Envoyez-nous vos photos pour le Concours de Photo SIE 2019 - Soroptimist\",\"isPartOf\":{\"@id\":\"https:\\\/\\\/www.soroptimisteurope.org\\\/#website\"},\"primaryImageOfPage\":{\"@id\":\"https:\\\/\\\/www.soroptimisteurope.org\\\/submit-your-photos-to-the-sie-photo-competition-2019\\\/#primaryimage\"},\"image\":{\"@id\":\"https:\\\/\\\/www.soroptimisteurope.org\\\/submit-your-photos-to-the-sie-photo-competition-2019\\\/#primaryimage\"},\"thumbnailUrl\":\"https:\\\/\\\/www.soroptimisteurope.org\\\/wp-content\\\/uploads\\\/2025\\\/04\\\/photo-1-1-scaled.jpg\",\"datePublished\":\"2019-01-15T10:01:46+00:00\",\"dateModified\":\"2025-05-13T09:16:46+00:00\",\"author\":{\"@id\":\"https:\\\/\\\/www.soroptimisteurope.org\\\/#\\\/schema\\\/person\\\/71cb5ee8dc72773ed419609bf2274619\"},\"breadcrumb\":{\"@id\":\"https:\\\/\\\/www.soroptimisteurope.org\\\/submit-your-photos-to-the-sie-photo-competition-2019\\\/#breadcrumb\"},\"inLanguage\":\"fr-FR\",\"potentialAction\":[{\"@type\":\"ReadAction\",\"target\":[\"https:\\\/\\\/www.soroptimisteurope.org\\\/submit-your-photos-to-the-sie-photo-competition-2019\\\/\"]}]},{\"@type\":\"ImageObject\",\"inLanguage\":\"fr-FR\",\"@id\":\"https:\\\/\\\/www.soroptimisteurope.org\\\/submit-your-photos-to-the-sie-photo-competition-2019\\\/#primaryimage\",\"url\":\"https:\\\/\\\/www.soroptimisteurope.org\\\/wp-content\\\/uploads\\\/2025\\\/04\\\/photo-1-1-scaled.jpg\",\"contentUrl\":\"https:\\\/\\\/www.soroptimisteurope.org\\\/wp-content\\\/uploads\\\/2025\\\/04\\\/photo-1-1-scaled.jpg\",\"width\":2560,\"height\":1707},{\"@type\":\"BreadcrumbList\",\"@id\":\"https:\\\/\\\/www.soroptimisteurope.org\\\/submit-your-photos-to-the-sie-photo-competition-2019\\\/#breadcrumb\",\"itemListElement\":[{\"@type\":\"ListItem\",\"position\":1,\"name\":\"Accueil\",\"item\":\"https:\\\/\\\/www.soroptimisteurope.org\\\/fr\\\/\"},{\"@type\":\"ListItem\",\"position\":2,\"name\":\"Envoyez-nous vos photos pour le Concours de Photo SIE 2019\"}]},{\"@type\":\"WebSite\",\"@id\":\"https:\\\/\\\/www.soroptimisteurope.org\\\/#website\",\"url\":\"https:\\\/\\\/www.soroptimisteurope.org\\\/\",\"name\":\"Soroptimist\",\"description\":\"\",\"potentialAction\":[{\"@type\":\"SearchAction\",\"target\":{\"@type\":\"EntryPoint\",\"urlTemplate\":\"https:\\\/\\\/www.soroptimisteurope.org\\\/?s={search_term_string}\"},\"query-input\":{\"@type\":\"PropertyValueSpecification\",\"valueRequired\":true,\"valueName\":\"search_term_string\"}}],\"inLanguage\":\"fr-FR\"},{\"@type\":\"Person\",\"@id\":\"https:\\\/\\\/www.soroptimisteurope.org\\\/#\\\/schema\\\/person\\\/71cb5ee8dc72773ed419609bf2274619\",\"name\":\"Virginie Racine\",\"url\":\"https:\\\/\\\/www.soroptimisteurope.org\\\/fr\\\/author\\\/adminsorop2k21\\\/\"}]}<\/script>\n<!-- \/ Yoast SEO plugin. -->","yoast_head_json":{"title":"Envoyez-nous vos photos pour le Concours de Photo SIE 2019 - Soroptimist","robots":{"index":"index","follow":"follow","max-snippet":"max-snippet:-1","max-image-preview":"max-image-preview:large","max-video-preview":"max-video-preview:-1"},"canonical":"https:\/\/www.soroptimisteurope.org\/submit-your-photos-to-the-sie-photo-competition-2019\/","og_locale":"fr_FR","og_type":"article","og_title":"Envoyez-nous vos photos pour le Concours de Photo SIE 2019 - Soroptimist","og_description":"Soroptimist International d\u2019Europe organise la sixi\u00e8me \u00e9dition du Concours de Photo appel\u00e9 Avec les yeux des Soroptimist. Tous les membres du Soroptimist International d\u2019Europe sont invit\u00e9s \u00e0 y participer\u00a0! &nbsp; [&hellip;]","og_url":"https:\/\/www.soroptimisteurope.org\/submit-your-photos-to-the-sie-photo-competition-2019\/","og_site_name":"Soroptimist","article_published_time":"2019-01-15T10:01:46+00:00","article_modified_time":"2025-05-13T09:16:46+00:00","og_image":[{"width":2560,"height":1707,"url":"https:\/\/www.soroptimisteurope.org\/wp-content\/uploads\/2025\/04\/photo-1-1-scaled.jpg","type":"image\/jpeg"}],"author":"Virginie Racine","twitter_card":"summary_large_image","twitter_misc":{"\u00c9crit par":"Virginie Racine","Dur\u00e9e de lecture estim\u00e9e":"2 minutes"},"schema":{"@context":"https:\/\/schema.org","@graph":[{"@type":"Article","@id":"https:\/\/www.soroptimisteurope.org\/submit-your-photos-to-the-sie-photo-competition-2019\/#article","isPartOf":{"@id":"https:\/\/www.soroptimisteurope.org\/submit-your-photos-to-the-sie-photo-competition-2019\/"},"author":{"name":"Virginie Racine","@id":"https:\/\/www.soroptimisteurope.org\/#\/schema\/person\/71cb5ee8dc72773ed419609bf2274619"},"headline":"Envoyez-nous vos photos pour le Concours de Photo SIE 2019","datePublished":"2019-01-15T10:01:46+00:00","dateModified":"2025-05-13T09:16:46+00:00","mainEntityOfPage":{"@id":"https:\/\/www.soroptimisteurope.org\/submit-your-photos-to-the-sie-photo-competition-2019\/"},"wordCount":406,"commentCount":0,"image":{"@id":"https:\/\/www.soroptimisteurope.org\/submit-your-photos-to-the-sie-photo-competition-2019\/#primaryimage"},"thumbnailUrl":"https:\/\/www.soroptimisteurope.org\/wp-content\/uploads\/2025\/04\/photo-1-1-scaled.jpg","articleSection":["Nouvelles"],"inLanguage":"fr-FR","potentialAction":[{"@type":"CommentAction","name":"Comment","target":["https:\/\/www.soroptimisteurope.org\/submit-your-photos-to-the-sie-photo-competition-2019\/#respond"]}]},{"@type":"WebPage","@id":"https:\/\/www.soroptimisteurope.org\/submit-your-photos-to-the-sie-photo-competition-2019\/","url":"https:\/\/www.soroptimisteurope.org\/submit-your-photos-to-the-sie-photo-competition-2019\/","name":"Envoyez-nous vos photos pour le Concours de Photo SIE 2019 - Soroptimist","isPartOf":{"@id":"https:\/\/www.soroptimisteurope.org\/#website"},"primaryImageOfPage":{"@id":"https:\/\/www.soroptimisteurope.org\/submit-your-photos-to-the-sie-photo-competition-2019\/#primaryimage"},"image":{"@id":"https:\/\/www.soroptimisteurope.org\/submit-your-photos-to-the-sie-photo-competition-2019\/#primaryimage"},"thumbnailUrl":"https:\/\/www.soroptimisteurope.org\/wp-content\/uploads\/2025\/04\/photo-1-1-scaled.jpg","datePublished":"2019-01-15T10:01:46+00:00","dateModified":"2025-05-13T09:16:46+00:00","author":{"@id":"https:\/\/www.soroptimisteurope.org\/#\/schema\/person\/71cb5ee8dc72773ed419609bf2274619"},"breadcrumb":{"@id":"https:\/\/www.soroptimisteurope.org\/submit-your-photos-to-the-sie-photo-competition-2019\/#breadcrumb"},"inLanguage":"fr-FR","potentialAction":[{"@type":"ReadAction","target":["https:\/\/www.soroptimisteurope.org\/submit-your-photos-to-the-sie-photo-competition-2019\/"]}]},{"@type":"ImageObject","inLanguage":"fr-FR","@id":"https:\/\/www.soroptimisteurope.org\/submit-your-photos-to-the-sie-photo-competition-2019\/#primaryimage","url":"https:\/\/www.soroptimisteurope.org\/wp-content\/uploads\/2025\/04\/photo-1-1-scaled.jpg","contentUrl":"https:\/\/www.soroptimisteurope.org\/wp-content\/uploads\/2025\/04\/photo-1-1-scaled.jpg","width":2560,"height":1707},{"@type":"BreadcrumbList","@id":"https:\/\/www.soroptimisteurope.org\/submit-your-photos-to-the-sie-photo-competition-2019\/#breadcrumb","itemListElement":[{"@type":"ListItem","position":1,"name":"Accueil","item":"https:\/\/www.soroptimisteurope.org\/fr\/"},{"@type":"ListItem","position":2,"name":"Envoyez-nous vos photos pour le Concours de Photo SIE 2019"}]},{"@type":"WebSite","@id":"https:\/\/www.soroptimisteurope.org\/#website","url":"https:\/\/www.soroptimisteurope.org\/","name":"Soroptimist","description":"","potentialAction":[{"@type":"SearchAction","target":{"@type":"EntryPoint","urlTemplate":"https:\/\/www.soroptimisteurope.org\/?s={search_term_string}"},"query-input":{"@type":"PropertyValueSpecification","valueRequired":true,"valueName":"search_term_string"}}],"inLanguage":"fr-FR"},{"@type":"Person","@id":"https:\/\/www.soroptimisteurope.org\/#\/schema\/person\/71cb5ee8dc72773ed419609bf2274619","name":"Virginie Racine","url":"https:\/\/www.soroptimisteurope.org\/fr\/author\/adminsorop2k21\/"}]}},"_links":{"self":[{"href":"https:\/\/www.soroptimisteurope.org\/fr\/wp-json\/wp\/v2\/posts\/13396","targetHints":{"allow":["GET"]}}],"collection":[{"href":"https:\/\/www.soroptimisteurope.org\/fr\/wp-json\/wp\/v2\/posts"}],"about":[{"href":"https:\/\/www.soroptimisteurope.org\/fr\/wp-json\/wp\/v2\/types\/post"}],"author":[{"embeddable":true,"href":"https:\/\/www.soroptimisteurope.org\/fr\/wp-json\/wp\/v2\/users\/5"}],"replies":[{"embeddable":true,"href":"https:\/\/www.soroptimisteurope.org\/fr\/wp-json\/wp\/v2\/comments?post=13396"}],"version-history":[{"count":3,"href":"https:\/\/www.soroptimisteurope.org\/fr\/wp-json\/wp\/v2\/posts\/13396\/revisions"}],"predecessor-version":[{"id":34944,"href":"https:\/\/www.soroptimisteurope.org\/fr\/wp-json\/wp\/v2\/posts\/13396\/revisions\/34944"}],"wp:featuredmedia":[{"embeddable":true,"href":"https:\/\/www.soroptimisteurope.org\/fr\/wp-json\/wp\/v2\/media\/36784"}],"wp:attachment":[{"href":"https:\/\/www.soroptimisteurope.org\/fr\/wp-json\/wp\/v2\/media?parent=13396"}],"wp:term":[{"taxonomy":"category","embeddable":true,"href":"https:\/\/www.soroptimisteurope.org\/fr\/wp-json\/wp\/v2\/categories?post=13396"},{"taxonomy":"post_tag","embeddable":true,"href":"https:\/\/www.soroptimisteurope.org\/fr\/wp-json\/wp\/v2\/tags?post=13396"}],"curies":[{"name":"wp","href":"https:\/\/api.w.org\/{rel}","templated":true}]}}