{"id":13811,"date":"2019-03-28T14:19:06","date_gmt":"2019-03-28T13:19:06","guid":{"rendered":"http:\/\/www.soroptimisteurope.org\/?p=13811"},"modified":"2025-05-13T11:16:51","modified_gmt":"2025-05-13T09:16:51","slug":"13811","status":"publish","type":"post","link":"https:\/\/www.soroptimisteurope.org\/fr\/13811\/","title":{"rendered":"Derni\u00e8re chance pour s&rsquo;inscrire \u00e0 la R\u00e9union des Gouverneures 2019"},"content":{"rendered":"<h3>Vous avez rat\u00e9 la date limite? Pas d\u2019inqui\u00e9tude! Pour un temps limit\u00e9 et jusqu&rsquo;\u00e0 \u00e9puisement des places disponibles, vous pouvez toujours obtenir des billets!<\/h3>\n<p>Bonne nouvelle! \u00c0 la demande g\u00e9n\u00e9rale, nous rouvrons les inscriptions pour la r\u00e9union des gouverneurs pour une p\u00e9riode de 3 jours seulement, du <strong>1 er au 3 avril<\/strong>.<\/p>\n<p>&nbsp;<\/p>\n<p>La R\u00e9union des Gouverneures aura lieu au\u00a0<a href=\"https:\/\/www.marriott.com\/hotels\/travel\/zagsi-sheraton-zagreb-hotel\/\">Sheraton Zagreb Hotel<\/a> en Croatie du 25 au 26 mai 2019. En plus de la R\u00e9union des Gouverneures, des ateliers, r\u00e9unions et un d\u00eener de bienvenue auront lieu le vendredi, ainsi que le d\u00eener de la F\u00e9d\u00e9ration le samedi soir. Visiter\u00a0<a href=\"https:\/\/www.governorsmeeting2019.com\/\">Governorsmeeting2019.com<\/a>\u00a0pour plus d\u2019info.<\/p>\n<p>&nbsp;<\/p>\n<p><strong>Pour le billet TOUT PUBLIC (plein tarif), <a href=\"https:\/\/en.xing-events.com\/SIEGM2019.html\" target=\"_blank\" rel=\"noopener\">CLIQUEZ ICI POUR VOUS INSCRIRE!<\/a><\/strong><\/p>\n<p>&nbsp;<\/p>\n<p><strong>Si vous \u00eates une gouverneure, une d\u00e9l\u00e9gu\u00e9e de club individuel, une membre du bureau ou une membre VIP, veuillez vous r\u00e9f\u00e9rer \u00e0 l&rsquo;e-mail envoy\u00e9 par SIEHQ le 25 janvier 2019 pour votre lien d&rsquo;inscription personnalis\u00e9.<\/strong><\/p>\n<p>&nbsp;<\/p>\n<p>Veuillez trouver ci-joint\u00a0:<\/p>\n<ul>\n<li><u><a href=\"https:\/\/extranet.soroptimisteurope.org\/download\/downloads\/file\/download\/1592\">L\u2019invitation de la Pr\u00e9sidente du SIE Renata Trottmann Probst \u00e0 la R\u00e9union des Gouverneures<\/a><\/u><\/li>\n<li><u><a href=\"https:\/\/www.soroptimisteurope.org\/wp-content\/uploads\/2019\/03\/gm-2019-preliminary-programme-at-a-glance-for-all.pdf\">Programme preliminaire<\/a><\/u><\/li>\n<li><u><a href=\"https:\/\/extranet.soroptimisteurope.org\/download\/downloads\/file\/download\/1590\">Un Agenda Pr\u00e9liminaire<\/a><\/u><\/li>\n<\/ul>\n<p>Nous nous r\u00e9jouissons de vous retrouver \u00e0 Zagreb\u00a0!<\/p>\n","protected":false},"excerpt":{"rendered":"<p>Vous avez rat\u00e9 la date limite? Pas d\u2019inqui\u00e9tude! Pour un temps limit\u00e9 et jusqu&rsquo;\u00e0 \u00e9puisement des places disponibles, vous pouvez toujours obtenir des billets! Bonne nouvelle! \u00c0 la demande g\u00e9n\u00e9rale, [&hellip;]<\/p>\n","protected":false},"author":5,"featured_media":36857,"comment_status":"open","ping_status":"open","sticky":false,"template":"","format":"standard","meta":{"_acf_changed":false,"give_campaign_id":0,"footnotes":""},"categories":[129],"tags":[],"class_list":["post-13811","post","type-post","status-publish","format-standard","has-post-thumbnail","hentry","category-nouvelles"],"acf":{"article_photo_de_couverture":false,"article_chapeau":"","article_contenu":[{"article_titre_du_paragraphe":"Vous avez rat\u00e9 la date limite? Pas d\u2019inqui\u00e9tude! Pour un temps limit\u00e9 et jusqu'\u00e0 \u00e9puisement des places disponibles, vous pouvez toujours obtenir des billets!","article_paragraphe":"<p>Bonne nouvelle! \u00c0 la demande g\u00e9n\u00e9rale, nous rouvrons les inscriptions pour la r\u00e9union des gouverneurs pour une p\u00e9riode de 3 jours seulement, du <strong>1 er au 3 avril<\/strong>.<\/p>\n<p>&nbsp;<\/p>\n<p>La R\u00e9union des Gouverneures aura lieu au\u00a0<a href=\"https:\/\/www.marriott.com\/hotels\/travel\/zagsi-sheraton-zagreb-hotel\/\">Sheraton Zagreb Hotel<\/a> en Croatie du 25 au 26 mai 2019. En plus de la R\u00e9union des Gouverneures, des ateliers, r\u00e9unions et un d\u00eener de bienvenue auront lieu le vendredi, ainsi que le d\u00eener de la F\u00e9d\u00e9ration le samedi soir. Visiter\u00a0<a href=\"https:\/\/www.governorsmeeting2019.com\/\">Governorsmeeting2019.com<\/a>\u00a0pour plus d\u2019info.<\/p>\n<p>&nbsp;<\/p>\n<p><strong>Pour le billet TOUT PUBLIC (plein tarif), <a href=\"https:\/\/en.xing-events.com\/SIEGM2019.html\" target=\"_blank\" rel=\"noopener\">CLIQUEZ ICI POUR VOUS INSCRIRE!<\/a><\/strong><\/p>\n<p>&nbsp;<\/p>\n<p><strong>Si vous \u00eates une gouverneure, une d\u00e9l\u00e9gu\u00e9e de club individuel, une membre du bureau ou une membre VIP, veuillez vous r\u00e9f\u00e9rer \u00e0 l&rsquo;e-mail envoy\u00e9 par SIEHQ le 25 janvier 2019 pour votre lien d&rsquo;inscription personnalis\u00e9.<\/strong><\/p>\n<p>&nbsp;<\/p>\n<p>Veuillez trouver ci-joint\u00a0:<\/p>\n<ul>\n<li><u><a href=\"https:\/\/extranet.soroptimisteurope.org\/download\/downloads\/file\/download\/1592\">L\u2019invitation de la Pr\u00e9sidente du SIE Renata Trottmann Probst \u00e0 la R\u00e9union des Gouverneures<\/a><\/u><\/li>\n<li><u><a href=\"http:\/\/www.soroptimisteurope.org\/wp-content\/uploads\/2019\/03\/gm-2019-preliminary-programme-at-a-glance-for-all.pdf\">Programme preliminaire<\/a><\/u><\/li>\n<li><u><a href=\"https:\/\/extranet.soroptimisteurope.org\/download\/downloads\/file\/download\/1590\">Un Agenda Pr\u00e9liminaire<\/a><\/u><\/li>\n<\/ul>\n<p>Nous nous r\u00e9jouissons de vous retrouver \u00e0 Zagreb\u00a0!<\/p>\n","article_media_image":false,"article_media_video":""}],"article_trombinoscope":false,"article_video":"","article_evenements_sociaux":false,"article_auteur_texte":"","article_nom_contact":"","article_email_contact":"","article_numero_contact":"","article_documents":false,"article_actualites_liees":false},"yoast_head":"<!-- This site is optimized with the Yoast SEO plugin v27.4 - https:\/\/yoast.com\/product\/yoast-seo-wordpress\/ -->\n<title>Derni\u00e8re chance pour s&#039;inscrire \u00e0 la R\u00e9union des Gouverneures 2019 - Soroptimist<\/title>\n<meta name=\"robots\" content=\"index, follow, max-snippet:-1, max-image-preview:large, max-video-preview:-1\" \/>\n<link rel=\"canonical\" href=\"https:\/\/www.soroptimisteurope.org\/last-chance-to-register-for-the-governors-meeting-2019\/\" \/>\n<meta property=\"og:locale\" content=\"fr_FR\" \/>\n<meta property=\"og:type\" content=\"article\" \/>\n<meta property=\"og:title\" content=\"Derni\u00e8re chance pour s&#039;inscrire \u00e0 la R\u00e9union des Gouverneures 2019 - Soroptimist\" \/>\n<meta property=\"og:description\" content=\"Vous avez rat\u00e9 la date limite? Pas d\u2019inqui\u00e9tude! Pour un temps limit\u00e9 et jusqu&rsquo;\u00e0 \u00e9puisement des places disponibles, vous pouvez toujours obtenir des billets! Bonne nouvelle! \u00c0 la demande g\u00e9n\u00e9rale, [&hellip;]\" \/>\n<meta property=\"og:url\" content=\"https:\/\/www.soroptimisteurope.org\/last-chance-to-register-for-the-governors-meeting-2019\/\" \/>\n<meta property=\"og:site_name\" content=\"Soroptimist\" \/>\n<meta property=\"article:published_time\" content=\"2019-03-28T13:19:06+00:00\" \/>\n<meta property=\"article:modified_time\" content=\"2025-05-13T09:16:51+00:00\" \/>\n<meta property=\"og:image\" content=\"https:\/\/www.soroptimisteurope.org\/wp-content\/uploads\/2025\/04\/istock-667013000-eeeeeeeeeeven-smaller-3-scaled.jpg\" \/>\n\t<meta property=\"og:image:width\" content=\"2560\" \/>\n\t<meta property=\"og:image:height\" content=\"1167\" \/>\n\t<meta property=\"og:image:type\" content=\"image\/jpeg\" \/>\n<meta name=\"author\" content=\"Virginie Racine\" \/>\n<meta name=\"twitter:card\" content=\"summary_large_image\" \/>\n<meta name=\"twitter:label1\" content=\"\u00c9crit par\" \/>\n\t<meta name=\"twitter:data1\" content=\"Virginie Racine\" \/>\n\t<meta name=\"twitter:label2\" content=\"Dur\u00e9e de lecture estim\u00e9e\" \/>\n\t<meta name=\"twitter:data2\" content=\"1 minute\" \/>\n<script type=\"application\/ld+json\" class=\"yoast-schema-graph\">{\"@context\":\"https:\\\/\\\/schema.org\",\"@graph\":[{\"@type\":\"Article\",\"@id\":\"https:\\\/\\\/www.soroptimisteurope.org\\\/last-chance-to-register-for-the-governors-meeting-2019\\\/#article\",\"isPartOf\":{\"@id\":\"https:\\\/\\\/www.soroptimisteurope.org\\\/last-chance-to-register-for-the-governors-meeting-2019\\\/\"},\"author\":{\"name\":\"Virginie Racine\",\"@id\":\"https:\\\/\\\/www.soroptimisteurope.org\\\/#\\\/schema\\\/person\\\/71cb5ee8dc72773ed419609bf2274619\"},\"headline\":\"Derni\u00e8re chance pour s&rsquo;inscrire \u00e0 la R\u00e9union des Gouverneures 2019\",\"datePublished\":\"2019-03-28T13:19:06+00:00\",\"dateModified\":\"2025-05-13T09:16:51+00:00\",\"mainEntityOfPage\":{\"@id\":\"https:\\\/\\\/www.soroptimisteurope.org\\\/last-chance-to-register-for-the-governors-meeting-2019\\\/\"},\"wordCount\":211,\"commentCount\":0,\"image\":{\"@id\":\"https:\\\/\\\/www.soroptimisteurope.org\\\/last-chance-to-register-for-the-governors-meeting-2019\\\/#primaryimage\"},\"thumbnailUrl\":\"https:\\\/\\\/www.soroptimisteurope.org\\\/wp-content\\\/uploads\\\/2025\\\/04\\\/istock-667013000-eeeeeeeeeeven-smaller-3-scaled.jpg\",\"articleSection\":[\"Nouvelles\"],\"inLanguage\":\"fr-FR\",\"potentialAction\":[{\"@type\":\"CommentAction\",\"name\":\"Comment\",\"target\":[\"https:\\\/\\\/www.soroptimisteurope.org\\\/last-chance-to-register-for-the-governors-meeting-2019\\\/#respond\"]}]},{\"@type\":\"WebPage\",\"@id\":\"https:\\\/\\\/www.soroptimisteurope.org\\\/last-chance-to-register-for-the-governors-meeting-2019\\\/\",\"url\":\"https:\\\/\\\/www.soroptimisteurope.org\\\/last-chance-to-register-for-the-governors-meeting-2019\\\/\",\"name\":\"Derni\u00e8re chance pour s'inscrire \u00e0 la R\u00e9union des Gouverneures 2019 - Soroptimist\",\"isPartOf\":{\"@id\":\"https:\\\/\\\/www.soroptimisteurope.org\\\/#website\"},\"primaryImageOfPage\":{\"@id\":\"https:\\\/\\\/www.soroptimisteurope.org\\\/last-chance-to-register-for-the-governors-meeting-2019\\\/#primaryimage\"},\"image\":{\"@id\":\"https:\\\/\\\/www.soroptimisteurope.org\\\/last-chance-to-register-for-the-governors-meeting-2019\\\/#primaryimage\"},\"thumbnailUrl\":\"https:\\\/\\\/www.soroptimisteurope.org\\\/wp-content\\\/uploads\\\/2025\\\/04\\\/istock-667013000-eeeeeeeeeeven-smaller-3-scaled.jpg\",\"datePublished\":\"2019-03-28T13:19:06+00:00\",\"dateModified\":\"2025-05-13T09:16:51+00:00\",\"author\":{\"@id\":\"https:\\\/\\\/www.soroptimisteurope.org\\\/#\\\/schema\\\/person\\\/71cb5ee8dc72773ed419609bf2274619\"},\"breadcrumb\":{\"@id\":\"https:\\\/\\\/www.soroptimisteurope.org\\\/last-chance-to-register-for-the-governors-meeting-2019\\\/#breadcrumb\"},\"inLanguage\":\"fr-FR\",\"potentialAction\":[{\"@type\":\"ReadAction\",\"target\":[\"https:\\\/\\\/www.soroptimisteurope.org\\\/last-chance-to-register-for-the-governors-meeting-2019\\\/\"]}]},{\"@type\":\"ImageObject\",\"inLanguage\":\"fr-FR\",\"@id\":\"https:\\\/\\\/www.soroptimisteurope.org\\\/last-chance-to-register-for-the-governors-meeting-2019\\\/#primaryimage\",\"url\":\"https:\\\/\\\/www.soroptimisteurope.org\\\/wp-content\\\/uploads\\\/2025\\\/04\\\/istock-667013000-eeeeeeeeeeven-smaller-3-scaled.jpg\",\"contentUrl\":\"https:\\\/\\\/www.soroptimisteurope.org\\\/wp-content\\\/uploads\\\/2025\\\/04\\\/istock-667013000-eeeeeeeeeeven-smaller-3-scaled.jpg\",\"width\":2560,\"height\":1167},{\"@type\":\"BreadcrumbList\",\"@id\":\"https:\\\/\\\/www.soroptimisteurope.org\\\/last-chance-to-register-for-the-governors-meeting-2019\\\/#breadcrumb\",\"itemListElement\":[{\"@type\":\"ListItem\",\"position\":1,\"name\":\"Accueil\",\"item\":\"https:\\\/\\\/www.soroptimisteurope.org\\\/fr\\\/\"},{\"@type\":\"ListItem\",\"position\":2,\"name\":\"Derni\u00e8re chance pour s&#8217;inscrire \u00e0 la R\u00e9union des Gouverneures 2019\"}]},{\"@type\":\"WebSite\",\"@id\":\"https:\\\/\\\/www.soroptimisteurope.org\\\/#website\",\"url\":\"https:\\\/\\\/www.soroptimisteurope.org\\\/\",\"name\":\"Soroptimist\",\"description\":\"\",\"potentialAction\":[{\"@type\":\"SearchAction\",\"target\":{\"@type\":\"EntryPoint\",\"urlTemplate\":\"https:\\\/\\\/www.soroptimisteurope.org\\\/?s={search_term_string}\"},\"query-input\":{\"@type\":\"PropertyValueSpecification\",\"valueRequired\":true,\"valueName\":\"search_term_string\"}}],\"inLanguage\":\"fr-FR\"},{\"@type\":\"Person\",\"@id\":\"https:\\\/\\\/www.soroptimisteurope.org\\\/#\\\/schema\\\/person\\\/71cb5ee8dc72773ed419609bf2274619\",\"name\":\"Virginie Racine\",\"url\":\"https:\\\/\\\/www.soroptimisteurope.org\\\/fr\\\/author\\\/adminsorop2k21\\\/\"}]}<\/script>\n<!-- \/ Yoast SEO plugin. -->","yoast_head_json":{"title":"Derni\u00e8re chance pour s'inscrire \u00e0 la R\u00e9union des Gouverneures 2019 - Soroptimist","robots":{"index":"index","follow":"follow","max-snippet":"max-snippet:-1","max-image-preview":"max-image-preview:large","max-video-preview":"max-video-preview:-1"},"canonical":"https:\/\/www.soroptimisteurope.org\/last-chance-to-register-for-the-governors-meeting-2019\/","og_locale":"fr_FR","og_type":"article","og_title":"Derni\u00e8re chance pour s'inscrire \u00e0 la R\u00e9union des Gouverneures 2019 - Soroptimist","og_description":"Vous avez rat\u00e9 la date limite? Pas d\u2019inqui\u00e9tude! Pour un temps limit\u00e9 et jusqu&rsquo;\u00e0 \u00e9puisement des places disponibles, vous pouvez toujours obtenir des billets! Bonne nouvelle! \u00c0 la demande g\u00e9n\u00e9rale, [&hellip;]","og_url":"https:\/\/www.soroptimisteurope.org\/last-chance-to-register-for-the-governors-meeting-2019\/","og_site_name":"Soroptimist","article_published_time":"2019-03-28T13:19:06+00:00","article_modified_time":"2025-05-13T09:16:51+00:00","og_image":[{"width":2560,"height":1167,"url":"https:\/\/www.soroptimisteurope.org\/wp-content\/uploads\/2025\/04\/istock-667013000-eeeeeeeeeeven-smaller-3-scaled.jpg","type":"image\/jpeg"}],"author":"Virginie Racine","twitter_card":"summary_large_image","twitter_misc":{"\u00c9crit par":"Virginie Racine","Dur\u00e9e de lecture estim\u00e9e":"1 minute"},"schema":{"@context":"https:\/\/schema.org","@graph":[{"@type":"Article","@id":"https:\/\/www.soroptimisteurope.org\/last-chance-to-register-for-the-governors-meeting-2019\/#article","isPartOf":{"@id":"https:\/\/www.soroptimisteurope.org\/last-chance-to-register-for-the-governors-meeting-2019\/"},"author":{"name":"Virginie Racine","@id":"https:\/\/www.soroptimisteurope.org\/#\/schema\/person\/71cb5ee8dc72773ed419609bf2274619"},"headline":"Derni\u00e8re chance pour s&rsquo;inscrire \u00e0 la R\u00e9union des Gouverneures 2019","datePublished":"2019-03-28T13:19:06+00:00","dateModified":"2025-05-13T09:16:51+00:00","mainEntityOfPage":{"@id":"https:\/\/www.soroptimisteurope.org\/last-chance-to-register-for-the-governors-meeting-2019\/"},"wordCount":211,"commentCount":0,"image":{"@id":"https:\/\/www.soroptimisteurope.org\/last-chance-to-register-for-the-governors-meeting-2019\/#primaryimage"},"thumbnailUrl":"https:\/\/www.soroptimisteurope.org\/wp-content\/uploads\/2025\/04\/istock-667013000-eeeeeeeeeeven-smaller-3-scaled.jpg","articleSection":["Nouvelles"],"inLanguage":"fr-FR","potentialAction":[{"@type":"CommentAction","name":"Comment","target":["https:\/\/www.soroptimisteurope.org\/last-chance-to-register-for-the-governors-meeting-2019\/#respond"]}]},{"@type":"WebPage","@id":"https:\/\/www.soroptimisteurope.org\/last-chance-to-register-for-the-governors-meeting-2019\/","url":"https:\/\/www.soroptimisteurope.org\/last-chance-to-register-for-the-governors-meeting-2019\/","name":"Derni\u00e8re chance pour s'inscrire \u00e0 la R\u00e9union des Gouverneures 2019 - Soroptimist","isPartOf":{"@id":"https:\/\/www.soroptimisteurope.org\/#website"},"primaryImageOfPage":{"@id":"https:\/\/www.soroptimisteurope.org\/last-chance-to-register-for-the-governors-meeting-2019\/#primaryimage"},"image":{"@id":"https:\/\/www.soroptimisteurope.org\/last-chance-to-register-for-the-governors-meeting-2019\/#primaryimage"},"thumbnailUrl":"https:\/\/www.soroptimisteurope.org\/wp-content\/uploads\/2025\/04\/istock-667013000-eeeeeeeeeeven-smaller-3-scaled.jpg","datePublished":"2019-03-28T13:19:06+00:00","dateModified":"2025-05-13T09:16:51+00:00","author":{"@id":"https:\/\/www.soroptimisteurope.org\/#\/schema\/person\/71cb5ee8dc72773ed419609bf2274619"},"breadcrumb":{"@id":"https:\/\/www.soroptimisteurope.org\/last-chance-to-register-for-the-governors-meeting-2019\/#breadcrumb"},"inLanguage":"fr-FR","potentialAction":[{"@type":"ReadAction","target":["https:\/\/www.soroptimisteurope.org\/last-chance-to-register-for-the-governors-meeting-2019\/"]}]},{"@type":"ImageObject","inLanguage":"fr-FR","@id":"https:\/\/www.soroptimisteurope.org\/last-chance-to-register-for-the-governors-meeting-2019\/#primaryimage","url":"https:\/\/www.soroptimisteurope.org\/wp-content\/uploads\/2025\/04\/istock-667013000-eeeeeeeeeeven-smaller-3-scaled.jpg","contentUrl":"https:\/\/www.soroptimisteurope.org\/wp-content\/uploads\/2025\/04\/istock-667013000-eeeeeeeeeeven-smaller-3-scaled.jpg","width":2560,"height":1167},{"@type":"BreadcrumbList","@id":"https:\/\/www.soroptimisteurope.org\/last-chance-to-register-for-the-governors-meeting-2019\/#breadcrumb","itemListElement":[{"@type":"ListItem","position":1,"name":"Accueil","item":"https:\/\/www.soroptimisteurope.org\/fr\/"},{"@type":"ListItem","position":2,"name":"Derni\u00e8re chance pour s&#8217;inscrire \u00e0 la R\u00e9union des Gouverneures 2019"}]},{"@type":"WebSite","@id":"https:\/\/www.soroptimisteurope.org\/#website","url":"https:\/\/www.soroptimisteurope.org\/","name":"Soroptimist","description":"","potentialAction":[{"@type":"SearchAction","target":{"@type":"EntryPoint","urlTemplate":"https:\/\/www.soroptimisteurope.org\/?s={search_term_string}"},"query-input":{"@type":"PropertyValueSpecification","valueRequired":true,"valueName":"search_term_string"}}],"inLanguage":"fr-FR"},{"@type":"Person","@id":"https:\/\/www.soroptimisteurope.org\/#\/schema\/person\/71cb5ee8dc72773ed419609bf2274619","name":"Virginie Racine","url":"https:\/\/www.soroptimisteurope.org\/fr\/author\/adminsorop2k21\/"}]}},"_links":{"self":[{"href":"https:\/\/www.soroptimisteurope.org\/fr\/wp-json\/wp\/v2\/posts\/13811","targetHints":{"allow":["GET"]}}],"collection":[{"href":"https:\/\/www.soroptimisteurope.org\/fr\/wp-json\/wp\/v2\/posts"}],"about":[{"href":"https:\/\/www.soroptimisteurope.org\/fr\/wp-json\/wp\/v2\/types\/post"}],"author":[{"embeddable":true,"href":"https:\/\/www.soroptimisteurope.org\/fr\/wp-json\/wp\/v2\/users\/5"}],"replies":[{"embeddable":true,"href":"https:\/\/www.soroptimisteurope.org\/fr\/wp-json\/wp\/v2\/comments?post=13811"}],"version-history":[{"count":4,"href":"https:\/\/www.soroptimisteurope.org\/fr\/wp-json\/wp\/v2\/posts\/13811\/revisions"}],"predecessor-version":[{"id":41585,"href":"https:\/\/www.soroptimisteurope.org\/fr\/wp-json\/wp\/v2\/posts\/13811\/revisions\/41585"}],"wp:featuredmedia":[{"embeddable":true,"href":"https:\/\/www.soroptimisteurope.org\/fr\/wp-json\/wp\/v2\/media\/36857"}],"wp:attachment":[{"href":"https:\/\/www.soroptimisteurope.org\/fr\/wp-json\/wp\/v2\/media?parent=13811"}],"wp:term":[{"taxonomy":"category","embeddable":true,"href":"https:\/\/www.soroptimisteurope.org\/fr\/wp-json\/wp\/v2\/categories?post=13811"},{"taxonomy":"post_tag","embeddable":true,"href":"https:\/\/www.soroptimisteurope.org\/fr\/wp-json\/wp\/v2\/tags?post=13811"}],"curies":[{"name":"wp","href":"https:\/\/api.w.org\/{rel}","templated":true}]}}