{"id":14226,"date":"2019-05-31T12:28:47","date_gmt":"2019-05-31T11:28:47","guid":{"rendered":"http:\/\/www.soroptimisteurope.org\/winners-of-the-2018-photo-competition-copy\/"},"modified":"2025-05-13T11:16:55","modified_gmt":"2025-05-13T09:16:55","slug":"winners-of-the-2019-photo-competition-copy","status":"publish","type":"post","link":"https:\/\/www.soroptimisteurope.org\/fr\/winners-of-the-2019-photo-competition-copy\/","title":{"rendered":"Gagnantes du Concours de Photo 2019"},"content":{"rendered":"<p>Soroptimist International d\u2019Europe a organis\u00e9 la sixi\u00e8me \u00e9dition du\u00a0<strong>Concours de Photo\u00a0<\/strong><em>appel\u00e9 Avec les yeux des Soroptimist<\/em>.\u00a0<strong>Tous les membres du SIE\u00a0 ont \u00e9t\u00e9 invit\u00e9s \u00e0 y participer\u00a0!<\/strong><\/p>\n<p>Le th\u00e8me de la sixi\u00e8me \u00e9dition du concours de photo 2019 \u2013\u00a0<em>Avec les yeux des Soroptimist<\/em>\u00a0\u2013 \u00e9tait:<\/p>\n<p>&nbsp;<\/p>\n<p style=\"text-align: center;\"><strong>WE STAND UP FOR WOMEN !<\/strong><\/p>\n<p>&nbsp;<\/p>\n<p>Les membres jury, compos\u00e9 de\u00a0<b>Inge Withof<\/b><b><i>,\u00a0<\/i><\/b>Directrice de Programme adjointe du SIE, Pr\u00e9sidente du Jury;\u00a0<b>Christine Cromwell-Ahrens,\u00a0<\/b>Responsable Communication du SIE;\u00a0<b>Caroline\u00a0<\/b><b>Junier<\/b><b>,\u00a0<\/b>Directrice de Programme adjointe du SIE 2015-2017;\u00a0<strong>Marie-Louise Eberle, SI Liechtenstein, Liechtenstein<\/strong><b>, <\/b>1er Prix du Concours de Photo 2018;<strong> Katalin Karolyne Varga, SI Szombathely, Hongrie<\/strong><b>, <\/b>2e Prix du Concours de Photo 2018 et\u00a0<strong>Sinem Giray Toma, SI Etiler\/Istanbul, Turquie<\/strong>, 3e Prix du Concours de Photo 2018,\u00a0ont choisi les photos gagnantes.<\/p>\n<p>&nbsp;<\/p>\n<p>Les laur\u00e9ates du concours de photos 2019 ont \u00e9t\u00e9 annonc\u00e9s lors de la R\u00e9union des Gouverneurs \u00e0 Zagreb le 26 mai 2019. Les prix ont \u00e9t\u00e9 remis pour les photos suivantes:<\/p>\n<p><img fetchpriority=\"high\" decoding=\"async\" class=\"aligncenter wp-image-14215 size-large\" src=\"https:\/\/www.soroptimisteurope.org\/wp-content\/uploads\/2019\/05\/we-want-a-future-without-fear-1-1.jpg\" alt=\"\" width=\"1024\" height=\"683\" \/><\/p>\n<p style=\"text-align: center;\"><strong>1er Prix<\/strong><\/p>\n<p style=\"text-align: center;\">Christine Kipper \u2013 <em>We want a future without fear<\/em><br \/>\nSI Graz, Autriche<\/p>\n<p>&nbsp;<\/p>\n<p>&nbsp;<\/p>\n<p style=\"text-align: center;\"><img decoding=\"async\" class=\"wp-image-14217 size-large aligncenter\" src=\"https:\/\/www.soroptimisteurope.org\/wp-content\/uploads\/2019\/05\/img-6909.jpg\" alt=\"\" width=\"1024\" height=\"683\" srcset=\"https:\/\/www.soroptimisteurope.org\/wp-content\/uploads\/2019\/05\/img-6909.jpg 5184w, https:\/\/www.soroptimisteurope.org\/wp-content\/uploads\/2019\/05\/img-6909-300x200.jpg 300w, https:\/\/www.soroptimisteurope.org\/wp-content\/uploads\/2019\/05\/img-6909-768x512.jpg 768w, https:\/\/www.soroptimisteurope.org\/wp-content\/uploads\/2019\/05\/img-6909-1024x683.jpg 1024w\" sizes=\"(max-width: 1024px) 100vw, 1024px\" \/><\/p>\n<p style=\"text-align: center;\"><strong>2e Prix<\/strong><em><br \/>\n<\/em>Birthe S\u00f8gaard\u2013 <em>Orange days in Ribe<\/em><br \/>\nSI Ribe, Danemark<\/p>\n<p>&nbsp;<\/p>\n<p>&nbsp;<\/p>\n<p style=\"text-align: center;\"><img decoding=\"async\" class=\"aligncenter wp-image-14219 size-large\" src=\"https:\/\/www.soroptimisteurope.org\/wp-content\/uploads\/2019\/05\/p1370240.jpg\" alt=\"\" width=\"1024\" height=\"683\" srcset=\"https:\/\/www.soroptimisteurope.org\/wp-content\/uploads\/2019\/05\/p1370240.jpg 5472w, https:\/\/www.soroptimisteurope.org\/wp-content\/uploads\/2019\/05\/p1370240-300x200.jpg 300w, https:\/\/www.soroptimisteurope.org\/wp-content\/uploads\/2019\/05\/p1370240-768x512.jpg 768w, https:\/\/www.soroptimisteurope.org\/wp-content\/uploads\/2019\/05\/p1370240-1024x683.jpg 1024w\" sizes=\"(max-width: 1024px) 100vw, 1024px\" \/><\/p>\n<p style=\"text-align: center;\"><strong>3e Prix<\/strong><\/p>\n<p style=\"text-align: center;\">Gogatishvili Asmathi\u2013 <em>F\u00e9minisation de la pauvret\u00e9<\/em><br \/>\nSI Kutaisi-Colchis, G\u00e9orgie<\/p>\n<p>&nbsp;<\/p>\n","protected":false},"excerpt":{"rendered":"<p>Soroptimist International d\u2019Europe a organis\u00e9 la sixi\u00e8me \u00e9dition du\u00a0Concours de Photo\u00a0appel\u00e9 Avec les yeux des Soroptimist.\u00a0Tous les membres du SIE\u00a0 ont \u00e9t\u00e9 invit\u00e9s \u00e0 y participer\u00a0! Le th\u00e8me de la [&hellip;]<\/p>\n","protected":false},"author":5,"featured_media":36923,"comment_status":"open","ping_status":"open","sticky":false,"template":"","format":"standard","meta":{"_acf_changed":false,"give_campaign_id":0,"footnotes":""},"categories":[129],"tags":[],"class_list":["post-14226","post","type-post","status-publish","format-standard","has-post-thumbnail","hentry","category-nouvelles"],"acf":{"article_contenu":[{"article_titre_du_paragraphe":"","article_paragraphe":"<p>Soroptimist International d\u2019Europe a organis\u00e9 la sixi\u00e8me \u00e9dition du\u00a0<strong>Concours de Photo\u00a0<\/strong><em>appel\u00e9 Avec les yeux des Soroptimist<\/em>.\u00a0<strong>Tous les membres du SIE\u00a0 ont \u00e9t\u00e9 invit\u00e9s \u00e0 y participer\u00a0!<\/strong><\/p>\n<p>Le th\u00e8me de la sixi\u00e8me \u00e9dition du concours de photo 2019 \u2013\u00a0<em>Avec les yeux des Soroptimist<\/em>\u00a0\u2013 \u00e9tait:<\/p>\n<p>&nbsp;<\/p>\n<p style=\"text-align: center;\"><strong>WE STAND UP FOR WOMEN !<\/strong><\/p>\n<p>&nbsp;<\/p>\n<p>Les membres jury, compos\u00e9 de\u00a0<b>Inge Withof<\/b><b><i>,\u00a0<\/i><\/b>Directrice de Programme adjointe du SIE, Pr\u00e9sidente du Jury;\u00a0<b>Christine Cromwell-Ahrens,\u00a0<\/b>Responsable Communication du SIE;\u00a0<b>Caroline\u00a0<\/b><b>Junier<\/b><b>,\u00a0<\/b>Directrice de Programme adjointe du SIE 2015-2017;\u00a0<strong>Marie-Louise Eberle, SI Liechtenstein, Liechtenstein<\/strong><b>, <\/b>1er Prix du Concours de Photo 2018;<strong> Katalin Karolyne Varga, SI Szombathely, Hongrie<\/strong><b>, <\/b>2e Prix du Concours de Photo 2018 et\u00a0<strong>Sinem Giray Toma, SI Etiler\/Istanbul, Turquie<\/strong>, 3e Prix du Concours de Photo 2018,\u00a0ont choisi les photos gagnantes.<\/p>\n<p>&nbsp;<\/p>\n<p>Les laur\u00e9ates du concours de photos 2019 ont \u00e9t\u00e9 annonc\u00e9s lors de la R\u00e9union des Gouverneurs \u00e0 Zagreb le 26 mai 2019. Les prix ont \u00e9t\u00e9 remis pour les photos suivantes:<\/p>\n<p><img loading=\"lazy\" decoding=\"async\" class=\"aligncenter wp-image-14215 size-large\" src=\"http:\/\/www.soroptimisteurope.org\/wp-content\/uploads\/2019\/05\/we-want-a-future-without-fear-1-1-1024x683.jpg\" alt=\"\" width=\"1024\" height=\"683\" \/><\/p>\n<p style=\"text-align: center;\"><strong>1er Prix<\/strong><\/p>\n<p style=\"text-align: center;\">Christine Kipper \u2013 <em>We want a future without fear<\/em><br \/>\nSI Graz, Autriche<\/p>\n<p>&nbsp;<\/p>\n<p>&nbsp;<\/p>\n<p style=\"text-align: center;\"><img loading=\"lazy\" decoding=\"async\" class=\"wp-image-14217 size-large aligncenter\" src=\"http:\/\/www.soroptimisteurope.org\/wp-content\/uploads\/2019\/05\/img-6909-1024x683.jpg\" alt=\"\" width=\"1024\" height=\"683\" srcset=\"https:\/\/www.soroptimisteurope.org\/wp-content\/uploads\/2019\/05\/img-6909-1024x683.jpg 1024w, https:\/\/www.soroptimisteurope.org\/wp-content\/uploads\/2019\/05\/img-6909-300x200.jpg 300w, https:\/\/www.soroptimisteurope.org\/wp-content\/uploads\/2019\/05\/img-6909-768x512.jpg 768w\" sizes=\"(max-width: 1024px) 100vw, 1024px\" \/><\/p>\n<p style=\"text-align: center;\"><strong>2e Prix<\/strong><em><br \/>\n<\/em>Birthe S\u00f8gaard\u2013 <em>Orange days in Ribe<\/em><br \/>\nSI Ribe, Danemark<\/p>\n<p>&nbsp;<\/p>\n<p>&nbsp;<\/p>\n<p style=\"text-align: center;\"><img loading=\"lazy\" decoding=\"async\" class=\"aligncenter wp-image-14219 size-large\" src=\"http:\/\/www.soroptimisteurope.org\/wp-content\/uploads\/2019\/05\/p1370240-1024x683.jpg\" alt=\"\" width=\"1024\" height=\"683\" srcset=\"https:\/\/www.soroptimisteurope.org\/wp-content\/uploads\/2019\/05\/p1370240-1024x683.jpg 1024w, https:\/\/www.soroptimisteurope.org\/wp-content\/uploads\/2019\/05\/p1370240-300x200.jpg 300w, https:\/\/www.soroptimisteurope.org\/wp-content\/uploads\/2019\/05\/p1370240-768x512.jpg 768w\" sizes=\"(max-width: 1024px) 100vw, 1024px\" \/><\/p>\n<p style=\"text-align: center;\"><strong>3e Prix<\/strong><\/p>\n<p style=\"text-align: center;\">Gogatishvili Asmathi\u2013 <em>F\u00e9minisation de la pauvret\u00e9<\/em><br \/>\nSI Kutaisi-Colchis, G\u00e9orgie<\/p>\n<p>&nbsp;<\/p>\n","article_media_image":false,"article_media_video":""}],"article_trombinoscope":false,"article_video":"","article_evenements_sociaux":false,"article_auteur_texte":"","article_nom_contact":"","article_email_contact":"","article_numero_contact":"","article_documents":false,"article_actualites_liees":false,"article_chapeau":"","article_photo_de_couverture":false},"yoast_head":"<!-- This site is optimized with the Yoast SEO plugin v27.4 - https:\/\/yoast.com\/product\/yoast-seo-wordpress\/ -->\n<title>Gagnantes du Concours de Photo 2019 - Soroptimist<\/title>\n<meta name=\"robots\" content=\"index, follow, max-snippet:-1, max-image-preview:large, max-video-preview:-1\" \/>\n<link rel=\"canonical\" href=\"https:\/\/www.soroptimisteurope.org\/winners-of-the-2019-photo-competition-copy\/\" \/>\n<meta property=\"og:locale\" content=\"fr_FR\" \/>\n<meta property=\"og:type\" content=\"article\" \/>\n<meta property=\"og:title\" content=\"Gagnantes du Concours de Photo 2019 - Soroptimist\" \/>\n<meta property=\"og:description\" content=\"Soroptimist International d\u2019Europe a organis\u00e9 la sixi\u00e8me \u00e9dition du\u00a0Concours de Photo\u00a0appel\u00e9 Avec les yeux des Soroptimist.\u00a0Tous les membres du SIE\u00a0 ont \u00e9t\u00e9 invit\u00e9s \u00e0 y participer\u00a0! Le th\u00e8me de la [&hellip;]\" \/>\n<meta property=\"og:url\" content=\"https:\/\/www.soroptimisteurope.org\/winners-of-the-2019-photo-competition-copy\/\" \/>\n<meta property=\"og:site_name\" content=\"Soroptimist\" \/>\n<meta property=\"article:published_time\" content=\"2019-05-31T11:28:47+00:00\" \/>\n<meta property=\"article:modified_time\" content=\"2025-05-13T09:16:55+00:00\" \/>\n<meta property=\"og:image\" content=\"https:\/\/www.soroptimisteurope.org\/wp-content\/uploads\/2025\/04\/we-want-a-future-without-fear-1-1-1-scaled.jpg\" \/>\n\t<meta property=\"og:image:width\" content=\"2560\" \/>\n\t<meta property=\"og:image:height\" content=\"1707\" \/>\n\t<meta property=\"og:image:type\" content=\"image\/jpeg\" \/>\n<meta name=\"author\" content=\"Virginie Racine\" \/>\n<meta name=\"twitter:card\" content=\"summary_large_image\" \/>\n<meta name=\"twitter:label1\" content=\"\u00c9crit par\" \/>\n\t<meta name=\"twitter:data1\" content=\"Virginie Racine\" \/>\n\t<meta name=\"twitter:label2\" content=\"Dur\u00e9e de lecture estim\u00e9e\" \/>\n\t<meta name=\"twitter:data2\" content=\"1 minute\" \/>\n<script type=\"application\/ld+json\" class=\"yoast-schema-graph\">{\"@context\":\"https:\\\/\\\/schema.org\",\"@graph\":[{\"@type\":\"Article\",\"@id\":\"https:\\\/\\\/www.soroptimisteurope.org\\\/winners-of-the-2019-photo-competition-copy\\\/#article\",\"isPartOf\":{\"@id\":\"https:\\\/\\\/www.soroptimisteurope.org\\\/winners-of-the-2019-photo-competition-copy\\\/\"},\"author\":{\"name\":\"Virginie Racine\",\"@id\":\"https:\\\/\\\/www.soroptimisteurope.org\\\/#\\\/schema\\\/person\\\/71cb5ee8dc72773ed419609bf2274619\"},\"headline\":\"Gagnantes du Concours de Photo 2019\",\"datePublished\":\"2019-05-31T11:28:47+00:00\",\"dateModified\":\"2025-05-13T09:16:55+00:00\",\"mainEntityOfPage\":{\"@id\":\"https:\\\/\\\/www.soroptimisteurope.org\\\/winners-of-the-2019-photo-competition-copy\\\/\"},\"wordCount\":209,\"commentCount\":0,\"image\":{\"@id\":\"https:\\\/\\\/www.soroptimisteurope.org\\\/winners-of-the-2019-photo-competition-copy\\\/#primaryimage\"},\"thumbnailUrl\":\"https:\\\/\\\/www.soroptimisteurope.org\\\/wp-content\\\/uploads\\\/2025\\\/04\\\/we-want-a-future-without-fear-1-1-1-scaled.jpg\",\"articleSection\":[\"Nouvelles\"],\"inLanguage\":\"fr-FR\",\"potentialAction\":[{\"@type\":\"CommentAction\",\"name\":\"Comment\",\"target\":[\"https:\\\/\\\/www.soroptimisteurope.org\\\/winners-of-the-2019-photo-competition-copy\\\/#respond\"]}]},{\"@type\":\"WebPage\",\"@id\":\"https:\\\/\\\/www.soroptimisteurope.org\\\/winners-of-the-2019-photo-competition-copy\\\/\",\"url\":\"https:\\\/\\\/www.soroptimisteurope.org\\\/winners-of-the-2019-photo-competition-copy\\\/\",\"name\":\"Gagnantes du Concours de Photo 2019 - Soroptimist\",\"isPartOf\":{\"@id\":\"https:\\\/\\\/www.soroptimisteurope.org\\\/#website\"},\"primaryImageOfPage\":{\"@id\":\"https:\\\/\\\/www.soroptimisteurope.org\\\/winners-of-the-2019-photo-competition-copy\\\/#primaryimage\"},\"image\":{\"@id\":\"https:\\\/\\\/www.soroptimisteurope.org\\\/winners-of-the-2019-photo-competition-copy\\\/#primaryimage\"},\"thumbnailUrl\":\"https:\\\/\\\/www.soroptimisteurope.org\\\/wp-content\\\/uploads\\\/2025\\\/04\\\/we-want-a-future-without-fear-1-1-1-scaled.jpg\",\"datePublished\":\"2019-05-31T11:28:47+00:00\",\"dateModified\":\"2025-05-13T09:16:55+00:00\",\"author\":{\"@id\":\"https:\\\/\\\/www.soroptimisteurope.org\\\/#\\\/schema\\\/person\\\/71cb5ee8dc72773ed419609bf2274619\"},\"breadcrumb\":{\"@id\":\"https:\\\/\\\/www.soroptimisteurope.org\\\/winners-of-the-2019-photo-competition-copy\\\/#breadcrumb\"},\"inLanguage\":\"fr-FR\",\"potentialAction\":[{\"@type\":\"ReadAction\",\"target\":[\"https:\\\/\\\/www.soroptimisteurope.org\\\/winners-of-the-2019-photo-competition-copy\\\/\"]}]},{\"@type\":\"ImageObject\",\"inLanguage\":\"fr-FR\",\"@id\":\"https:\\\/\\\/www.soroptimisteurope.org\\\/winners-of-the-2019-photo-competition-copy\\\/#primaryimage\",\"url\":\"https:\\\/\\\/www.soroptimisteurope.org\\\/wp-content\\\/uploads\\\/2025\\\/04\\\/we-want-a-future-without-fear-1-1-1-scaled.jpg\",\"contentUrl\":\"https:\\\/\\\/www.soroptimisteurope.org\\\/wp-content\\\/uploads\\\/2025\\\/04\\\/we-want-a-future-without-fear-1-1-1-scaled.jpg\",\"width\":2560,\"height\":1707},{\"@type\":\"BreadcrumbList\",\"@id\":\"https:\\\/\\\/www.soroptimisteurope.org\\\/winners-of-the-2019-photo-competition-copy\\\/#breadcrumb\",\"itemListElement\":[{\"@type\":\"ListItem\",\"position\":1,\"name\":\"Accueil\",\"item\":\"https:\\\/\\\/www.soroptimisteurope.org\\\/fr\\\/\"},{\"@type\":\"ListItem\",\"position\":2,\"name\":\"Gagnantes du Concours de Photo 2019\"}]},{\"@type\":\"WebSite\",\"@id\":\"https:\\\/\\\/www.soroptimisteurope.org\\\/#website\",\"url\":\"https:\\\/\\\/www.soroptimisteurope.org\\\/\",\"name\":\"Soroptimist\",\"description\":\"\",\"potentialAction\":[{\"@type\":\"SearchAction\",\"target\":{\"@type\":\"EntryPoint\",\"urlTemplate\":\"https:\\\/\\\/www.soroptimisteurope.org\\\/?s={search_term_string}\"},\"query-input\":{\"@type\":\"PropertyValueSpecification\",\"valueRequired\":true,\"valueName\":\"search_term_string\"}}],\"inLanguage\":\"fr-FR\"},{\"@type\":\"Person\",\"@id\":\"https:\\\/\\\/www.soroptimisteurope.org\\\/#\\\/schema\\\/person\\\/71cb5ee8dc72773ed419609bf2274619\",\"name\":\"Virginie Racine\",\"url\":\"https:\\\/\\\/www.soroptimisteurope.org\\\/fr\\\/author\\\/adminsorop2k21\\\/\"}]}<\/script>\n<!-- \/ Yoast SEO plugin. -->","yoast_head_json":{"title":"Gagnantes du Concours de Photo 2019 - Soroptimist","robots":{"index":"index","follow":"follow","max-snippet":"max-snippet:-1","max-image-preview":"max-image-preview:large","max-video-preview":"max-video-preview:-1"},"canonical":"https:\/\/www.soroptimisteurope.org\/winners-of-the-2019-photo-competition-copy\/","og_locale":"fr_FR","og_type":"article","og_title":"Gagnantes du Concours de Photo 2019 - Soroptimist","og_description":"Soroptimist International d\u2019Europe a organis\u00e9 la sixi\u00e8me \u00e9dition du\u00a0Concours de Photo\u00a0appel\u00e9 Avec les yeux des Soroptimist.\u00a0Tous les membres du SIE\u00a0 ont \u00e9t\u00e9 invit\u00e9s \u00e0 y participer\u00a0! Le th\u00e8me de la [&hellip;]","og_url":"https:\/\/www.soroptimisteurope.org\/winners-of-the-2019-photo-competition-copy\/","og_site_name":"Soroptimist","article_published_time":"2019-05-31T11:28:47+00:00","article_modified_time":"2025-05-13T09:16:55+00:00","og_image":[{"width":2560,"height":1707,"url":"https:\/\/www.soroptimisteurope.org\/wp-content\/uploads\/2025\/04\/we-want-a-future-without-fear-1-1-1-scaled.jpg","type":"image\/jpeg"}],"author":"Virginie Racine","twitter_card":"summary_large_image","twitter_misc":{"\u00c9crit par":"Virginie Racine","Dur\u00e9e de lecture estim\u00e9e":"1 minute"},"schema":{"@context":"https:\/\/schema.org","@graph":[{"@type":"Article","@id":"https:\/\/www.soroptimisteurope.org\/winners-of-the-2019-photo-competition-copy\/#article","isPartOf":{"@id":"https:\/\/www.soroptimisteurope.org\/winners-of-the-2019-photo-competition-copy\/"},"author":{"name":"Virginie Racine","@id":"https:\/\/www.soroptimisteurope.org\/#\/schema\/person\/71cb5ee8dc72773ed419609bf2274619"},"headline":"Gagnantes du Concours de Photo 2019","datePublished":"2019-05-31T11:28:47+00:00","dateModified":"2025-05-13T09:16:55+00:00","mainEntityOfPage":{"@id":"https:\/\/www.soroptimisteurope.org\/winners-of-the-2019-photo-competition-copy\/"},"wordCount":209,"commentCount":0,"image":{"@id":"https:\/\/www.soroptimisteurope.org\/winners-of-the-2019-photo-competition-copy\/#primaryimage"},"thumbnailUrl":"https:\/\/www.soroptimisteurope.org\/wp-content\/uploads\/2025\/04\/we-want-a-future-without-fear-1-1-1-scaled.jpg","articleSection":["Nouvelles"],"inLanguage":"fr-FR","potentialAction":[{"@type":"CommentAction","name":"Comment","target":["https:\/\/www.soroptimisteurope.org\/winners-of-the-2019-photo-competition-copy\/#respond"]}]},{"@type":"WebPage","@id":"https:\/\/www.soroptimisteurope.org\/winners-of-the-2019-photo-competition-copy\/","url":"https:\/\/www.soroptimisteurope.org\/winners-of-the-2019-photo-competition-copy\/","name":"Gagnantes du Concours de Photo 2019 - Soroptimist","isPartOf":{"@id":"https:\/\/www.soroptimisteurope.org\/#website"},"primaryImageOfPage":{"@id":"https:\/\/www.soroptimisteurope.org\/winners-of-the-2019-photo-competition-copy\/#primaryimage"},"image":{"@id":"https:\/\/www.soroptimisteurope.org\/winners-of-the-2019-photo-competition-copy\/#primaryimage"},"thumbnailUrl":"https:\/\/www.soroptimisteurope.org\/wp-content\/uploads\/2025\/04\/we-want-a-future-without-fear-1-1-1-scaled.jpg","datePublished":"2019-05-31T11:28:47+00:00","dateModified":"2025-05-13T09:16:55+00:00","author":{"@id":"https:\/\/www.soroptimisteurope.org\/#\/schema\/person\/71cb5ee8dc72773ed419609bf2274619"},"breadcrumb":{"@id":"https:\/\/www.soroptimisteurope.org\/winners-of-the-2019-photo-competition-copy\/#breadcrumb"},"inLanguage":"fr-FR","potentialAction":[{"@type":"ReadAction","target":["https:\/\/www.soroptimisteurope.org\/winners-of-the-2019-photo-competition-copy\/"]}]},{"@type":"ImageObject","inLanguage":"fr-FR","@id":"https:\/\/www.soroptimisteurope.org\/winners-of-the-2019-photo-competition-copy\/#primaryimage","url":"https:\/\/www.soroptimisteurope.org\/wp-content\/uploads\/2025\/04\/we-want-a-future-without-fear-1-1-1-scaled.jpg","contentUrl":"https:\/\/www.soroptimisteurope.org\/wp-content\/uploads\/2025\/04\/we-want-a-future-without-fear-1-1-1-scaled.jpg","width":2560,"height":1707},{"@type":"BreadcrumbList","@id":"https:\/\/www.soroptimisteurope.org\/winners-of-the-2019-photo-competition-copy\/#breadcrumb","itemListElement":[{"@type":"ListItem","position":1,"name":"Accueil","item":"https:\/\/www.soroptimisteurope.org\/fr\/"},{"@type":"ListItem","position":2,"name":"Gagnantes du Concours de Photo 2019"}]},{"@type":"WebSite","@id":"https:\/\/www.soroptimisteurope.org\/#website","url":"https:\/\/www.soroptimisteurope.org\/","name":"Soroptimist","description":"","potentialAction":[{"@type":"SearchAction","target":{"@type":"EntryPoint","urlTemplate":"https:\/\/www.soroptimisteurope.org\/?s={search_term_string}"},"query-input":{"@type":"PropertyValueSpecification","valueRequired":true,"valueName":"search_term_string"}}],"inLanguage":"fr-FR"},{"@type":"Person","@id":"https:\/\/www.soroptimisteurope.org\/#\/schema\/person\/71cb5ee8dc72773ed419609bf2274619","name":"Virginie Racine","url":"https:\/\/www.soroptimisteurope.org\/fr\/author\/adminsorop2k21\/"}]}},"_links":{"self":[{"href":"https:\/\/www.soroptimisteurope.org\/fr\/wp-json\/wp\/v2\/posts\/14226","targetHints":{"allow":["GET"]}}],"collection":[{"href":"https:\/\/www.soroptimisteurope.org\/fr\/wp-json\/wp\/v2\/posts"}],"about":[{"href":"https:\/\/www.soroptimisteurope.org\/fr\/wp-json\/wp\/v2\/types\/post"}],"author":[{"embeddable":true,"href":"https:\/\/www.soroptimisteurope.org\/fr\/wp-json\/wp\/v2\/users\/5"}],"replies":[{"embeddable":true,"href":"https:\/\/www.soroptimisteurope.org\/fr\/wp-json\/wp\/v2\/comments?post=14226"}],"version-history":[{"count":7,"href":"https:\/\/www.soroptimisteurope.org\/fr\/wp-json\/wp\/v2\/posts\/14226\/revisions"}],"predecessor-version":[{"id":41602,"href":"https:\/\/www.soroptimisteurope.org\/fr\/wp-json\/wp\/v2\/posts\/14226\/revisions\/41602"}],"wp:featuredmedia":[{"embeddable":true,"href":"https:\/\/www.soroptimisteurope.org\/fr\/wp-json\/wp\/v2\/media\/36923"}],"wp:attachment":[{"href":"https:\/\/www.soroptimisteurope.org\/fr\/wp-json\/wp\/v2\/media?parent=14226"}],"wp:term":[{"taxonomy":"category","embeddable":true,"href":"https:\/\/www.soroptimisteurope.org\/fr\/wp-json\/wp\/v2\/categories?post=14226"},{"taxonomy":"post_tag","embeddable":true,"href":"https:\/\/www.soroptimisteurope.org\/fr\/wp-json\/wp\/v2\/tags?post=14226"}],"curies":[{"name":"wp","href":"https:\/\/api.w.org\/{rel}","templated":true}]}}