{"id":16639,"date":"2020-01-20T16:34:27","date_gmt":"2020-01-20T15:34:27","guid":{"rendered":"http:\/\/www.soroptimisteurope.org\/prix-droits-de-lhomme-vaclav-havel-2017-date-butoir-repoussee-copy\/"},"modified":"2025-05-13T11:17:15","modified_gmt":"2025-05-13T09:17:15","slug":"prix-droits-de-lhomme-vaclav-havel-2017-date-butoir-repoussee-copy","status":"publish","type":"post","link":"https:\/\/www.soroptimisteurope.org\/fr\/prix-droits-de-lhomme-vaclav-havel-2017-date-butoir-repoussee-copy\/","title":{"rendered":"Prix des Droits de l\u2019Homme V\u00e1clav Havel 2020"},"content":{"rendered":"<h3>Appel \u00e0 candidatures pour l\u2019\u00e9dition 2020 du Prix des Droits de l&rsquo;Homme V\u00e1clav Havel<\/h3>\n<p>Ce prix annuel est d\u00e9cern\u00e9 par l\u2019Assembl\u00e9e parlementaire du <a href=\"https:\/\/www.soroptimisteurope.org\/wp-content\/uploads\/2020\/01\/communique-de-presse.jpg\" target=\"_blank\" rel=\"noopener\">Conseil de l\u2019Europe<\/a>, en partenariat avec la Biblioth\u00e8que V\u00e1clav Havel, la Fondation Charte 77 et le Gouvernement de la R\u00e9publique tch\u00e8que. Ce prix est d\u00e9cern\u00e9 en m\u00e9moire de V\u00e1clav Havel, dramaturge, combattant du totalitarisme, artisan de la r\u00e9volution de velours de 1989, Pr\u00e9sident de la Tch\u00e9coslovaquie et de la R\u00e9publique tch\u00e8que et symbole durable de l\u2019opposition au despotisme.<\/p>\n<p>&nbsp;<\/p>\n<p>Ce Prix, dot\u00e9 d\u2019une somme de 60\u00a0000 \u20ac, d\u2019un troph\u00e9e et d\u2019un dipl\u00f4me, r\u00e9compense des actions exceptionnelles de la soci\u00e9t\u00e9 civile dans la d\u00e9fense des droits de l\u2019homme en Europe et en dehors du continent. Le Prix est ouvert \u00e0 toute candidature de personne, organisation non gouvernementale ou institution \u0153uvrant \u00e0 la d\u00e9fense des droits de l\u2019homme.<\/p>\n<p>&nbsp;<\/p>\n<p>Depuis 2013, il a \u00e9t\u00e9 attribu\u00e9 successivement \u00e0 Ales Bialiatski (B\u00e9larus), Anar Mammadli (Azerba\u00efdjan), Ludmilla Alexeeva (F\u00e9d\u00e9ration de Russie), Nadia Murad (Irak) et ), Murat Arslan (Turquie) et \u00e0 Oyub Titiev (F\u00e9d\u00e9ration de Russie). En 2019, le Prix a \u00e9t\u00e9 d\u00e9cern\u00e9 conjointement \u00e0 Ilham Tohti, intellectuel ou\u00efghour de renomm\u00e9e publique en Chine, actuellement en prison, et \u00e0 l\u2019Initiative des jeunes pour les droits de l&rsquo;homme, qui s\u2019attache \u00e0 promouvoir la r\u00e9conciliation en \u00e9tablissant des liens entre les jeunes des Balkans.<\/p>\n<p>&nbsp;<\/p>\n<p>La date limite de d\u00e9p\u00f4t des candidatures pour l\u2019\u00e9dition 2020 du Prix est fix\u00e9e au <strong>30 avril 2020. <\/strong>La C\u00e9r\u00e9monie de remise du Prix se tiendra dans l\u2019h\u00e9micycle de l\u2019Assemble le 12 octobre 2020 pendant la 4<sup>\u00e8me<\/sup> partie de session.<\/p>\n<p>&nbsp;<\/p>\n<p>Le R\u00e8glement du Prix ainsi que les formulaires de candidature sont disponibles sur le site de l\u2019Assembl\u00e9e\u00a0: <a href=\"http:\/\/www.assembly.coe.int\/nw\/Page-FR.asp?LID=HavelPrize\">Prix des Droits de l&rsquo;Homme Vaclav Havel<\/a><\/p>\n<p>&nbsp;<\/p>\n<p>Pour de plus amples informations, le Secr\u00e9tariat du Prix des Droits de l\u2019Homme V\u00e1clav Havel se tient \u00e0 votre disposition, par e-mail\u00a0: <a href=\"mailto:hrprize.pace@coe.int\">hrprize.pace@coe.int<\/a> ou par t\u00e9l\u00e9phone + 33 3 90 21 41 00.<\/p>\n<p>&nbsp;<\/p>\n<p>Avec mes meilleures salutations,<\/p>\n<p>&nbsp;<\/p>\n<p>Isild Heurtin<\/p>\n<p>Secr\u00e9tariat du Prix des Droits de l&rsquo;Homme V\u00e1clav Havel<\/p>\n","protected":false},"excerpt":{"rendered":"<p>Appel \u00e0 candidatures pour l\u2019\u00e9dition 2020 du Prix des Droits de l&rsquo;Homme V\u00e1clav Havel Ce prix annuel est d\u00e9cern\u00e9 par l\u2019Assembl\u00e9e parlementaire du Conseil de l\u2019Europe, en partenariat avec la [&hellip;]<\/p>\n","protected":false},"author":5,"featured_media":37291,"comment_status":"open","ping_status":"open","sticky":false,"template":"","format":"standard","meta":{"_acf_changed":false,"give_campaign_id":0,"footnotes":""},"categories":[106],"tags":[],"class_list":["post-16639","post","type-post","status-publish","format-standard","has-post-thumbnail","hentry","category-news"],"acf":{"article_chapeau":"","article_contenu":[{"article_titre_du_paragraphe":"Appel \u00e0 candidatures pour l\u2019\u00e9dition 2020 du Prix des Droits de l'Homme V\u00e1clav Havel ","article_paragraphe":"<p>Ce prix annuel est d\u00e9cern\u00e9 par l\u2019Assembl\u00e9e parlementaire du <a href=\"http:\/\/www.soroptimisteurope.org\/wp-content\/uploads\/2020\/01\/communique-de-presse.jpg\" target=\"_blank\" rel=\"noopener\">Conseil de l\u2019Europe<\/a>, en partenariat avec la Biblioth\u00e8que V\u00e1clav Havel, la Fondation Charte 77 et le Gouvernement de la R\u00e9publique tch\u00e8que. Ce prix est d\u00e9cern\u00e9 en m\u00e9moire de V\u00e1clav Havel, dramaturge, combattant du totalitarisme, artisan de la r\u00e9volution de velours de 1989, Pr\u00e9sident de la Tch\u00e9coslovaquie et de la R\u00e9publique tch\u00e8que et symbole durable de l\u2019opposition au despotisme.<\/p>\n<p>&nbsp;<\/p>\n<p>Ce Prix, dot\u00e9 d\u2019une somme de 60\u00a0000 \u20ac, d\u2019un troph\u00e9e et d\u2019un dipl\u00f4me, r\u00e9compense des actions exceptionnelles de la soci\u00e9t\u00e9 civile dans la d\u00e9fense des droits de l\u2019homme en Europe et en dehors du continent. Le Prix est ouvert \u00e0 toute candidature de personne, organisation non gouvernementale ou institution \u0153uvrant \u00e0 la d\u00e9fense des droits de l\u2019homme.<\/p>\n<p>&nbsp;<\/p>\n<p>Depuis 2013, il a \u00e9t\u00e9 attribu\u00e9 successivement \u00e0 Ales Bialiatski (B\u00e9larus), Anar Mammadli (Azerba\u00efdjan), Ludmilla Alexeeva (F\u00e9d\u00e9ration de Russie), Nadia Murad (Irak) et ), Murat Arslan (Turquie) et \u00e0 Oyub Titiev (F\u00e9d\u00e9ration de Russie). En 2019, le Prix a \u00e9t\u00e9 d\u00e9cern\u00e9 conjointement \u00e0 Ilham Tohti, intellectuel ou\u00efghour de renomm\u00e9e publique en Chine, actuellement en prison, et \u00e0 l\u2019Initiative des jeunes pour les droits de l&rsquo;homme, qui s\u2019attache \u00e0 promouvoir la r\u00e9conciliation en \u00e9tablissant des liens entre les jeunes des Balkans.<\/p>\n<p>&nbsp;<\/p>\n<p>La date limite de d\u00e9p\u00f4t des candidatures pour l\u2019\u00e9dition 2020 du Prix est fix\u00e9e au <strong>30 avril 2020. <\/strong>La C\u00e9r\u00e9monie de remise du Prix se tiendra dans l\u2019h\u00e9micycle de l\u2019Assemble le 12 octobre 2020 pendant la 4<sup>\u00e8me<\/sup> partie de session.<\/p>\n<p>&nbsp;<\/p>\n<p>Le R\u00e8glement du Prix ainsi que les formulaires de candidature sont disponibles sur le site de l\u2019Assembl\u00e9e\u00a0: <a href=\"http:\/\/www.assembly.coe.int\/nw\/Page-FR.asp?LID=HavelPrize\">Prix des Droits de l&rsquo;Homme Vaclav Havel<\/a><\/p>\n<p>&nbsp;<\/p>\n<p>Pour de plus amples informations, le Secr\u00e9tariat du Prix des Droits de l\u2019Homme V\u00e1clav Havel se tient \u00e0 votre disposition, par e-mail\u00a0: <a href=\"mailto:hrprize.pace@coe.int\">hrprize.pace@coe.int<\/a> ou par t\u00e9l\u00e9phone + 33 3 90 21 41 00.<\/p>\n<p>&nbsp;<\/p>\n<p>Avec mes meilleures salutations,<\/p>\n<p>&nbsp;<\/p>\n<p>Isild Heurtin<\/p>\n<p>Secr\u00e9tariat du Prix des Droits de l&rsquo;Homme V\u00e1clav Havel<\/p>\n","article_media_image":false,"article_media_video":""}],"article_trombinoscope":false,"article_video":"","article_evenements_sociaux":false,"article_auteur_texte":"","article_nom_contact":"","article_email_contact":"","article_numero_contact":"","article_documents":false,"article_actualites_liees":false,"article_photo_de_couverture":false},"yoast_head":"<!-- This site is optimized with the Yoast SEO plugin v27.4 - https:\/\/yoast.com\/product\/yoast-seo-wordpress\/ -->\n<title>Prix des Droits de l\u2019Homme V\u00e1clav Havel 2020 - Soroptimist<\/title>\n<meta name=\"robots\" content=\"index, follow, max-snippet:-1, max-image-preview:large, max-video-preview:-1\" \/>\n<link rel=\"canonical\" href=\"https:\/\/www.soroptimisteurope.org\/fr\/prix-droits-de-lhomme-vaclav-havel-2017-date-butoir-repoussee-copy\/\" \/>\n<meta property=\"og:locale\" content=\"fr_FR\" \/>\n<meta property=\"og:type\" content=\"article\" \/>\n<meta property=\"og:title\" content=\"Prix des Droits de l\u2019Homme V\u00e1clav Havel 2020 - Soroptimist\" \/>\n<meta property=\"og:description\" content=\"Appel \u00e0 candidatures pour l\u2019\u00e9dition 2020 du Prix des Droits de l&rsquo;Homme V\u00e1clav Havel Ce prix annuel est d\u00e9cern\u00e9 par l\u2019Assembl\u00e9e parlementaire du Conseil de l\u2019Europe, en partenariat avec la [&hellip;]\" \/>\n<meta property=\"og:url\" content=\"https:\/\/www.soroptimisteurope.org\/fr\/prix-droits-de-lhomme-vaclav-havel-2017-date-butoir-repoussee-copy\/\" \/>\n<meta property=\"og:site_name\" content=\"Soroptimist\" \/>\n<meta property=\"article:published_time\" content=\"2020-01-20T15:34:27+00:00\" \/>\n<meta property=\"article:modified_time\" content=\"2025-05-13T09:17:15+00:00\" \/>\n<meta property=\"og:image\" content=\"https:\/\/www.soroptimisteurope.org\/wp-content\/uploads\/2025\/04\/havel1-l-f-3.jpg\" \/>\n\t<meta property=\"og:image:width\" content=\"550\" \/>\n\t<meta property=\"og:image:height\" content=\"240\" \/>\n\t<meta property=\"og:image:type\" content=\"image\/jpeg\" \/>\n<meta name=\"author\" content=\"Virginie Racine\" \/>\n<meta name=\"twitter:card\" content=\"summary_large_image\" \/>\n<meta name=\"twitter:label1\" content=\"\u00c9crit par\" \/>\n\t<meta name=\"twitter:data1\" content=\"Virginie Racine\" \/>\n\t<meta name=\"twitter:label2\" content=\"Dur\u00e9e de lecture estim\u00e9e\" \/>\n\t<meta name=\"twitter:data2\" content=\"2 minutes\" \/>\n<script type=\"application\/ld+json\" class=\"yoast-schema-graph\">{\"@context\":\"https:\\\/\\\/schema.org\",\"@graph\":[{\"@type\":\"Article\",\"@id\":\"https:\\\/\\\/www.soroptimisteurope.org\\\/fr\\\/prix-droits-de-lhomme-vaclav-havel-2017-date-butoir-repoussee-copy\\\/#article\",\"isPartOf\":{\"@id\":\"https:\\\/\\\/www.soroptimisteurope.org\\\/fr\\\/prix-droits-de-lhomme-vaclav-havel-2017-date-butoir-repoussee-copy\\\/\"},\"author\":{\"name\":\"Virginie Racine\",\"@id\":\"https:\\\/\\\/www.soroptimisteurope.org\\\/#\\\/schema\\\/person\\\/71cb5ee8dc72773ed419609bf2274619\"},\"headline\":\"Prix des Droits de l\u2019Homme V\u00e1clav Havel 2020\",\"datePublished\":\"2020-01-20T15:34:27+00:00\",\"dateModified\":\"2025-05-13T09:17:15+00:00\",\"mainEntityOfPage\":{\"@id\":\"https:\\\/\\\/www.soroptimisteurope.org\\\/fr\\\/prix-droits-de-lhomme-vaclav-havel-2017-date-butoir-repoussee-copy\\\/\"},\"wordCount\":384,\"commentCount\":0,\"image\":{\"@id\":\"https:\\\/\\\/www.soroptimisteurope.org\\\/fr\\\/prix-droits-de-lhomme-vaclav-havel-2017-date-butoir-repoussee-copy\\\/#primaryimage\"},\"thumbnailUrl\":\"https:\\\/\\\/www.soroptimisteurope.org\\\/wp-content\\\/uploads\\\/2025\\\/04\\\/havel1-l-f-3.jpg\",\"articleSection\":[\"News\"],\"inLanguage\":\"fr-FR\",\"potentialAction\":[{\"@type\":\"CommentAction\",\"name\":\"Comment\",\"target\":[\"https:\\\/\\\/www.soroptimisteurope.org\\\/fr\\\/prix-droits-de-lhomme-vaclav-havel-2017-date-butoir-repoussee-copy\\\/#respond\"]}]},{\"@type\":\"WebPage\",\"@id\":\"https:\\\/\\\/www.soroptimisteurope.org\\\/fr\\\/prix-droits-de-lhomme-vaclav-havel-2017-date-butoir-repoussee-copy\\\/\",\"url\":\"https:\\\/\\\/www.soroptimisteurope.org\\\/fr\\\/prix-droits-de-lhomme-vaclav-havel-2017-date-butoir-repoussee-copy\\\/\",\"name\":\"Prix des Droits de l\u2019Homme V\u00e1clav Havel 2020 - Soroptimist\",\"isPartOf\":{\"@id\":\"https:\\\/\\\/www.soroptimisteurope.org\\\/#website\"},\"primaryImageOfPage\":{\"@id\":\"https:\\\/\\\/www.soroptimisteurope.org\\\/fr\\\/prix-droits-de-lhomme-vaclav-havel-2017-date-butoir-repoussee-copy\\\/#primaryimage\"},\"image\":{\"@id\":\"https:\\\/\\\/www.soroptimisteurope.org\\\/fr\\\/prix-droits-de-lhomme-vaclav-havel-2017-date-butoir-repoussee-copy\\\/#primaryimage\"},\"thumbnailUrl\":\"https:\\\/\\\/www.soroptimisteurope.org\\\/wp-content\\\/uploads\\\/2025\\\/04\\\/havel1-l-f-3.jpg\",\"datePublished\":\"2020-01-20T15:34:27+00:00\",\"dateModified\":\"2025-05-13T09:17:15+00:00\",\"author\":{\"@id\":\"https:\\\/\\\/www.soroptimisteurope.org\\\/#\\\/schema\\\/person\\\/71cb5ee8dc72773ed419609bf2274619\"},\"breadcrumb\":{\"@id\":\"https:\\\/\\\/www.soroptimisteurope.org\\\/fr\\\/prix-droits-de-lhomme-vaclav-havel-2017-date-butoir-repoussee-copy\\\/#breadcrumb\"},\"inLanguage\":\"fr-FR\",\"potentialAction\":[{\"@type\":\"ReadAction\",\"target\":[\"https:\\\/\\\/www.soroptimisteurope.org\\\/fr\\\/prix-droits-de-lhomme-vaclav-havel-2017-date-butoir-repoussee-copy\\\/\"]}]},{\"@type\":\"ImageObject\",\"inLanguage\":\"fr-FR\",\"@id\":\"https:\\\/\\\/www.soroptimisteurope.org\\\/fr\\\/prix-droits-de-lhomme-vaclav-havel-2017-date-butoir-repoussee-copy\\\/#primaryimage\",\"url\":\"https:\\\/\\\/www.soroptimisteurope.org\\\/wp-content\\\/uploads\\\/2025\\\/04\\\/havel1-l-f-3.jpg\",\"contentUrl\":\"https:\\\/\\\/www.soroptimisteurope.org\\\/wp-content\\\/uploads\\\/2025\\\/04\\\/havel1-l-f-3.jpg\",\"width\":550,\"height\":240},{\"@type\":\"BreadcrumbList\",\"@id\":\"https:\\\/\\\/www.soroptimisteurope.org\\\/fr\\\/prix-droits-de-lhomme-vaclav-havel-2017-date-butoir-repoussee-copy\\\/#breadcrumb\",\"itemListElement\":[{\"@type\":\"ListItem\",\"position\":1,\"name\":\"Accueil\",\"item\":\"https:\\\/\\\/www.soroptimisteurope.org\\\/fr\\\/\"},{\"@type\":\"ListItem\",\"position\":2,\"name\":\"Prix des Droits de l\u2019Homme V\u00e1clav Havel 2020\"}]},{\"@type\":\"WebSite\",\"@id\":\"https:\\\/\\\/www.soroptimisteurope.org\\\/#website\",\"url\":\"https:\\\/\\\/www.soroptimisteurope.org\\\/\",\"name\":\"Soroptimist\",\"description\":\"\",\"potentialAction\":[{\"@type\":\"SearchAction\",\"target\":{\"@type\":\"EntryPoint\",\"urlTemplate\":\"https:\\\/\\\/www.soroptimisteurope.org\\\/?s={search_term_string}\"},\"query-input\":{\"@type\":\"PropertyValueSpecification\",\"valueRequired\":true,\"valueName\":\"search_term_string\"}}],\"inLanguage\":\"fr-FR\"},{\"@type\":\"Person\",\"@id\":\"https:\\\/\\\/www.soroptimisteurope.org\\\/#\\\/schema\\\/person\\\/71cb5ee8dc72773ed419609bf2274619\",\"name\":\"Virginie Racine\",\"url\":\"https:\\\/\\\/www.soroptimisteurope.org\\\/fr\\\/author\\\/adminsorop2k21\\\/\"}]}<\/script>\n<!-- \/ Yoast SEO plugin. -->","yoast_head_json":{"title":"Prix des Droits de l\u2019Homme V\u00e1clav Havel 2020 - Soroptimist","robots":{"index":"index","follow":"follow","max-snippet":"max-snippet:-1","max-image-preview":"max-image-preview:large","max-video-preview":"max-video-preview:-1"},"canonical":"https:\/\/www.soroptimisteurope.org\/fr\/prix-droits-de-lhomme-vaclav-havel-2017-date-butoir-repoussee-copy\/","og_locale":"fr_FR","og_type":"article","og_title":"Prix des Droits de l\u2019Homme V\u00e1clav Havel 2020 - Soroptimist","og_description":"Appel \u00e0 candidatures pour l\u2019\u00e9dition 2020 du Prix des Droits de l&rsquo;Homme V\u00e1clav Havel Ce prix annuel est d\u00e9cern\u00e9 par l\u2019Assembl\u00e9e parlementaire du Conseil de l\u2019Europe, en partenariat avec la [&hellip;]","og_url":"https:\/\/www.soroptimisteurope.org\/fr\/prix-droits-de-lhomme-vaclav-havel-2017-date-butoir-repoussee-copy\/","og_site_name":"Soroptimist","article_published_time":"2020-01-20T15:34:27+00:00","article_modified_time":"2025-05-13T09:17:15+00:00","og_image":[{"width":550,"height":240,"url":"https:\/\/www.soroptimisteurope.org\/wp-content\/uploads\/2025\/04\/havel1-l-f-3.jpg","type":"image\/jpeg"}],"author":"Virginie Racine","twitter_card":"summary_large_image","twitter_misc":{"\u00c9crit par":"Virginie Racine","Dur\u00e9e de lecture estim\u00e9e":"2 minutes"},"schema":{"@context":"https:\/\/schema.org","@graph":[{"@type":"Article","@id":"https:\/\/www.soroptimisteurope.org\/fr\/prix-droits-de-lhomme-vaclav-havel-2017-date-butoir-repoussee-copy\/#article","isPartOf":{"@id":"https:\/\/www.soroptimisteurope.org\/fr\/prix-droits-de-lhomme-vaclav-havel-2017-date-butoir-repoussee-copy\/"},"author":{"name":"Virginie Racine","@id":"https:\/\/www.soroptimisteurope.org\/#\/schema\/person\/71cb5ee8dc72773ed419609bf2274619"},"headline":"Prix des Droits de l\u2019Homme V\u00e1clav Havel 2020","datePublished":"2020-01-20T15:34:27+00:00","dateModified":"2025-05-13T09:17:15+00:00","mainEntityOfPage":{"@id":"https:\/\/www.soroptimisteurope.org\/fr\/prix-droits-de-lhomme-vaclav-havel-2017-date-butoir-repoussee-copy\/"},"wordCount":384,"commentCount":0,"image":{"@id":"https:\/\/www.soroptimisteurope.org\/fr\/prix-droits-de-lhomme-vaclav-havel-2017-date-butoir-repoussee-copy\/#primaryimage"},"thumbnailUrl":"https:\/\/www.soroptimisteurope.org\/wp-content\/uploads\/2025\/04\/havel1-l-f-3.jpg","articleSection":["News"],"inLanguage":"fr-FR","potentialAction":[{"@type":"CommentAction","name":"Comment","target":["https:\/\/www.soroptimisteurope.org\/fr\/prix-droits-de-lhomme-vaclav-havel-2017-date-butoir-repoussee-copy\/#respond"]}]},{"@type":"WebPage","@id":"https:\/\/www.soroptimisteurope.org\/fr\/prix-droits-de-lhomme-vaclav-havel-2017-date-butoir-repoussee-copy\/","url":"https:\/\/www.soroptimisteurope.org\/fr\/prix-droits-de-lhomme-vaclav-havel-2017-date-butoir-repoussee-copy\/","name":"Prix des Droits de l\u2019Homme V\u00e1clav Havel 2020 - Soroptimist","isPartOf":{"@id":"https:\/\/www.soroptimisteurope.org\/#website"},"primaryImageOfPage":{"@id":"https:\/\/www.soroptimisteurope.org\/fr\/prix-droits-de-lhomme-vaclav-havel-2017-date-butoir-repoussee-copy\/#primaryimage"},"image":{"@id":"https:\/\/www.soroptimisteurope.org\/fr\/prix-droits-de-lhomme-vaclav-havel-2017-date-butoir-repoussee-copy\/#primaryimage"},"thumbnailUrl":"https:\/\/www.soroptimisteurope.org\/wp-content\/uploads\/2025\/04\/havel1-l-f-3.jpg","datePublished":"2020-01-20T15:34:27+00:00","dateModified":"2025-05-13T09:17:15+00:00","author":{"@id":"https:\/\/www.soroptimisteurope.org\/#\/schema\/person\/71cb5ee8dc72773ed419609bf2274619"},"breadcrumb":{"@id":"https:\/\/www.soroptimisteurope.org\/fr\/prix-droits-de-lhomme-vaclav-havel-2017-date-butoir-repoussee-copy\/#breadcrumb"},"inLanguage":"fr-FR","potentialAction":[{"@type":"ReadAction","target":["https:\/\/www.soroptimisteurope.org\/fr\/prix-droits-de-lhomme-vaclav-havel-2017-date-butoir-repoussee-copy\/"]}]},{"@type":"ImageObject","inLanguage":"fr-FR","@id":"https:\/\/www.soroptimisteurope.org\/fr\/prix-droits-de-lhomme-vaclav-havel-2017-date-butoir-repoussee-copy\/#primaryimage","url":"https:\/\/www.soroptimisteurope.org\/wp-content\/uploads\/2025\/04\/havel1-l-f-3.jpg","contentUrl":"https:\/\/www.soroptimisteurope.org\/wp-content\/uploads\/2025\/04\/havel1-l-f-3.jpg","width":550,"height":240},{"@type":"BreadcrumbList","@id":"https:\/\/www.soroptimisteurope.org\/fr\/prix-droits-de-lhomme-vaclav-havel-2017-date-butoir-repoussee-copy\/#breadcrumb","itemListElement":[{"@type":"ListItem","position":1,"name":"Accueil","item":"https:\/\/www.soroptimisteurope.org\/fr\/"},{"@type":"ListItem","position":2,"name":"Prix des Droits de l\u2019Homme V\u00e1clav Havel 2020"}]},{"@type":"WebSite","@id":"https:\/\/www.soroptimisteurope.org\/#website","url":"https:\/\/www.soroptimisteurope.org\/","name":"Soroptimist","description":"","potentialAction":[{"@type":"SearchAction","target":{"@type":"EntryPoint","urlTemplate":"https:\/\/www.soroptimisteurope.org\/?s={search_term_string}"},"query-input":{"@type":"PropertyValueSpecification","valueRequired":true,"valueName":"search_term_string"}}],"inLanguage":"fr-FR"},{"@type":"Person","@id":"https:\/\/www.soroptimisteurope.org\/#\/schema\/person\/71cb5ee8dc72773ed419609bf2274619","name":"Virginie Racine","url":"https:\/\/www.soroptimisteurope.org\/fr\/author\/adminsorop2k21\/"}]}},"_links":{"self":[{"href":"https:\/\/www.soroptimisteurope.org\/fr\/wp-json\/wp\/v2\/posts\/16639","targetHints":{"allow":["GET"]}}],"collection":[{"href":"https:\/\/www.soroptimisteurope.org\/fr\/wp-json\/wp\/v2\/posts"}],"about":[{"href":"https:\/\/www.soroptimisteurope.org\/fr\/wp-json\/wp\/v2\/types\/post"}],"author":[{"embeddable":true,"href":"https:\/\/www.soroptimisteurope.org\/fr\/wp-json\/wp\/v2\/users\/5"}],"replies":[{"embeddable":true,"href":"https:\/\/www.soroptimisteurope.org\/fr\/wp-json\/wp\/v2\/comments?post=16639"}],"version-history":[{"count":4,"href":"https:\/\/www.soroptimisteurope.org\/fr\/wp-json\/wp\/v2\/posts\/16639\/revisions"}],"predecessor-version":[{"id":41661,"href":"https:\/\/www.soroptimisteurope.org\/fr\/wp-json\/wp\/v2\/posts\/16639\/revisions\/41661"}],"wp:featuredmedia":[{"embeddable":true,"href":"https:\/\/www.soroptimisteurope.org\/fr\/wp-json\/wp\/v2\/media\/37291"}],"wp:attachment":[{"href":"https:\/\/www.soroptimisteurope.org\/fr\/wp-json\/wp\/v2\/media?parent=16639"}],"wp:term":[{"taxonomy":"category","embeddable":true,"href":"https:\/\/www.soroptimisteurope.org\/fr\/wp-json\/wp\/v2\/categories?post=16639"},{"taxonomy":"post_tag","embeddable":true,"href":"https:\/\/www.soroptimisteurope.org\/fr\/wp-json\/wp\/v2\/tags?post=16639"}],"curies":[{"name":"wp","href":"https:\/\/api.w.org\/{rel}","templated":true}]}}