{"id":16772,"date":"2020-02-06T06:00:00","date_gmt":"2020-02-06T05:00:00","guid":{"rendered":"http:\/\/www.soroptimisteurope.org\/?p=16772"},"modified":"2025-05-13T11:17:16","modified_gmt":"2025-05-13T09:17:16","slug":"6-fevrier-journee-internationale-de-la-tolerance-zero-a-legard-des-mutilations-genitales","status":"publish","type":"post","link":"https:\/\/www.soroptimisteurope.org\/fr\/6-fevrier-journee-internationale-de-la-tolerance-zero-a-legard-des-mutilations-genitales\/","title":{"rendered":"6 f\u00e9vrier &#8211; Journ\u00e9e internationale de la tol\u00e9rance z\u00e9ro \u00e0 l&rsquo;\u00e9gard des mutilations g\u00e9nitales"},"content":{"rendered":"<p>Les mutilations g\u00e9nitales f\u00e9minines (MGF) sont largement reconnues comme une grave atteinte aux principes relatifs aux droits des femmes et des filles.<\/p>\n<p>&nbsp;<\/p>\n<p>Elles sont toutefois pratiqu\u00e9es depuis des si\u00e8cles au sein de groupes de population d\u2019au moins 29\u00a0pays, principalement en Afrique, en Asie et au Moyen-Orient, et affectent les droits suivants des femmes et des filles de\u00a015 \u00e0 49\u00a0ans\u00a0:<\/p>\n<p>&nbsp;<\/p>\n<ul>\n<li>Les principes d\u2019\u00e9galit\u00e9 et de non-discrimination bas\u00e9e sur le sexe<\/li>\n<li>Le droit \u00e0 ne pas subir de torture ni de punitions cruelles, inhumaines ou d\u00e9gradantes<\/li>\n<li>Le droit \u00e0 la meilleure sant\u00e9 possible<\/li>\n<li>Les droits de l\u2019enfant<\/li>\n<li>Le droit \u00e0 l\u2019int\u00e9grit\u00e9 physique et mentale<\/li>\n<li>Dans certains cas, le droit \u00e0 la vie<\/li>\n<\/ul>\n<p>Compte tenu des pr\u00e9visions de croissance de la population d\u2019ici \u00e0\u00a02050, quasiment une naissance sur trois dans le monde aura lieu dans l\u2019un des 29\u00a0pays o\u00f9 les\u00a0MGF sont pratiqu\u00e9es, ce qui signifie que le nombre de filles et de femmes mutil\u00e9es va augmenter.<\/p>\n<p>&nbsp;<\/p>\n<p>Il est crucial d\u2019en appeler \u00e0 la d\u00e9termination des jeunes et d\u2019investir en eux pour mettre leur modernit\u00e9 et leurs outils au service de l\u2019\u00e9radication des\u00a0MGF.<\/p>\n<p>&nbsp;<\/p>\n<p>Les\u00a0MGF ne peuvent <strong>jamais <\/strong>\u00eatre admises, <strong>ni s\u00fbres <\/strong>dans la vie d\u2019une femme ou d\u2019une fille, comme l\u2019indique clairement la cible\u00a05.3 des Objectifs de d\u00e9veloppement durable (ODD).<\/p>\n<p>&nbsp;<\/p>\n<p>En tant que Soroptimist, nous ouvrons la voie en mati\u00e8re de progr\u00e8s sur cette th\u00e9matique, en alertant \u00e0 son sujet et en faisant valoir que les mutilations g\u00e9nitales f\u00e9minines (MGF) sont inacceptables et dangereuses, et constituent une forme de violence \u00e0 l\u2019\u00e9gard des femmes et des filles.<\/p>\n<p>&nbsp;<\/p>\n<p>Nous d\u00e9fendons l\u2019id\u00e9e que les femmes doivent \u00eatre en bonne sant\u00e9 pour exercer leurs droits \u00e0 la reproduction, pour r\u00e9aliser leur plein potentiel et pour vivre dans un monde sans violence.<\/p>\n<p>&nbsp;<\/p>\n<p>Soroptimist International d\u2019Europe et sa Pr\u00e9sidente, Anna Wszelaczy\u0144ska, participent \u00e0 la strat\u00e9gie globale qui vise \u00e0 continuer \u00e0 prendre toutes les mesures et \u00e0 mener tous les projets n\u00e9cessaires pour que les\u00a0MGF soient consid\u00e9r\u00e9es comme une pratique ill\u00e9gale en vertu du droit p\u00e9nal et du droit relatif aux droits de l\u2019homme, et appellent \u00e0 des mesures de mise en \u0153uvre efficaces.<\/p>\n<p>&nbsp;<\/p>\n<p>Nous prenons bonne note des diff\u00e9rents r\u00e9sultats obtenus dans les 25\u00a0derni\u00e8res ann\u00e9es depuis la D\u00e9claration et le Programme d\u2019action de Beijing, mais nous ne pouvons pas attendre encore 25\u00a0ans de plus pour l\u2019\u00e9galit\u00e9 des sexes.<\/p>\n<p>&nbsp;<\/p>\n<p>Ces pratiques doivent cesser d\u00e8s maintenant.<\/p>\n","protected":false},"excerpt":{"rendered":"<p>\u00ab Lib\u00e9rer le pouvoir de la jeunesse : une d\u00e9cennie d\u2019acc\u00e9l\u00e9ration des efforts pour z\u00e9ro mutilations g\u00e9nitales f\u00e9minines \u00bb<\/p>\n","protected":false},"author":5,"featured_media":37298,"comment_status":"open","ping_status":"open","sticky":false,"template":"","format":"standard","meta":{"_acf_changed":false,"give_campaign_id":0,"footnotes":""},"categories":[106,112],"tags":[78],"class_list":["post-16772","post","type-post","status-publish","format-standard","has-post-thumbnail","hentry","category-news","category-violence-against-women","tag-violence-against-women"],"acf":{"article_photo_de_couverture":false,"article_chapeau":"<p>\u00ab Lib\u00e9rer le pouvoir de la jeunesse : une d\u00e9cennie d\u2019acc\u00e9l\u00e9ration des efforts pour z\u00e9ro mutilations g\u00e9nitales f\u00e9minines \u00bb<\/p>\n","article_contenu":[{"article_titre_du_paragraphe":"","article_paragraphe":"<p>Les mutilations g\u00e9nitales f\u00e9minines (MGF) sont largement reconnues comme une grave atteinte aux principes relatifs aux droits des femmes et des filles.<\/p>\n<p>&nbsp;<\/p>\n<p>Elles sont toutefois pratiqu\u00e9es depuis des si\u00e8cles au sein de groupes de population d\u2019au moins 29\u00a0pays, principalement en Afrique, en Asie et au Moyen-Orient, et affectent les droits suivants des femmes et des filles de\u00a015 \u00e0 49\u00a0ans\u00a0:<\/p>\n<p>&nbsp;<\/p>\n<ul>\n<li>Les principes d\u2019\u00e9galit\u00e9 et de non-discrimination bas\u00e9e sur le sexe<\/li>\n<li>Le droit \u00e0 ne pas subir de torture ni de punitions cruelles, inhumaines ou d\u00e9gradantes<\/li>\n<li>Le droit \u00e0 la meilleure sant\u00e9 possible<\/li>\n<li>Les droits de l\u2019enfant<\/li>\n<li>Le droit \u00e0 l\u2019int\u00e9grit\u00e9 physique et mentale<\/li>\n<li>Dans certains cas, le droit \u00e0 la vie<\/li>\n<\/ul>\n<p>Compte tenu des pr\u00e9visions de croissance de la population d\u2019ici \u00e0\u00a02050, quasiment une naissance sur trois dans le monde aura lieu dans l\u2019un des 29\u00a0pays o\u00f9 les\u00a0MGF sont pratiqu\u00e9es, ce qui signifie que le nombre de filles et de femmes mutil\u00e9es va augmenter.<\/p>\n<p>&nbsp;<\/p>\n<p>Il est crucial d\u2019en appeler \u00e0 la d\u00e9termination des jeunes et d\u2019investir en eux pour mettre leur modernit\u00e9 et leurs outils au service de l\u2019\u00e9radication des\u00a0MGF.<\/p>\n<p>&nbsp;<\/p>\n<p>Les\u00a0MGF ne peuvent <strong>jamais <\/strong>\u00eatre admises, <strong>ni s\u00fbres <\/strong>dans la vie d\u2019une femme ou d\u2019une fille, comme l\u2019indique clairement la cible\u00a05.3 des Objectifs de d\u00e9veloppement durable (ODD).<\/p>\n<p>&nbsp;<\/p>\n<p>En tant que Soroptimist, nous ouvrons la voie en mati\u00e8re de progr\u00e8s sur cette th\u00e9matique, en alertant \u00e0 son sujet et en faisant valoir que les mutilations g\u00e9nitales f\u00e9minines (MGF) sont inacceptables et dangereuses, et constituent une forme de violence \u00e0 l\u2019\u00e9gard des femmes et des filles.<\/p>\n<p>&nbsp;<\/p>\n<p>Nous d\u00e9fendons l\u2019id\u00e9e que les femmes doivent \u00eatre en bonne sant\u00e9 pour exercer leurs droits \u00e0 la reproduction, pour r\u00e9aliser leur plein potentiel et pour vivre dans un monde sans violence.<\/p>\n<p>&nbsp;<\/p>\n<p>Soroptimist International d\u2019Europe et sa Pr\u00e9sidente, Anna Wszelaczy\u0144ska, participent \u00e0 la strat\u00e9gie globale qui vise \u00e0 continuer \u00e0 prendre toutes les mesures et \u00e0 mener tous les projets n\u00e9cessaires pour que les\u00a0MGF soient consid\u00e9r\u00e9es comme une pratique ill\u00e9gale en vertu du droit p\u00e9nal et du droit relatif aux droits de l\u2019homme, et appellent \u00e0 des mesures de mise en \u0153uvre efficaces.<\/p>\n<p>&nbsp;<\/p>\n<p>Nous prenons bonne note des diff\u00e9rents r\u00e9sultats obtenus dans les 25\u00a0derni\u00e8res ann\u00e9es depuis la D\u00e9claration et le Programme d\u2019action de Beijing, mais nous ne pouvons pas attendre encore 25\u00a0ans de plus pour l\u2019\u00e9galit\u00e9 des sexes.<\/p>\n<p>&nbsp;<\/p>\n<p>Ces pratiques doivent cesser d\u00e8s maintenant.<\/p>\n","article_media_image":false,"article_media_video":""}],"article_trombinoscope":false,"article_video":"","article_evenements_sociaux":false,"article_auteur_texte":"<p>Rita Nogueira Ramos, Vice-Pr\u00e9sidente du SIE<\/p>\n","article_nom_contact":"","article_email_contact":"","article_numero_contact":"","article_documents":false,"article_actualites_liees":false},"yoast_head":"<!-- This site is optimized with the Yoast SEO plugin v27.4 - https:\/\/yoast.com\/product\/yoast-seo-wordpress\/ -->\n<title>6 f\u00e9vrier - Journ\u00e9e internationale de la tol\u00e9rance z\u00e9ro \u00e0 l&#039;\u00e9gard des mutilations g\u00e9nitales - Soroptimist<\/title>\n<meta name=\"robots\" content=\"index, follow, max-snippet:-1, max-image-preview:large, max-video-preview:-1\" \/>\n<link rel=\"canonical\" href=\"https:\/\/www.soroptimisteurope.org\/fr\/6-fevrier-journee-internationale-de-la-tolerance-zero-a-legard-des-mutilations-genitales\/\" \/>\n<meta property=\"og:locale\" content=\"fr_FR\" \/>\n<meta property=\"og:type\" content=\"article\" \/>\n<meta property=\"og:title\" content=\"6 f\u00e9vrier - Journ\u00e9e internationale de la tol\u00e9rance z\u00e9ro \u00e0 l&#039;\u00e9gard des mutilations g\u00e9nitales - Soroptimist\" \/>\n<meta property=\"og:description\" content=\"\u00ab Lib\u00e9rer le pouvoir de la jeunesse : une d\u00e9cennie d\u2019acc\u00e9l\u00e9ration des efforts pour z\u00e9ro mutilations g\u00e9nitales f\u00e9minines \u00bb\" \/>\n<meta property=\"og:url\" content=\"https:\/\/www.soroptimisteurope.org\/fr\/6-fevrier-journee-internationale-de-la-tolerance-zero-a-legard-des-mutilations-genitales\/\" \/>\n<meta property=\"og:site_name\" content=\"Soroptimist\" \/>\n<meta property=\"article:published_time\" content=\"2020-02-06T05:00:00+00:00\" \/>\n<meta property=\"article:modified_time\" content=\"2025-05-13T09:17:16+00:00\" \/>\n<meta property=\"og:image\" content=\"https:\/\/www.soroptimisteurope.org\/wp-content\/uploads\/2025\/04\/fgm4-1024x683-1-e1580911734351.jpg\" \/>\n\t<meta property=\"og:image:width\" content=\"1016\" \/>\n\t<meta property=\"og:image:height\" content=\"439\" \/>\n\t<meta property=\"og:image:type\" content=\"image\/jpeg\" \/>\n<meta name=\"author\" content=\"Virginie Racine\" \/>\n<meta name=\"twitter:card\" content=\"summary_large_image\" \/>\n<meta name=\"twitter:label1\" content=\"\u00c9crit par\" \/>\n\t<meta name=\"twitter:data1\" content=\"Virginie Racine\" \/>\n\t<meta name=\"twitter:label2\" content=\"Dur\u00e9e de lecture estim\u00e9e\" \/>\n\t<meta name=\"twitter:data2\" content=\"2 minutes\" \/>\n<script type=\"application\/ld+json\" class=\"yoast-schema-graph\">{\"@context\":\"https:\\\/\\\/schema.org\",\"@graph\":[{\"@type\":\"Article\",\"@id\":\"https:\\\/\\\/www.soroptimisteurope.org\\\/fr\\\/6-fevrier-journee-internationale-de-la-tolerance-zero-a-legard-des-mutilations-genitales\\\/#article\",\"isPartOf\":{\"@id\":\"https:\\\/\\\/www.soroptimisteurope.org\\\/fr\\\/6-fevrier-journee-internationale-de-la-tolerance-zero-a-legard-des-mutilations-genitales\\\/\"},\"author\":{\"name\":\"Virginie Racine\",\"@id\":\"https:\\\/\\\/www.soroptimisteurope.org\\\/#\\\/schema\\\/person\\\/71cb5ee8dc72773ed419609bf2274619\"},\"headline\":\"6 f\u00e9vrier &#8211; Journ\u00e9e internationale de la tol\u00e9rance z\u00e9ro \u00e0 l&rsquo;\u00e9gard des mutilations g\u00e9nitales\",\"datePublished\":\"2020-02-06T05:00:00+00:00\",\"dateModified\":\"2025-05-13T09:17:16+00:00\",\"mainEntityOfPage\":{\"@id\":\"https:\\\/\\\/www.soroptimisteurope.org\\\/fr\\\/6-fevrier-journee-internationale-de-la-tolerance-zero-a-legard-des-mutilations-genitales\\\/\"},\"wordCount\":455,\"commentCount\":0,\"image\":{\"@id\":\"https:\\\/\\\/www.soroptimisteurope.org\\\/fr\\\/6-fevrier-journee-internationale-de-la-tolerance-zero-a-legard-des-mutilations-genitales\\\/#primaryimage\"},\"thumbnailUrl\":\"https:\\\/\\\/www.soroptimisteurope.org\\\/wp-content\\\/uploads\\\/2025\\\/04\\\/fgm4-1024x683-1-e1580911734351.jpg\",\"keywords\":[\"Violence Against Women\"],\"articleSection\":[\"News\",\"Violence Against Women\"],\"inLanguage\":\"fr-FR\",\"potentialAction\":[{\"@type\":\"CommentAction\",\"name\":\"Comment\",\"target\":[\"https:\\\/\\\/www.soroptimisteurope.org\\\/fr\\\/6-fevrier-journee-internationale-de-la-tolerance-zero-a-legard-des-mutilations-genitales\\\/#respond\"]}]},{\"@type\":\"WebPage\",\"@id\":\"https:\\\/\\\/www.soroptimisteurope.org\\\/fr\\\/6-fevrier-journee-internationale-de-la-tolerance-zero-a-legard-des-mutilations-genitales\\\/\",\"url\":\"https:\\\/\\\/www.soroptimisteurope.org\\\/fr\\\/6-fevrier-journee-internationale-de-la-tolerance-zero-a-legard-des-mutilations-genitales\\\/\",\"name\":\"6 f\u00e9vrier - Journ\u00e9e internationale de la tol\u00e9rance z\u00e9ro \u00e0 l'\u00e9gard des mutilations g\u00e9nitales - Soroptimist\",\"isPartOf\":{\"@id\":\"https:\\\/\\\/www.soroptimisteurope.org\\\/#website\"},\"primaryImageOfPage\":{\"@id\":\"https:\\\/\\\/www.soroptimisteurope.org\\\/fr\\\/6-fevrier-journee-internationale-de-la-tolerance-zero-a-legard-des-mutilations-genitales\\\/#primaryimage\"},\"image\":{\"@id\":\"https:\\\/\\\/www.soroptimisteurope.org\\\/fr\\\/6-fevrier-journee-internationale-de-la-tolerance-zero-a-legard-des-mutilations-genitales\\\/#primaryimage\"},\"thumbnailUrl\":\"https:\\\/\\\/www.soroptimisteurope.org\\\/wp-content\\\/uploads\\\/2025\\\/04\\\/fgm4-1024x683-1-e1580911734351.jpg\",\"datePublished\":\"2020-02-06T05:00:00+00:00\",\"dateModified\":\"2025-05-13T09:17:16+00:00\",\"author\":{\"@id\":\"https:\\\/\\\/www.soroptimisteurope.org\\\/#\\\/schema\\\/person\\\/71cb5ee8dc72773ed419609bf2274619\"},\"breadcrumb\":{\"@id\":\"https:\\\/\\\/www.soroptimisteurope.org\\\/fr\\\/6-fevrier-journee-internationale-de-la-tolerance-zero-a-legard-des-mutilations-genitales\\\/#breadcrumb\"},\"inLanguage\":\"fr-FR\",\"potentialAction\":[{\"@type\":\"ReadAction\",\"target\":[\"https:\\\/\\\/www.soroptimisteurope.org\\\/fr\\\/6-fevrier-journee-internationale-de-la-tolerance-zero-a-legard-des-mutilations-genitales\\\/\"]}]},{\"@type\":\"ImageObject\",\"inLanguage\":\"fr-FR\",\"@id\":\"https:\\\/\\\/www.soroptimisteurope.org\\\/fr\\\/6-fevrier-journee-internationale-de-la-tolerance-zero-a-legard-des-mutilations-genitales\\\/#primaryimage\",\"url\":\"https:\\\/\\\/www.soroptimisteurope.org\\\/wp-content\\\/uploads\\\/2025\\\/04\\\/fgm4-1024x683-1-e1580911734351.jpg\",\"contentUrl\":\"https:\\\/\\\/www.soroptimisteurope.org\\\/wp-content\\\/uploads\\\/2025\\\/04\\\/fgm4-1024x683-1-e1580911734351.jpg\",\"width\":1016,\"height\":439},{\"@type\":\"BreadcrumbList\",\"@id\":\"https:\\\/\\\/www.soroptimisteurope.org\\\/fr\\\/6-fevrier-journee-internationale-de-la-tolerance-zero-a-legard-des-mutilations-genitales\\\/#breadcrumb\",\"itemListElement\":[{\"@type\":\"ListItem\",\"position\":1,\"name\":\"Accueil\",\"item\":\"https:\\\/\\\/www.soroptimisteurope.org\\\/fr\\\/\"},{\"@type\":\"ListItem\",\"position\":2,\"name\":\"6 f\u00e9vrier &#8211; Journ\u00e9e internationale de la tol\u00e9rance z\u00e9ro \u00e0 l&#8217;\u00e9gard des mutilations g\u00e9nitales\"}]},{\"@type\":\"WebSite\",\"@id\":\"https:\\\/\\\/www.soroptimisteurope.org\\\/#website\",\"url\":\"https:\\\/\\\/www.soroptimisteurope.org\\\/\",\"name\":\"Soroptimist\",\"description\":\"\",\"potentialAction\":[{\"@type\":\"SearchAction\",\"target\":{\"@type\":\"EntryPoint\",\"urlTemplate\":\"https:\\\/\\\/www.soroptimisteurope.org\\\/?s={search_term_string}\"},\"query-input\":{\"@type\":\"PropertyValueSpecification\",\"valueRequired\":true,\"valueName\":\"search_term_string\"}}],\"inLanguage\":\"fr-FR\"},{\"@type\":\"Person\",\"@id\":\"https:\\\/\\\/www.soroptimisteurope.org\\\/#\\\/schema\\\/person\\\/71cb5ee8dc72773ed419609bf2274619\",\"name\":\"Virginie Racine\",\"url\":\"https:\\\/\\\/www.soroptimisteurope.org\\\/fr\\\/author\\\/adminsorop2k21\\\/\"}]}<\/script>\n<!-- \/ Yoast SEO plugin. -->","yoast_head_json":{"title":"6 f\u00e9vrier - Journ\u00e9e internationale de la tol\u00e9rance z\u00e9ro \u00e0 l'\u00e9gard des mutilations g\u00e9nitales - Soroptimist","robots":{"index":"index","follow":"follow","max-snippet":"max-snippet:-1","max-image-preview":"max-image-preview:large","max-video-preview":"max-video-preview:-1"},"canonical":"https:\/\/www.soroptimisteurope.org\/fr\/6-fevrier-journee-internationale-de-la-tolerance-zero-a-legard-des-mutilations-genitales\/","og_locale":"fr_FR","og_type":"article","og_title":"6 f\u00e9vrier - Journ\u00e9e internationale de la tol\u00e9rance z\u00e9ro \u00e0 l'\u00e9gard des mutilations g\u00e9nitales - Soroptimist","og_description":"\u00ab Lib\u00e9rer le pouvoir de la jeunesse : une d\u00e9cennie d\u2019acc\u00e9l\u00e9ration des efforts pour z\u00e9ro mutilations g\u00e9nitales f\u00e9minines \u00bb","og_url":"https:\/\/www.soroptimisteurope.org\/fr\/6-fevrier-journee-internationale-de-la-tolerance-zero-a-legard-des-mutilations-genitales\/","og_site_name":"Soroptimist","article_published_time":"2020-02-06T05:00:00+00:00","article_modified_time":"2025-05-13T09:17:16+00:00","og_image":[{"width":1016,"height":439,"url":"https:\/\/www.soroptimisteurope.org\/wp-content\/uploads\/2025\/04\/fgm4-1024x683-1-e1580911734351.jpg","type":"image\/jpeg"}],"author":"Virginie Racine","twitter_card":"summary_large_image","twitter_misc":{"\u00c9crit par":"Virginie Racine","Dur\u00e9e de lecture estim\u00e9e":"2 minutes"},"schema":{"@context":"https:\/\/schema.org","@graph":[{"@type":"Article","@id":"https:\/\/www.soroptimisteurope.org\/fr\/6-fevrier-journee-internationale-de-la-tolerance-zero-a-legard-des-mutilations-genitales\/#article","isPartOf":{"@id":"https:\/\/www.soroptimisteurope.org\/fr\/6-fevrier-journee-internationale-de-la-tolerance-zero-a-legard-des-mutilations-genitales\/"},"author":{"name":"Virginie Racine","@id":"https:\/\/www.soroptimisteurope.org\/#\/schema\/person\/71cb5ee8dc72773ed419609bf2274619"},"headline":"6 f\u00e9vrier &#8211; Journ\u00e9e internationale de la tol\u00e9rance z\u00e9ro \u00e0 l&rsquo;\u00e9gard des mutilations g\u00e9nitales","datePublished":"2020-02-06T05:00:00+00:00","dateModified":"2025-05-13T09:17:16+00:00","mainEntityOfPage":{"@id":"https:\/\/www.soroptimisteurope.org\/fr\/6-fevrier-journee-internationale-de-la-tolerance-zero-a-legard-des-mutilations-genitales\/"},"wordCount":455,"commentCount":0,"image":{"@id":"https:\/\/www.soroptimisteurope.org\/fr\/6-fevrier-journee-internationale-de-la-tolerance-zero-a-legard-des-mutilations-genitales\/#primaryimage"},"thumbnailUrl":"https:\/\/www.soroptimisteurope.org\/wp-content\/uploads\/2025\/04\/fgm4-1024x683-1-e1580911734351.jpg","keywords":["Violence Against Women"],"articleSection":["News","Violence Against Women"],"inLanguage":"fr-FR","potentialAction":[{"@type":"CommentAction","name":"Comment","target":["https:\/\/www.soroptimisteurope.org\/fr\/6-fevrier-journee-internationale-de-la-tolerance-zero-a-legard-des-mutilations-genitales\/#respond"]}]},{"@type":"WebPage","@id":"https:\/\/www.soroptimisteurope.org\/fr\/6-fevrier-journee-internationale-de-la-tolerance-zero-a-legard-des-mutilations-genitales\/","url":"https:\/\/www.soroptimisteurope.org\/fr\/6-fevrier-journee-internationale-de-la-tolerance-zero-a-legard-des-mutilations-genitales\/","name":"6 f\u00e9vrier - Journ\u00e9e internationale de la tol\u00e9rance z\u00e9ro \u00e0 l'\u00e9gard des mutilations g\u00e9nitales - Soroptimist","isPartOf":{"@id":"https:\/\/www.soroptimisteurope.org\/#website"},"primaryImageOfPage":{"@id":"https:\/\/www.soroptimisteurope.org\/fr\/6-fevrier-journee-internationale-de-la-tolerance-zero-a-legard-des-mutilations-genitales\/#primaryimage"},"image":{"@id":"https:\/\/www.soroptimisteurope.org\/fr\/6-fevrier-journee-internationale-de-la-tolerance-zero-a-legard-des-mutilations-genitales\/#primaryimage"},"thumbnailUrl":"https:\/\/www.soroptimisteurope.org\/wp-content\/uploads\/2025\/04\/fgm4-1024x683-1-e1580911734351.jpg","datePublished":"2020-02-06T05:00:00+00:00","dateModified":"2025-05-13T09:17:16+00:00","author":{"@id":"https:\/\/www.soroptimisteurope.org\/#\/schema\/person\/71cb5ee8dc72773ed419609bf2274619"},"breadcrumb":{"@id":"https:\/\/www.soroptimisteurope.org\/fr\/6-fevrier-journee-internationale-de-la-tolerance-zero-a-legard-des-mutilations-genitales\/#breadcrumb"},"inLanguage":"fr-FR","potentialAction":[{"@type":"ReadAction","target":["https:\/\/www.soroptimisteurope.org\/fr\/6-fevrier-journee-internationale-de-la-tolerance-zero-a-legard-des-mutilations-genitales\/"]}]},{"@type":"ImageObject","inLanguage":"fr-FR","@id":"https:\/\/www.soroptimisteurope.org\/fr\/6-fevrier-journee-internationale-de-la-tolerance-zero-a-legard-des-mutilations-genitales\/#primaryimage","url":"https:\/\/www.soroptimisteurope.org\/wp-content\/uploads\/2025\/04\/fgm4-1024x683-1-e1580911734351.jpg","contentUrl":"https:\/\/www.soroptimisteurope.org\/wp-content\/uploads\/2025\/04\/fgm4-1024x683-1-e1580911734351.jpg","width":1016,"height":439},{"@type":"BreadcrumbList","@id":"https:\/\/www.soroptimisteurope.org\/fr\/6-fevrier-journee-internationale-de-la-tolerance-zero-a-legard-des-mutilations-genitales\/#breadcrumb","itemListElement":[{"@type":"ListItem","position":1,"name":"Accueil","item":"https:\/\/www.soroptimisteurope.org\/fr\/"},{"@type":"ListItem","position":2,"name":"6 f\u00e9vrier &#8211; Journ\u00e9e internationale de la tol\u00e9rance z\u00e9ro \u00e0 l&#8217;\u00e9gard des mutilations g\u00e9nitales"}]},{"@type":"WebSite","@id":"https:\/\/www.soroptimisteurope.org\/#website","url":"https:\/\/www.soroptimisteurope.org\/","name":"Soroptimist","description":"","potentialAction":[{"@type":"SearchAction","target":{"@type":"EntryPoint","urlTemplate":"https:\/\/www.soroptimisteurope.org\/?s={search_term_string}"},"query-input":{"@type":"PropertyValueSpecification","valueRequired":true,"valueName":"search_term_string"}}],"inLanguage":"fr-FR"},{"@type":"Person","@id":"https:\/\/www.soroptimisteurope.org\/#\/schema\/person\/71cb5ee8dc72773ed419609bf2274619","name":"Virginie Racine","url":"https:\/\/www.soroptimisteurope.org\/fr\/author\/adminsorop2k21\/"}]}},"_links":{"self":[{"href":"https:\/\/www.soroptimisteurope.org\/fr\/wp-json\/wp\/v2\/posts\/16772","targetHints":{"allow":["GET"]}}],"collection":[{"href":"https:\/\/www.soroptimisteurope.org\/fr\/wp-json\/wp\/v2\/posts"}],"about":[{"href":"https:\/\/www.soroptimisteurope.org\/fr\/wp-json\/wp\/v2\/types\/post"}],"author":[{"embeddable":true,"href":"https:\/\/www.soroptimisteurope.org\/fr\/wp-json\/wp\/v2\/users\/5"}],"replies":[{"embeddable":true,"href":"https:\/\/www.soroptimisteurope.org\/fr\/wp-json\/wp\/v2\/comments?post=16772"}],"version-history":[{"count":2,"href":"https:\/\/www.soroptimisteurope.org\/fr\/wp-json\/wp\/v2\/posts\/16772\/revisions"}],"predecessor-version":[{"id":33949,"href":"https:\/\/www.soroptimisteurope.org\/fr\/wp-json\/wp\/v2\/posts\/16772\/revisions\/33949"}],"wp:featuredmedia":[{"embeddable":true,"href":"https:\/\/www.soroptimisteurope.org\/fr\/wp-json\/wp\/v2\/media\/37298"}],"wp:attachment":[{"href":"https:\/\/www.soroptimisteurope.org\/fr\/wp-json\/wp\/v2\/media?parent=16772"}],"wp:term":[{"taxonomy":"category","embeddable":true,"href":"https:\/\/www.soroptimisteurope.org\/fr\/wp-json\/wp\/v2\/categories?post=16772"},{"taxonomy":"post_tag","embeddable":true,"href":"https:\/\/www.soroptimisteurope.org\/fr\/wp-json\/wp\/v2\/tags?post=16772"}],"curies":[{"name":"wp","href":"https:\/\/api.w.org\/{rel}","templated":true}]}}