{"id":17018,"date":"2020-02-28T15:16:49","date_gmt":"2020-02-28T14:16:49","guid":{"rendered":"http:\/\/www.soroptimisteurope.org\/?p=17018"},"modified":"2025-05-13T11:17:17","modified_gmt":"2025-05-13T09:17:17","slug":"enregistrez-vous-a-la-reunion-des-gouverneures-2020","status":"publish","type":"post","link":"https:\/\/www.soroptimisteurope.org\/fr\/enregistrez-vous-a-la-reunion-des-gouverneures-2020\/","title":{"rendered":"Enregistrez-vous \u00e0 la R\u00e9union des Gouverneures 2020 !"},"content":{"rendered":"<p>Le moment est venu\u00a0 de vous enregistrer \u00e0 la R\u00e9union des Gouverneures 2020, qui se tiendra \u00e0 Prague, en R\u00e9publique tch\u00e8que, du 26 au 28 juin 2020\u00a0!<\/p>\n<p>&nbsp;<\/p>\n<p>La R\u00e9union des Gouverneures aura lieu au <a href=\"https:\/\/www.viennahouse.com\/en\/diplomat-prague\/the-hotel\/overview.html\">Vienna House Diplomat Prague<\/a>.<\/p>\n<p>&nbsp;<\/p>\n<p>Le format de la R\u00e9union des Gouverneures sera l\u00e9g\u00e8rement diff\u00e9rent cette ann\u00e9e, la r\u00e9union elle-m\u00eame commen\u00e7ant d\u00e8s le vendredi 26 dans apr\u00e8s-midi. Des discussions et des ateliers auront \u00e9galement lieu, ainsi que le d\u00eener de la F\u00e9d\u00e9ration.<\/p>\n<p>&nbsp;<\/p>\n<p>Rendez-vous sur <strong><a href=\"https:\/\/www.governorsmeeting2020.com\/?lang=fr\">Governorsmeeting2020.com<\/a><\/strong> pour plus d\u2019informations.<\/p>\n<p>&nbsp;<\/p>\n<p>&nbsp;<\/p>\n<p>N\u2019oubliez pas d\u2019organiser votre h\u00e9bergement. Un nombre limit\u00e9 de chambres a \u00e9t\u00e9 r\u00e9serv\u00e9 pour les r\u00e9servations anticip\u00e9es au:<\/p>\n<p>&nbsp;<\/p>\n<p style=\"text-align: center;\"><em> Vienna House Diplomat Prague, Evropska 15, 16041 Prague<\/em><\/p>\n<p>&nbsp;<\/p>\n<p>Veuillez vous r\u00e9f\u00e9rer au site web <strong><a href=\"https:\/\/www.governorsmeeting2020.com\/?lang=fr\">Governorsmeeting2020.com<\/a><\/strong> pour r\u00e9server votre chambre.<\/p>\n<p>&nbsp;<\/p>\n<p><strong>Vous pouvez vous inscrire \u00e0 l\u2019\u00e9v\u00e8nement en utilisant le lien ci-dessous jusqu\u2019au <u>dimanche 12 avril<\/u>.<\/strong><\/p>\n<p>&nbsp;<\/p>\n<p><strong>\u00a0<\/strong><\/p>\n<p><strong><u><a href=\"https:\/\/www.xing-events.com\/LKYFAPQ\">CLIQUEZ ICI POUR VOUS ENREGISTRER\u00a0!<\/a> <\/u><\/strong><\/p>\n<p>&nbsp;<\/p>\n<p>Veuillez contacter <a href=\"https:\/\/fr.xing-events.com\/aide\/aide-pour-les-participants\/\">Xing events<\/a> si vous avez besoin d\u2019un support technique concernant l\u2019inscription.<\/p>\n<p>&nbsp;<\/p>\n<p>Veuillez trouver ci-joint\u00a0:<\/p>\n<p>&nbsp;<\/p>\n<ul>\n<li><strong><a href=\"https:\/\/extranet.soroptimisteurope.org\/sieextranet\/pages\/public\/download.jsf?id=8220f88c-92a4-41d4-81e9-cbb6b1952c5a\">L\u2019invitation de la Pr\u00e9sidente du SIE Anna Wszelaczy\u0144ska \u00e0 la R\u00e9union des Gouverneures<\/a><\/strong><\/li>\n<li><strong><a href=\"https:\/\/extranet.soroptimisteurope.org\/sieextranet\/pages\/public\/download.jsf?id=7226b15a-415d-46d5-8b4b-21b961ed6b29\">Une version pr\u00e9liminaire du Programme<\/a><\/strong><\/li>\n<li><strong><a href=\"https:\/\/extranet.soroptimisteurope.org\/sieextranet\/pages\/public\/download.jsf?id=eed950c6-eef7-4fc0-9e8b-1198c7f3ea65\">Un Ordre du jour provisoire<\/a><\/strong><\/li>\n<\/ul>\n<p>&nbsp;<\/p>\n<p>Nous nous r\u00e9jouissons de vous retrouver \u00e0 Prague\u00a0!<\/p>\n<p>&nbsp;<\/p>\n<p>Meilleures salutations,<\/p>\n<p>Le SEP<\/p>\n","protected":false},"excerpt":{"rendered":"<p>Le moment est venu\u00a0 de vous enregistrer \u00e0 la R\u00e9union des Gouverneures 2020, qui se tiendra \u00e0 Prague, en R\u00e9publique tch\u00e8que, du 26 au 28 juin 2020\u00a0! &nbsp; La R\u00e9union [&hellip;]<\/p>\n","protected":false},"author":5,"featured_media":37327,"comment_status":"open","ping_status":"open","sticky":false,"template":"","format":"standard","meta":{"_acf_changed":false,"give_campaign_id":0,"footnotes":""},"categories":[106],"tags":[],"class_list":["post-17018","post","type-post","status-publish","format-standard","has-post-thumbnail","hentry","category-news"],"acf":{"article_photo_de_couverture":{"ID":17009,"id":17009,"title":"Scenic spring sunset aerial view of the Old Town pier architecture and Charles Bridge over Vltava river in Prague, Czech Republic","filename":"istock-978526094.jpg","filesize":9745834,"url":"https:\/\/www.soroptimisteurope.org\/wp-content\/uploads\/2020\/02\/istock-978526094.jpg","link":"https:\/\/www.soroptimisteurope.org\/fr\/scenic-spring-sunset-aerial-view-of-the-old-town-pier-architecture-and-charles-bridge-over-vltava-river-in-prague-czech-republic-2-2-4\/","alt":"","author":"3","description":"","caption":"Scenic spring sunset aerial view of the Old Town pier architecture and Charles Bridge over Vltava river in Prague, Czech Republic","name":"scenic-spring-sunset-aerial-view-of-the-old-town-pier-architecture-and-charles-bridge-over-vltava-river-in-prague-czech-republic-2-2-4","status":"inherit","uploaded_to":0,"date":"2020-02-28 12:39:47","modified":"2020-02-28 12:58:53","menu_order":0,"mime_type":"image\/jpeg","type":"image","subtype":"jpeg","icon":"https:\/\/www.soroptimisteurope.org\/wp-content\/plugins\/media-library-assistant\/images\/crystal\/image.png","width":2560,"height":871,"sizes":{"thumbnail":"https:\/\/www.soroptimisteurope.org\/wp-content\/uploads\/2020\/02\/istock-978526094-150x150.jpg","thumbnail-width":150,"thumbnail-height":150,"medium":"https:\/\/www.soroptimisteurope.org\/wp-content\/uploads\/2020\/02\/istock-978526094-300x102.jpg","medium-width":300,"medium-height":102,"medium_large":"https:\/\/www.soroptimisteurope.org\/wp-content\/uploads\/2020\/02\/istock-978526094-768x261.jpg","medium_large-width":768,"medium_large-height":261,"large":"https:\/\/www.soroptimisteurope.org\/wp-content\/uploads\/2020\/02\/istock-978526094-1024x348.jpg","large-width":800,"large-height":272,"1536x1536":"https:\/\/www.soroptimisteurope.org\/wp-content\/uploads\/2020\/02\/istock-978526094-1536x523.jpg","1536x1536-width":1536,"1536x1536-height":523,"2048x2048":"https:\/\/www.soroptimisteurope.org\/wp-content\/uploads\/2020\/02\/istock-978526094-2048x697.jpg","2048x2048-width":2048,"2048x2048-height":697}},"article_chapeau":"","article_contenu":[{"article_titre_du_paragraphe":"","article_paragraphe":"<p>Le moment est venu\u00a0 de vous enregistrer \u00e0 la R\u00e9union des Gouverneures 2020, qui se tiendra \u00e0 Prague, en R\u00e9publique tch\u00e8que, du 26 au 28 juin 2020\u00a0!<\/p>\n<p>&nbsp;<\/p>\n<p>La R\u00e9union des Gouverneures aura lieu au <a href=\"https:\/\/www.viennahouse.com\/en\/diplomat-prague\/the-hotel\/overview.html\">Vienna House Diplomat Prague<\/a>.<\/p>\n<p>&nbsp;<\/p>\n<p>Le format de la R\u00e9union des Gouverneures sera l\u00e9g\u00e8rement diff\u00e9rent cette ann\u00e9e, la r\u00e9union elle-m\u00eame commen\u00e7ant d\u00e8s le vendredi 26 dans apr\u00e8s-midi. Des discussions et des ateliers auront \u00e9galement lieu, ainsi que le d\u00eener de la F\u00e9d\u00e9ration.<\/p>\n<p>&nbsp;<\/p>\n<p>Rendez-vous sur <strong><a href=\"https:\/\/www.governorsmeeting2020.com\/?lang=fr\">Governorsmeeting2020.com<\/a><\/strong> pour plus d\u2019informations.<\/p>\n<p>&nbsp;<\/p>\n<p>&nbsp;<\/p>\n<p>N\u2019oubliez pas d\u2019organiser votre h\u00e9bergement. Un nombre limit\u00e9 de chambres a \u00e9t\u00e9 r\u00e9serv\u00e9 pour les r\u00e9servations anticip\u00e9es au:<\/p>\n<p>&nbsp;<\/p>\n<p style=\"text-align: center;\"><em> Vienna House Diplomat Prague, Evropska 15, 16041 Prague<\/em><\/p>\n<p>&nbsp;<\/p>\n<p>Veuillez vous r\u00e9f\u00e9rer au site web <strong><a href=\"https:\/\/www.governorsmeeting2020.com\/?lang=fr\">Governorsmeeting2020.com<\/a><\/strong> pour r\u00e9server votre chambre.<\/p>\n<p>&nbsp;<\/p>\n<p><strong>Vous pouvez vous inscrire \u00e0 l\u2019\u00e9v\u00e8nement en utilisant le lien ci-dessous jusqu\u2019au <u>dimanche 12 avril<\/u>.<\/strong><\/p>\n<p>&nbsp;<\/p>\n<p><strong>\u00a0<\/strong><\/p>\n<p><strong><u><a href=\"https:\/\/www.xing-events.com\/LKYFAPQ\">CLIQUEZ ICI POUR VOUS ENREGISTRER\u00a0!<\/a> <\/u><\/strong><\/p>\n<p>&nbsp;<\/p>\n<p>Veuillez contacter <a href=\"https:\/\/fr.xing-events.com\/aide\/aide-pour-les-participants\/\">Xing events<\/a> si vous avez besoin d\u2019un support technique concernant l\u2019inscription.<\/p>\n<p>&nbsp;<\/p>\n<p>Veuillez trouver ci-joint\u00a0:<\/p>\n<p>&nbsp;<\/p>\n<ul>\n<li><strong><a href=\"https:\/\/extranet.soroptimisteurope.org\/sieextranet\/pages\/public\/download.jsf?id=8220f88c-92a4-41d4-81e9-cbb6b1952c5a\">L\u2019invitation de la Pr\u00e9sidente du SIE Anna Wszelaczy\u0144ska \u00e0 la R\u00e9union des Gouverneures<\/a><\/strong><\/li>\n<li><strong><a href=\"https:\/\/extranet.soroptimisteurope.org\/sieextranet\/pages\/public\/download.jsf?id=7226b15a-415d-46d5-8b4b-21b961ed6b29\">Une version pr\u00e9liminaire du Programme<\/a><\/strong><\/li>\n<li><strong><a href=\"https:\/\/extranet.soroptimisteurope.org\/sieextranet\/pages\/public\/download.jsf?id=eed950c6-eef7-4fc0-9e8b-1198c7f3ea65\">Un Ordre du jour provisoire<\/a><\/strong><\/li>\n<\/ul>\n<p>&nbsp;<\/p>\n<p>Nous nous r\u00e9jouissons de vous retrouver \u00e0 Prague\u00a0!<\/p>\n<p>&nbsp;<\/p>\n<p>Meilleures salutations,<\/p>\n<p>Le SEP<\/p>\n","article_media_image":false,"article_media_video":""}],"article_trombinoscope":false,"article_video":"","article_evenements_sociaux":false,"article_auteur_texte":"","article_nom_contact":"","article_email_contact":"","article_numero_contact":"","article_documents":false,"article_actualites_liees":false},"yoast_head":"<!-- This site is optimized with the Yoast SEO plugin v27.4 - https:\/\/yoast.com\/product\/yoast-seo-wordpress\/ -->\n<title>Enregistrez-vous \u00e0 la R\u00e9union des Gouverneures 2020 ! - Soroptimist<\/title>\n<meta name=\"robots\" content=\"index, follow, max-snippet:-1, max-image-preview:large, max-video-preview:-1\" \/>\n<link rel=\"canonical\" href=\"https:\/\/www.soroptimisteurope.org\/fr\/enregistrez-vous-a-la-reunion-des-gouverneures-2020\/\" \/>\n<meta property=\"og:locale\" content=\"fr_FR\" \/>\n<meta property=\"og:type\" content=\"article\" \/>\n<meta property=\"og:title\" content=\"Enregistrez-vous \u00e0 la R\u00e9union des Gouverneures 2020 ! - Soroptimist\" \/>\n<meta property=\"og:description\" content=\"Le moment est venu\u00a0 de vous enregistrer \u00e0 la R\u00e9union des Gouverneures 2020, qui se tiendra \u00e0 Prague, en R\u00e9publique tch\u00e8que, du 26 au 28 juin 2020\u00a0! &nbsp; La R\u00e9union [&hellip;]\" \/>\n<meta property=\"og:url\" content=\"https:\/\/www.soroptimisteurope.org\/fr\/enregistrez-vous-a-la-reunion-des-gouverneures-2020\/\" \/>\n<meta property=\"og:site_name\" content=\"Soroptimist\" \/>\n<meta property=\"article:published_time\" content=\"2020-02-28T14:16:49+00:00\" \/>\n<meta property=\"article:modified_time\" content=\"2025-05-13T09:17:17+00:00\" \/>\n<meta property=\"og:image\" content=\"https:\/\/www.soroptimisteurope.org\/wp-content\/uploads\/2025\/04\/istock-978526094-scaled.jpg\" \/>\n\t<meta property=\"og:image:width\" content=\"2560\" \/>\n\t<meta property=\"og:image:height\" content=\"871\" \/>\n\t<meta property=\"og:image:type\" content=\"image\/jpeg\" \/>\n<meta name=\"author\" content=\"Virginie Racine\" \/>\n<meta name=\"twitter:card\" content=\"summary_large_image\" \/>\n<meta name=\"twitter:label1\" content=\"\u00c9crit par\" \/>\n\t<meta name=\"twitter:data1\" content=\"Virginie Racine\" \/>\n\t<meta name=\"twitter:label2\" content=\"Dur\u00e9e de lecture estim\u00e9e\" \/>\n\t<meta name=\"twitter:data2\" content=\"1 minute\" \/>\n<script type=\"application\/ld+json\" class=\"yoast-schema-graph\">{\"@context\":\"https:\\\/\\\/schema.org\",\"@graph\":[{\"@type\":\"Article\",\"@id\":\"https:\\\/\\\/www.soroptimisteurope.org\\\/fr\\\/enregistrez-vous-a-la-reunion-des-gouverneures-2020\\\/#article\",\"isPartOf\":{\"@id\":\"https:\\\/\\\/www.soroptimisteurope.org\\\/fr\\\/enregistrez-vous-a-la-reunion-des-gouverneures-2020\\\/\"},\"author\":{\"name\":\"Virginie Racine\",\"@id\":\"https:\\\/\\\/www.soroptimisteurope.org\\\/#\\\/schema\\\/person\\\/71cb5ee8dc72773ed419609bf2274619\"},\"headline\":\"Enregistrez-vous \u00e0 la R\u00e9union des Gouverneures 2020 !\",\"datePublished\":\"2020-02-28T14:16:49+00:00\",\"dateModified\":\"2025-05-13T09:17:17+00:00\",\"mainEntityOfPage\":{\"@id\":\"https:\\\/\\\/www.soroptimisteurope.org\\\/fr\\\/enregistrez-vous-a-la-reunion-des-gouverneures-2020\\\/\"},\"wordCount\":236,\"commentCount\":0,\"image\":{\"@id\":\"https:\\\/\\\/www.soroptimisteurope.org\\\/fr\\\/enregistrez-vous-a-la-reunion-des-gouverneures-2020\\\/#primaryimage\"},\"thumbnailUrl\":\"https:\\\/\\\/www.soroptimisteurope.org\\\/wp-content\\\/uploads\\\/2025\\\/04\\\/istock-978526094-scaled.jpg\",\"articleSection\":[\"News\"],\"inLanguage\":\"fr-FR\",\"potentialAction\":[{\"@type\":\"CommentAction\",\"name\":\"Comment\",\"target\":[\"https:\\\/\\\/www.soroptimisteurope.org\\\/fr\\\/enregistrez-vous-a-la-reunion-des-gouverneures-2020\\\/#respond\"]}]},{\"@type\":\"WebPage\",\"@id\":\"https:\\\/\\\/www.soroptimisteurope.org\\\/fr\\\/enregistrez-vous-a-la-reunion-des-gouverneures-2020\\\/\",\"url\":\"https:\\\/\\\/www.soroptimisteurope.org\\\/fr\\\/enregistrez-vous-a-la-reunion-des-gouverneures-2020\\\/\",\"name\":\"Enregistrez-vous \u00e0 la R\u00e9union des Gouverneures 2020 ! - Soroptimist\",\"isPartOf\":{\"@id\":\"https:\\\/\\\/www.soroptimisteurope.org\\\/#website\"},\"primaryImageOfPage\":{\"@id\":\"https:\\\/\\\/www.soroptimisteurope.org\\\/fr\\\/enregistrez-vous-a-la-reunion-des-gouverneures-2020\\\/#primaryimage\"},\"image\":{\"@id\":\"https:\\\/\\\/www.soroptimisteurope.org\\\/fr\\\/enregistrez-vous-a-la-reunion-des-gouverneures-2020\\\/#primaryimage\"},\"thumbnailUrl\":\"https:\\\/\\\/www.soroptimisteurope.org\\\/wp-content\\\/uploads\\\/2025\\\/04\\\/istock-978526094-scaled.jpg\",\"datePublished\":\"2020-02-28T14:16:49+00:00\",\"dateModified\":\"2025-05-13T09:17:17+00:00\",\"author\":{\"@id\":\"https:\\\/\\\/www.soroptimisteurope.org\\\/#\\\/schema\\\/person\\\/71cb5ee8dc72773ed419609bf2274619\"},\"breadcrumb\":{\"@id\":\"https:\\\/\\\/www.soroptimisteurope.org\\\/fr\\\/enregistrez-vous-a-la-reunion-des-gouverneures-2020\\\/#breadcrumb\"},\"inLanguage\":\"fr-FR\",\"potentialAction\":[{\"@type\":\"ReadAction\",\"target\":[\"https:\\\/\\\/www.soroptimisteurope.org\\\/fr\\\/enregistrez-vous-a-la-reunion-des-gouverneures-2020\\\/\"]}]},{\"@type\":\"ImageObject\",\"inLanguage\":\"fr-FR\",\"@id\":\"https:\\\/\\\/www.soroptimisteurope.org\\\/fr\\\/enregistrez-vous-a-la-reunion-des-gouverneures-2020\\\/#primaryimage\",\"url\":\"https:\\\/\\\/www.soroptimisteurope.org\\\/wp-content\\\/uploads\\\/2025\\\/04\\\/istock-978526094-scaled.jpg\",\"contentUrl\":\"https:\\\/\\\/www.soroptimisteurope.org\\\/wp-content\\\/uploads\\\/2025\\\/04\\\/istock-978526094-scaled.jpg\",\"width\":2560,\"height\":871},{\"@type\":\"BreadcrumbList\",\"@id\":\"https:\\\/\\\/www.soroptimisteurope.org\\\/fr\\\/enregistrez-vous-a-la-reunion-des-gouverneures-2020\\\/#breadcrumb\",\"itemListElement\":[{\"@type\":\"ListItem\",\"position\":1,\"name\":\"Accueil\",\"item\":\"https:\\\/\\\/www.soroptimisteurope.org\\\/fr\\\/\"},{\"@type\":\"ListItem\",\"position\":2,\"name\":\"Enregistrez-vous \u00e0 la R\u00e9union des Gouverneures 2020 !\"}]},{\"@type\":\"WebSite\",\"@id\":\"https:\\\/\\\/www.soroptimisteurope.org\\\/#website\",\"url\":\"https:\\\/\\\/www.soroptimisteurope.org\\\/\",\"name\":\"Soroptimist\",\"description\":\"\",\"potentialAction\":[{\"@type\":\"SearchAction\",\"target\":{\"@type\":\"EntryPoint\",\"urlTemplate\":\"https:\\\/\\\/www.soroptimisteurope.org\\\/?s={search_term_string}\"},\"query-input\":{\"@type\":\"PropertyValueSpecification\",\"valueRequired\":true,\"valueName\":\"search_term_string\"}}],\"inLanguage\":\"fr-FR\"},{\"@type\":\"Person\",\"@id\":\"https:\\\/\\\/www.soroptimisteurope.org\\\/#\\\/schema\\\/person\\\/71cb5ee8dc72773ed419609bf2274619\",\"name\":\"Virginie Racine\",\"url\":\"https:\\\/\\\/www.soroptimisteurope.org\\\/fr\\\/author\\\/adminsorop2k21\\\/\"}]}<\/script>\n<!-- \/ Yoast SEO plugin. -->","yoast_head_json":{"title":"Enregistrez-vous \u00e0 la R\u00e9union des Gouverneures 2020 ! - Soroptimist","robots":{"index":"index","follow":"follow","max-snippet":"max-snippet:-1","max-image-preview":"max-image-preview:large","max-video-preview":"max-video-preview:-1"},"canonical":"https:\/\/www.soroptimisteurope.org\/fr\/enregistrez-vous-a-la-reunion-des-gouverneures-2020\/","og_locale":"fr_FR","og_type":"article","og_title":"Enregistrez-vous \u00e0 la R\u00e9union des Gouverneures 2020 ! - Soroptimist","og_description":"Le moment est venu\u00a0 de vous enregistrer \u00e0 la R\u00e9union des Gouverneures 2020, qui se tiendra \u00e0 Prague, en R\u00e9publique tch\u00e8que, du 26 au 28 juin 2020\u00a0! &nbsp; La R\u00e9union [&hellip;]","og_url":"https:\/\/www.soroptimisteurope.org\/fr\/enregistrez-vous-a-la-reunion-des-gouverneures-2020\/","og_site_name":"Soroptimist","article_published_time":"2020-02-28T14:16:49+00:00","article_modified_time":"2025-05-13T09:17:17+00:00","og_image":[{"width":2560,"height":871,"url":"https:\/\/www.soroptimisteurope.org\/wp-content\/uploads\/2025\/04\/istock-978526094-scaled.jpg","type":"image\/jpeg"}],"author":"Virginie Racine","twitter_card":"summary_large_image","twitter_misc":{"\u00c9crit par":"Virginie Racine","Dur\u00e9e de lecture estim\u00e9e":"1 minute"},"schema":{"@context":"https:\/\/schema.org","@graph":[{"@type":"Article","@id":"https:\/\/www.soroptimisteurope.org\/fr\/enregistrez-vous-a-la-reunion-des-gouverneures-2020\/#article","isPartOf":{"@id":"https:\/\/www.soroptimisteurope.org\/fr\/enregistrez-vous-a-la-reunion-des-gouverneures-2020\/"},"author":{"name":"Virginie Racine","@id":"https:\/\/www.soroptimisteurope.org\/#\/schema\/person\/71cb5ee8dc72773ed419609bf2274619"},"headline":"Enregistrez-vous \u00e0 la R\u00e9union des Gouverneures 2020 !","datePublished":"2020-02-28T14:16:49+00:00","dateModified":"2025-05-13T09:17:17+00:00","mainEntityOfPage":{"@id":"https:\/\/www.soroptimisteurope.org\/fr\/enregistrez-vous-a-la-reunion-des-gouverneures-2020\/"},"wordCount":236,"commentCount":0,"image":{"@id":"https:\/\/www.soroptimisteurope.org\/fr\/enregistrez-vous-a-la-reunion-des-gouverneures-2020\/#primaryimage"},"thumbnailUrl":"https:\/\/www.soroptimisteurope.org\/wp-content\/uploads\/2025\/04\/istock-978526094-scaled.jpg","articleSection":["News"],"inLanguage":"fr-FR","potentialAction":[{"@type":"CommentAction","name":"Comment","target":["https:\/\/www.soroptimisteurope.org\/fr\/enregistrez-vous-a-la-reunion-des-gouverneures-2020\/#respond"]}]},{"@type":"WebPage","@id":"https:\/\/www.soroptimisteurope.org\/fr\/enregistrez-vous-a-la-reunion-des-gouverneures-2020\/","url":"https:\/\/www.soroptimisteurope.org\/fr\/enregistrez-vous-a-la-reunion-des-gouverneures-2020\/","name":"Enregistrez-vous \u00e0 la R\u00e9union des Gouverneures 2020 ! - Soroptimist","isPartOf":{"@id":"https:\/\/www.soroptimisteurope.org\/#website"},"primaryImageOfPage":{"@id":"https:\/\/www.soroptimisteurope.org\/fr\/enregistrez-vous-a-la-reunion-des-gouverneures-2020\/#primaryimage"},"image":{"@id":"https:\/\/www.soroptimisteurope.org\/fr\/enregistrez-vous-a-la-reunion-des-gouverneures-2020\/#primaryimage"},"thumbnailUrl":"https:\/\/www.soroptimisteurope.org\/wp-content\/uploads\/2025\/04\/istock-978526094-scaled.jpg","datePublished":"2020-02-28T14:16:49+00:00","dateModified":"2025-05-13T09:17:17+00:00","author":{"@id":"https:\/\/www.soroptimisteurope.org\/#\/schema\/person\/71cb5ee8dc72773ed419609bf2274619"},"breadcrumb":{"@id":"https:\/\/www.soroptimisteurope.org\/fr\/enregistrez-vous-a-la-reunion-des-gouverneures-2020\/#breadcrumb"},"inLanguage":"fr-FR","potentialAction":[{"@type":"ReadAction","target":["https:\/\/www.soroptimisteurope.org\/fr\/enregistrez-vous-a-la-reunion-des-gouverneures-2020\/"]}]},{"@type":"ImageObject","inLanguage":"fr-FR","@id":"https:\/\/www.soroptimisteurope.org\/fr\/enregistrez-vous-a-la-reunion-des-gouverneures-2020\/#primaryimage","url":"https:\/\/www.soroptimisteurope.org\/wp-content\/uploads\/2025\/04\/istock-978526094-scaled.jpg","contentUrl":"https:\/\/www.soroptimisteurope.org\/wp-content\/uploads\/2025\/04\/istock-978526094-scaled.jpg","width":2560,"height":871},{"@type":"BreadcrumbList","@id":"https:\/\/www.soroptimisteurope.org\/fr\/enregistrez-vous-a-la-reunion-des-gouverneures-2020\/#breadcrumb","itemListElement":[{"@type":"ListItem","position":1,"name":"Accueil","item":"https:\/\/www.soroptimisteurope.org\/fr\/"},{"@type":"ListItem","position":2,"name":"Enregistrez-vous \u00e0 la R\u00e9union des Gouverneures 2020 !"}]},{"@type":"WebSite","@id":"https:\/\/www.soroptimisteurope.org\/#website","url":"https:\/\/www.soroptimisteurope.org\/","name":"Soroptimist","description":"","potentialAction":[{"@type":"SearchAction","target":{"@type":"EntryPoint","urlTemplate":"https:\/\/www.soroptimisteurope.org\/?s={search_term_string}"},"query-input":{"@type":"PropertyValueSpecification","valueRequired":true,"valueName":"search_term_string"}}],"inLanguage":"fr-FR"},{"@type":"Person","@id":"https:\/\/www.soroptimisteurope.org\/#\/schema\/person\/71cb5ee8dc72773ed419609bf2274619","name":"Virginie Racine","url":"https:\/\/www.soroptimisteurope.org\/fr\/author\/adminsorop2k21\/"}]}},"_links":{"self":[{"href":"https:\/\/www.soroptimisteurope.org\/fr\/wp-json\/wp\/v2\/posts\/17018","targetHints":{"allow":["GET"]}}],"collection":[{"href":"https:\/\/www.soroptimisteurope.org\/fr\/wp-json\/wp\/v2\/posts"}],"about":[{"href":"https:\/\/www.soroptimisteurope.org\/fr\/wp-json\/wp\/v2\/types\/post"}],"author":[{"embeddable":true,"href":"https:\/\/www.soroptimisteurope.org\/fr\/wp-json\/wp\/v2\/users\/5"}],"replies":[{"embeddable":true,"href":"https:\/\/www.soroptimisteurope.org\/fr\/wp-json\/wp\/v2\/comments?post=17018"}],"version-history":[{"count":3,"href":"https:\/\/www.soroptimisteurope.org\/fr\/wp-json\/wp\/v2\/posts\/17018\/revisions"}],"predecessor-version":[{"id":35113,"href":"https:\/\/www.soroptimisteurope.org\/fr\/wp-json\/wp\/v2\/posts\/17018\/revisions\/35113"}],"wp:featuredmedia":[{"embeddable":true,"href":"https:\/\/www.soroptimisteurope.org\/fr\/wp-json\/wp\/v2\/media\/37327"}],"wp:attachment":[{"href":"https:\/\/www.soroptimisteurope.org\/fr\/wp-json\/wp\/v2\/media?parent=17018"}],"wp:term":[{"taxonomy":"category","embeddable":true,"href":"https:\/\/www.soroptimisteurope.org\/fr\/wp-json\/wp\/v2\/categories?post=17018"},{"taxonomy":"post_tag","embeddable":true,"href":"https:\/\/www.soroptimisteurope.org\/fr\/wp-json\/wp\/v2\/tags?post=17018"}],"curies":[{"name":"wp","href":"https:\/\/api.w.org\/{rel}","templated":true}]}}