{"id":17051,"date":"2020-03-04T11:49:10","date_gmt":"2020-03-04T10:49:10","guid":{"rendered":"http:\/\/www.soroptimisteurope.org\/?p=17051"},"modified":"2025-05-13T11:17:17","modified_gmt":"2025-05-13T09:17:17","slug":"journee-internationale-des-femmes-2020","status":"publish","type":"post","link":"https:\/\/www.soroptimisteurope.org\/fr\/journee-internationale-des-femmes-2020\/","title":{"rendered":"Journ\u00e9e internationale des femmes &#8211; 2020"},"content":{"rendered":"<p><strong>\u00ab Je suis de la G\u00e9n\u00e9ration \u00c9galit\u00e9 : levez-vous pour les droits des femmes \u00bb<\/strong><\/p>\n<p>&nbsp;<\/p>\n<p>En cette Journ\u00e9e internationale de la femme 2020, nous c\u00e9l\u00e9brons le 25e anniversaire de la D\u00e9claration et du Programme d&rsquo;action de P\u00e9kin, le programme le plus visionnaire pour les droits des femmes.<\/p>\n<p>&nbsp;<\/p>\n<p>Soulignons l&rsquo;extraordinaire ADN de notre organisation, avec la capacit\u00e9, la concentration, la focalisation et les mod\u00e8les de r\u00f4le constamment assur\u00e9s par le r\u00e9seau mondial de nos membres. Les Soroptimist ont toujours cru en l&rsquo;approche fond\u00e9e sur la connaissance, le t\u00e9moignage, le partage des id\u00e9es, la planification, l&rsquo;ex\u00e9cution des activit\u00e9s et des projets.<\/p>\n<p>&nbsp;<\/p>\n<p>Notre objectif est d&rsquo;accro\u00eetre la visibilit\u00e9 des droits des femmes et des filles afin d\u2019avoir un impact sur leur vie. <strong>We Stand up for Women !<\/strong><\/p>\n<p>&nbsp;<\/p>\n<p>Aujourd&rsquo;hui, 25 ans apr\u00e8s la D\u00e9claration et le Programme d&rsquo;action de P\u00e9kin :<\/p>\n<p>&#8211; Les femmes et les filles sont plus instruites que jamais ;<br \/>\n&#8211; Des efforts ont \u00e9t\u00e9 d\u00e9ploy\u00e9s pour mettre fin \u00e0 des pratiques telles que le mariage des enfants et les mutilations g\u00e9nitales f\u00e9minines ;<br \/>\n&#8211; Les deux tiers des pays ont adopt\u00e9 des lois pour mettre fin \u00e0 la violence domestique.<\/p>\n<p>&nbsp;<\/p>\n<p>Toutefois, les progr\u00e8s ont \u00e9t\u00e9 in\u00e9gaux dans les 12 domaines critiques.<\/p>\n<p>&nbsp;<\/p>\n<p>Il existe encore des lacunes dans les l\u00e9gislations nationales et un manque de protection juridique efficace qui nuisent aux droits des filles et des femmes.<\/p>\n<p>&nbsp;<\/p>\n<p>L&rsquo;\u00e9galit\u00e9 entre les femmes et les hommes et l&rsquo;\u00e9limination de toutes les formes de discrimination fond\u00e9e sur le sexe ne sont pas un mythe. Elles figurent de mani\u00e8re exhaustive parmi les droits de l&rsquo;homme les plus fondamentaux et les valeurs des Nations-Unies comme une priorit\u00e9.<\/p>\n<p>&nbsp;<\/p>\n<p>Nous appelons aujourd&rsquo;hui les gouvernements, la soci\u00e9t\u00e9 civile, \u00e0 agir MAINTENANT, pour faire progresser les droits fondamentaux des femmes, afin de parvenir pleinement au d\u00e9veloppement et au progr\u00e8s durables.<\/p>\n<p>&nbsp;<\/p>\n<p>N&rsquo;attendons pas encore 25 ans pour l&rsquo;\u00e9galit\u00e9 des sexes.<\/p>\n","protected":false},"excerpt":{"rendered":"<p>\u00ab Je suis de la G\u00e9n\u00e9ration \u00c9galit\u00e9 : levez-vous pour les droits des femmes \u00bb &nbsp; En cette Journ\u00e9e internationale de la femme 2020, nous c\u00e9l\u00e9brons le 25e anniversaire de [&hellip;]<\/p>\n","protected":false},"author":5,"featured_media":37329,"comment_status":"open","ping_status":"open","sticky":false,"template":"","format":"standard","meta":{"_acf_changed":false,"give_campaign_id":0,"footnotes":""},"categories":[106,111],"tags":[79],"class_list":["post-17051","post","type-post","status-publish","format-standard","has-post-thumbnail","hentry","category-news","category-womens-empowerment","tag-womens-empowerment"],"acf":{"article_photo_de_couverture":{"ID":17059,"id":17059,"title":"Poster without writing","filename":"poster-without-writing.jpg","filesize":349154,"url":"https:\/\/www.soroptimisteurope.org\/wp-content\/uploads\/2020\/03\/poster-without-writing.jpg","link":"https:\/\/www.soroptimisteurope.org\/fr\/poster-without-writing-2\/","alt":"","author":"3","description":"","caption":"","name":"poster-without-writing-2","status":"inherit","uploaded_to":0,"date":"2020-03-03 16:29:21","modified":"2020-03-03 16:31:52","menu_order":0,"mime_type":"image\/jpeg","type":"image","subtype":"jpeg","icon":"https:\/\/www.soroptimisteurope.org\/wp-content\/plugins\/media-library-assistant\/images\/crystal\/image.png","width":2000,"height":1334,"sizes":{"thumbnail":"https:\/\/www.soroptimisteurope.org\/wp-content\/uploads\/2020\/03\/poster-without-writing-150x150.jpg","thumbnail-width":150,"thumbnail-height":150,"medium":"https:\/\/www.soroptimisteurope.org\/wp-content\/uploads\/2020\/03\/poster-without-writing-300x200.jpg","medium-width":300,"medium-height":200,"medium_large":"https:\/\/www.soroptimisteurope.org\/wp-content\/uploads\/2020\/03\/poster-without-writing-768x512.jpg","medium_large-width":768,"medium_large-height":512,"large":"https:\/\/www.soroptimisteurope.org\/wp-content\/uploads\/2020\/03\/poster-without-writing-1024x683.jpg","large-width":800,"large-height":534,"1536x1536":"https:\/\/www.soroptimisteurope.org\/wp-content\/uploads\/2020\/03\/poster-without-writing-1536x1025.jpg","1536x1536-width":1536,"1536x1536-height":1025,"2048x2048":"https:\/\/www.soroptimisteurope.org\/wp-content\/uploads\/2020\/03\/poster-without-writing.jpg","2048x2048-width":2000,"2048x2048-height":1334}},"article_chapeau":"","article_contenu":[{"article_titre_du_paragraphe":"","article_paragraphe":"<p><strong>\u00ab Je suis de la G\u00e9n\u00e9ration \u00c9galit\u00e9 : levez-vous pour les droits des femmes \u00bb<\/strong><\/p>\n<p>&nbsp;<\/p>\n<p>En cette Journ\u00e9e internationale de la femme 2020, nous c\u00e9l\u00e9brons le 25e anniversaire de la D\u00e9claration et du Programme d&rsquo;action de P\u00e9kin, le programme le plus visionnaire pour les droits des femmes.<\/p>\n<p>&nbsp;<\/p>\n<p>Soulignons l&rsquo;extraordinaire ADN de notre organisation, avec la capacit\u00e9, la concentration, la focalisation et les mod\u00e8les de r\u00f4le constamment assur\u00e9s par le r\u00e9seau mondial de nos membres. Les Soroptimist ont toujours cru en l&rsquo;approche fond\u00e9e sur la connaissance, le t\u00e9moignage, le partage des id\u00e9es, la planification, l&rsquo;ex\u00e9cution des activit\u00e9s et des projets.<\/p>\n<p>&nbsp;<\/p>\n<p>Notre objectif est d&rsquo;accro\u00eetre la visibilit\u00e9 des droits des femmes et des filles afin d\u2019avoir un impact sur leur vie. <strong>We Stand up for Women !<\/strong><\/p>\n<p>&nbsp;<\/p>\n<p>Aujourd&rsquo;hui, 25 ans apr\u00e8s la D\u00e9claration et le Programme d&rsquo;action de P\u00e9kin :<\/p>\n<p>&#8211; Les femmes et les filles sont plus instruites que jamais ;<br \/>\n&#8211; Des efforts ont \u00e9t\u00e9 d\u00e9ploy\u00e9s pour mettre fin \u00e0 des pratiques telles que le mariage des enfants et les mutilations g\u00e9nitales f\u00e9minines ;<br \/>\n&#8211; Les deux tiers des pays ont adopt\u00e9 des lois pour mettre fin \u00e0 la violence domestique.<\/p>\n<p>&nbsp;<\/p>\n<p>Toutefois, les progr\u00e8s ont \u00e9t\u00e9 in\u00e9gaux dans les 12 domaines critiques.<\/p>\n<p>&nbsp;<\/p>\n<p>Il existe encore des lacunes dans les l\u00e9gislations nationales et un manque de protection juridique efficace qui nuisent aux droits des filles et des femmes.<\/p>\n<p>&nbsp;<\/p>\n<p>L&rsquo;\u00e9galit\u00e9 entre les femmes et les hommes et l&rsquo;\u00e9limination de toutes les formes de discrimination fond\u00e9e sur le sexe ne sont pas un mythe. Elles figurent de mani\u00e8re exhaustive parmi les droits de l&rsquo;homme les plus fondamentaux et les valeurs des Nations-Unies comme une priorit\u00e9.<\/p>\n<p>&nbsp;<\/p>\n<p>Nous appelons aujourd&rsquo;hui les gouvernements, la soci\u00e9t\u00e9 civile, \u00e0 agir MAINTENANT, pour faire progresser les droits fondamentaux des femmes, afin de parvenir pleinement au d\u00e9veloppement et au progr\u00e8s durables.<\/p>\n<p>&nbsp;<\/p>\n<p>N&rsquo;attendons pas encore 25 ans pour l&rsquo;\u00e9galit\u00e9 des sexes.<\/p>\n","article_media_image":false,"article_media_video":""}],"article_trombinoscope":false,"article_video":"https:\/\/www.youtube.com\/watch?v=PtDXe_6rLHM","article_evenements_sociaux":false,"article_auteur_texte":"","article_nom_contact":"","article_email_contact":"","article_numero_contact":"","article_documents":false,"article_actualites_liees":false},"yoast_head":"<!-- This site is optimized with the Yoast SEO plugin v27.4 - https:\/\/yoast.com\/product\/yoast-seo-wordpress\/ -->\n<title>Journ\u00e9e internationale des femmes - 2020 - Soroptimist<\/title>\n<meta name=\"robots\" content=\"index, follow, max-snippet:-1, max-image-preview:large, max-video-preview:-1\" \/>\n<link rel=\"canonical\" href=\"https:\/\/www.soroptimisteurope.org\/fr\/journee-internationale-des-femmes-2020\/\" \/>\n<meta property=\"og:locale\" content=\"fr_FR\" \/>\n<meta property=\"og:type\" content=\"article\" \/>\n<meta property=\"og:title\" content=\"Journ\u00e9e internationale des femmes - 2020 - Soroptimist\" \/>\n<meta property=\"og:description\" content=\"\u00ab Je suis de la G\u00e9n\u00e9ration \u00c9galit\u00e9 : levez-vous pour les droits des femmes \u00bb &nbsp; En cette Journ\u00e9e internationale de la femme 2020, nous c\u00e9l\u00e9brons le 25e anniversaire de [&hellip;]\" \/>\n<meta property=\"og:url\" content=\"https:\/\/www.soroptimisteurope.org\/fr\/journee-internationale-des-femmes-2020\/\" \/>\n<meta property=\"og:site_name\" content=\"Soroptimist\" \/>\n<meta property=\"article:published_time\" content=\"2020-03-04T10:49:10+00:00\" \/>\n<meta property=\"article:modified_time\" content=\"2025-05-13T09:17:17+00:00\" \/>\n<meta property=\"og:image\" content=\"https:\/\/www.soroptimisteurope.org\/wp-content\/uploads\/2025\/04\/poster-without-writing-1.jpg\" \/>\n\t<meta property=\"og:image:width\" content=\"2000\" \/>\n\t<meta property=\"og:image:height\" content=\"1334\" \/>\n\t<meta property=\"og:image:type\" content=\"image\/jpeg\" \/>\n<meta name=\"author\" content=\"Virginie Racine\" \/>\n<meta name=\"twitter:card\" content=\"summary_large_image\" \/>\n<meta name=\"twitter:label1\" content=\"\u00c9crit par\" \/>\n\t<meta name=\"twitter:data1\" content=\"Virginie Racine\" \/>\n\t<meta name=\"twitter:label2\" content=\"Dur\u00e9e de lecture estim\u00e9e\" \/>\n\t<meta name=\"twitter:data2\" content=\"2 minutes\" \/>\n<script type=\"application\/ld+json\" class=\"yoast-schema-graph\">{\"@context\":\"https:\\\/\\\/schema.org\",\"@graph\":[{\"@type\":\"Article\",\"@id\":\"https:\\\/\\\/www.soroptimisteurope.org\\\/fr\\\/journee-internationale-des-femmes-2020\\\/#article\",\"isPartOf\":{\"@id\":\"https:\\\/\\\/www.soroptimisteurope.org\\\/fr\\\/journee-internationale-des-femmes-2020\\\/\"},\"author\":{\"name\":\"Virginie Racine\",\"@id\":\"https:\\\/\\\/www.soroptimisteurope.org\\\/#\\\/schema\\\/person\\\/71cb5ee8dc72773ed419609bf2274619\"},\"headline\":\"Journ\u00e9e internationale des femmes &#8211; 2020\",\"datePublished\":\"2020-03-04T10:49:10+00:00\",\"dateModified\":\"2025-05-13T09:17:17+00:00\",\"mainEntityOfPage\":{\"@id\":\"https:\\\/\\\/www.soroptimisteurope.org\\\/fr\\\/journee-internationale-des-femmes-2020\\\/\"},\"wordCount\":357,\"commentCount\":0,\"image\":{\"@id\":\"https:\\\/\\\/www.soroptimisteurope.org\\\/fr\\\/journee-internationale-des-femmes-2020\\\/#primaryimage\"},\"thumbnailUrl\":\"https:\\\/\\\/www.soroptimisteurope.org\\\/wp-content\\\/uploads\\\/2025\\\/04\\\/poster-without-writing-1.jpg\",\"keywords\":[\"Women's Empowerment\"],\"articleSection\":[\"News\",\"Women's Empowerment\"],\"inLanguage\":\"fr-FR\",\"potentialAction\":[{\"@type\":\"CommentAction\",\"name\":\"Comment\",\"target\":[\"https:\\\/\\\/www.soroptimisteurope.org\\\/fr\\\/journee-internationale-des-femmes-2020\\\/#respond\"]}]},{\"@type\":\"WebPage\",\"@id\":\"https:\\\/\\\/www.soroptimisteurope.org\\\/fr\\\/journee-internationale-des-femmes-2020\\\/\",\"url\":\"https:\\\/\\\/www.soroptimisteurope.org\\\/fr\\\/journee-internationale-des-femmes-2020\\\/\",\"name\":\"Journ\u00e9e internationale des femmes - 2020 - Soroptimist\",\"isPartOf\":{\"@id\":\"https:\\\/\\\/www.soroptimisteurope.org\\\/#website\"},\"primaryImageOfPage\":{\"@id\":\"https:\\\/\\\/www.soroptimisteurope.org\\\/fr\\\/journee-internationale-des-femmes-2020\\\/#primaryimage\"},\"image\":{\"@id\":\"https:\\\/\\\/www.soroptimisteurope.org\\\/fr\\\/journee-internationale-des-femmes-2020\\\/#primaryimage\"},\"thumbnailUrl\":\"https:\\\/\\\/www.soroptimisteurope.org\\\/wp-content\\\/uploads\\\/2025\\\/04\\\/poster-without-writing-1.jpg\",\"datePublished\":\"2020-03-04T10:49:10+00:00\",\"dateModified\":\"2025-05-13T09:17:17+00:00\",\"author\":{\"@id\":\"https:\\\/\\\/www.soroptimisteurope.org\\\/#\\\/schema\\\/person\\\/71cb5ee8dc72773ed419609bf2274619\"},\"breadcrumb\":{\"@id\":\"https:\\\/\\\/www.soroptimisteurope.org\\\/fr\\\/journee-internationale-des-femmes-2020\\\/#breadcrumb\"},\"inLanguage\":\"fr-FR\",\"potentialAction\":[{\"@type\":\"ReadAction\",\"target\":[\"https:\\\/\\\/www.soroptimisteurope.org\\\/fr\\\/journee-internationale-des-femmes-2020\\\/\"]}]},{\"@type\":\"ImageObject\",\"inLanguage\":\"fr-FR\",\"@id\":\"https:\\\/\\\/www.soroptimisteurope.org\\\/fr\\\/journee-internationale-des-femmes-2020\\\/#primaryimage\",\"url\":\"https:\\\/\\\/www.soroptimisteurope.org\\\/wp-content\\\/uploads\\\/2025\\\/04\\\/poster-without-writing-1.jpg\",\"contentUrl\":\"https:\\\/\\\/www.soroptimisteurope.org\\\/wp-content\\\/uploads\\\/2025\\\/04\\\/poster-without-writing-1.jpg\",\"width\":2000,\"height\":1334},{\"@type\":\"BreadcrumbList\",\"@id\":\"https:\\\/\\\/www.soroptimisteurope.org\\\/fr\\\/journee-internationale-des-femmes-2020\\\/#breadcrumb\",\"itemListElement\":[{\"@type\":\"ListItem\",\"position\":1,\"name\":\"Accueil\",\"item\":\"https:\\\/\\\/www.soroptimisteurope.org\\\/fr\\\/\"},{\"@type\":\"ListItem\",\"position\":2,\"name\":\"Journ\u00e9e internationale des femmes &#8211; 2020\"}]},{\"@type\":\"WebSite\",\"@id\":\"https:\\\/\\\/www.soroptimisteurope.org\\\/#website\",\"url\":\"https:\\\/\\\/www.soroptimisteurope.org\\\/\",\"name\":\"Soroptimist\",\"description\":\"\",\"potentialAction\":[{\"@type\":\"SearchAction\",\"target\":{\"@type\":\"EntryPoint\",\"urlTemplate\":\"https:\\\/\\\/www.soroptimisteurope.org\\\/?s={search_term_string}\"},\"query-input\":{\"@type\":\"PropertyValueSpecification\",\"valueRequired\":true,\"valueName\":\"search_term_string\"}}],\"inLanguage\":\"fr-FR\"},{\"@type\":\"Person\",\"@id\":\"https:\\\/\\\/www.soroptimisteurope.org\\\/#\\\/schema\\\/person\\\/71cb5ee8dc72773ed419609bf2274619\",\"name\":\"Virginie Racine\",\"url\":\"https:\\\/\\\/www.soroptimisteurope.org\\\/fr\\\/author\\\/adminsorop2k21\\\/\"}]}<\/script>\n<!-- \/ Yoast SEO plugin. -->","yoast_head_json":{"title":"Journ\u00e9e internationale des femmes - 2020 - Soroptimist","robots":{"index":"index","follow":"follow","max-snippet":"max-snippet:-1","max-image-preview":"max-image-preview:large","max-video-preview":"max-video-preview:-1"},"canonical":"https:\/\/www.soroptimisteurope.org\/fr\/journee-internationale-des-femmes-2020\/","og_locale":"fr_FR","og_type":"article","og_title":"Journ\u00e9e internationale des femmes - 2020 - Soroptimist","og_description":"\u00ab Je suis de la G\u00e9n\u00e9ration \u00c9galit\u00e9 : levez-vous pour les droits des femmes \u00bb &nbsp; En cette Journ\u00e9e internationale de la femme 2020, nous c\u00e9l\u00e9brons le 25e anniversaire de [&hellip;]","og_url":"https:\/\/www.soroptimisteurope.org\/fr\/journee-internationale-des-femmes-2020\/","og_site_name":"Soroptimist","article_published_time":"2020-03-04T10:49:10+00:00","article_modified_time":"2025-05-13T09:17:17+00:00","og_image":[{"width":2000,"height":1334,"url":"https:\/\/www.soroptimisteurope.org\/wp-content\/uploads\/2025\/04\/poster-without-writing-1.jpg","type":"image\/jpeg"}],"author":"Virginie Racine","twitter_card":"summary_large_image","twitter_misc":{"\u00c9crit par":"Virginie Racine","Dur\u00e9e de lecture estim\u00e9e":"2 minutes"},"schema":{"@context":"https:\/\/schema.org","@graph":[{"@type":"Article","@id":"https:\/\/www.soroptimisteurope.org\/fr\/journee-internationale-des-femmes-2020\/#article","isPartOf":{"@id":"https:\/\/www.soroptimisteurope.org\/fr\/journee-internationale-des-femmes-2020\/"},"author":{"name":"Virginie Racine","@id":"https:\/\/www.soroptimisteurope.org\/#\/schema\/person\/71cb5ee8dc72773ed419609bf2274619"},"headline":"Journ\u00e9e internationale des femmes &#8211; 2020","datePublished":"2020-03-04T10:49:10+00:00","dateModified":"2025-05-13T09:17:17+00:00","mainEntityOfPage":{"@id":"https:\/\/www.soroptimisteurope.org\/fr\/journee-internationale-des-femmes-2020\/"},"wordCount":357,"commentCount":0,"image":{"@id":"https:\/\/www.soroptimisteurope.org\/fr\/journee-internationale-des-femmes-2020\/#primaryimage"},"thumbnailUrl":"https:\/\/www.soroptimisteurope.org\/wp-content\/uploads\/2025\/04\/poster-without-writing-1.jpg","keywords":["Women's Empowerment"],"articleSection":["News","Women's Empowerment"],"inLanguage":"fr-FR","potentialAction":[{"@type":"CommentAction","name":"Comment","target":["https:\/\/www.soroptimisteurope.org\/fr\/journee-internationale-des-femmes-2020\/#respond"]}]},{"@type":"WebPage","@id":"https:\/\/www.soroptimisteurope.org\/fr\/journee-internationale-des-femmes-2020\/","url":"https:\/\/www.soroptimisteurope.org\/fr\/journee-internationale-des-femmes-2020\/","name":"Journ\u00e9e internationale des femmes - 2020 - Soroptimist","isPartOf":{"@id":"https:\/\/www.soroptimisteurope.org\/#website"},"primaryImageOfPage":{"@id":"https:\/\/www.soroptimisteurope.org\/fr\/journee-internationale-des-femmes-2020\/#primaryimage"},"image":{"@id":"https:\/\/www.soroptimisteurope.org\/fr\/journee-internationale-des-femmes-2020\/#primaryimage"},"thumbnailUrl":"https:\/\/www.soroptimisteurope.org\/wp-content\/uploads\/2025\/04\/poster-without-writing-1.jpg","datePublished":"2020-03-04T10:49:10+00:00","dateModified":"2025-05-13T09:17:17+00:00","author":{"@id":"https:\/\/www.soroptimisteurope.org\/#\/schema\/person\/71cb5ee8dc72773ed419609bf2274619"},"breadcrumb":{"@id":"https:\/\/www.soroptimisteurope.org\/fr\/journee-internationale-des-femmes-2020\/#breadcrumb"},"inLanguage":"fr-FR","potentialAction":[{"@type":"ReadAction","target":["https:\/\/www.soroptimisteurope.org\/fr\/journee-internationale-des-femmes-2020\/"]}]},{"@type":"ImageObject","inLanguage":"fr-FR","@id":"https:\/\/www.soroptimisteurope.org\/fr\/journee-internationale-des-femmes-2020\/#primaryimage","url":"https:\/\/www.soroptimisteurope.org\/wp-content\/uploads\/2025\/04\/poster-without-writing-1.jpg","contentUrl":"https:\/\/www.soroptimisteurope.org\/wp-content\/uploads\/2025\/04\/poster-without-writing-1.jpg","width":2000,"height":1334},{"@type":"BreadcrumbList","@id":"https:\/\/www.soroptimisteurope.org\/fr\/journee-internationale-des-femmes-2020\/#breadcrumb","itemListElement":[{"@type":"ListItem","position":1,"name":"Accueil","item":"https:\/\/www.soroptimisteurope.org\/fr\/"},{"@type":"ListItem","position":2,"name":"Journ\u00e9e internationale des femmes &#8211; 2020"}]},{"@type":"WebSite","@id":"https:\/\/www.soroptimisteurope.org\/#website","url":"https:\/\/www.soroptimisteurope.org\/","name":"Soroptimist","description":"","potentialAction":[{"@type":"SearchAction","target":{"@type":"EntryPoint","urlTemplate":"https:\/\/www.soroptimisteurope.org\/?s={search_term_string}"},"query-input":{"@type":"PropertyValueSpecification","valueRequired":true,"valueName":"search_term_string"}}],"inLanguage":"fr-FR"},{"@type":"Person","@id":"https:\/\/www.soroptimisteurope.org\/#\/schema\/person\/71cb5ee8dc72773ed419609bf2274619","name":"Virginie Racine","url":"https:\/\/www.soroptimisteurope.org\/fr\/author\/adminsorop2k21\/"}]}},"_links":{"self":[{"href":"https:\/\/www.soroptimisteurope.org\/fr\/wp-json\/wp\/v2\/posts\/17051","targetHints":{"allow":["GET"]}}],"collection":[{"href":"https:\/\/www.soroptimisteurope.org\/fr\/wp-json\/wp\/v2\/posts"}],"about":[{"href":"https:\/\/www.soroptimisteurope.org\/fr\/wp-json\/wp\/v2\/types\/post"}],"author":[{"embeddable":true,"href":"https:\/\/www.soroptimisteurope.org\/fr\/wp-json\/wp\/v2\/users\/5"}],"replies":[{"embeddable":true,"href":"https:\/\/www.soroptimisteurope.org\/fr\/wp-json\/wp\/v2\/comments?post=17051"}],"version-history":[{"count":3,"href":"https:\/\/www.soroptimisteurope.org\/fr\/wp-json\/wp\/v2\/posts\/17051\/revisions"}],"predecessor-version":[{"id":35115,"href":"https:\/\/www.soroptimisteurope.org\/fr\/wp-json\/wp\/v2\/posts\/17051\/revisions\/35115"}],"wp:featuredmedia":[{"embeddable":true,"href":"https:\/\/www.soroptimisteurope.org\/fr\/wp-json\/wp\/v2\/media\/37329"}],"wp:attachment":[{"href":"https:\/\/www.soroptimisteurope.org\/fr\/wp-json\/wp\/v2\/media?parent=17051"}],"wp:term":[{"taxonomy":"category","embeddable":true,"href":"https:\/\/www.soroptimisteurope.org\/fr\/wp-json\/wp\/v2\/categories?post=17051"},{"taxonomy":"post_tag","embeddable":true,"href":"https:\/\/www.soroptimisteurope.org\/fr\/wp-json\/wp\/v2\/tags?post=17051"}],"curies":[{"name":"wp","href":"https:\/\/api.w.org\/{rel}","templated":true}]}}