{"id":17197,"date":"2020-03-16T16:27:08","date_gmt":"2020-03-16T15:27:08","guid":{"rendered":"http:\/\/www.soroptimisteurope.org\/?p=17197"},"modified":"2025-05-13T11:17:18","modified_gmt":"2025-05-13T09:17:18","slug":"message-de-la-presidente-du-sie","status":"publish","type":"post","link":"https:\/\/www.soroptimisteurope.org\/fr\/message-de-la-presidente-du-sie\/","title":{"rendered":"Message de la Pr\u00e9sidente du SIE"},"content":{"rendered":"<p>Ch\u00e8res Soroptimist,<\/p>\n<p>&nbsp;<\/p>\n<p>Nous traversons une p\u00e9riode o\u00f9 notre inqui\u00e9tude touche davantage les personnes les plus proches de nous. Il ne fait nul doute que nous partageons toutes la m\u00eame profonde compassion pour celles et ceux qui souffrent en ce moment, en particulier nos s\u0153urs italiennes. Nous sommes extr\u00eamement reconnaissantes envers toutes les personnes qui travaillent sans rel\u00e2che dans les services de sant\u00e9 et qui se battent chaque jour pour nous garder en bonne sant\u00e9 et en s\u00e9curit\u00e9.<\/p>\n<p>&nbsp;<\/p>\n<p>Les gouvernements prennent des mesures de plus en plus strictes, limitant l&rsquo;acc\u00e8s \u00e0 de nombreux services, tout cela pour nous aider \u00e0 assurer notre s\u00e9curit\u00e9.<\/p>\n<p>&nbsp;<\/p>\n<p>En tant que Soroptimist, nous menons notre propre action pour la s\u00e9curit\u00e9 des autres \u00e0 l\u2019image de quelques Unions annulant leurs r\u00e9unions, et du report de la conf\u00e9rence SIFAF initialement pr\u00e9vue en avril et reprogramm\u00e9e du 13 au 15 novembre 2020. De m\u00eame, la r\u00e9union Extension du 15 au 17 mai qui devait se tenir en France est annul\u00e9e jusqu&rsquo;\u00e0 nouvel ordre.<\/p>\n<p>&nbsp;<\/p>\n<p>En revanche, la R\u00e9union des Gouverneures programm\u00e9e fin juin est maintenue. La situation \u00e9voluant constamment, nous esp\u00e9rons qu\u2019avec l\u2019arriv\u00e9e du printemps l\u2019\u00e9pid\u00e9mie se calme pour que la R\u00e9union des Gouverneures se tienne comme pr\u00e9vue. Je vous tiendrai bien \u00e9videmment inform\u00e9e de tout changement \u00e9ventuel.<\/p>\n<p>&nbsp;<\/p>\n<p>Tous les pans de nos vies \u00e9tant touch\u00e9s par cette \u00e9pid\u00e9mie, notre sant\u00e9 physique, \u00e9motionnelle, nos affaires, notre vie quotidienne\u00a0; j\u2019en appelle \u00e0 toutes les Soroptimist pour partager votre empathie et votre ouverture d\u2019esprit \u00e0 tous ceux qui nous entourent.<\/p>\n<p>&nbsp;<\/p>\n<p>Amicalement,<\/p>\n<p>&nbsp;<\/p>\n<p><strong>Anna Wszelaczy\u0144ska <\/strong><\/p>\n<p><strong>Pr\u00e9sidente du SIE 2019-2021<\/strong><\/p>\n","protected":false},"excerpt":{"rendered":"<p>Ch\u00e8res Soroptimist, &nbsp; Nous traversons une p\u00e9riode o\u00f9 notre inqui\u00e9tude touche davantage les personnes les plus proches de nous. Il ne fait nul doute que nous partageons toutes la m\u00eame [&hellip;]<\/p>\n","protected":false},"author":5,"featured_media":37331,"comment_status":"open","ping_status":"open","sticky":false,"template":"","format":"standard","meta":{"_acf_changed":false,"give_campaign_id":0,"footnotes":""},"categories":[106],"tags":[],"class_list":["post-17197","post","type-post","status-publish","format-standard","has-post-thumbnail","hentry","category-news"],"acf":{"article_photo_de_couverture":false,"article_chapeau":"","article_contenu":[{"article_titre_du_paragraphe":"","article_paragraphe":"<p>Ch\u00e8res Soroptimist,<\/p>\n<p>&nbsp;<\/p>\n<p>Nous traversons une p\u00e9riode o\u00f9 notre inqui\u00e9tude touche davantage les personnes les plus proches de nous. Il ne fait nul doute que nous partageons toutes la m\u00eame profonde compassion pour celles et ceux qui souffrent en ce moment, en particulier nos s\u0153urs italiennes. Nous sommes extr\u00eamement reconnaissantes envers toutes les personnes qui travaillent sans rel\u00e2che dans les services de sant\u00e9 et qui se battent chaque jour pour nous garder en bonne sant\u00e9 et en s\u00e9curit\u00e9.<\/p>\n<p>&nbsp;<\/p>\n<p>Les gouvernements prennent des mesures de plus en plus strictes, limitant l&rsquo;acc\u00e8s \u00e0 de nombreux services, tout cela pour nous aider \u00e0 assurer notre s\u00e9curit\u00e9.<\/p>\n<p>&nbsp;<\/p>\n<p>En tant que Soroptimist, nous menons notre propre action pour la s\u00e9curit\u00e9 des autres \u00e0 l\u2019image de quelques Unions annulant leurs r\u00e9unions, et du report de la conf\u00e9rence SIFAF initialement pr\u00e9vue en avril et reprogramm\u00e9e du 13 au 15 novembre 2020. De m\u00eame, la r\u00e9union Extension du 15 au 17 mai qui devait se tenir en France est annul\u00e9e jusqu&rsquo;\u00e0 nouvel ordre.<\/p>\n<p>&nbsp;<\/p>\n<p>En revanche, la R\u00e9union des Gouverneures programm\u00e9e fin juin est maintenue. La situation \u00e9voluant constamment, nous esp\u00e9rons qu\u2019avec l\u2019arriv\u00e9e du printemps l\u2019\u00e9pid\u00e9mie se calme pour que la R\u00e9union des Gouverneures se tienne comme pr\u00e9vue. Je vous tiendrai bien \u00e9videmment inform\u00e9e de tout changement \u00e9ventuel.<\/p>\n<p>&nbsp;<\/p>\n<p>Tous les pans de nos vies \u00e9tant touch\u00e9s par cette \u00e9pid\u00e9mie, notre sant\u00e9 physique, \u00e9motionnelle, nos affaires, notre vie quotidienne\u00a0; j\u2019en appelle \u00e0 toutes les Soroptimist pour partager votre empathie et votre ouverture d\u2019esprit \u00e0 tous ceux qui nous entourent.<\/p>\n<p>&nbsp;<\/p>\n<p>Amicalement,<\/p>\n<p>&nbsp;<\/p>\n<p><strong>Anna Wszelaczy\u0144ska <\/strong><\/p>\n<p><strong>Pr\u00e9sidente du SIE 2019-2021<\/strong><\/p>\n","article_media_image":false,"article_media_video":""}],"article_trombinoscope":false,"article_video":"","article_evenements_sociaux":false,"article_auteur_texte":"","article_nom_contact":"","article_email_contact":"","article_numero_contact":"","article_documents":false,"article_actualites_liees":false},"yoast_head":"<!-- This site is optimized with the Yoast SEO plugin v27.4 - https:\/\/yoast.com\/product\/yoast-seo-wordpress\/ -->\n<title>Message de la Pr\u00e9sidente du SIE - Soroptimist<\/title>\n<meta name=\"robots\" content=\"index, follow, max-snippet:-1, max-image-preview:large, max-video-preview:-1\" \/>\n<link rel=\"canonical\" href=\"https:\/\/www.soroptimisteurope.org\/fr\/message-de-la-presidente-du-sie\/\" \/>\n<meta property=\"og:locale\" content=\"fr_FR\" \/>\n<meta property=\"og:type\" content=\"article\" \/>\n<meta property=\"og:title\" content=\"Message de la Pr\u00e9sidente du SIE - Soroptimist\" \/>\n<meta property=\"og:description\" content=\"Ch\u00e8res Soroptimist, &nbsp; Nous traversons une p\u00e9riode o\u00f9 notre inqui\u00e9tude touche davantage les personnes les plus proches de nous. Il ne fait nul doute que nous partageons toutes la m\u00eame [&hellip;]\" \/>\n<meta property=\"og:url\" content=\"https:\/\/www.soroptimisteurope.org\/fr\/message-de-la-presidente-du-sie\/\" \/>\n<meta property=\"og:site_name\" content=\"Soroptimist\" \/>\n<meta property=\"article:published_time\" content=\"2020-03-16T15:27:08+00:00\" \/>\n<meta property=\"article:modified_time\" content=\"2025-05-13T09:17:18+00:00\" \/>\n<meta property=\"og:image\" content=\"https:\/\/www.soroptimisteurope.org\/wp-content\/uploads\/2025\/04\/201925-265-utopix-soroptimist-nevenpetrovic-554-scaled-e1591949166510-1.jpg\" \/>\n\t<meta property=\"og:image:width\" content=\"2163\" \/>\n\t<meta property=\"og:image:height\" content=\"851\" \/>\n\t<meta property=\"og:image:type\" content=\"image\/jpeg\" \/>\n<meta name=\"author\" content=\"Virginie Racine\" \/>\n<meta name=\"twitter:card\" content=\"summary_large_image\" \/>\n<meta name=\"twitter:label1\" content=\"\u00c9crit par\" \/>\n\t<meta name=\"twitter:data1\" content=\"Virginie Racine\" \/>\n\t<meta name=\"twitter:label2\" content=\"Dur\u00e9e de lecture estim\u00e9e\" \/>\n\t<meta name=\"twitter:data2\" content=\"1 minute\" \/>\n<script type=\"application\/ld+json\" class=\"yoast-schema-graph\">{\"@context\":\"https:\\\/\\\/schema.org\",\"@graph\":[{\"@type\":\"Article\",\"@id\":\"https:\\\/\\\/www.soroptimisteurope.org\\\/fr\\\/message-de-la-presidente-du-sie\\\/#article\",\"isPartOf\":{\"@id\":\"https:\\\/\\\/www.soroptimisteurope.org\\\/fr\\\/message-de-la-presidente-du-sie\\\/\"},\"author\":{\"name\":\"Virginie Racine\",\"@id\":\"https:\\\/\\\/www.soroptimisteurope.org\\\/#\\\/schema\\\/person\\\/71cb5ee8dc72773ed419609bf2274619\"},\"headline\":\"Message de la Pr\u00e9sidente du SIE\",\"datePublished\":\"2020-03-16T15:27:08+00:00\",\"dateModified\":\"2025-05-13T09:17:18+00:00\",\"mainEntityOfPage\":{\"@id\":\"https:\\\/\\\/www.soroptimisteurope.org\\\/fr\\\/message-de-la-presidente-du-sie\\\/\"},\"wordCount\":296,\"commentCount\":0,\"image\":{\"@id\":\"https:\\\/\\\/www.soroptimisteurope.org\\\/fr\\\/message-de-la-presidente-du-sie\\\/#primaryimage\"},\"thumbnailUrl\":\"https:\\\/\\\/www.soroptimisteurope.org\\\/wp-content\\\/uploads\\\/2025\\\/04\\\/201925-265-utopix-soroptimist-nevenpetrovic-554-scaled-e1591949166510-1.jpg\",\"articleSection\":[\"News\"],\"inLanguage\":\"fr-FR\",\"potentialAction\":[{\"@type\":\"CommentAction\",\"name\":\"Comment\",\"target\":[\"https:\\\/\\\/www.soroptimisteurope.org\\\/fr\\\/message-de-la-presidente-du-sie\\\/#respond\"]}]},{\"@type\":\"WebPage\",\"@id\":\"https:\\\/\\\/www.soroptimisteurope.org\\\/fr\\\/message-de-la-presidente-du-sie\\\/\",\"url\":\"https:\\\/\\\/www.soroptimisteurope.org\\\/fr\\\/message-de-la-presidente-du-sie\\\/\",\"name\":\"Message de la Pr\u00e9sidente du SIE - Soroptimist\",\"isPartOf\":{\"@id\":\"https:\\\/\\\/www.soroptimisteurope.org\\\/#website\"},\"primaryImageOfPage\":{\"@id\":\"https:\\\/\\\/www.soroptimisteurope.org\\\/fr\\\/message-de-la-presidente-du-sie\\\/#primaryimage\"},\"image\":{\"@id\":\"https:\\\/\\\/www.soroptimisteurope.org\\\/fr\\\/message-de-la-presidente-du-sie\\\/#primaryimage\"},\"thumbnailUrl\":\"https:\\\/\\\/www.soroptimisteurope.org\\\/wp-content\\\/uploads\\\/2025\\\/04\\\/201925-265-utopix-soroptimist-nevenpetrovic-554-scaled-e1591949166510-1.jpg\",\"datePublished\":\"2020-03-16T15:27:08+00:00\",\"dateModified\":\"2025-05-13T09:17:18+00:00\",\"author\":{\"@id\":\"https:\\\/\\\/www.soroptimisteurope.org\\\/#\\\/schema\\\/person\\\/71cb5ee8dc72773ed419609bf2274619\"},\"breadcrumb\":{\"@id\":\"https:\\\/\\\/www.soroptimisteurope.org\\\/fr\\\/message-de-la-presidente-du-sie\\\/#breadcrumb\"},\"inLanguage\":\"fr-FR\",\"potentialAction\":[{\"@type\":\"ReadAction\",\"target\":[\"https:\\\/\\\/www.soroptimisteurope.org\\\/fr\\\/message-de-la-presidente-du-sie\\\/\"]}]},{\"@type\":\"ImageObject\",\"inLanguage\":\"fr-FR\",\"@id\":\"https:\\\/\\\/www.soroptimisteurope.org\\\/fr\\\/message-de-la-presidente-du-sie\\\/#primaryimage\",\"url\":\"https:\\\/\\\/www.soroptimisteurope.org\\\/wp-content\\\/uploads\\\/2025\\\/04\\\/201925-265-utopix-soroptimist-nevenpetrovic-554-scaled-e1591949166510-1.jpg\",\"contentUrl\":\"https:\\\/\\\/www.soroptimisteurope.org\\\/wp-content\\\/uploads\\\/2025\\\/04\\\/201925-265-utopix-soroptimist-nevenpetrovic-554-scaled-e1591949166510-1.jpg\",\"width\":2163,\"height\":851},{\"@type\":\"BreadcrumbList\",\"@id\":\"https:\\\/\\\/www.soroptimisteurope.org\\\/fr\\\/message-de-la-presidente-du-sie\\\/#breadcrumb\",\"itemListElement\":[{\"@type\":\"ListItem\",\"position\":1,\"name\":\"Accueil\",\"item\":\"https:\\\/\\\/www.soroptimisteurope.org\\\/fr\\\/\"},{\"@type\":\"ListItem\",\"position\":2,\"name\":\"Message de la Pr\u00e9sidente du SIE\"}]},{\"@type\":\"WebSite\",\"@id\":\"https:\\\/\\\/www.soroptimisteurope.org\\\/#website\",\"url\":\"https:\\\/\\\/www.soroptimisteurope.org\\\/\",\"name\":\"Soroptimist\",\"description\":\"\",\"potentialAction\":[{\"@type\":\"SearchAction\",\"target\":{\"@type\":\"EntryPoint\",\"urlTemplate\":\"https:\\\/\\\/www.soroptimisteurope.org\\\/?s={search_term_string}\"},\"query-input\":{\"@type\":\"PropertyValueSpecification\",\"valueRequired\":true,\"valueName\":\"search_term_string\"}}],\"inLanguage\":\"fr-FR\"},{\"@type\":\"Person\",\"@id\":\"https:\\\/\\\/www.soroptimisteurope.org\\\/#\\\/schema\\\/person\\\/71cb5ee8dc72773ed419609bf2274619\",\"name\":\"Virginie Racine\",\"url\":\"https:\\\/\\\/www.soroptimisteurope.org\\\/fr\\\/author\\\/adminsorop2k21\\\/\"}]}<\/script>\n<!-- \/ Yoast SEO plugin. -->","yoast_head_json":{"title":"Message de la Pr\u00e9sidente du SIE - Soroptimist","robots":{"index":"index","follow":"follow","max-snippet":"max-snippet:-1","max-image-preview":"max-image-preview:large","max-video-preview":"max-video-preview:-1"},"canonical":"https:\/\/www.soroptimisteurope.org\/fr\/message-de-la-presidente-du-sie\/","og_locale":"fr_FR","og_type":"article","og_title":"Message de la Pr\u00e9sidente du SIE - Soroptimist","og_description":"Ch\u00e8res Soroptimist, &nbsp; Nous traversons une p\u00e9riode o\u00f9 notre inqui\u00e9tude touche davantage les personnes les plus proches de nous. Il ne fait nul doute que nous partageons toutes la m\u00eame [&hellip;]","og_url":"https:\/\/www.soroptimisteurope.org\/fr\/message-de-la-presidente-du-sie\/","og_site_name":"Soroptimist","article_published_time":"2020-03-16T15:27:08+00:00","article_modified_time":"2025-05-13T09:17:18+00:00","og_image":[{"width":2163,"height":851,"url":"https:\/\/www.soroptimisteurope.org\/wp-content\/uploads\/2025\/04\/201925-265-utopix-soroptimist-nevenpetrovic-554-scaled-e1591949166510-1.jpg","type":"image\/jpeg"}],"author":"Virginie Racine","twitter_card":"summary_large_image","twitter_misc":{"\u00c9crit par":"Virginie Racine","Dur\u00e9e de lecture estim\u00e9e":"1 minute"},"schema":{"@context":"https:\/\/schema.org","@graph":[{"@type":"Article","@id":"https:\/\/www.soroptimisteurope.org\/fr\/message-de-la-presidente-du-sie\/#article","isPartOf":{"@id":"https:\/\/www.soroptimisteurope.org\/fr\/message-de-la-presidente-du-sie\/"},"author":{"name":"Virginie Racine","@id":"https:\/\/www.soroptimisteurope.org\/#\/schema\/person\/71cb5ee8dc72773ed419609bf2274619"},"headline":"Message de la Pr\u00e9sidente du SIE","datePublished":"2020-03-16T15:27:08+00:00","dateModified":"2025-05-13T09:17:18+00:00","mainEntityOfPage":{"@id":"https:\/\/www.soroptimisteurope.org\/fr\/message-de-la-presidente-du-sie\/"},"wordCount":296,"commentCount":0,"image":{"@id":"https:\/\/www.soroptimisteurope.org\/fr\/message-de-la-presidente-du-sie\/#primaryimage"},"thumbnailUrl":"https:\/\/www.soroptimisteurope.org\/wp-content\/uploads\/2025\/04\/201925-265-utopix-soroptimist-nevenpetrovic-554-scaled-e1591949166510-1.jpg","articleSection":["News"],"inLanguage":"fr-FR","potentialAction":[{"@type":"CommentAction","name":"Comment","target":["https:\/\/www.soroptimisteurope.org\/fr\/message-de-la-presidente-du-sie\/#respond"]}]},{"@type":"WebPage","@id":"https:\/\/www.soroptimisteurope.org\/fr\/message-de-la-presidente-du-sie\/","url":"https:\/\/www.soroptimisteurope.org\/fr\/message-de-la-presidente-du-sie\/","name":"Message de la Pr\u00e9sidente du SIE - Soroptimist","isPartOf":{"@id":"https:\/\/www.soroptimisteurope.org\/#website"},"primaryImageOfPage":{"@id":"https:\/\/www.soroptimisteurope.org\/fr\/message-de-la-presidente-du-sie\/#primaryimage"},"image":{"@id":"https:\/\/www.soroptimisteurope.org\/fr\/message-de-la-presidente-du-sie\/#primaryimage"},"thumbnailUrl":"https:\/\/www.soroptimisteurope.org\/wp-content\/uploads\/2025\/04\/201925-265-utopix-soroptimist-nevenpetrovic-554-scaled-e1591949166510-1.jpg","datePublished":"2020-03-16T15:27:08+00:00","dateModified":"2025-05-13T09:17:18+00:00","author":{"@id":"https:\/\/www.soroptimisteurope.org\/#\/schema\/person\/71cb5ee8dc72773ed419609bf2274619"},"breadcrumb":{"@id":"https:\/\/www.soroptimisteurope.org\/fr\/message-de-la-presidente-du-sie\/#breadcrumb"},"inLanguage":"fr-FR","potentialAction":[{"@type":"ReadAction","target":["https:\/\/www.soroptimisteurope.org\/fr\/message-de-la-presidente-du-sie\/"]}]},{"@type":"ImageObject","inLanguage":"fr-FR","@id":"https:\/\/www.soroptimisteurope.org\/fr\/message-de-la-presidente-du-sie\/#primaryimage","url":"https:\/\/www.soroptimisteurope.org\/wp-content\/uploads\/2025\/04\/201925-265-utopix-soroptimist-nevenpetrovic-554-scaled-e1591949166510-1.jpg","contentUrl":"https:\/\/www.soroptimisteurope.org\/wp-content\/uploads\/2025\/04\/201925-265-utopix-soroptimist-nevenpetrovic-554-scaled-e1591949166510-1.jpg","width":2163,"height":851},{"@type":"BreadcrumbList","@id":"https:\/\/www.soroptimisteurope.org\/fr\/message-de-la-presidente-du-sie\/#breadcrumb","itemListElement":[{"@type":"ListItem","position":1,"name":"Accueil","item":"https:\/\/www.soroptimisteurope.org\/fr\/"},{"@type":"ListItem","position":2,"name":"Message de la Pr\u00e9sidente du SIE"}]},{"@type":"WebSite","@id":"https:\/\/www.soroptimisteurope.org\/#website","url":"https:\/\/www.soroptimisteurope.org\/","name":"Soroptimist","description":"","potentialAction":[{"@type":"SearchAction","target":{"@type":"EntryPoint","urlTemplate":"https:\/\/www.soroptimisteurope.org\/?s={search_term_string}"},"query-input":{"@type":"PropertyValueSpecification","valueRequired":true,"valueName":"search_term_string"}}],"inLanguage":"fr-FR"},{"@type":"Person","@id":"https:\/\/www.soroptimisteurope.org\/#\/schema\/person\/71cb5ee8dc72773ed419609bf2274619","name":"Virginie Racine","url":"https:\/\/www.soroptimisteurope.org\/fr\/author\/adminsorop2k21\/"}]}},"_links":{"self":[{"href":"https:\/\/www.soroptimisteurope.org\/fr\/wp-json\/wp\/v2\/posts\/17197","targetHints":{"allow":["GET"]}}],"collection":[{"href":"https:\/\/www.soroptimisteurope.org\/fr\/wp-json\/wp\/v2\/posts"}],"about":[{"href":"https:\/\/www.soroptimisteurope.org\/fr\/wp-json\/wp\/v2\/types\/post"}],"author":[{"embeddable":true,"href":"https:\/\/www.soroptimisteurope.org\/fr\/wp-json\/wp\/v2\/users\/5"}],"replies":[{"embeddable":true,"href":"https:\/\/www.soroptimisteurope.org\/fr\/wp-json\/wp\/v2\/comments?post=17197"}],"version-history":[{"count":3,"href":"https:\/\/www.soroptimisteurope.org\/fr\/wp-json\/wp\/v2\/posts\/17197\/revisions"}],"predecessor-version":[{"id":35117,"href":"https:\/\/www.soroptimisteurope.org\/fr\/wp-json\/wp\/v2\/posts\/17197\/revisions\/35117"}],"wp:featuredmedia":[{"embeddable":true,"href":"https:\/\/www.soroptimisteurope.org\/fr\/wp-json\/wp\/v2\/media\/37331"}],"wp:attachment":[{"href":"https:\/\/www.soroptimisteurope.org\/fr\/wp-json\/wp\/v2\/media?parent=17197"}],"wp:term":[{"taxonomy":"category","embeddable":true,"href":"https:\/\/www.soroptimisteurope.org\/fr\/wp-json\/wp\/v2\/categories?post=17197"},{"taxonomy":"post_tag","embeddable":true,"href":"https:\/\/www.soroptimisteurope.org\/fr\/wp-json\/wp\/v2\/tags?post=17197"}],"curies":[{"name":"wp","href":"https:\/\/api.w.org\/{rel}","templated":true}]}}