{"id":17294,"date":"2020-03-19T08:51:18","date_gmt":"2020-03-19T07:51:18","guid":{"rendered":"http:\/\/www.soroptimisteurope.org\/?p=17294"},"modified":"2025-05-13T11:17:19","modified_gmt":"2025-05-13T09:17:19","slug":"60-soroptimist-au-conseil-de-leurope","status":"publish","type":"post","link":"https:\/\/www.soroptimisteurope.org\/fr\/60-soroptimist-au-conseil-de-leurope\/","title":{"rendered":"60 Soroptimist au Conseil de l\u2019Europe"},"content":{"rendered":"<p>Le 27 janvier dernier, \u00e0 l\u2019initiative de Bettina Hahne, la repr\u00e9sentante du SIE aupr\u00e8s du Conseil de l\u2019Europe, 60 Soroptimist belges, suisses, allemandes et fran\u00e7aises se sont donn\u00e9 rendez-vous \u00e0 Strasbourg\u00a0 pour une visite du Conseil de l\u2019Europe, organis\u00e9e par les Soroptimist fran\u00e7aises.<\/p>\n<p>&nbsp;<\/p>\n<p>Cette institution r\u00e9unit 47 \u00e9tats europ\u00e9ens, dont le but est de renforcer les droits de l\u2019Homme, la d\u00e9mocratie et l\u2019\u00e9tat de droit en Europe et au-del\u00e0. Le Conseil de l\u2019Europe aide ses \u00e9tats membres \u00e0 mener des r\u00e9formes politiques, l\u00e9gislatives, constitutionnelles et judiciaires. Il s\u2019adapte \u00e0 de nouveaux d\u00e9fis tels que:<\/p>\n<p>&nbsp;<\/p>\n<ul>\n<li>La cybercriminalit\u00e9<\/li>\n<li>Le terrorisme international<\/li>\n<li>La traite des \u00eatres humains<\/li>\n<li><strong>La violence \u00e0 l\u2019\u00e9gard des femmes<\/strong><\/li>\n<li>Les abus sexuels des enfants<\/li>\n<\/ul>\n<p>&nbsp;<\/p>\n<p>Nous avons \u00e9t\u00e9 re\u00e7ues par <strong>C\u00e9cile Gr\u00e9boval<\/strong>, responsable de programme de la Division pour l\u2019\u00e9galit\u00e9 entre les femmes et les hommes. Elle attire notre attention sur la <strong>Convention d\u2019ISTANBUL<\/strong>, qui vise \u00e0 pr\u00e9venir et lutter contre la violence \u00e0 l\u2019\u00e9gard des femmes et la violence domestique. La strat\u00e9gie de l\u2019Assembl\u00e9e Parlementaire, pour 2018-2023, fonctionne sur une approche int\u00e9gr\u00e9e et inclusive de la promotion de l\u2019\u00e9galit\u00e9 des genres\u00a0(lutter contre les st\u00e9r\u00e9otypes de genre et le sexisme\u00a0; pr\u00e9venir et combattre la violence faite aux femmes\u00a0; garantir aux femmes l\u2019\u00e9galit\u00e9 d\u2019acc\u00e8s \u00e0 la justice\u00a0; etc.).<\/p>\n<p>&nbsp;<\/p>\n<p>La r\u00e9alit\u00e9\u00a0actuelle est plut\u00f4t\u00a0:<\/p>\n<p><img fetchpriority=\"high\" decoding=\"async\" class=\"alignnone wp-image-17283\" src=\"https:\/\/www.soroptimisteurope.org\/wp-content\/uploads\/2020\/03\/schema-1.jpg\" alt=\"\" width=\"696\" height=\"371\" srcset=\"https:\/\/www.soroptimisteurope.org\/wp-content\/uploads\/2020\/03\/schema-1.jpg 895w, https:\/\/www.soroptimisteurope.org\/wp-content\/uploads\/2020\/03\/schema-1-300x160.jpg 300w, https:\/\/www.soroptimisteurope.org\/wp-content\/uploads\/2020\/03\/schema-1-768x409.jpg 768w\" sizes=\"(max-width: 696px) 100vw, 696px\" \/><\/p>\n<p>&nbsp;<\/p>\n<p>Elle nous pr\u00e9sente \u00e9galement l\u2019approche actuelle, bas\u00e9e sur les \u201c4P\u201d:<\/p>\n<p>&nbsp;<\/p>\n<p><img decoding=\"async\" class=\"alignnone wp-image-17285\" src=\"https:\/\/www.soroptimisteurope.org\/wp-content\/uploads\/2020\/03\/schema-2.jpg\" alt=\"\" width=\"718\" height=\"469\" srcset=\"https:\/\/www.soroptimisteurope.org\/wp-content\/uploads\/2020\/03\/schema-2.jpg 927w, https:\/\/www.soroptimisteurope.org\/wp-content\/uploads\/2020\/03\/schema-2-300x196.jpg 300w, https:\/\/www.soroptimisteurope.org\/wp-content\/uploads\/2020\/03\/schema-2-768x501.jpg 768w\" sizes=\"(max-width: 718px) 100vw, 718px\" \/><\/p>\n<p>Elle insiste sur le fait qu\u2019il ne s\u2019agit pas seulement d\u2019accorder des droits aux femmes, mais bien de changer le comportement de tous, afin de pouvoir donner des opportunit\u00e9s aux femmes.<\/p>\n<p>&nbsp;<\/p>\n<p><strong>Maryvonne BLONDIN<\/strong>, s\u00e9natrice fran\u00e7aise et membre de l\u2019Assembl\u00e9e Parlementaire du Conseil de l\u2019Europe, \u00e9voque les d\u00e9fis futurs:<\/p>\n<p>&nbsp;<\/p>\n<ul>\n<li>Une grande attention doit \u00eatre port\u00e9e aux femmes et filles migrantes. Elles subissent des violences dans leur pays et pendant leur exode. Une plus grande attention doit \u00e9galement \u00eatre port\u00e9e aux femmes victimes de mutilations sexuelles.<\/li>\n<li>Les violences gyn\u00e9co-obst\u00e9tricales et la \u00ab maternit\u00e9 bienveillante \u00bb, ainsi que de la n\u00e9cessit\u00e9 de d\u00e9velopper un \u00ab savoir \u00eatre \u00bb.<\/li>\n<\/ul>\n<p>&nbsp;<\/p>\n<p>D\u2019apr\u00e8s ses observations, beaucoup de pays (Pologne, Turquie, Hongrie, Bulgarie) montrent un retour en arri\u00e8re quant aux droits acquis par les femmes. Au terme de cette visite, l\u2019importance de notre r\u00f4le est r\u00e9assur\u00e9; nous devons rester vigilantes car rien n\u2019est acquis. Soroptimist International d\u2019Europe est un relais essentiel entre les politiques et la population.<\/p>\n<p>&nbsp;<\/p>\n<p>Nous terminons notre visite en assistant \u00e0 la s\u00e9ance de l\u2019Assembl\u00e9e\u00a0Parlementaire. Son nouveau pr\u00e9sident, le belge Rik DAEMS, assure dans son discours d\u2019investiture, que le respect de la Convention d\u2019Istanbul est pour lui une priorit\u00e9 essentielle.<\/p>\n<div class=\"image-wrapper\"><img decoding=\"async\" src=\"https:\/\/www.soroptimisteurope.org\/wp-content\/uploads\/2020\/03\/img-1778.jpg\" alt=\"IMG_1778\"><\/div>\n","protected":false},"excerpt":{"rendered":"<p>Le 27 janvier dernier, \u00e0 l\u2019initiative de Bettina Hahne, la repr\u00e9sentante du SIE aupr\u00e8s du Conseil de l\u2019Europe, 60 Soroptimist belges, suisses, allemandes et fran\u00e7aises se sont donn\u00e9 rendez-vous \u00e0 [&hellip;]<\/p>\n","protected":false},"author":5,"featured_media":37359,"comment_status":"open","ping_status":"open","sticky":false,"template":"","format":"standard","meta":{"_acf_changed":false,"give_campaign_id":0,"footnotes":""},"categories":[106,109],"tags":[172],"class_list":["post-17294","post","type-post","status-publish","format-standard","has-post-thumbnail","hentry","category-news","category-advocacy","tag-advocacy"],"acf":{"article_photo_de_couverture":{"ID":14943,"id":14943,"title":"2017 EU Flag","filename":"2017-eu-flag.jpg","filesize":211251,"url":"https:\/\/www.soroptimisteurope.org\/wp-content\/uploads\/2017\/06\/2017-eu-flag.jpg","link":"https:\/\/www.soroptimisteurope.org\/fr\/2017-eu-flag-2\/","alt":"","author":"2","description":"","caption":"","name":"2017-eu-flag-2","status":"inherit","uploaded_to":0,"date":"2017-06-26 10:41:16","modified":"2020-03-19 07:49:26","menu_order":0,"mime_type":"image\/jpeg","type":"image","subtype":"jpeg","icon":"https:\/\/www.soroptimisteurope.org\/wp-content\/plugins\/media-library-assistant\/images\/crystal\/image.png","width":2363,"height":1576,"sizes":{"thumbnail":"https:\/\/www.soroptimisteurope.org\/wp-content\/uploads\/2017\/06\/2017-eu-flag-150x150.jpg","thumbnail-width":150,"thumbnail-height":150,"medium":"https:\/\/www.soroptimisteurope.org\/wp-content\/uploads\/2017\/06\/2017-eu-flag-300x200.jpg","medium-width":300,"medium-height":200,"medium_large":"https:\/\/www.soroptimisteurope.org\/wp-content\/uploads\/2017\/06\/2017-eu-flag-768x512.jpg","medium_large-width":768,"medium_large-height":512,"large":"https:\/\/www.soroptimisteurope.org\/wp-content\/uploads\/2017\/06\/2017-eu-flag-1024x683.jpg","large-width":800,"large-height":534,"1536x1536":"https:\/\/www.soroptimisteurope.org\/wp-content\/uploads\/2017\/06\/2017-eu-flag.jpg","1536x1536-width":1536,"1536x1536-height":1024,"2048x2048":"https:\/\/www.soroptimisteurope.org\/wp-content\/uploads\/2017\/06\/2017-eu-flag.jpg","2048x2048-width":2048,"2048x2048-height":1366}},"article_chapeau":"","article_contenu":[{"article_titre_du_paragraphe":"","article_paragraphe":"<p>Le 27 janvier dernier, \u00e0 l\u2019initiative de Bettina Hahne, la repr\u00e9sentante du SIE aupr\u00e8s du Conseil de l\u2019Europe, 60 Soroptimist belges, suisses, allemandes et fran\u00e7aises se sont donn\u00e9 rendez-vous \u00e0 Strasbourg\u00a0 pour une visite du Conseil de l\u2019Europe, organis\u00e9e par les Soroptimist fran\u00e7aises.<\/p>\n<p>&nbsp;<\/p>\n<p>Cette institution r\u00e9unit 47 \u00e9tats europ\u00e9ens, dont le but est de renforcer les droits de l\u2019Homme, la d\u00e9mocratie et l\u2019\u00e9tat de droit en Europe et au-del\u00e0. Le Conseil de l\u2019Europe aide ses \u00e9tats membres \u00e0 mener des r\u00e9formes politiques, l\u00e9gislatives, constitutionnelles et judiciaires. Il s\u2019adapte \u00e0 de nouveaux d\u00e9fis tels que:<\/p>\n<p>&nbsp;<\/p>\n<ul>\n<li>La cybercriminalit\u00e9<\/li>\n<li>Le terrorisme international<\/li>\n<li>La traite des \u00eatres humains<\/li>\n<li><strong>La violence \u00e0 l\u2019\u00e9gard des femmes<\/strong><\/li>\n<li>Les abus sexuels des enfants<\/li>\n<\/ul>\n<p>&nbsp;<\/p>\n<p>Nous avons \u00e9t\u00e9 re\u00e7ues par <strong>C\u00e9cile Gr\u00e9boval<\/strong>, responsable de programme de la Division pour l\u2019\u00e9galit\u00e9 entre les femmes et les hommes. Elle attire notre attention sur la <strong>Convention d\u2019ISTANBUL<\/strong>, qui vise \u00e0 pr\u00e9venir et lutter contre la violence \u00e0 l\u2019\u00e9gard des femmes et la violence domestique. La strat\u00e9gie de l\u2019Assembl\u00e9e Parlementaire, pour 2018-2023, fonctionne sur une approche int\u00e9gr\u00e9e et inclusive de la promotion de l\u2019\u00e9galit\u00e9 des genres\u00a0(lutter contre les st\u00e9r\u00e9otypes de genre et le sexisme\u00a0; pr\u00e9venir et combattre la violence faite aux femmes\u00a0; garantir aux femmes l\u2019\u00e9galit\u00e9 d\u2019acc\u00e8s \u00e0 la justice\u00a0; etc.).<\/p>\n<p>&nbsp;<\/p>\n<p>La r\u00e9alit\u00e9\u00a0actuelle est plut\u00f4t\u00a0:<\/p>\n<p><img decoding=\"async\" class=\"alignnone wp-image-17283\" src=\"http:\/\/www.soroptimisteurope.org\/wp-content\/uploads\/2020\/03\/schema-1-300x160.jpg\" alt=\"\" width=\"696\" height=\"371\" srcset=\"https:\/\/www.soroptimisteurope.org\/wp-content\/uploads\/2020\/03\/schema-1-300x160.jpg 300w, https:\/\/www.soroptimisteurope.org\/wp-content\/uploads\/2020\/03\/schema-1-768x409.jpg 768w, https:\/\/www.soroptimisteurope.org\/wp-content\/uploads\/2020\/03\/schema-1.jpg 895w\" sizes=\"(max-width: 696px) 100vw, 696px\" \/><\/p>\n<p>&nbsp;<\/p>\n<p>Elle nous pr\u00e9sente \u00e9galement l\u2019approche actuelle, bas\u00e9e sur les \u201c4P\u201d:<\/p>\n<p>&nbsp;<\/p>\n<p><img loading=\"lazy\" decoding=\"async\" class=\"alignnone wp-image-17285\" src=\"http:\/\/www.soroptimisteurope.org\/wp-content\/uploads\/2020\/03\/schema-2-300x196.jpg\" alt=\"\" width=\"718\" height=\"469\" srcset=\"https:\/\/www.soroptimisteurope.org\/wp-content\/uploads\/2020\/03\/schema-2-300x196.jpg 300w, https:\/\/www.soroptimisteurope.org\/wp-content\/uploads\/2020\/03\/schema-2-768x501.jpg 768w, https:\/\/www.soroptimisteurope.org\/wp-content\/uploads\/2020\/03\/schema-2.jpg 927w\" sizes=\"(max-width: 718px) 100vw, 718px\" \/><\/p>\n<p>Elle insiste sur le fait qu\u2019il ne s\u2019agit pas seulement d\u2019accorder des droits aux femmes, mais bien de changer le comportement de tous, afin de pouvoir donner des opportunit\u00e9s aux femmes.<\/p>\n<p>&nbsp;<\/p>\n<p><strong>Maryvonne BLONDIN<\/strong>, s\u00e9natrice fran\u00e7aise et membre de l\u2019Assembl\u00e9e Parlementaire du Conseil de l\u2019Europe, \u00e9voque les d\u00e9fis futurs:<\/p>\n<p>&nbsp;<\/p>\n<ul>\n<li>Une grande attention doit \u00eatre port\u00e9e aux femmes et filles migrantes. Elles subissent des violences dans leur pays et pendant leur exode. Une plus grande attention doit \u00e9galement \u00eatre port\u00e9e aux femmes victimes de mutilations sexuelles.<\/li>\n<li>Les violences gyn\u00e9co-obst\u00e9tricales et la \u00ab maternit\u00e9 bienveillante \u00bb, ainsi que de la n\u00e9cessit\u00e9 de d\u00e9velopper un \u00ab savoir \u00eatre \u00bb.<\/li>\n<\/ul>\n<p>&nbsp;<\/p>\n<p>D\u2019apr\u00e8s ses observations, beaucoup de pays (Pologne, Turquie, Hongrie, Bulgarie) montrent un retour en arri\u00e8re quant aux droits acquis par les femmes. Au terme de cette visite, l\u2019importance de notre r\u00f4le est r\u00e9assur\u00e9; nous devons rester vigilantes car rien n\u2019est acquis. Soroptimist International d\u2019Europe est un relais essentiel entre les politiques et la population.<\/p>\n<p>&nbsp;<\/p>\n<p>Nous terminons notre visite en assistant \u00e0 la s\u00e9ance de l\u2019Assembl\u00e9e\u00a0Parlementaire. Son nouveau pr\u00e9sident, le belge Rik DAEMS, assure dans son discours d\u2019investiture, que le respect de la Convention d\u2019Istanbul est pour lui une priorit\u00e9 essentielle.<\/p>\n","article_media_image":{"ID":17302,"id":17302,"title":"IMG_1778","filename":"img-1778.jpg","filesize":2240505,"url":"https:\/\/www.soroptimisteurope.org\/wp-content\/uploads\/2020\/03\/img-1778.jpg","link":"https:\/\/www.soroptimisteurope.org\/fr\/img_1778-2\/","alt":"","author":"3","description":"","caption":"","name":"img_1778-2","status":"inherit","uploaded_to":0,"date":"2020-03-18 12:30:15","modified":"2020-03-18 12:32:15","menu_order":0,"mime_type":"image\/jpeg","type":"image","subtype":"jpeg","icon":"https:\/\/www.soroptimisteurope.org\/wp-content\/plugins\/media-library-assistant\/images\/crystal\/image.png","width":2560,"height":1920,"sizes":{"thumbnail":"https:\/\/www.soroptimisteurope.org\/wp-content\/uploads\/2020\/03\/img-1778-150x150.jpg","thumbnail-width":150,"thumbnail-height":150,"medium":"https:\/\/www.soroptimisteurope.org\/wp-content\/uploads\/2020\/03\/img-1778-300x225.jpg","medium-width":300,"medium-height":225,"medium_large":"https:\/\/www.soroptimisteurope.org\/wp-content\/uploads\/2020\/03\/img-1778-768x576.jpg","medium_large-width":768,"medium_large-height":576,"large":"https:\/\/www.soroptimisteurope.org\/wp-content\/uploads\/2020\/03\/img-1778-1024x768.jpg","large-width":800,"large-height":600,"1536x1536":"https:\/\/www.soroptimisteurope.org\/wp-content\/uploads\/2020\/03\/img-1778-1536x1152.jpg","1536x1536-width":1536,"1536x1536-height":1152,"2048x2048":"https:\/\/www.soroptimisteurope.org\/wp-content\/uploads\/2020\/03\/img-1778-2048x1536.jpg","2048x2048-width":2048,"2048x2048-height":1536}},"article_media_video":""}],"article_trombinoscope":false,"article_video":"","article_evenements_sociaux":false,"article_auteur_texte":"<p><strong>Katrien de Ryck et Marthe Thomas (SI Belgique)<\/strong><\/p>\n","article_nom_contact":"","article_email_contact":"","article_numero_contact":"","article_documents":false,"article_actualites_liees":false},"yoast_head":"<!-- This site is optimized with the Yoast SEO plugin v27.4 - https:\/\/yoast.com\/product\/yoast-seo-wordpress\/ -->\n<title>60 Soroptimist au Conseil de l\u2019Europe - Soroptimist<\/title>\n<meta name=\"robots\" content=\"index, follow, max-snippet:-1, max-image-preview:large, max-video-preview:-1\" \/>\n<link rel=\"canonical\" href=\"https:\/\/www.soroptimisteurope.org\/fr\/60-soroptimist-au-conseil-de-leurope\/\" \/>\n<meta property=\"og:locale\" content=\"fr_FR\" \/>\n<meta property=\"og:type\" content=\"article\" \/>\n<meta property=\"og:title\" content=\"60 Soroptimist au Conseil de l\u2019Europe - Soroptimist\" \/>\n<meta property=\"og:description\" content=\"Le 27 janvier dernier, \u00e0 l\u2019initiative de Bettina Hahne, la repr\u00e9sentante du SIE aupr\u00e8s du Conseil de l\u2019Europe, 60 Soroptimist belges, suisses, allemandes et fran\u00e7aises se sont donn\u00e9 rendez-vous \u00e0 [&hellip;]\" \/>\n<meta property=\"og:url\" content=\"https:\/\/www.soroptimisteurope.org\/fr\/60-soroptimist-au-conseil-de-leurope\/\" \/>\n<meta property=\"og:site_name\" content=\"Soroptimist\" \/>\n<meta property=\"article:published_time\" content=\"2020-03-19T07:51:18+00:00\" \/>\n<meta property=\"article:modified_time\" content=\"2025-05-13T09:17:19+00:00\" \/>\n<meta property=\"og:image\" content=\"https:\/\/www.soroptimisteurope.org\/wp-content\/uploads\/2025\/04\/2017-eu-flag-6.jpg\" \/>\n\t<meta property=\"og:image:width\" content=\"2363\" \/>\n\t<meta property=\"og:image:height\" content=\"1576\" \/>\n\t<meta property=\"og:image:type\" content=\"image\/jpeg\" \/>\n<meta name=\"author\" content=\"Virginie Racine\" \/>\n<meta name=\"twitter:card\" content=\"summary_large_image\" \/>\n<meta name=\"twitter:label1\" content=\"\u00c9crit par\" \/>\n\t<meta name=\"twitter:data1\" content=\"Virginie Racine\" \/>\n\t<meta name=\"twitter:label2\" content=\"Dur\u00e9e de lecture estim\u00e9e\" \/>\n\t<meta name=\"twitter:data2\" content=\"2 minutes\" \/>\n<script type=\"application\/ld+json\" class=\"yoast-schema-graph\">{\"@context\":\"https:\\\/\\\/schema.org\",\"@graph\":[{\"@type\":\"Article\",\"@id\":\"https:\\\/\\\/www.soroptimisteurope.org\\\/fr\\\/60-soroptimist-au-conseil-de-leurope\\\/#article\",\"isPartOf\":{\"@id\":\"https:\\\/\\\/www.soroptimisteurope.org\\\/fr\\\/60-soroptimist-au-conseil-de-leurope\\\/\"},\"author\":{\"name\":\"Virginie Racine\",\"@id\":\"https:\\\/\\\/www.soroptimisteurope.org\\\/#\\\/schema\\\/person\\\/71cb5ee8dc72773ed419609bf2274619\"},\"headline\":\"60 Soroptimist au Conseil de l\u2019Europe\",\"datePublished\":\"2020-03-19T07:51:18+00:00\",\"dateModified\":\"2025-05-13T09:17:19+00:00\",\"mainEntityOfPage\":{\"@id\":\"https:\\\/\\\/www.soroptimisteurope.org\\\/fr\\\/60-soroptimist-au-conseil-de-leurope\\\/\"},\"wordCount\":492,\"commentCount\":0,\"image\":{\"@id\":\"https:\\\/\\\/www.soroptimisteurope.org\\\/fr\\\/60-soroptimist-au-conseil-de-leurope\\\/#primaryimage\"},\"thumbnailUrl\":\"https:\\\/\\\/www.soroptimisteurope.org\\\/wp-content\\\/uploads\\\/2025\\\/04\\\/2017-eu-flag-6.jpg\",\"keywords\":[\"Advocacy\"],\"articleSection\":[\"News\",\"Advocacy\"],\"inLanguage\":\"fr-FR\",\"potentialAction\":[{\"@type\":\"CommentAction\",\"name\":\"Comment\",\"target\":[\"https:\\\/\\\/www.soroptimisteurope.org\\\/fr\\\/60-soroptimist-au-conseil-de-leurope\\\/#respond\"]}]},{\"@type\":\"WebPage\",\"@id\":\"https:\\\/\\\/www.soroptimisteurope.org\\\/fr\\\/60-soroptimist-au-conseil-de-leurope\\\/\",\"url\":\"https:\\\/\\\/www.soroptimisteurope.org\\\/fr\\\/60-soroptimist-au-conseil-de-leurope\\\/\",\"name\":\"60 Soroptimist au Conseil de l\u2019Europe - Soroptimist\",\"isPartOf\":{\"@id\":\"https:\\\/\\\/www.soroptimisteurope.org\\\/#website\"},\"primaryImageOfPage\":{\"@id\":\"https:\\\/\\\/www.soroptimisteurope.org\\\/fr\\\/60-soroptimist-au-conseil-de-leurope\\\/#primaryimage\"},\"image\":{\"@id\":\"https:\\\/\\\/www.soroptimisteurope.org\\\/fr\\\/60-soroptimist-au-conseil-de-leurope\\\/#primaryimage\"},\"thumbnailUrl\":\"https:\\\/\\\/www.soroptimisteurope.org\\\/wp-content\\\/uploads\\\/2025\\\/04\\\/2017-eu-flag-6.jpg\",\"datePublished\":\"2020-03-19T07:51:18+00:00\",\"dateModified\":\"2025-05-13T09:17:19+00:00\",\"author\":{\"@id\":\"https:\\\/\\\/www.soroptimisteurope.org\\\/#\\\/schema\\\/person\\\/71cb5ee8dc72773ed419609bf2274619\"},\"breadcrumb\":{\"@id\":\"https:\\\/\\\/www.soroptimisteurope.org\\\/fr\\\/60-soroptimist-au-conseil-de-leurope\\\/#breadcrumb\"},\"inLanguage\":\"fr-FR\",\"potentialAction\":[{\"@type\":\"ReadAction\",\"target\":[\"https:\\\/\\\/www.soroptimisteurope.org\\\/fr\\\/60-soroptimist-au-conseil-de-leurope\\\/\"]}]},{\"@type\":\"ImageObject\",\"inLanguage\":\"fr-FR\",\"@id\":\"https:\\\/\\\/www.soroptimisteurope.org\\\/fr\\\/60-soroptimist-au-conseil-de-leurope\\\/#primaryimage\",\"url\":\"https:\\\/\\\/www.soroptimisteurope.org\\\/wp-content\\\/uploads\\\/2025\\\/04\\\/2017-eu-flag-6.jpg\",\"contentUrl\":\"https:\\\/\\\/www.soroptimisteurope.org\\\/wp-content\\\/uploads\\\/2025\\\/04\\\/2017-eu-flag-6.jpg\",\"width\":2363,\"height\":1576},{\"@type\":\"BreadcrumbList\",\"@id\":\"https:\\\/\\\/www.soroptimisteurope.org\\\/fr\\\/60-soroptimist-au-conseil-de-leurope\\\/#breadcrumb\",\"itemListElement\":[{\"@type\":\"ListItem\",\"position\":1,\"name\":\"Accueil\",\"item\":\"https:\\\/\\\/www.soroptimisteurope.org\\\/fr\\\/\"},{\"@type\":\"ListItem\",\"position\":2,\"name\":\"60 Soroptimist au Conseil de l\u2019Europe\"}]},{\"@type\":\"WebSite\",\"@id\":\"https:\\\/\\\/www.soroptimisteurope.org\\\/#website\",\"url\":\"https:\\\/\\\/www.soroptimisteurope.org\\\/\",\"name\":\"Soroptimist\",\"description\":\"\",\"potentialAction\":[{\"@type\":\"SearchAction\",\"target\":{\"@type\":\"EntryPoint\",\"urlTemplate\":\"https:\\\/\\\/www.soroptimisteurope.org\\\/?s={search_term_string}\"},\"query-input\":{\"@type\":\"PropertyValueSpecification\",\"valueRequired\":true,\"valueName\":\"search_term_string\"}}],\"inLanguage\":\"fr-FR\"},{\"@type\":\"Person\",\"@id\":\"https:\\\/\\\/www.soroptimisteurope.org\\\/#\\\/schema\\\/person\\\/71cb5ee8dc72773ed419609bf2274619\",\"name\":\"Virginie Racine\",\"url\":\"https:\\\/\\\/www.soroptimisteurope.org\\\/fr\\\/author\\\/adminsorop2k21\\\/\"}]}<\/script>\n<!-- \/ Yoast SEO plugin. -->","yoast_head_json":{"title":"60 Soroptimist au Conseil de l\u2019Europe - Soroptimist","robots":{"index":"index","follow":"follow","max-snippet":"max-snippet:-1","max-image-preview":"max-image-preview:large","max-video-preview":"max-video-preview:-1"},"canonical":"https:\/\/www.soroptimisteurope.org\/fr\/60-soroptimist-au-conseil-de-leurope\/","og_locale":"fr_FR","og_type":"article","og_title":"60 Soroptimist au Conseil de l\u2019Europe - Soroptimist","og_description":"Le 27 janvier dernier, \u00e0 l\u2019initiative de Bettina Hahne, la repr\u00e9sentante du SIE aupr\u00e8s du Conseil de l\u2019Europe, 60 Soroptimist belges, suisses, allemandes et fran\u00e7aises se sont donn\u00e9 rendez-vous \u00e0 [&hellip;]","og_url":"https:\/\/www.soroptimisteurope.org\/fr\/60-soroptimist-au-conseil-de-leurope\/","og_site_name":"Soroptimist","article_published_time":"2020-03-19T07:51:18+00:00","article_modified_time":"2025-05-13T09:17:19+00:00","og_image":[{"width":2363,"height":1576,"url":"https:\/\/www.soroptimisteurope.org\/wp-content\/uploads\/2025\/04\/2017-eu-flag-6.jpg","type":"image\/jpeg"}],"author":"Virginie Racine","twitter_card":"summary_large_image","twitter_misc":{"\u00c9crit par":"Virginie Racine","Dur\u00e9e de lecture estim\u00e9e":"2 minutes"},"schema":{"@context":"https:\/\/schema.org","@graph":[{"@type":"Article","@id":"https:\/\/www.soroptimisteurope.org\/fr\/60-soroptimist-au-conseil-de-leurope\/#article","isPartOf":{"@id":"https:\/\/www.soroptimisteurope.org\/fr\/60-soroptimist-au-conseil-de-leurope\/"},"author":{"name":"Virginie Racine","@id":"https:\/\/www.soroptimisteurope.org\/#\/schema\/person\/71cb5ee8dc72773ed419609bf2274619"},"headline":"60 Soroptimist au Conseil de l\u2019Europe","datePublished":"2020-03-19T07:51:18+00:00","dateModified":"2025-05-13T09:17:19+00:00","mainEntityOfPage":{"@id":"https:\/\/www.soroptimisteurope.org\/fr\/60-soroptimist-au-conseil-de-leurope\/"},"wordCount":492,"commentCount":0,"image":{"@id":"https:\/\/www.soroptimisteurope.org\/fr\/60-soroptimist-au-conseil-de-leurope\/#primaryimage"},"thumbnailUrl":"https:\/\/www.soroptimisteurope.org\/wp-content\/uploads\/2025\/04\/2017-eu-flag-6.jpg","keywords":["Advocacy"],"articleSection":["News","Advocacy"],"inLanguage":"fr-FR","potentialAction":[{"@type":"CommentAction","name":"Comment","target":["https:\/\/www.soroptimisteurope.org\/fr\/60-soroptimist-au-conseil-de-leurope\/#respond"]}]},{"@type":"WebPage","@id":"https:\/\/www.soroptimisteurope.org\/fr\/60-soroptimist-au-conseil-de-leurope\/","url":"https:\/\/www.soroptimisteurope.org\/fr\/60-soroptimist-au-conseil-de-leurope\/","name":"60 Soroptimist au Conseil de l\u2019Europe - Soroptimist","isPartOf":{"@id":"https:\/\/www.soroptimisteurope.org\/#website"},"primaryImageOfPage":{"@id":"https:\/\/www.soroptimisteurope.org\/fr\/60-soroptimist-au-conseil-de-leurope\/#primaryimage"},"image":{"@id":"https:\/\/www.soroptimisteurope.org\/fr\/60-soroptimist-au-conseil-de-leurope\/#primaryimage"},"thumbnailUrl":"https:\/\/www.soroptimisteurope.org\/wp-content\/uploads\/2025\/04\/2017-eu-flag-6.jpg","datePublished":"2020-03-19T07:51:18+00:00","dateModified":"2025-05-13T09:17:19+00:00","author":{"@id":"https:\/\/www.soroptimisteurope.org\/#\/schema\/person\/71cb5ee8dc72773ed419609bf2274619"},"breadcrumb":{"@id":"https:\/\/www.soroptimisteurope.org\/fr\/60-soroptimist-au-conseil-de-leurope\/#breadcrumb"},"inLanguage":"fr-FR","potentialAction":[{"@type":"ReadAction","target":["https:\/\/www.soroptimisteurope.org\/fr\/60-soroptimist-au-conseil-de-leurope\/"]}]},{"@type":"ImageObject","inLanguage":"fr-FR","@id":"https:\/\/www.soroptimisteurope.org\/fr\/60-soroptimist-au-conseil-de-leurope\/#primaryimage","url":"https:\/\/www.soroptimisteurope.org\/wp-content\/uploads\/2025\/04\/2017-eu-flag-6.jpg","contentUrl":"https:\/\/www.soroptimisteurope.org\/wp-content\/uploads\/2025\/04\/2017-eu-flag-6.jpg","width":2363,"height":1576},{"@type":"BreadcrumbList","@id":"https:\/\/www.soroptimisteurope.org\/fr\/60-soroptimist-au-conseil-de-leurope\/#breadcrumb","itemListElement":[{"@type":"ListItem","position":1,"name":"Accueil","item":"https:\/\/www.soroptimisteurope.org\/fr\/"},{"@type":"ListItem","position":2,"name":"60 Soroptimist au Conseil de l\u2019Europe"}]},{"@type":"WebSite","@id":"https:\/\/www.soroptimisteurope.org\/#website","url":"https:\/\/www.soroptimisteurope.org\/","name":"Soroptimist","description":"","potentialAction":[{"@type":"SearchAction","target":{"@type":"EntryPoint","urlTemplate":"https:\/\/www.soroptimisteurope.org\/?s={search_term_string}"},"query-input":{"@type":"PropertyValueSpecification","valueRequired":true,"valueName":"search_term_string"}}],"inLanguage":"fr-FR"},{"@type":"Person","@id":"https:\/\/www.soroptimisteurope.org\/#\/schema\/person\/71cb5ee8dc72773ed419609bf2274619","name":"Virginie Racine","url":"https:\/\/www.soroptimisteurope.org\/fr\/author\/adminsorop2k21\/"}]}},"_links":{"self":[{"href":"https:\/\/www.soroptimisteurope.org\/fr\/wp-json\/wp\/v2\/posts\/17294","targetHints":{"allow":["GET"]}}],"collection":[{"href":"https:\/\/www.soroptimisteurope.org\/fr\/wp-json\/wp\/v2\/posts"}],"about":[{"href":"https:\/\/www.soroptimisteurope.org\/fr\/wp-json\/wp\/v2\/types\/post"}],"author":[{"embeddable":true,"href":"https:\/\/www.soroptimisteurope.org\/fr\/wp-json\/wp\/v2\/users\/5"}],"replies":[{"embeddable":true,"href":"https:\/\/www.soroptimisteurope.org\/fr\/wp-json\/wp\/v2\/comments?post=17294"}],"version-history":[{"count":8,"href":"https:\/\/www.soroptimisteurope.org\/fr\/wp-json\/wp\/v2\/posts\/17294\/revisions"}],"predecessor-version":[{"id":41671,"href":"https:\/\/www.soroptimisteurope.org\/fr\/wp-json\/wp\/v2\/posts\/17294\/revisions\/41671"}],"wp:featuredmedia":[{"embeddable":true,"href":"https:\/\/www.soroptimisteurope.org\/fr\/wp-json\/wp\/v2\/media\/37359"}],"wp:attachment":[{"href":"https:\/\/www.soroptimisteurope.org\/fr\/wp-json\/wp\/v2\/media?parent=17294"}],"wp:term":[{"taxonomy":"category","embeddable":true,"href":"https:\/\/www.soroptimisteurope.org\/fr\/wp-json\/wp\/v2\/categories?post=17294"},{"taxonomy":"post_tag","embeddable":true,"href":"https:\/\/www.soroptimisteurope.org\/fr\/wp-json\/wp\/v2\/tags?post=17294"}],"curies":[{"name":"wp","href":"https:\/\/api.w.org\/{rel}","templated":true}]}}