{"id":17445,"date":"2020-04-07T13:48:40","date_gmt":"2020-04-07T12:48:40","guid":{"rendered":"http:\/\/www.soroptimisteurope.org\/?p=17445"},"modified":"2025-05-13T11:17:20","modified_gmt":"2025-05-13T09:17:20","slug":"annulation-reunion-des-gouverneures-2020","status":"publish","type":"post","link":"https:\/\/www.soroptimisteurope.org\/fr\/annulation-reunion-des-gouverneures-2020\/","title":{"rendered":"ANNULATION &#8211; R\u00e9union des Gouverneures 2020"},"content":{"rendered":"<p>Ch\u00e8res Soroptimist,<\/p>\n<p>&nbsp;<\/p>\n<p>Beaucoup d&rsquo;entre vous ont d\u00fb se demander si la R\u00e9union des Gouverneures, pr\u00e9vue du 26 au 28 juin 2020 \u00e0 Prague, aurait bien lieu. Nous vivons aujourd&rsquo;hui dans des circonstances extraordinaires, et les situations extraordinaires exigent des d\u00e9cisions extraordinaires.<\/p>\n<p>&nbsp;<\/p>\n<p>Lors de sa r\u00e9union du 2 avril dernier, le Bureau du SIE a d\u00e9cid\u00e9 d&rsquo;annuler la R\u00e9union des Gouverneures de Prague. Dans la perspective actuelle, il semblait impossible de tenir une RG avec la participation physique de tous les membres.<\/p>\n<p>&nbsp;<\/p>\n<p>Il semble toutefois important que notre F\u00e9d\u00e9ration continue \u00e0 aller de l&rsquo;avant dans ces circonstances et, apr\u00e8s un examen et une analyse plus approfondis, le Bureau a \u00e9galement d\u00e9cid\u00e9 de tenir une R\u00e9union \u00e9lectronique des Gouverneurs pour voter sur les questions statutaires n\u00e9cessaires, \u00e0 laquelle seuls les Gouverneures assisteront. En outre, il est pr\u00e9vu de tenir une R\u00e9union extraordinaire des Gouverneures, en face \u00e0 face, en septembre prochain \u00e0 Prague. Seules les Gouverneures et les Pr\u00e9sidentes d\u2019Union et des Clubs individuels ayant droits y seront convi\u00e9es, afin de voter sur d&rsquo;autres sujets qui n\u00e9cessitent une d\u00e9cision avant le vote. Le format traditionnel des ateliers, du d\u00eener de la F\u00e9d\u00e9ration, etc., qui vient habituellement compl\u00e9ter notre R\u00e9union des Gouverneures, ne sera pas \u00e0 l&rsquo;ordre du jour cette ann\u00e9e.<\/p>\n<p>&nbsp;<\/p>\n<p>C&rsquo;est avec le c\u0153ur lourd que je fais de ces annonces, mais j&rsquo;esp\u00e8re que toutes les Soroptimist seront d&rsquo;accord pour dire que de telles actions sont n\u00e9cessaires. Je vous prie de rester en s\u00e9curit\u00e9 et de rester chez vous.<\/p>\n<p>&nbsp;<\/p>\n<p>Avec mes meilleures salutations,<\/p>\n<p>Anna Wszelaczy\u0144ska<\/p>\n<p>Pr\u00e9sident du SIE 2019-2021<\/p>\n","protected":false},"excerpt":{"rendered":"<p>Ch\u00e8res Soroptimist, &nbsp; Beaucoup d&rsquo;entre vous ont d\u00fb se demander si la R\u00e9union des Gouverneures, pr\u00e9vue du 26 au 28 juin 2020 \u00e0 Prague, aurait bien lieu. Nous vivons aujourd&rsquo;hui [&hellip;]<\/p>\n","protected":false},"author":5,"featured_media":37373,"comment_status":"open","ping_status":"open","sticky":false,"template":"","format":"standard","meta":{"_acf_changed":false,"give_campaign_id":0,"footnotes":""},"categories":[106],"tags":[],"class_list":["post-17445","post","type-post","status-publish","format-standard","has-post-thumbnail","hentry","category-news"],"acf":{"article_photo_de_couverture":{"ID":17009,"id":17009,"title":"Scenic spring sunset aerial view of the Old Town pier architecture and Charles Bridge over Vltava river in Prague, Czech Republic","filename":"istock-978526094.jpg","filesize":9745834,"url":"https:\/\/www.soroptimisteurope.org\/wp-content\/uploads\/2020\/02\/istock-978526094.jpg","link":"https:\/\/www.soroptimisteurope.org\/fr\/scenic-spring-sunset-aerial-view-of-the-old-town-pier-architecture-and-charles-bridge-over-vltava-river-in-prague-czech-republic-2-2-4\/","alt":"","author":"3","description":"","caption":"Scenic spring sunset aerial view of the Old Town pier architecture and Charles Bridge over Vltava river in Prague, Czech Republic","name":"scenic-spring-sunset-aerial-view-of-the-old-town-pier-architecture-and-charles-bridge-over-vltava-river-in-prague-czech-republic-2-2-4","status":"inherit","uploaded_to":0,"date":"2020-02-28 12:39:47","modified":"2020-02-28 12:58:53","menu_order":0,"mime_type":"image\/jpeg","type":"image","subtype":"jpeg","icon":"https:\/\/www.soroptimisteurope.org\/wp-content\/plugins\/media-library-assistant\/images\/crystal\/image.png","width":2560,"height":871,"sizes":{"thumbnail":"https:\/\/www.soroptimisteurope.org\/wp-content\/uploads\/2020\/02\/istock-978526094-150x150.jpg","thumbnail-width":150,"thumbnail-height":150,"medium":"https:\/\/www.soroptimisteurope.org\/wp-content\/uploads\/2020\/02\/istock-978526094-300x102.jpg","medium-width":300,"medium-height":102,"medium_large":"https:\/\/www.soroptimisteurope.org\/wp-content\/uploads\/2020\/02\/istock-978526094-768x261.jpg","medium_large-width":768,"medium_large-height":261,"large":"https:\/\/www.soroptimisteurope.org\/wp-content\/uploads\/2020\/02\/istock-978526094-1024x348.jpg","large-width":800,"large-height":272,"1536x1536":"https:\/\/www.soroptimisteurope.org\/wp-content\/uploads\/2020\/02\/istock-978526094-1536x523.jpg","1536x1536-width":1536,"1536x1536-height":523,"2048x2048":"https:\/\/www.soroptimisteurope.org\/wp-content\/uploads\/2020\/02\/istock-978526094-2048x697.jpg","2048x2048-width":2048,"2048x2048-height":697}},"article_chapeau":"","article_contenu":[{"article_titre_du_paragraphe":"","article_paragraphe":"<p>Ch\u00e8res Soroptimist,<\/p>\n<p>&nbsp;<\/p>\n<p>Beaucoup d&rsquo;entre vous ont d\u00fb se demander si la R\u00e9union des Gouverneures, pr\u00e9vue du 26 au 28 juin 2020 \u00e0 Prague, aurait bien lieu. Nous vivons aujourd&rsquo;hui dans des circonstances extraordinaires, et les situations extraordinaires exigent des d\u00e9cisions extraordinaires.<\/p>\n<p>&nbsp;<\/p>\n<p>Lors de sa r\u00e9union du 2 avril dernier, le Bureau du SIE a d\u00e9cid\u00e9 d&rsquo;annuler la R\u00e9union des Gouverneures de Prague. Dans la perspective actuelle, il semblait impossible de tenir une RG avec la participation physique de tous les membres.<\/p>\n<p>&nbsp;<\/p>\n<p>Il semble toutefois important que notre F\u00e9d\u00e9ration continue \u00e0 aller de l&rsquo;avant dans ces circonstances et, apr\u00e8s un examen et une analyse plus approfondis, le Bureau a \u00e9galement d\u00e9cid\u00e9 de tenir une R\u00e9union \u00e9lectronique des Gouverneurs pour voter sur les questions statutaires n\u00e9cessaires, \u00e0 laquelle seuls les Gouverneures assisteront. En outre, il est pr\u00e9vu de tenir une R\u00e9union extraordinaire des Gouverneures, en face \u00e0 face, en septembre prochain \u00e0 Prague. Seules les Gouverneures et les Pr\u00e9sidentes d\u2019Union et des Clubs individuels ayant droits y seront convi\u00e9es, afin de voter sur d&rsquo;autres sujets qui n\u00e9cessitent une d\u00e9cision avant le vote. Le format traditionnel des ateliers, du d\u00eener de la F\u00e9d\u00e9ration, etc., qui vient habituellement compl\u00e9ter notre R\u00e9union des Gouverneures, ne sera pas \u00e0 l&rsquo;ordre du jour cette ann\u00e9e.<\/p>\n<p>&nbsp;<\/p>\n<p>C&rsquo;est avec le c\u0153ur lourd que je fais de ces annonces, mais j&rsquo;esp\u00e8re que toutes les Soroptimist seront d&rsquo;accord pour dire que de telles actions sont n\u00e9cessaires. Je vous prie de rester en s\u00e9curit\u00e9 et de rester chez vous.<\/p>\n<p>&nbsp;<\/p>\n<p>Avec mes meilleures salutations,<\/p>\n<p>Anna Wszelaczy\u0144ska<\/p>\n<p>Pr\u00e9sident du SIE 2019-2021<\/p>\n","article_media_image":false,"article_media_video":""}],"article_trombinoscope":false,"article_video":"","article_evenements_sociaux":false,"article_auteur_texte":"","article_nom_contact":"","article_email_contact":"","article_numero_contact":"","article_documents":false,"article_actualites_liees":false},"yoast_head":"<!-- This site is optimized with the Yoast SEO plugin v27.4 - https:\/\/yoast.com\/product\/yoast-seo-wordpress\/ -->\n<title>ANNULATION - R\u00e9union des Gouverneures 2020 - Soroptimist<\/title>\n<meta name=\"robots\" content=\"index, follow, max-snippet:-1, max-image-preview:large, max-video-preview:-1\" \/>\n<link rel=\"canonical\" href=\"https:\/\/www.soroptimisteurope.org\/fr\/annulation-reunion-des-gouverneures-2020\/\" \/>\n<meta property=\"og:locale\" content=\"fr_FR\" \/>\n<meta property=\"og:type\" content=\"article\" \/>\n<meta property=\"og:title\" content=\"ANNULATION - R\u00e9union des Gouverneures 2020 - Soroptimist\" \/>\n<meta property=\"og:description\" content=\"Ch\u00e8res Soroptimist, &nbsp; Beaucoup d&rsquo;entre vous ont d\u00fb se demander si la R\u00e9union des Gouverneures, pr\u00e9vue du 26 au 28 juin 2020 \u00e0 Prague, aurait bien lieu. Nous vivons aujourd&rsquo;hui [&hellip;]\" \/>\n<meta property=\"og:url\" content=\"https:\/\/www.soroptimisteurope.org\/fr\/annulation-reunion-des-gouverneures-2020\/\" \/>\n<meta property=\"og:site_name\" content=\"Soroptimist\" \/>\n<meta property=\"article:published_time\" content=\"2020-04-07T12:48:40+00:00\" \/>\n<meta property=\"article:modified_time\" content=\"2025-05-13T09:17:20+00:00\" \/>\n<meta property=\"og:image\" content=\"https:\/\/www.soroptimisteurope.org\/wp-content\/uploads\/2025\/04\/istock-978526094-2-scaled.jpg\" \/>\n\t<meta property=\"og:image:width\" content=\"2560\" \/>\n\t<meta property=\"og:image:height\" content=\"871\" \/>\n\t<meta property=\"og:image:type\" content=\"image\/jpeg\" \/>\n<meta name=\"author\" content=\"Virginie Racine\" \/>\n<meta name=\"twitter:card\" content=\"summary_large_image\" \/>\n<meta name=\"twitter:label1\" content=\"\u00c9crit par\" \/>\n\t<meta name=\"twitter:data1\" content=\"Virginie Racine\" \/>\n\t<meta name=\"twitter:label2\" content=\"Dur\u00e9e de lecture estim\u00e9e\" \/>\n\t<meta name=\"twitter:data2\" content=\"1 minute\" \/>\n<script type=\"application\/ld+json\" class=\"yoast-schema-graph\">{\"@context\":\"https:\\\/\\\/schema.org\",\"@graph\":[{\"@type\":\"Article\",\"@id\":\"https:\\\/\\\/www.soroptimisteurope.org\\\/fr\\\/annulation-reunion-des-gouverneures-2020\\\/#article\",\"isPartOf\":{\"@id\":\"https:\\\/\\\/www.soroptimisteurope.org\\\/fr\\\/annulation-reunion-des-gouverneures-2020\\\/\"},\"author\":{\"name\":\"Virginie Racine\",\"@id\":\"https:\\\/\\\/www.soroptimisteurope.org\\\/#\\\/schema\\\/person\\\/71cb5ee8dc72773ed419609bf2274619\"},\"headline\":\"ANNULATION &#8211; R\u00e9union des Gouverneures 2020\",\"datePublished\":\"2020-04-07T12:48:40+00:00\",\"dateModified\":\"2025-05-13T09:17:20+00:00\",\"mainEntityOfPage\":{\"@id\":\"https:\\\/\\\/www.soroptimisteurope.org\\\/fr\\\/annulation-reunion-des-gouverneures-2020\\\/\"},\"wordCount\":299,\"commentCount\":0,\"image\":{\"@id\":\"https:\\\/\\\/www.soroptimisteurope.org\\\/fr\\\/annulation-reunion-des-gouverneures-2020\\\/#primaryimage\"},\"thumbnailUrl\":\"https:\\\/\\\/www.soroptimisteurope.org\\\/wp-content\\\/uploads\\\/2025\\\/04\\\/istock-978526094-2-scaled.jpg\",\"articleSection\":[\"News\"],\"inLanguage\":\"fr-FR\",\"potentialAction\":[{\"@type\":\"CommentAction\",\"name\":\"Comment\",\"target\":[\"https:\\\/\\\/www.soroptimisteurope.org\\\/fr\\\/annulation-reunion-des-gouverneures-2020\\\/#respond\"]}]},{\"@type\":\"WebPage\",\"@id\":\"https:\\\/\\\/www.soroptimisteurope.org\\\/fr\\\/annulation-reunion-des-gouverneures-2020\\\/\",\"url\":\"https:\\\/\\\/www.soroptimisteurope.org\\\/fr\\\/annulation-reunion-des-gouverneures-2020\\\/\",\"name\":\"ANNULATION - R\u00e9union des Gouverneures 2020 - Soroptimist\",\"isPartOf\":{\"@id\":\"https:\\\/\\\/www.soroptimisteurope.org\\\/#website\"},\"primaryImageOfPage\":{\"@id\":\"https:\\\/\\\/www.soroptimisteurope.org\\\/fr\\\/annulation-reunion-des-gouverneures-2020\\\/#primaryimage\"},\"image\":{\"@id\":\"https:\\\/\\\/www.soroptimisteurope.org\\\/fr\\\/annulation-reunion-des-gouverneures-2020\\\/#primaryimage\"},\"thumbnailUrl\":\"https:\\\/\\\/www.soroptimisteurope.org\\\/wp-content\\\/uploads\\\/2025\\\/04\\\/istock-978526094-2-scaled.jpg\",\"datePublished\":\"2020-04-07T12:48:40+00:00\",\"dateModified\":\"2025-05-13T09:17:20+00:00\",\"author\":{\"@id\":\"https:\\\/\\\/www.soroptimisteurope.org\\\/#\\\/schema\\\/person\\\/71cb5ee8dc72773ed419609bf2274619\"},\"breadcrumb\":{\"@id\":\"https:\\\/\\\/www.soroptimisteurope.org\\\/fr\\\/annulation-reunion-des-gouverneures-2020\\\/#breadcrumb\"},\"inLanguage\":\"fr-FR\",\"potentialAction\":[{\"@type\":\"ReadAction\",\"target\":[\"https:\\\/\\\/www.soroptimisteurope.org\\\/fr\\\/annulation-reunion-des-gouverneures-2020\\\/\"]}]},{\"@type\":\"ImageObject\",\"inLanguage\":\"fr-FR\",\"@id\":\"https:\\\/\\\/www.soroptimisteurope.org\\\/fr\\\/annulation-reunion-des-gouverneures-2020\\\/#primaryimage\",\"url\":\"https:\\\/\\\/www.soroptimisteurope.org\\\/wp-content\\\/uploads\\\/2025\\\/04\\\/istock-978526094-2-scaled.jpg\",\"contentUrl\":\"https:\\\/\\\/www.soroptimisteurope.org\\\/wp-content\\\/uploads\\\/2025\\\/04\\\/istock-978526094-2-scaled.jpg\",\"width\":2560,\"height\":871},{\"@type\":\"BreadcrumbList\",\"@id\":\"https:\\\/\\\/www.soroptimisteurope.org\\\/fr\\\/annulation-reunion-des-gouverneures-2020\\\/#breadcrumb\",\"itemListElement\":[{\"@type\":\"ListItem\",\"position\":1,\"name\":\"Accueil\",\"item\":\"https:\\\/\\\/www.soroptimisteurope.org\\\/fr\\\/\"},{\"@type\":\"ListItem\",\"position\":2,\"name\":\"ANNULATION &#8211; R\u00e9union des Gouverneures 2020\"}]},{\"@type\":\"WebSite\",\"@id\":\"https:\\\/\\\/www.soroptimisteurope.org\\\/#website\",\"url\":\"https:\\\/\\\/www.soroptimisteurope.org\\\/\",\"name\":\"Soroptimist\",\"description\":\"\",\"potentialAction\":[{\"@type\":\"SearchAction\",\"target\":{\"@type\":\"EntryPoint\",\"urlTemplate\":\"https:\\\/\\\/www.soroptimisteurope.org\\\/?s={search_term_string}\"},\"query-input\":{\"@type\":\"PropertyValueSpecification\",\"valueRequired\":true,\"valueName\":\"search_term_string\"}}],\"inLanguage\":\"fr-FR\"},{\"@type\":\"Person\",\"@id\":\"https:\\\/\\\/www.soroptimisteurope.org\\\/#\\\/schema\\\/person\\\/71cb5ee8dc72773ed419609bf2274619\",\"name\":\"Virginie Racine\",\"url\":\"https:\\\/\\\/www.soroptimisteurope.org\\\/fr\\\/author\\\/adminsorop2k21\\\/\"}]}<\/script>\n<!-- \/ Yoast SEO plugin. -->","yoast_head_json":{"title":"ANNULATION - R\u00e9union des Gouverneures 2020 - Soroptimist","robots":{"index":"index","follow":"follow","max-snippet":"max-snippet:-1","max-image-preview":"max-image-preview:large","max-video-preview":"max-video-preview:-1"},"canonical":"https:\/\/www.soroptimisteurope.org\/fr\/annulation-reunion-des-gouverneures-2020\/","og_locale":"fr_FR","og_type":"article","og_title":"ANNULATION - R\u00e9union des Gouverneures 2020 - Soroptimist","og_description":"Ch\u00e8res Soroptimist, &nbsp; Beaucoup d&rsquo;entre vous ont d\u00fb se demander si la R\u00e9union des Gouverneures, pr\u00e9vue du 26 au 28 juin 2020 \u00e0 Prague, aurait bien lieu. Nous vivons aujourd&rsquo;hui [&hellip;]","og_url":"https:\/\/www.soroptimisteurope.org\/fr\/annulation-reunion-des-gouverneures-2020\/","og_site_name":"Soroptimist","article_published_time":"2020-04-07T12:48:40+00:00","article_modified_time":"2025-05-13T09:17:20+00:00","og_image":[{"width":2560,"height":871,"url":"https:\/\/www.soroptimisteurope.org\/wp-content\/uploads\/2025\/04\/istock-978526094-2-scaled.jpg","type":"image\/jpeg"}],"author":"Virginie Racine","twitter_card":"summary_large_image","twitter_misc":{"\u00c9crit par":"Virginie Racine","Dur\u00e9e de lecture estim\u00e9e":"1 minute"},"schema":{"@context":"https:\/\/schema.org","@graph":[{"@type":"Article","@id":"https:\/\/www.soroptimisteurope.org\/fr\/annulation-reunion-des-gouverneures-2020\/#article","isPartOf":{"@id":"https:\/\/www.soroptimisteurope.org\/fr\/annulation-reunion-des-gouverneures-2020\/"},"author":{"name":"Virginie Racine","@id":"https:\/\/www.soroptimisteurope.org\/#\/schema\/person\/71cb5ee8dc72773ed419609bf2274619"},"headline":"ANNULATION &#8211; R\u00e9union des Gouverneures 2020","datePublished":"2020-04-07T12:48:40+00:00","dateModified":"2025-05-13T09:17:20+00:00","mainEntityOfPage":{"@id":"https:\/\/www.soroptimisteurope.org\/fr\/annulation-reunion-des-gouverneures-2020\/"},"wordCount":299,"commentCount":0,"image":{"@id":"https:\/\/www.soroptimisteurope.org\/fr\/annulation-reunion-des-gouverneures-2020\/#primaryimage"},"thumbnailUrl":"https:\/\/www.soroptimisteurope.org\/wp-content\/uploads\/2025\/04\/istock-978526094-2-scaled.jpg","articleSection":["News"],"inLanguage":"fr-FR","potentialAction":[{"@type":"CommentAction","name":"Comment","target":["https:\/\/www.soroptimisteurope.org\/fr\/annulation-reunion-des-gouverneures-2020\/#respond"]}]},{"@type":"WebPage","@id":"https:\/\/www.soroptimisteurope.org\/fr\/annulation-reunion-des-gouverneures-2020\/","url":"https:\/\/www.soroptimisteurope.org\/fr\/annulation-reunion-des-gouverneures-2020\/","name":"ANNULATION - R\u00e9union des Gouverneures 2020 - Soroptimist","isPartOf":{"@id":"https:\/\/www.soroptimisteurope.org\/#website"},"primaryImageOfPage":{"@id":"https:\/\/www.soroptimisteurope.org\/fr\/annulation-reunion-des-gouverneures-2020\/#primaryimage"},"image":{"@id":"https:\/\/www.soroptimisteurope.org\/fr\/annulation-reunion-des-gouverneures-2020\/#primaryimage"},"thumbnailUrl":"https:\/\/www.soroptimisteurope.org\/wp-content\/uploads\/2025\/04\/istock-978526094-2-scaled.jpg","datePublished":"2020-04-07T12:48:40+00:00","dateModified":"2025-05-13T09:17:20+00:00","author":{"@id":"https:\/\/www.soroptimisteurope.org\/#\/schema\/person\/71cb5ee8dc72773ed419609bf2274619"},"breadcrumb":{"@id":"https:\/\/www.soroptimisteurope.org\/fr\/annulation-reunion-des-gouverneures-2020\/#breadcrumb"},"inLanguage":"fr-FR","potentialAction":[{"@type":"ReadAction","target":["https:\/\/www.soroptimisteurope.org\/fr\/annulation-reunion-des-gouverneures-2020\/"]}]},{"@type":"ImageObject","inLanguage":"fr-FR","@id":"https:\/\/www.soroptimisteurope.org\/fr\/annulation-reunion-des-gouverneures-2020\/#primaryimage","url":"https:\/\/www.soroptimisteurope.org\/wp-content\/uploads\/2025\/04\/istock-978526094-2-scaled.jpg","contentUrl":"https:\/\/www.soroptimisteurope.org\/wp-content\/uploads\/2025\/04\/istock-978526094-2-scaled.jpg","width":2560,"height":871},{"@type":"BreadcrumbList","@id":"https:\/\/www.soroptimisteurope.org\/fr\/annulation-reunion-des-gouverneures-2020\/#breadcrumb","itemListElement":[{"@type":"ListItem","position":1,"name":"Accueil","item":"https:\/\/www.soroptimisteurope.org\/fr\/"},{"@type":"ListItem","position":2,"name":"ANNULATION &#8211; R\u00e9union des Gouverneures 2020"}]},{"@type":"WebSite","@id":"https:\/\/www.soroptimisteurope.org\/#website","url":"https:\/\/www.soroptimisteurope.org\/","name":"Soroptimist","description":"","potentialAction":[{"@type":"SearchAction","target":{"@type":"EntryPoint","urlTemplate":"https:\/\/www.soroptimisteurope.org\/?s={search_term_string}"},"query-input":{"@type":"PropertyValueSpecification","valueRequired":true,"valueName":"search_term_string"}}],"inLanguage":"fr-FR"},{"@type":"Person","@id":"https:\/\/www.soroptimisteurope.org\/#\/schema\/person\/71cb5ee8dc72773ed419609bf2274619","name":"Virginie Racine","url":"https:\/\/www.soroptimisteurope.org\/fr\/author\/adminsorop2k21\/"}]}},"_links":{"self":[{"href":"https:\/\/www.soroptimisteurope.org\/fr\/wp-json\/wp\/v2\/posts\/17445","targetHints":{"allow":["GET"]}}],"collection":[{"href":"https:\/\/www.soroptimisteurope.org\/fr\/wp-json\/wp\/v2\/posts"}],"about":[{"href":"https:\/\/www.soroptimisteurope.org\/fr\/wp-json\/wp\/v2\/types\/post"}],"author":[{"embeddable":true,"href":"https:\/\/www.soroptimisteurope.org\/fr\/wp-json\/wp\/v2\/users\/5"}],"replies":[{"embeddable":true,"href":"https:\/\/www.soroptimisteurope.org\/fr\/wp-json\/wp\/v2\/comments?post=17445"}],"version-history":[{"count":3,"href":"https:\/\/www.soroptimisteurope.org\/fr\/wp-json\/wp\/v2\/posts\/17445\/revisions"}],"predecessor-version":[{"id":35125,"href":"https:\/\/www.soroptimisteurope.org\/fr\/wp-json\/wp\/v2\/posts\/17445\/revisions\/35125"}],"wp:featuredmedia":[{"embeddable":true,"href":"https:\/\/www.soroptimisteurope.org\/fr\/wp-json\/wp\/v2\/media\/37373"}],"wp:attachment":[{"href":"https:\/\/www.soroptimisteurope.org\/fr\/wp-json\/wp\/v2\/media?parent=17445"}],"wp:term":[{"taxonomy":"category","embeddable":true,"href":"https:\/\/www.soroptimisteurope.org\/fr\/wp-json\/wp\/v2\/categories?post=17445"},{"taxonomy":"post_tag","embeddable":true,"href":"https:\/\/www.soroptimisteurope.org\/fr\/wp-json\/wp\/v2\/tags?post=17445"}],"curies":[{"name":"wp","href":"https:\/\/api.w.org\/{rel}","templated":true}]}}