{"id":17749,"date":"2020-05-20T07:38:45","date_gmt":"2020-05-20T06:38:45","guid":{"rendered":"http:\/\/www.soroptimisteurope.org\/?p=17749"},"modified":"2025-05-13T11:17:22","modified_gmt":"2025-05-13T09:17:22","slug":"academie-du-leadership-du-sie-un-levier-pour-ameliorer-la-vie-des-femmes","status":"publish","type":"post","link":"https:\/\/www.soroptimisteurope.org\/fr\/academie-du-leadership-du-sie-un-levier-pour-ameliorer-la-vie-des-femmes\/","title":{"rendered":"Acad\u00e9mie du leadership du SIE : un levier pour am\u00e9liorer la vie des femmes"},"content":{"rendered":"<p>Pendant la p\u00e9riode biennale 2019-2021 en cours, le Soroptimist International d\u2019Europe met l\u2019accent sur l\u2019autonomisation des femmes et des filles pour qu\u2019elles puissent r\u00e9aliser leurs r\u00eaves et plus que jamais concr\u00e9tiser leur potentiel gr\u00e2ce \u00e0 l\u2019\u00c9DUCATION.<\/p>\n<p>&nbsp;<\/p>\n<p>Le Bureau du\u00a0SIE jette des ponts et \u00e9largit les programmes p\u00e9dagogiques actuels comme le Mentorat et les Bourses en organisant des Acad\u00e9mies du leadership du\u00a0SIE pour les jeunes femmes de la F\u00e9d\u00e9ration.<\/p>\n<p>&nbsp;<\/p>\n<p>En se fondant sur la strat\u00e9gie couronn\u00e9e de succ\u00e8s et les exp\u00e9riences de la SNLA (Soroptimist Nordic Leadership Academy), qui ont fait leurs preuves sur la dur\u00e9e, le\u00a0SIE souhaite souligner \u00e0 toutes les Unions l\u2019importance de ce programme unique destin\u00e9 aux jeunes femmes, dont l\u2019objectif est de les aider \u00e0 d\u00e9velopper leur potentiel de leadership, \u00e0 les pr\u00e9parer \u00e0 des postes de management et \u00e0 leur fournir des opportunit\u00e9s de r\u00e9seautage.<\/p>\n<p>&nbsp;<\/p>\n<p><img fetchpriority=\"high\" decoding=\"async\" class=\"alignnone wp-image-17712\" src=\"https:\/\/www.soroptimisteurope.org\/wp-content\/uploads\/2020\/05\/thinkstockphotos-921297240-shadow-superhero-woman-converted.jpg\" alt=\"\" width=\"875\" height=\"583\" \/><\/p>\n<p>&nbsp;<\/p>\n<p>Le style du leadership en question est synonyme de respect de soi et de confiance en soi. Il s\u2019agit d\u2019\u00eatre pr\u00eates \u00e0 apprendre de nouvelles choses qui ne sont pas toujours enseign\u00e9es dans les \u00e9coles. De relever des d\u00e9fis en y prenant plaisir, d\u2019\u00eatre inspir\u00e9e et d\u2019inspirer les autres.<\/p>\n<p>&nbsp;<\/p>\n<p><strong>Points forts du programme<\/strong><\/p>\n<ul>\n<li>Comprendre les bases des principes du leadership et renforcer les comp\u00e9tences dans ce domaine<\/li>\n<li>Tirer parti de pr\u00e9cieuses contributions pour votre d\u00e9veloppement personnel<\/li>\n<li>Rencontrer d\u2019autres leaders femmes et avoir l\u2019opportunit\u00e9 d\u2019\u00e9changer des id\u00e9es<\/li>\n<li>Cr\u00e9er un plan de carri\u00e8re personnel incluant les \u00e9tapes \u00e0 venir<\/li>\n<li>\u00c9largir votre r\u00e9seau personnel gr\u00e2ce \u00e0 de pr\u00e9cieux contacts<\/li>\n<li>Faire la connaissance de nouvelles amies venant de toute l\u2019Europe<\/li>\n<\/ul>\n<p>&nbsp;<\/p>\n<p><strong>Public cible et profil<\/strong><\/p>\n<p>La participation \u00e0 l\u2019Acad\u00e9mie du leadership est r\u00e9serv\u00e9e et limit\u00e9e aux femmes et aux filles de\u00a018 \u00e0 32\u00a0ans.<\/p>\n<p>Elles peuvent profiter de cet \u00e9v\u00e9nement d\u2019une dur\u00e9e de cinq jours si elles souhaitent:<\/p>\n<p>&nbsp;<\/p>\n<ul>\n<li>partager l\u2019int\u00e9r\u00eat qu\u2019elles portent \u00e0 participer \u00e0 la cr\u00e9ation d\u2019un monde meilleur\u00a0;<\/li>\n<li>rencontrer des femmes de m\u00eame sensibilit\u00e9 venant d\u2019autres pays d\u2019Europe, qu\u2019elles en soient originaires ou non\u00a0;<\/li>\n<li>participer activement \u00e0 cette Acad\u00e9mie unique\u00a0;<\/li>\n<li>apprendre de femmes ayant une activit\u00e9 professionnelle et qui ont r\u00e9ussi dans leur vie.<\/li>\n<\/ul>\n<p>La condition pr\u00e9alable \u00e0 la participation est d\u2019\u00e9tudier dans une universit\u00e9 ou une \u00e9cole de sciences appliqu\u00e9es. Toutefois, sont \u00e9galement bienvenues les employ\u00e9es et b\u00e9n\u00e9voles disposant d\u2019un certificat scolaire \u00e9quivalent et qui pr\u00e9parent leur carri\u00e8re professionnelle ou la cr\u00e9ation de leur entreprise.<\/p>\n<p>&nbsp;<\/p>\n<p><img decoding=\"async\" class=\" wp-image-17731\" src=\"https:\/\/www.soroptimisteurope.org\/wp-content\/uploads\/2020\/05\/istock-1135346387.jpg\" alt=\"\" width=\"875\" height=\"493\" srcset=\"https:\/\/www.soroptimisteurope.org\/wp-content\/uploads\/2020\/05\/istock-1135346387.jpg 2309w, https:\/\/www.soroptimisteurope.org\/wp-content\/uploads\/2020\/05\/istock-1135346387-300x169.jpg 300w, https:\/\/www.soroptimisteurope.org\/wp-content\/uploads\/2020\/05\/istock-1135346387-1024x576.jpg 1024w, https:\/\/www.soroptimisteurope.org\/wp-content\/uploads\/2020\/05\/istock-1135346387-768x432.jpg 768w, https:\/\/www.soroptimisteurope.org\/wp-content\/uploads\/2020\/05\/istock-1135346387-1536x864.jpg 1536w, https:\/\/www.soroptimisteurope.org\/wp-content\/uploads\/2020\/05\/istock-1135346387-2048x1152.jpg 2048w\" sizes=\"(max-width: 875px) 100vw, 875px\" \/><\/p>\n<p>&nbsp;<\/p>\n<p><strong>Structure de la formation<\/strong><\/p>\n<p>L\u2019Acad\u00e9mie du leadership du\u00a0SIE couvre plusieurs modules, qui offrent un condens\u00e9 de pr\u00e9cieux enseignements dans les domaines suivants\u00a0:<\/p>\n<p>&nbsp;<\/p>\n<ul>\n<li>Comp\u00e9tences de leadership<\/li>\n<li>D\u00e9veloppement personnel<\/li>\n<li>Comp\u00e9tences de n\u00e9gociation<\/li>\n<li>Questions culturelles et d\u00e9mocratie<\/li>\n<li>Style de vie\u00a0: exercices de r\u00e9flexion, s\u00e9ances de m\u00e9ditation et\/ou yoga<\/li>\n<\/ul>\n<p>&nbsp;<\/p>\n<p>Des intervenantes professionnelles et exp\u00e9riment\u00e9es du\u00a0SI animent l\u2019\u00e9v\u00e9nement afin de donner aux participantes l\u2019impulsion dont elles ont besoin pour se d\u00e9passer.<\/p>\n<p>&nbsp;<\/p>\n<p>&nbsp;<\/p>\n<p><strong>Effet de levier sur les Unions et les \u00e9quipes DP\/DPA des Clubs<\/strong><\/p>\n<p>L\u2019avantage d\u2019organiser une Acad\u00e9mie du leadership tient \u00e0 trois \u00e9l\u00e9ments durables dans le temps\u00a0:<\/p>\n<p>&nbsp;<\/p>\n<ul>\n<li>Le r\u00e9seau et les relations \u00e9troites entre l\u2019\u00e9quipe de Programme \u00e0 chaque niveau du\u00a0SI auront pour effet de multiplier les talents et influences dans nos champs d\u2019action de pr\u00e9dilection.<\/li>\n<li>Il sera par ailleurs n\u00e9cessaire de former des groupes de travail sp\u00e9cifiques afin d\u2019assurer la pr\u00e9paration de l\u2019Acad\u00e9mie du leadership et de garantir la visibilit\u00e9 des positions soroptimist.<\/li>\n<li>Le groupe cible de jeunes femmes b\u00e9n\u00e9ficiera des apprentissages aussi bien pratiques que comportementaux, et sera inspir\u00e9 par l\u2019esprit soroptimist.<\/li>\n<\/ul>\n<p>&nbsp;<\/p>\n<p><img decoding=\"async\" class=\" wp-image-16388\" src=\"https:\/\/www.soroptimisteurope.org\/wp-content\/uploads\/2020\/01\/istock-1008108184-e1579263529216.jpg\" alt=\"\" width=\"873\" height=\"486\" \/><\/p>\n<p>&nbsp;<\/p>\n<p>&nbsp;<\/p>\n<p><strong>Effet GAGNANT-GAGNANT\u00a0: participantes et Soroptimist<\/strong><\/p>\n<p>L\u2019organisation d\u2019une Acad\u00e9mie du leadership sous forme d\u2019un projet d\u2019exception bas\u00e9 sur la\u00a0SNLA sera tr\u00e8s utile et ce projet sera GAGNANT-GAGNANT pour toutes les communaut\u00e9s impliqu\u00e9es \u00e0 chaque niveau du\u00a0SI\u00a0:<\/p>\n<p>&nbsp;<\/p>\n<ul>\n<li>Les Clubs seront mieux connus dans leur r\u00e9gion.<\/li>\n<li>Les Unions travailleront en interaction et tour \u00e0 tour sur le m\u00eame projet, ce qui attirera l\u2019attention du public et cr\u00e9era de nouveaux liens d\u2019amiti\u00e9.<\/li>\n<li>Le SI\u00a0Europe sera en contact \u00e9troit avec les Unions et supervisera la totalit\u00e9 du processus.<\/li>\n<\/ul>\n<p>&nbsp;<\/p>\n<p>Gardez bien \u00e0 l\u2019esprit que notre philosophie fondamentale, celle de notre devise \u00ab\u00a0We Stand Up for Women\u00a0\u00bb, est d\u2019apporter des am\u00e9liorations concr\u00e8tes \u00e0 la vie des femmes et des filles. En tant que membres du\u00a0SI, nous nous impliquons en faveur d\u2019un monde dans lequel les femmes et les filles ont la capacit\u00e9 de r\u00e9aliser leur potentiel individuel et collectif pour concr\u00e9tiser leurs aspirations et exercer leurs talents.<\/p>\n<p>&nbsp;<\/p>\n<p>La structure propos\u00e9e a \u00e9t\u00e9 appliqu\u00e9e avec succ\u00e8s dans les Unions nordiques. Elle apporte un soutien, et le partage d\u2019exp\u00e9riences afin d\u2019apporter des am\u00e9liorations est b\u00e9n\u00e9fique. Chaque Union peut profiter de cette opportunit\u00e9 et participer \u00e0 cette initiative interactive en rejoignant un groupe avec quatre ou cinq autres Unions. Chaque groupe sera guid\u00e9 et soutenu par l\u2019\u00e9quipe de Programme du\u00a0SIE et des superviseuses de la\u00a0SNLA.<\/p>\n<p>&nbsp;<\/p>\n<p>Gr\u00e2ce aux exp\u00e9riences pass\u00e9es, aucune Union ne doit partir de z\u00e9ro. C\u2019est pourquoi nous recommandons la diffusion de cette excellente initiative \u00e0 travers le SI\u00a0Europe, et la cr\u00e9ation de groupes de plusieurs unions travaillant ensemble sur la base d\u2019un syst\u00e8me de rotation. Avec cette structure, chaque Union organiserait et accueillerait un camp d\u2019\u00e9t\u00e9 tous les cinq ans, par exemple.<\/p>\n<p>&nbsp;<\/p>\n<p>Toutes les Soroptimist du SI Europe peuvent avoir un impact \u00e9norme sur la concr\u00e9tisation du r\u00eave de leadership de jeunes femmes et de filles. De mani\u00e8re g\u00e9n\u00e9rale, les Soroptimist doivent travailler ensemble pour r\u00e9aliser ces r\u00eaves des g\u00e9n\u00e9rations Y et Z. Dans cette optique, continuons d\u2019\u00eatre des personnes sur qui l\u2019on peut compter, et de penser de mani\u00e8re globale tout en agissant localement. Le partage de toutes nos connaissances dans diff\u00e9rents domaines est extr\u00eamement important pour les g\u00e9n\u00e9rations futures.<\/p>\n<p>&nbsp;<\/p>\n<p>Rassemblons des femmes, faisons-les \u00e9voluer ensemble et s\u00e9curisons leur avenir. Dernier point et non des moindres\u00a0: faisons d\u2019elles de nouveaux membres du\u00a0SIE\u00a0!<\/p>\n<p>&nbsp;<\/p>\n<p><img loading=\"lazy\" decoding=\"async\" class=\" wp-image-17740\" src=\"https:\/\/www.soroptimisteurope.org\/wp-content\/uploads\/2020\/05\/thinkstockphotos-917454512-stronger-together.jpg\" alt=\"\" width=\"875\" height=\"633\" \/><\/p>\n","protected":false},"excerpt":{"rendered":"<p>Atteindre son plein potentiel<\/p>\n","protected":false},"author":5,"featured_media":37413,"comment_status":"open","ping_status":"open","sticky":false,"template":"","format":"standard","meta":{"_acf_changed":false,"give_campaign_id":0,"footnotes":""},"categories":[106,117],"tags":[],"class_list":["post-17749","post","type-post","status-publish","format-standard","has-post-thumbnail","hentry","category-news","category-leadership-academy"],"acf":{"article_photo_de_couverture":false,"article_chapeau":"<p>Atteindre son plein potentiel<\/p>\n","article_contenu":[{"article_titre_du_paragraphe":"","article_paragraphe":"<p>Pendant la p\u00e9riode biennale 2019-2021 en cours, le Soroptimist International d\u2019Europe met l\u2019accent sur l\u2019autonomisation des femmes et des filles pour qu\u2019elles puissent r\u00e9aliser leurs r\u00eaves et plus que jamais concr\u00e9tiser leur potentiel gr\u00e2ce \u00e0 l\u2019\u00c9DUCATION.<\/p>\n<p>&nbsp;<\/p>\n<p>Le Bureau du\u00a0SIE jette des ponts et \u00e9largit les programmes p\u00e9dagogiques actuels comme le Mentorat et les Bourses en organisant des Acad\u00e9mies du leadership du\u00a0SIE pour les jeunes femmes de la F\u00e9d\u00e9ration.<\/p>\n<p>&nbsp;<\/p>\n<p>En se fondant sur la strat\u00e9gie couronn\u00e9e de succ\u00e8s et les exp\u00e9riences de la SNLA (Soroptimist Nordic Leadership Academy), qui ont fait leurs preuves sur la dur\u00e9e, le\u00a0SIE souhaite souligner \u00e0 toutes les Unions l\u2019importance de ce programme unique destin\u00e9 aux jeunes femmes, dont l\u2019objectif est de les aider \u00e0 d\u00e9velopper leur potentiel de leadership, \u00e0 les pr\u00e9parer \u00e0 des postes de management et \u00e0 leur fournir des opportunit\u00e9s de r\u00e9seautage.<\/p>\n<p>&nbsp;<\/p>\n<p><img loading=\"lazy\" decoding=\"async\" class=\"alignnone wp-image-17712\" src=\"http:\/\/www.soroptimisteurope.org\/wp-content\/uploads\/2020\/05\/thinkstockphotos-921297240-shadow-superhero-woman-converted-300x200.jpg\" alt=\"\" width=\"875\" height=\"583\" \/><\/p>\n<p>&nbsp;<\/p>\n<p>Le style du leadership en question est synonyme de respect de soi et de confiance en soi. Il s\u2019agit d\u2019\u00eatre pr\u00eates \u00e0 apprendre de nouvelles choses qui ne sont pas toujours enseign\u00e9es dans les \u00e9coles. De relever des d\u00e9fis en y prenant plaisir, d\u2019\u00eatre inspir\u00e9e et d\u2019inspirer les autres.<\/p>\n<p>&nbsp;<\/p>\n<p><strong>Points forts du programme<\/strong><\/p>\n<ul>\n<li>Comprendre les bases des principes du leadership et renforcer les comp\u00e9tences dans ce domaine<\/li>\n<li>Tirer parti de pr\u00e9cieuses contributions pour votre d\u00e9veloppement personnel<\/li>\n<li>Rencontrer d\u2019autres leaders femmes et avoir l\u2019opportunit\u00e9 d\u2019\u00e9changer des id\u00e9es<\/li>\n<li>Cr\u00e9er un plan de carri\u00e8re personnel incluant les \u00e9tapes \u00e0 venir<\/li>\n<li>\u00c9largir votre r\u00e9seau personnel gr\u00e2ce \u00e0 de pr\u00e9cieux contacts<\/li>\n<li>Faire la connaissance de nouvelles amies venant de toute l\u2019Europe<\/li>\n<\/ul>\n<p>&nbsp;<\/p>\n<p><strong>Public cible et profil<\/strong><\/p>\n<p>La participation \u00e0 l\u2019Acad\u00e9mie du leadership est r\u00e9serv\u00e9e et limit\u00e9e aux femmes et aux filles de\u00a018 \u00e0 32\u00a0ans.<\/p>\n<p>Elles peuvent profiter de cet \u00e9v\u00e9nement d\u2019une dur\u00e9e de cinq jours si elles souhaitent:<\/p>\n<p>&nbsp;<\/p>\n<ul>\n<li>partager l\u2019int\u00e9r\u00eat qu\u2019elles portent \u00e0 participer \u00e0 la cr\u00e9ation d\u2019un monde meilleur\u00a0;<\/li>\n<li>rencontrer des femmes de m\u00eame sensibilit\u00e9 venant d\u2019autres pays d\u2019Europe, qu\u2019elles en soient originaires ou non\u00a0;<\/li>\n<li>participer activement \u00e0 cette Acad\u00e9mie unique\u00a0;<\/li>\n<li>apprendre de femmes ayant une activit\u00e9 professionnelle et qui ont r\u00e9ussi dans leur vie.<\/li>\n<\/ul>\n<p>La condition pr\u00e9alable \u00e0 la participation est d\u2019\u00e9tudier dans une universit\u00e9 ou une \u00e9cole de sciences appliqu\u00e9es. Toutefois, sont \u00e9galement bienvenues les employ\u00e9es et b\u00e9n\u00e9voles disposant d\u2019un certificat scolaire \u00e9quivalent et qui pr\u00e9parent leur carri\u00e8re professionnelle ou la cr\u00e9ation de leur entreprise.<\/p>\n<p>&nbsp;<\/p>\n<p><img loading=\"lazy\" decoding=\"async\" class=\" wp-image-17731\" src=\"http:\/\/www.soroptimisteurope.org\/wp-content\/uploads\/2020\/05\/istock-1135346387-300x169.jpg\" alt=\"\" width=\"875\" height=\"493\" srcset=\"https:\/\/www.soroptimisteurope.org\/wp-content\/uploads\/2020\/05\/istock-1135346387-300x169.jpg 300w, https:\/\/www.soroptimisteurope.org\/wp-content\/uploads\/2020\/05\/istock-1135346387-1024x576.jpg 1024w, https:\/\/www.soroptimisteurope.org\/wp-content\/uploads\/2020\/05\/istock-1135346387-768x432.jpg 768w, https:\/\/www.soroptimisteurope.org\/wp-content\/uploads\/2020\/05\/istock-1135346387-1536x864.jpg 1536w, https:\/\/www.soroptimisteurope.org\/wp-content\/uploads\/2020\/05\/istock-1135346387-2048x1152.jpg 2048w\" sizes=\"(max-width: 875px) 100vw, 875px\" \/><\/p>\n<p>&nbsp;<\/p>\n<p><strong>Structure de la formation<\/strong><\/p>\n<p>L\u2019Acad\u00e9mie du leadership du\u00a0SIE couvre plusieurs modules, qui offrent un condens\u00e9 de pr\u00e9cieux enseignements dans les domaines suivants\u00a0:<\/p>\n<p>&nbsp;<\/p>\n<ul>\n<li>Comp\u00e9tences de leadership<\/li>\n<li>D\u00e9veloppement personnel<\/li>\n<li>Comp\u00e9tences de n\u00e9gociation<\/li>\n<li>Questions culturelles et d\u00e9mocratie<\/li>\n<li>Style de vie\u00a0: exercices de r\u00e9flexion, s\u00e9ances de m\u00e9ditation et\/ou yoga<\/li>\n<\/ul>\n<p>&nbsp;<\/p>\n<p>Des intervenantes professionnelles et exp\u00e9riment\u00e9es du\u00a0SI animent l\u2019\u00e9v\u00e9nement afin de donner aux participantes l\u2019impulsion dont elles ont besoin pour se d\u00e9passer.<\/p>\n<p>&nbsp;<\/p>\n<p>&nbsp;<\/p>\n<p><strong>Effet de levier sur les Unions et les \u00e9quipes DP\/DPA des Clubs<\/strong><\/p>\n<p>L\u2019avantage d\u2019organiser une Acad\u00e9mie du leadership tient \u00e0 trois \u00e9l\u00e9ments durables dans le temps\u00a0:<\/p>\n<p>&nbsp;<\/p>\n<ul>\n<li>Le r\u00e9seau et les relations \u00e9troites entre l\u2019\u00e9quipe de Programme \u00e0 chaque niveau du\u00a0SI auront pour effet de multiplier les talents et influences dans nos champs d\u2019action de pr\u00e9dilection.<\/li>\n<li>Il sera par ailleurs n\u00e9cessaire de former des groupes de travail sp\u00e9cifiques afin d\u2019assurer la pr\u00e9paration de l\u2019Acad\u00e9mie du leadership et de garantir la visibilit\u00e9 des positions soroptimist.<\/li>\n<li>Le groupe cible de jeunes femmes b\u00e9n\u00e9ficiera des apprentissages aussi bien pratiques que comportementaux, et sera inspir\u00e9 par l\u2019esprit soroptimist.<\/li>\n<\/ul>\n<p>&nbsp;<\/p>\n<p><img loading=\"lazy\" decoding=\"async\" class=\" wp-image-16388\" src=\"http:\/\/www.soroptimisteurope.org\/wp-content\/uploads\/2020\/01\/istock-1008108184-e1579263529216-300x167.jpg\" alt=\"\" width=\"873\" height=\"486\" \/><\/p>\n<p>&nbsp;<\/p>\n<p>&nbsp;<\/p>\n<p><strong>Effet GAGNANT-GAGNANT\u00a0: participantes et Soroptimist<\/strong><\/p>\n<p>L\u2019organisation d\u2019une Acad\u00e9mie du leadership sous forme d\u2019un projet d\u2019exception bas\u00e9 sur la\u00a0SNLA sera tr\u00e8s utile et ce projet sera GAGNANT-GAGNANT pour toutes les communaut\u00e9s impliqu\u00e9es \u00e0 chaque niveau du\u00a0SI\u00a0:<\/p>\n<p>&nbsp;<\/p>\n<ul>\n<li>Les Clubs seront mieux connus dans leur r\u00e9gion.<\/li>\n<li>Les Unions travailleront en interaction et tour \u00e0 tour sur le m\u00eame projet, ce qui attirera l\u2019attention du public et cr\u00e9era de nouveaux liens d\u2019amiti\u00e9.<\/li>\n<li>Le SI\u00a0Europe sera en contact \u00e9troit avec les Unions et supervisera la totalit\u00e9 du processus.<\/li>\n<\/ul>\n<p>&nbsp;<\/p>\n<p>Gardez bien \u00e0 l\u2019esprit que notre philosophie fondamentale, celle de notre devise \u00ab\u00a0We Stand Up for Women\u00a0\u00bb, est d\u2019apporter des am\u00e9liorations concr\u00e8tes \u00e0 la vie des femmes et des filles. En tant que membres du\u00a0SI, nous nous impliquons en faveur d\u2019un monde dans lequel les femmes et les filles ont la capacit\u00e9 de r\u00e9aliser leur potentiel individuel et collectif pour concr\u00e9tiser leurs aspirations et exercer leurs talents.<\/p>\n<p>&nbsp;<\/p>\n<p>La structure propos\u00e9e a \u00e9t\u00e9 appliqu\u00e9e avec succ\u00e8s dans les Unions nordiques. Elle apporte un soutien, et le partage d\u2019exp\u00e9riences afin d\u2019apporter des am\u00e9liorations est b\u00e9n\u00e9fique. Chaque Union peut profiter de cette opportunit\u00e9 et participer \u00e0 cette initiative interactive en rejoignant un groupe avec quatre ou cinq autres Unions. Chaque groupe sera guid\u00e9 et soutenu par l\u2019\u00e9quipe de Programme du\u00a0SIE et des superviseuses de la\u00a0SNLA.<\/p>\n<p>&nbsp;<\/p>\n<p>Gr\u00e2ce aux exp\u00e9riences pass\u00e9es, aucune Union ne doit partir de z\u00e9ro. C\u2019est pourquoi nous recommandons la diffusion de cette excellente initiative \u00e0 travers le SI\u00a0Europe, et la cr\u00e9ation de groupes de plusieurs unions travaillant ensemble sur la base d\u2019un syst\u00e8me de rotation. Avec cette structure, chaque Union organiserait et accueillerait un camp d\u2019\u00e9t\u00e9 tous les cinq ans, par exemple.<\/p>\n<p>&nbsp;<\/p>\n<p>Toutes les Soroptimist du SI Europe peuvent avoir un impact \u00e9norme sur la concr\u00e9tisation du r\u00eave de leadership de jeunes femmes et de filles. De mani\u00e8re g\u00e9n\u00e9rale, les Soroptimist doivent travailler ensemble pour r\u00e9aliser ces r\u00eaves des g\u00e9n\u00e9rations Y et Z. Dans cette optique, continuons d\u2019\u00eatre des personnes sur qui l\u2019on peut compter, et de penser de mani\u00e8re globale tout en agissant localement. Le partage de toutes nos connaissances dans diff\u00e9rents domaines est extr\u00eamement important pour les g\u00e9n\u00e9rations futures.<\/p>\n<p>&nbsp;<\/p>\n<p>Rassemblons des femmes, faisons-les \u00e9voluer ensemble et s\u00e9curisons leur avenir. Dernier point et non des moindres\u00a0: faisons d\u2019elles de nouveaux membres du\u00a0SIE\u00a0!<\/p>\n<p>&nbsp;<\/p>\n<p><img loading=\"lazy\" decoding=\"async\" class=\" wp-image-17740\" src=\"http:\/\/www.soroptimisteurope.org\/wp-content\/uploads\/2020\/05\/thinkstockphotos-917454512-stronger-together-300x217.jpg\" alt=\"\" width=\"875\" height=\"633\" srcset=\"https:\/\/www.soroptimisteurope.org\/wp-content\/uploads\/2020\/05\/thinkstockphotos-917454512-stronger-together-300x217.jpg 300w, https:\/\/www.soroptimisteurope.org\/wp-content\/uploads\/2020\/05\/thinkstockphotos-917454512-stronger-together-1024x742.jpg 1024w, https:\/\/www.soroptimisteurope.org\/wp-content\/uploads\/2020\/05\/thinkstockphotos-917454512-stronger-together-768x556.jpg 768w, https:\/\/www.soroptimisteurope.org\/wp-content\/uploads\/2020\/05\/thinkstockphotos-917454512-stronger-together-1536x1113.jpg 1536w, https:\/\/www.soroptimisteurope.org\/wp-content\/uploads\/2020\/05\/thinkstockphotos-917454512-stronger-together-2048x1483.jpg 2048w\" sizes=\"(max-width: 875px) 100vw, 875px\" \/><\/p>\n","article_media_image":false,"article_media_video":""}],"article_trombinoscope":false,"article_video":"","article_evenements_sociaux":false,"article_auteur_texte":"<p>Ingeborg Dietz, Directrice de Programme du\u00a0SIE 2019-2021<\/p>\n","article_nom_contact":"","article_email_contact":"","article_numero_contact":"","article_documents":false,"article_actualites_liees":false},"yoast_head":"<!-- This site is optimized with the Yoast SEO plugin v27.4 - https:\/\/yoast.com\/product\/yoast-seo-wordpress\/ -->\n<title>Acad\u00e9mie du leadership du SIE : un levier pour am\u00e9liorer la vie des femmes - Soroptimist<\/title>\n<meta name=\"robots\" content=\"index, follow, max-snippet:-1, max-image-preview:large, max-video-preview:-1\" \/>\n<link rel=\"canonical\" href=\"https:\/\/www.soroptimisteurope.org\/fr\/academie-du-leadership-du-sie-un-levier-pour-ameliorer-la-vie-des-femmes\/\" \/>\n<meta property=\"og:locale\" content=\"fr_FR\" \/>\n<meta property=\"og:type\" content=\"article\" \/>\n<meta property=\"og:title\" content=\"Acad\u00e9mie du leadership du SIE : un levier pour am\u00e9liorer la vie des femmes - Soroptimist\" \/>\n<meta property=\"og:description\" content=\"Atteindre son plein potentiel\" \/>\n<meta property=\"og:url\" content=\"https:\/\/www.soroptimisteurope.org\/fr\/academie-du-leadership-du-sie-un-levier-pour-ameliorer-la-vie-des-femmes\/\" \/>\n<meta property=\"og:site_name\" content=\"Soroptimist\" \/>\n<meta property=\"article:published_time\" content=\"2020-05-20T06:38:45+00:00\" \/>\n<meta property=\"article:modified_time\" content=\"2025-05-13T09:17:22+00:00\" \/>\n<meta property=\"og:image\" content=\"https:\/\/www.soroptimisteurope.org\/wp-content\/uploads\/2025\/04\/thinkstockphotos-921297240-shadow-superhero-woman-converted.jpg\" \/>\n\t<meta property=\"og:image:width\" content=\"900\" \/>\n\t<meta property=\"og:image:height\" content=\"600\" \/>\n\t<meta property=\"og:image:type\" content=\"image\/jpeg\" \/>\n<meta name=\"author\" content=\"Virginie Racine\" \/>\n<meta name=\"twitter:card\" content=\"summary_large_image\" \/>\n<meta name=\"twitter:label1\" content=\"\u00c9crit par\" \/>\n\t<meta name=\"twitter:data1\" content=\"Virginie Racine\" \/>\n\t<meta name=\"twitter:label2\" content=\"Dur\u00e9e de lecture estim\u00e9e\" \/>\n\t<meta name=\"twitter:data2\" content=\"6 minutes\" \/>\n<script type=\"application\/ld+json\" class=\"yoast-schema-graph\">{\"@context\":\"https:\\\/\\\/schema.org\",\"@graph\":[{\"@type\":\"Article\",\"@id\":\"https:\\\/\\\/www.soroptimisteurope.org\\\/fr\\\/academie-du-leadership-du-sie-un-levier-pour-ameliorer-la-vie-des-femmes\\\/#article\",\"isPartOf\":{\"@id\":\"https:\\\/\\\/www.soroptimisteurope.org\\\/fr\\\/academie-du-leadership-du-sie-un-levier-pour-ameliorer-la-vie-des-femmes\\\/\"},\"author\":{\"name\":\"Virginie Racine\",\"@id\":\"https:\\\/\\\/www.soroptimisteurope.org\\\/#\\\/schema\\\/person\\\/71cb5ee8dc72773ed419609bf2274619\"},\"headline\":\"Acad\u00e9mie du leadership du SIE : un levier pour am\u00e9liorer la vie des femmes\",\"datePublished\":\"2020-05-20T06:38:45+00:00\",\"dateModified\":\"2025-05-13T09:17:22+00:00\",\"mainEntityOfPage\":{\"@id\":\"https:\\\/\\\/www.soroptimisteurope.org\\\/fr\\\/academie-du-leadership-du-sie-un-levier-pour-ameliorer-la-vie-des-femmes\\\/\"},\"wordCount\":1124,\"commentCount\":0,\"image\":{\"@id\":\"https:\\\/\\\/www.soroptimisteurope.org\\\/fr\\\/academie-du-leadership-du-sie-un-levier-pour-ameliorer-la-vie-des-femmes\\\/#primaryimage\"},\"thumbnailUrl\":\"https:\\\/\\\/www.soroptimisteurope.org\\\/wp-content\\\/uploads\\\/2025\\\/04\\\/thinkstockphotos-921297240-shadow-superhero-woman-converted.jpg\",\"articleSection\":[\"News\",\"Leadership Academy\"],\"inLanguage\":\"fr-FR\",\"potentialAction\":[{\"@type\":\"CommentAction\",\"name\":\"Comment\",\"target\":[\"https:\\\/\\\/www.soroptimisteurope.org\\\/fr\\\/academie-du-leadership-du-sie-un-levier-pour-ameliorer-la-vie-des-femmes\\\/#respond\"]}]},{\"@type\":\"WebPage\",\"@id\":\"https:\\\/\\\/www.soroptimisteurope.org\\\/fr\\\/academie-du-leadership-du-sie-un-levier-pour-ameliorer-la-vie-des-femmes\\\/\",\"url\":\"https:\\\/\\\/www.soroptimisteurope.org\\\/fr\\\/academie-du-leadership-du-sie-un-levier-pour-ameliorer-la-vie-des-femmes\\\/\",\"name\":\"Acad\u00e9mie du leadership du SIE : un levier pour am\u00e9liorer la vie des femmes - Soroptimist\",\"isPartOf\":{\"@id\":\"https:\\\/\\\/www.soroptimisteurope.org\\\/#website\"},\"primaryImageOfPage\":{\"@id\":\"https:\\\/\\\/www.soroptimisteurope.org\\\/fr\\\/academie-du-leadership-du-sie-un-levier-pour-ameliorer-la-vie-des-femmes\\\/#primaryimage\"},\"image\":{\"@id\":\"https:\\\/\\\/www.soroptimisteurope.org\\\/fr\\\/academie-du-leadership-du-sie-un-levier-pour-ameliorer-la-vie-des-femmes\\\/#primaryimage\"},\"thumbnailUrl\":\"https:\\\/\\\/www.soroptimisteurope.org\\\/wp-content\\\/uploads\\\/2025\\\/04\\\/thinkstockphotos-921297240-shadow-superhero-woman-converted.jpg\",\"datePublished\":\"2020-05-20T06:38:45+00:00\",\"dateModified\":\"2025-05-13T09:17:22+00:00\",\"author\":{\"@id\":\"https:\\\/\\\/www.soroptimisteurope.org\\\/#\\\/schema\\\/person\\\/71cb5ee8dc72773ed419609bf2274619\"},\"breadcrumb\":{\"@id\":\"https:\\\/\\\/www.soroptimisteurope.org\\\/fr\\\/academie-du-leadership-du-sie-un-levier-pour-ameliorer-la-vie-des-femmes\\\/#breadcrumb\"},\"inLanguage\":\"fr-FR\",\"potentialAction\":[{\"@type\":\"ReadAction\",\"target\":[\"https:\\\/\\\/www.soroptimisteurope.org\\\/fr\\\/academie-du-leadership-du-sie-un-levier-pour-ameliorer-la-vie-des-femmes\\\/\"]}]},{\"@type\":\"ImageObject\",\"inLanguage\":\"fr-FR\",\"@id\":\"https:\\\/\\\/www.soroptimisteurope.org\\\/fr\\\/academie-du-leadership-du-sie-un-levier-pour-ameliorer-la-vie-des-femmes\\\/#primaryimage\",\"url\":\"https:\\\/\\\/www.soroptimisteurope.org\\\/wp-content\\\/uploads\\\/2025\\\/04\\\/thinkstockphotos-921297240-shadow-superhero-woman-converted.jpg\",\"contentUrl\":\"https:\\\/\\\/www.soroptimisteurope.org\\\/wp-content\\\/uploads\\\/2025\\\/04\\\/thinkstockphotos-921297240-shadow-superhero-woman-converted.jpg\",\"width\":900,\"height\":600},{\"@type\":\"BreadcrumbList\",\"@id\":\"https:\\\/\\\/www.soroptimisteurope.org\\\/fr\\\/academie-du-leadership-du-sie-un-levier-pour-ameliorer-la-vie-des-femmes\\\/#breadcrumb\",\"itemListElement\":[{\"@type\":\"ListItem\",\"position\":1,\"name\":\"Accueil\",\"item\":\"https:\\\/\\\/www.soroptimisteurope.org\\\/fr\\\/\"},{\"@type\":\"ListItem\",\"position\":2,\"name\":\"Acad\u00e9mie du leadership du SIE : un levier pour am\u00e9liorer la vie des femmes\"}]},{\"@type\":\"WebSite\",\"@id\":\"https:\\\/\\\/www.soroptimisteurope.org\\\/#website\",\"url\":\"https:\\\/\\\/www.soroptimisteurope.org\\\/\",\"name\":\"Soroptimist\",\"description\":\"\",\"potentialAction\":[{\"@type\":\"SearchAction\",\"target\":{\"@type\":\"EntryPoint\",\"urlTemplate\":\"https:\\\/\\\/www.soroptimisteurope.org\\\/?s={search_term_string}\"},\"query-input\":{\"@type\":\"PropertyValueSpecification\",\"valueRequired\":true,\"valueName\":\"search_term_string\"}}],\"inLanguage\":\"fr-FR\"},{\"@type\":\"Person\",\"@id\":\"https:\\\/\\\/www.soroptimisteurope.org\\\/#\\\/schema\\\/person\\\/71cb5ee8dc72773ed419609bf2274619\",\"name\":\"Virginie Racine\",\"url\":\"https:\\\/\\\/www.soroptimisteurope.org\\\/fr\\\/author\\\/adminsorop2k21\\\/\"}]}<\/script>\n<!-- \/ Yoast SEO plugin. -->","yoast_head_json":{"title":"Acad\u00e9mie du leadership du SIE : un levier pour am\u00e9liorer la vie des femmes - Soroptimist","robots":{"index":"index","follow":"follow","max-snippet":"max-snippet:-1","max-image-preview":"max-image-preview:large","max-video-preview":"max-video-preview:-1"},"canonical":"https:\/\/www.soroptimisteurope.org\/fr\/academie-du-leadership-du-sie-un-levier-pour-ameliorer-la-vie-des-femmes\/","og_locale":"fr_FR","og_type":"article","og_title":"Acad\u00e9mie du leadership du SIE : un levier pour am\u00e9liorer la vie des femmes - Soroptimist","og_description":"Atteindre son plein potentiel","og_url":"https:\/\/www.soroptimisteurope.org\/fr\/academie-du-leadership-du-sie-un-levier-pour-ameliorer-la-vie-des-femmes\/","og_site_name":"Soroptimist","article_published_time":"2020-05-20T06:38:45+00:00","article_modified_time":"2025-05-13T09:17:22+00:00","og_image":[{"width":900,"height":600,"url":"https:\/\/www.soroptimisteurope.org\/wp-content\/uploads\/2025\/04\/thinkstockphotos-921297240-shadow-superhero-woman-converted.jpg","type":"image\/jpeg"}],"author":"Virginie Racine","twitter_card":"summary_large_image","twitter_misc":{"\u00c9crit par":"Virginie Racine","Dur\u00e9e de lecture estim\u00e9e":"6 minutes"},"schema":{"@context":"https:\/\/schema.org","@graph":[{"@type":"Article","@id":"https:\/\/www.soroptimisteurope.org\/fr\/academie-du-leadership-du-sie-un-levier-pour-ameliorer-la-vie-des-femmes\/#article","isPartOf":{"@id":"https:\/\/www.soroptimisteurope.org\/fr\/academie-du-leadership-du-sie-un-levier-pour-ameliorer-la-vie-des-femmes\/"},"author":{"name":"Virginie Racine","@id":"https:\/\/www.soroptimisteurope.org\/#\/schema\/person\/71cb5ee8dc72773ed419609bf2274619"},"headline":"Acad\u00e9mie du leadership du SIE : un levier pour am\u00e9liorer la vie des femmes","datePublished":"2020-05-20T06:38:45+00:00","dateModified":"2025-05-13T09:17:22+00:00","mainEntityOfPage":{"@id":"https:\/\/www.soroptimisteurope.org\/fr\/academie-du-leadership-du-sie-un-levier-pour-ameliorer-la-vie-des-femmes\/"},"wordCount":1124,"commentCount":0,"image":{"@id":"https:\/\/www.soroptimisteurope.org\/fr\/academie-du-leadership-du-sie-un-levier-pour-ameliorer-la-vie-des-femmes\/#primaryimage"},"thumbnailUrl":"https:\/\/www.soroptimisteurope.org\/wp-content\/uploads\/2025\/04\/thinkstockphotos-921297240-shadow-superhero-woman-converted.jpg","articleSection":["News","Leadership Academy"],"inLanguage":"fr-FR","potentialAction":[{"@type":"CommentAction","name":"Comment","target":["https:\/\/www.soroptimisteurope.org\/fr\/academie-du-leadership-du-sie-un-levier-pour-ameliorer-la-vie-des-femmes\/#respond"]}]},{"@type":"WebPage","@id":"https:\/\/www.soroptimisteurope.org\/fr\/academie-du-leadership-du-sie-un-levier-pour-ameliorer-la-vie-des-femmes\/","url":"https:\/\/www.soroptimisteurope.org\/fr\/academie-du-leadership-du-sie-un-levier-pour-ameliorer-la-vie-des-femmes\/","name":"Acad\u00e9mie du leadership du SIE : un levier pour am\u00e9liorer la vie des femmes - Soroptimist","isPartOf":{"@id":"https:\/\/www.soroptimisteurope.org\/#website"},"primaryImageOfPage":{"@id":"https:\/\/www.soroptimisteurope.org\/fr\/academie-du-leadership-du-sie-un-levier-pour-ameliorer-la-vie-des-femmes\/#primaryimage"},"image":{"@id":"https:\/\/www.soroptimisteurope.org\/fr\/academie-du-leadership-du-sie-un-levier-pour-ameliorer-la-vie-des-femmes\/#primaryimage"},"thumbnailUrl":"https:\/\/www.soroptimisteurope.org\/wp-content\/uploads\/2025\/04\/thinkstockphotos-921297240-shadow-superhero-woman-converted.jpg","datePublished":"2020-05-20T06:38:45+00:00","dateModified":"2025-05-13T09:17:22+00:00","author":{"@id":"https:\/\/www.soroptimisteurope.org\/#\/schema\/person\/71cb5ee8dc72773ed419609bf2274619"},"breadcrumb":{"@id":"https:\/\/www.soroptimisteurope.org\/fr\/academie-du-leadership-du-sie-un-levier-pour-ameliorer-la-vie-des-femmes\/#breadcrumb"},"inLanguage":"fr-FR","potentialAction":[{"@type":"ReadAction","target":["https:\/\/www.soroptimisteurope.org\/fr\/academie-du-leadership-du-sie-un-levier-pour-ameliorer-la-vie-des-femmes\/"]}]},{"@type":"ImageObject","inLanguage":"fr-FR","@id":"https:\/\/www.soroptimisteurope.org\/fr\/academie-du-leadership-du-sie-un-levier-pour-ameliorer-la-vie-des-femmes\/#primaryimage","url":"https:\/\/www.soroptimisteurope.org\/wp-content\/uploads\/2025\/04\/thinkstockphotos-921297240-shadow-superhero-woman-converted.jpg","contentUrl":"https:\/\/www.soroptimisteurope.org\/wp-content\/uploads\/2025\/04\/thinkstockphotos-921297240-shadow-superhero-woman-converted.jpg","width":900,"height":600},{"@type":"BreadcrumbList","@id":"https:\/\/www.soroptimisteurope.org\/fr\/academie-du-leadership-du-sie-un-levier-pour-ameliorer-la-vie-des-femmes\/#breadcrumb","itemListElement":[{"@type":"ListItem","position":1,"name":"Accueil","item":"https:\/\/www.soroptimisteurope.org\/fr\/"},{"@type":"ListItem","position":2,"name":"Acad\u00e9mie du leadership du SIE : un levier pour am\u00e9liorer la vie des femmes"}]},{"@type":"WebSite","@id":"https:\/\/www.soroptimisteurope.org\/#website","url":"https:\/\/www.soroptimisteurope.org\/","name":"Soroptimist","description":"","potentialAction":[{"@type":"SearchAction","target":{"@type":"EntryPoint","urlTemplate":"https:\/\/www.soroptimisteurope.org\/?s={search_term_string}"},"query-input":{"@type":"PropertyValueSpecification","valueRequired":true,"valueName":"search_term_string"}}],"inLanguage":"fr-FR"},{"@type":"Person","@id":"https:\/\/www.soroptimisteurope.org\/#\/schema\/person\/71cb5ee8dc72773ed419609bf2274619","name":"Virginie Racine","url":"https:\/\/www.soroptimisteurope.org\/fr\/author\/adminsorop2k21\/"}]}},"_links":{"self":[{"href":"https:\/\/www.soroptimisteurope.org\/fr\/wp-json\/wp\/v2\/posts\/17749","targetHints":{"allow":["GET"]}}],"collection":[{"href":"https:\/\/www.soroptimisteurope.org\/fr\/wp-json\/wp\/v2\/posts"}],"about":[{"href":"https:\/\/www.soroptimisteurope.org\/fr\/wp-json\/wp\/v2\/types\/post"}],"author":[{"embeddable":true,"href":"https:\/\/www.soroptimisteurope.org\/fr\/wp-json\/wp\/v2\/users\/5"}],"replies":[{"embeddable":true,"href":"https:\/\/www.soroptimisteurope.org\/fr\/wp-json\/wp\/v2\/comments?post=17749"}],"version-history":[{"count":6,"href":"https:\/\/www.soroptimisteurope.org\/fr\/wp-json\/wp\/v2\/posts\/17749\/revisions"}],"predecessor-version":[{"id":41678,"href":"https:\/\/www.soroptimisteurope.org\/fr\/wp-json\/wp\/v2\/posts\/17749\/revisions\/41678"}],"wp:featuredmedia":[{"embeddable":true,"href":"https:\/\/www.soroptimisteurope.org\/fr\/wp-json\/wp\/v2\/media\/37413"}],"wp:attachment":[{"href":"https:\/\/www.soroptimisteurope.org\/fr\/wp-json\/wp\/v2\/media?parent=17749"}],"wp:term":[{"taxonomy":"category","embeddable":true,"href":"https:\/\/www.soroptimisteurope.org\/fr\/wp-json\/wp\/v2\/categories?post=17749"},{"taxonomy":"post_tag","embeddable":true,"href":"https:\/\/www.soroptimisteurope.org\/fr\/wp-json\/wp\/v2\/tags?post=17749"}],"curies":[{"name":"wp","href":"https:\/\/api.w.org\/{rel}","templated":true}]}}