{"id":18254,"date":"2020-07-31T09:12:01","date_gmt":"2020-07-31T08:12:01","guid":{"rendered":"http:\/\/www.soroptimisteurope.org\/?p=18254"},"modified":"2025-11-25T14:49:12","modified_gmt":"2025-11-25T13:49:12","slug":"convention-distanbul-combat-la-violence-contre-les-femmes","status":"publish","type":"post","link":"https:\/\/www.soroptimisteurope.org\/fr\/convention-distanbul-combat-la-violence-contre-les-femmes\/","title":{"rendered":"Convention d&rsquo;Istanbul &#8211; Combat la violence contre les femmes"},"content":{"rendered":"<p><strong><span style=\"text-decoration: underline;\">Cette d\u00e9claration a \u00e9t\u00e9 envoy\u00e9e le 4 ao\u00fbt 2020 aux personnes suivantes:<\/span><\/strong><\/p>\n<p>&nbsp;<\/p>\n<ul>\n<li><em>Prezes Rady Ministr\u00f3w Pan Mateusz Morawiecki<\/em><\/li>\n<li><em>Minister Spraw Zagranicznych Pan Jacek Czaputowicz<\/em><\/li>\n<li><em>Minister Rodziny, Pracy i Polityki Spo\u0142ecznej Pani Marlena Mal\u0105g<\/em><\/li>\n<li><em>Minister Sprawiedliwo\u015bci Pan Zbigniew Ziobro<\/em><\/li>\n<li><em>Mme Helena Dalli, Commissaire europ\u00e9en \u00e0 l&rsquo;Egalit\u00e9, Commission europ\u00e9enne<\/em><\/li>\n<li><em>Ambassadeur Thomas Greminger, Secr\u00e9taire G\u00e9n\u00e9ral, Organisation pour la s\u00e9curit\u00e9 et la coop\u00e9ration en Europe (OSCE)<\/em><\/li>\n<li><em>M. David Maria Sassoli, Pr\u00e9sident du Parlement europ\u00e9en<\/em><\/li>\n<li><em>M. Nicolas Schmit, Commissaire europ\u00e9en \u00e0 l\u2019Emploi et aux droits sociaux, Commission europ\u00e9enne\u00a0<\/em><\/li>\n<\/ul>\n<p>*********************************************************************************************************<\/p>\n<p>&nbsp;<\/p>\n<p>Soroptimist International d&rsquo;Europe, une des plus grandes organisations professionnelles de femmes, exprime son inqui\u00e9tude face \u00e0 l&rsquo;intention du gouvernement polonais de se retirer de la Convention d&rsquo;Istanbul.<\/p>\n<p>&nbsp;<\/p>\n<p>Le ministre polonais de la justice a d\u00e9clar\u00e9 que les r\u00e9formes introduites dans le pays ces derni\u00e8res ann\u00e9es assurent une protection suffisante aux femmes. Il affirme que la convention viole les droits des parents et \u00ab\u00a0contient des \u00e9l\u00e9ments de nature id\u00e9ologique\u00a0\u00bb.<\/p>\n<p>&nbsp;<\/p>\n<p>La Convention d&rsquo;Istanbul n&rsquo;est ni id\u00e9ologique, ni politique. Elle vise \u00e0 \u00e9liminer la violence \u00e0 l&rsquo;\u00e9gard des femmes. C&rsquo;est le premier trait\u00e9 international qui oblige les pays signataires \u00e0 mettre en \u0153uvre des mesures efficaces pour pr\u00e9venir la violence contre les femmes, \u00e0 poursuivre et \u00e0 punir les auteurs, \u00e0 mettre en place et \u00e0 fournir des m\u00e9canismes de soutien aux victimes. La Convention d&rsquo;Istanbul a d\u00e9j\u00e0 am\u00e9lior\u00e9 la vie de femmes dans toute l&rsquo;Europe, en les incitant \u00e0 mettre en place de meilleures politiques, de meilleurs services et de meilleures prestations. En Pologne, elle a initi\u00e9 des changements positifs dans la l\u00e9gislation et a cr\u00e9\u00e9 de meilleurs services pour les victimes, comme des lignes d&rsquo;assistance t\u00e9l\u00e9phonique 24 heures sur 24.<\/p>\n<p>&nbsp;<\/p>\n<p>Toutefois, il reste plusieurs domaines \u00e0 am\u00e9liorer en Pologne. Les statistiques officielles de la police pour l&rsquo;ann\u00e9e 2019 font \u00e9tat d&rsquo;environ 90 000 victimes de violence domestique, dont 65 000 femmes.<\/p>\n<p>&nbsp;<\/p>\n<p>En tant que pr\u00e9sidente du Soroptimist International d&rsquo;Europe, le r\u00e9seau de 33 000 femmes professionnelles, je pense que cette Convention \u00e9vite une r\u00e9gression s\u00e9v\u00e8re des droits des femmes.<\/p>\n<p>&nbsp;<\/p>\n<p>Nous, Soroptimist, nous opposons fermement au retrait de la Convention d&rsquo;Istanbul, les violations des droits de l&rsquo;homme de toute sorte devraient toujours \u00eatre cat\u00e9goriquement combattues et punies.<\/p>\n<p>&nbsp;<\/p>\n<p><strong>Anna Wszelaczy\u0144ska<\/strong><\/p>\n<p><strong>SIE President 2019 &#8211; 2021<\/strong><\/p>\n<p>&nbsp;<\/p>\n<p><iframe title=\"Convention d&#039;Istanbul - Combat la violence contre les femmes\" width=\"800\" height=\"450\" src=\"https:\/\/www.youtube.com\/embed\/fABVFG58aaQ?feature=oembed\" frameborder=\"0\" allow=\"accelerometer; autoplay; clipboard-write; encrypted-media; gyroscope; picture-in-picture; web-share\" referrerpolicy=\"strict-origin-when-cross-origin\" allowfullscreen><\/iframe><\/p>\n","protected":false},"excerpt":{"rendered":"<p>Cette d\u00e9claration a \u00e9t\u00e9 envoy\u00e9e le 4 ao\u00fbt 2020 aux personnes suivantes: &nbsp; Prezes Rady Ministr\u00f3w Pan Mateusz Morawiecki Minister Spraw Zagranicznych Pan Jacek Czaputowicz Minister Rodziny, Pracy i Polityki [&hellip;]<\/p>\n","protected":false},"author":5,"featured_media":37467,"comment_status":"closed","ping_status":"closed","sticky":false,"template":"","format":"standard","meta":{"_acf_changed":false,"give_campaign_id":0,"footnotes":""},"categories":[120,127,129],"tags":[188,190],"class_list":["post-18254","post","type-post","status-publish","format-standard","has-post-thumbnail","hentry","category-advocacy-fr","category-eradiquer-la-violence-a-legard-des-femmes","category-nouvelles","tag-eradiquer-la-violence-a-legard-des-femmes","tag-advocacy-fr"],"acf":{"article_photo_de_couverture":false,"article_chapeau":"","article_contenu":[{"article_titre_du_paragraphe":"","article_paragraphe":"<p><strong><span style=\"text-decoration: underline;\">Cette d\u00e9claration a \u00e9t\u00e9 envoy\u00e9e le 4 ao\u00fbt 2020 aux personnes suivantes:<\/span><\/strong><\/p>\n<p>&nbsp;<\/p>\n<ul>\n<li><em>Prezes Rady Ministr\u00f3w Pan Mateusz Morawiecki<\/em><\/li>\n<li><em>Minister Spraw Zagranicznych Pan Jacek Czaputowicz<\/em><\/li>\n<li><em>Minister Rodziny, Pracy i Polityki Spo\u0142ecznej Pani Marlena Mal\u0105g<\/em><\/li>\n<li><em>Minister Sprawiedliwo\u015bci Pan Zbigniew Ziobro<\/em><\/li>\n<li><em>Mme Helena Dalli, Commissaire europ\u00e9en \u00e0 l&rsquo;Egalit\u00e9, Commission europ\u00e9enne<\/em><\/li>\n<li><em>Ambassadeur Thomas Greminger, Secr\u00e9taire G\u00e9n\u00e9ral, Organisation pour la s\u00e9curit\u00e9 et la coop\u00e9ration en Europe (OSCE)<\/em><\/li>\n<li><em>M. David Maria Sassoli, Pr\u00e9sident du Parlement europ\u00e9en<\/em><\/li>\n<li><em>M. Nicolas Schmit, Commissaire europ\u00e9en \u00e0 l\u2019Emploi et aux droits sociaux, Commission europ\u00e9enne\u00a0<\/em><\/li>\n<\/ul>\n<p>*********************************************************************************************************<\/p>\n<p>&nbsp;<\/p>\n<p>Soroptimist International d&rsquo;Europe, une des plus grandes organisations professionnelles de femmes, exprime son inqui\u00e9tude face \u00e0 l&rsquo;intention du gouvernement polonais de se retirer de la Convention d&rsquo;Istanbul.<\/p>\n<p>&nbsp;<\/p>\n<p>Le ministre polonais de la justice a d\u00e9clar\u00e9 que les r\u00e9formes introduites dans le pays ces derni\u00e8res ann\u00e9es assurent une protection suffisante aux femmes. Il affirme que la convention viole les droits des parents et \u00ab\u00a0contient des \u00e9l\u00e9ments de nature id\u00e9ologique\u00a0\u00bb.<\/p>\n<p>&nbsp;<\/p>\n<p>La Convention d&rsquo;Istanbul n&rsquo;est ni id\u00e9ologique, ni politique. Elle vise \u00e0 \u00e9liminer la violence \u00e0 l&rsquo;\u00e9gard des femmes. C&rsquo;est le premier trait\u00e9 international qui oblige les pays signataires \u00e0 mettre en \u0153uvre des mesures efficaces pour pr\u00e9venir la violence contre les femmes, \u00e0 poursuivre et \u00e0 punir les auteurs, \u00e0 mettre en place et \u00e0 fournir des m\u00e9canismes de soutien aux victimes. La Convention d&rsquo;Istanbul a d\u00e9j\u00e0 am\u00e9lior\u00e9 la vie de femmes dans toute l&rsquo;Europe, en les incitant \u00e0 mettre en place de meilleures politiques, de meilleurs services et de meilleures prestations. En Pologne, elle a initi\u00e9 des changements positifs dans la l\u00e9gislation et a cr\u00e9\u00e9 de meilleurs services pour les victimes, comme des lignes d&rsquo;assistance t\u00e9l\u00e9phonique 24 heures sur 24.<\/p>\n<p>&nbsp;<\/p>\n<p>Toutefois, il reste plusieurs domaines \u00e0 am\u00e9liorer en Pologne. Les statistiques officielles de la police pour l&rsquo;ann\u00e9e 2019 font \u00e9tat d&rsquo;environ 90 000 victimes de violence domestique, dont 65 000 femmes.<\/p>\n<p>&nbsp;<\/p>\n<p>En tant que pr\u00e9sidente du Soroptimist International d&rsquo;Europe, le r\u00e9seau de 33 000 femmes professionnelles, je pense que cette Convention \u00e9vite une r\u00e9gression s\u00e9v\u00e8re des droits des femmes.<\/p>\n<p>&nbsp;<\/p>\n<p>Nous, Soroptimist, nous opposons fermement au retrait de la Convention d&rsquo;Istanbul, les violations des droits de l&rsquo;homme de toute sorte devraient toujours \u00eatre cat\u00e9goriquement combattues et punies.<\/p>\n<p>&nbsp;<\/p>\n<p><strong>Anna Wszelaczy\u0144ska<\/strong><\/p>\n<p><strong>SIE President 2019 &#8211; 2021<\/strong><\/p>\n<p>&nbsp;<\/p>\n<p><iframe title=\"Convention d&#039;Istanbul - Combat la violence contre les femmes\" width=\"800\" height=\"450\" src=\"https:\/\/www.youtube.com\/embed\/fABVFG58aaQ?feature=oembed\" frameborder=\"0\" allow=\"accelerometer; autoplay; clipboard-write; encrypted-media; gyroscope; picture-in-picture; web-share\" referrerpolicy=\"strict-origin-when-cross-origin\" allowfullscreen><\/iframe><\/p>\n","article_media_image":false,"article_media_video":""}],"article_trombinoscope":false,"article_video":"","article_evenements_sociaux":false,"article_auteur_texte":"","article_nom_contact":"","article_email_contact":"","article_numero_contact":"","article_documents":false,"article_actualites_liees":false},"yoast_head":"<!-- This site is optimized with the Yoast SEO plugin v27.4 - https:\/\/yoast.com\/product\/yoast-seo-wordpress\/ -->\n<title>Convention d&#039;Istanbul - Combat la violence contre les femmes - Soroptimist<\/title>\n<meta name=\"robots\" content=\"index, follow, max-snippet:-1, max-image-preview:large, max-video-preview:-1\" \/>\n<link rel=\"canonical\" href=\"https:\/\/www.soroptimisteurope.org\/fr\/convention-distanbul-combat-la-violence-contre-les-femmes\/\" \/>\n<meta property=\"og:locale\" content=\"fr_FR\" \/>\n<meta property=\"og:type\" content=\"article\" \/>\n<meta property=\"og:title\" content=\"Convention d&#039;Istanbul - Combat la violence contre les femmes - Soroptimist\" \/>\n<meta property=\"og:description\" content=\"Cette d\u00e9claration a \u00e9t\u00e9 envoy\u00e9e le 4 ao\u00fbt 2020 aux personnes suivantes: &nbsp; Prezes Rady Ministr\u00f3w Pan Mateusz Morawiecki Minister Spraw Zagranicznych Pan Jacek Czaputowicz Minister Rodziny, Pracy i Polityki [&hellip;]\" \/>\n<meta property=\"og:url\" content=\"https:\/\/www.soroptimisteurope.org\/fr\/convention-distanbul-combat-la-violence-contre-les-femmes\/\" \/>\n<meta property=\"og:site_name\" content=\"Soroptimist\" \/>\n<meta property=\"article:published_time\" content=\"2020-07-31T08:12:01+00:00\" \/>\n<meta property=\"article:modified_time\" content=\"2025-11-25T13:49:12+00:00\" \/>\n<meta property=\"og:image\" content=\"https:\/\/www.soroptimisteurope.org\/wp-content\/uploads\/2025\/04\/istock-1069158372-scaled-e1596110086724-1.jpg\" \/>\n\t<meta property=\"og:image:width\" content=\"2560\" \/>\n\t<meta property=\"og:image:height\" content=\"1222\" \/>\n\t<meta property=\"og:image:type\" content=\"image\/jpeg\" \/>\n<meta name=\"author\" content=\"Virginie Racine\" \/>\n<meta name=\"twitter:card\" content=\"summary_large_image\" \/>\n<meta name=\"twitter:label1\" content=\"\u00c9crit par\" \/>\n\t<meta name=\"twitter:data1\" content=\"Virginie Racine\" \/>\n\t<meta name=\"twitter:label2\" content=\"Dur\u00e9e de lecture estim\u00e9e\" \/>\n\t<meta name=\"twitter:data2\" content=\"2 minutes\" \/>\n<script type=\"application\/ld+json\" class=\"yoast-schema-graph\">{\"@context\":\"https:\\\/\\\/schema.org\",\"@graph\":[{\"@type\":\"Article\",\"@id\":\"https:\\\/\\\/www.soroptimisteurope.org\\\/fr\\\/convention-distanbul-combat-la-violence-contre-les-femmes\\\/#article\",\"isPartOf\":{\"@id\":\"https:\\\/\\\/www.soroptimisteurope.org\\\/fr\\\/convention-distanbul-combat-la-violence-contre-les-femmes\\\/\"},\"author\":{\"name\":\"Virginie Racine\",\"@id\":\"https:\\\/\\\/www.soroptimisteurope.org\\\/#\\\/schema\\\/person\\\/71cb5ee8dc72773ed419609bf2274619\"},\"headline\":\"Convention d&rsquo;Istanbul &#8211; Combat la violence contre les femmes\",\"datePublished\":\"2020-07-31T08:12:01+00:00\",\"dateModified\":\"2025-11-25T13:49:12+00:00\",\"mainEntityOfPage\":{\"@id\":\"https:\\\/\\\/www.soroptimisteurope.org\\\/fr\\\/convention-distanbul-combat-la-violence-contre-les-femmes\\\/\"},\"wordCount\":423,\"image\":{\"@id\":\"https:\\\/\\\/www.soroptimisteurope.org\\\/fr\\\/convention-distanbul-combat-la-violence-contre-les-femmes\\\/#primaryimage\"},\"thumbnailUrl\":\"https:\\\/\\\/www.soroptimisteurope.org\\\/wp-content\\\/uploads\\\/2025\\\/04\\\/istock-1069158372-scaled-e1596110086724-1.jpg\",\"keywords\":[\"Eradiquer la violence \u00e0 l'\u00e9gard des femmes\",\"Advocacy\"],\"articleSection\":[\"Advocacy\",\"Eradiquer la violence \u00e0 l&#039;\u00e9gard des femmes\",\"Nouvelles\"],\"inLanguage\":\"fr-FR\"},{\"@type\":\"WebPage\",\"@id\":\"https:\\\/\\\/www.soroptimisteurope.org\\\/fr\\\/convention-distanbul-combat-la-violence-contre-les-femmes\\\/\",\"url\":\"https:\\\/\\\/www.soroptimisteurope.org\\\/fr\\\/convention-distanbul-combat-la-violence-contre-les-femmes\\\/\",\"name\":\"Convention d'Istanbul - Combat la violence contre les femmes - Soroptimist\",\"isPartOf\":{\"@id\":\"https:\\\/\\\/www.soroptimisteurope.org\\\/#website\"},\"primaryImageOfPage\":{\"@id\":\"https:\\\/\\\/www.soroptimisteurope.org\\\/fr\\\/convention-distanbul-combat-la-violence-contre-les-femmes\\\/#primaryimage\"},\"image\":{\"@id\":\"https:\\\/\\\/www.soroptimisteurope.org\\\/fr\\\/convention-distanbul-combat-la-violence-contre-les-femmes\\\/#primaryimage\"},\"thumbnailUrl\":\"https:\\\/\\\/www.soroptimisteurope.org\\\/wp-content\\\/uploads\\\/2025\\\/04\\\/istock-1069158372-scaled-e1596110086724-1.jpg\",\"datePublished\":\"2020-07-31T08:12:01+00:00\",\"dateModified\":\"2025-11-25T13:49:12+00:00\",\"author\":{\"@id\":\"https:\\\/\\\/www.soroptimisteurope.org\\\/#\\\/schema\\\/person\\\/71cb5ee8dc72773ed419609bf2274619\"},\"breadcrumb\":{\"@id\":\"https:\\\/\\\/www.soroptimisteurope.org\\\/fr\\\/convention-distanbul-combat-la-violence-contre-les-femmes\\\/#breadcrumb\"},\"inLanguage\":\"fr-FR\",\"potentialAction\":[{\"@type\":\"ReadAction\",\"target\":[\"https:\\\/\\\/www.soroptimisteurope.org\\\/fr\\\/convention-distanbul-combat-la-violence-contre-les-femmes\\\/\"]}]},{\"@type\":\"ImageObject\",\"inLanguage\":\"fr-FR\",\"@id\":\"https:\\\/\\\/www.soroptimisteurope.org\\\/fr\\\/convention-distanbul-combat-la-violence-contre-les-femmes\\\/#primaryimage\",\"url\":\"https:\\\/\\\/www.soroptimisteurope.org\\\/wp-content\\\/uploads\\\/2025\\\/04\\\/istock-1069158372-scaled-e1596110086724-1.jpg\",\"contentUrl\":\"https:\\\/\\\/www.soroptimisteurope.org\\\/wp-content\\\/uploads\\\/2025\\\/04\\\/istock-1069158372-scaled-e1596110086724-1.jpg\",\"width\":2560,\"height\":1222},{\"@type\":\"BreadcrumbList\",\"@id\":\"https:\\\/\\\/www.soroptimisteurope.org\\\/fr\\\/convention-distanbul-combat-la-violence-contre-les-femmes\\\/#breadcrumb\",\"itemListElement\":[{\"@type\":\"ListItem\",\"position\":1,\"name\":\"Accueil\",\"item\":\"https:\\\/\\\/www.soroptimisteurope.org\\\/fr\\\/\"},{\"@type\":\"ListItem\",\"position\":2,\"name\":\"Convention d&#8217;Istanbul &#8211; Combat la violence contre les femmes\"}]},{\"@type\":\"WebSite\",\"@id\":\"https:\\\/\\\/www.soroptimisteurope.org\\\/#website\",\"url\":\"https:\\\/\\\/www.soroptimisteurope.org\\\/\",\"name\":\"Soroptimist\",\"description\":\"\",\"potentialAction\":[{\"@type\":\"SearchAction\",\"target\":{\"@type\":\"EntryPoint\",\"urlTemplate\":\"https:\\\/\\\/www.soroptimisteurope.org\\\/?s={search_term_string}\"},\"query-input\":{\"@type\":\"PropertyValueSpecification\",\"valueRequired\":true,\"valueName\":\"search_term_string\"}}],\"inLanguage\":\"fr-FR\"},{\"@type\":\"Person\",\"@id\":\"https:\\\/\\\/www.soroptimisteurope.org\\\/#\\\/schema\\\/person\\\/71cb5ee8dc72773ed419609bf2274619\",\"name\":\"Virginie Racine\",\"url\":\"https:\\\/\\\/www.soroptimisteurope.org\\\/fr\\\/author\\\/adminsorop2k21\\\/\"}]}<\/script>\n<!-- \/ Yoast SEO plugin. -->","yoast_head_json":{"title":"Convention d'Istanbul - Combat la violence contre les femmes - Soroptimist","robots":{"index":"index","follow":"follow","max-snippet":"max-snippet:-1","max-image-preview":"max-image-preview:large","max-video-preview":"max-video-preview:-1"},"canonical":"https:\/\/www.soroptimisteurope.org\/fr\/convention-distanbul-combat-la-violence-contre-les-femmes\/","og_locale":"fr_FR","og_type":"article","og_title":"Convention d'Istanbul - Combat la violence contre les femmes - Soroptimist","og_description":"Cette d\u00e9claration a \u00e9t\u00e9 envoy\u00e9e le 4 ao\u00fbt 2020 aux personnes suivantes: &nbsp; Prezes Rady Ministr\u00f3w Pan Mateusz Morawiecki Minister Spraw Zagranicznych Pan Jacek Czaputowicz Minister Rodziny, Pracy i Polityki [&hellip;]","og_url":"https:\/\/www.soroptimisteurope.org\/fr\/convention-distanbul-combat-la-violence-contre-les-femmes\/","og_site_name":"Soroptimist","article_published_time":"2020-07-31T08:12:01+00:00","article_modified_time":"2025-11-25T13:49:12+00:00","og_image":[{"width":2560,"height":1222,"url":"https:\/\/www.soroptimisteurope.org\/wp-content\/uploads\/2025\/04\/istock-1069158372-scaled-e1596110086724-1.jpg","type":"image\/jpeg"}],"author":"Virginie Racine","twitter_card":"summary_large_image","twitter_misc":{"\u00c9crit par":"Virginie Racine","Dur\u00e9e de lecture estim\u00e9e":"2 minutes"},"schema":{"@context":"https:\/\/schema.org","@graph":[{"@type":"Article","@id":"https:\/\/www.soroptimisteurope.org\/fr\/convention-distanbul-combat-la-violence-contre-les-femmes\/#article","isPartOf":{"@id":"https:\/\/www.soroptimisteurope.org\/fr\/convention-distanbul-combat-la-violence-contre-les-femmes\/"},"author":{"name":"Virginie Racine","@id":"https:\/\/www.soroptimisteurope.org\/#\/schema\/person\/71cb5ee8dc72773ed419609bf2274619"},"headline":"Convention d&rsquo;Istanbul &#8211; Combat la violence contre les femmes","datePublished":"2020-07-31T08:12:01+00:00","dateModified":"2025-11-25T13:49:12+00:00","mainEntityOfPage":{"@id":"https:\/\/www.soroptimisteurope.org\/fr\/convention-distanbul-combat-la-violence-contre-les-femmes\/"},"wordCount":423,"image":{"@id":"https:\/\/www.soroptimisteurope.org\/fr\/convention-distanbul-combat-la-violence-contre-les-femmes\/#primaryimage"},"thumbnailUrl":"https:\/\/www.soroptimisteurope.org\/wp-content\/uploads\/2025\/04\/istock-1069158372-scaled-e1596110086724-1.jpg","keywords":["Eradiquer la violence \u00e0 l'\u00e9gard des femmes","Advocacy"],"articleSection":["Advocacy","Eradiquer la violence \u00e0 l&#039;\u00e9gard des femmes","Nouvelles"],"inLanguage":"fr-FR"},{"@type":"WebPage","@id":"https:\/\/www.soroptimisteurope.org\/fr\/convention-distanbul-combat-la-violence-contre-les-femmes\/","url":"https:\/\/www.soroptimisteurope.org\/fr\/convention-distanbul-combat-la-violence-contre-les-femmes\/","name":"Convention d'Istanbul - Combat la violence contre les femmes - Soroptimist","isPartOf":{"@id":"https:\/\/www.soroptimisteurope.org\/#website"},"primaryImageOfPage":{"@id":"https:\/\/www.soroptimisteurope.org\/fr\/convention-distanbul-combat-la-violence-contre-les-femmes\/#primaryimage"},"image":{"@id":"https:\/\/www.soroptimisteurope.org\/fr\/convention-distanbul-combat-la-violence-contre-les-femmes\/#primaryimage"},"thumbnailUrl":"https:\/\/www.soroptimisteurope.org\/wp-content\/uploads\/2025\/04\/istock-1069158372-scaled-e1596110086724-1.jpg","datePublished":"2020-07-31T08:12:01+00:00","dateModified":"2025-11-25T13:49:12+00:00","author":{"@id":"https:\/\/www.soroptimisteurope.org\/#\/schema\/person\/71cb5ee8dc72773ed419609bf2274619"},"breadcrumb":{"@id":"https:\/\/www.soroptimisteurope.org\/fr\/convention-distanbul-combat-la-violence-contre-les-femmes\/#breadcrumb"},"inLanguage":"fr-FR","potentialAction":[{"@type":"ReadAction","target":["https:\/\/www.soroptimisteurope.org\/fr\/convention-distanbul-combat-la-violence-contre-les-femmes\/"]}]},{"@type":"ImageObject","inLanguage":"fr-FR","@id":"https:\/\/www.soroptimisteurope.org\/fr\/convention-distanbul-combat-la-violence-contre-les-femmes\/#primaryimage","url":"https:\/\/www.soroptimisteurope.org\/wp-content\/uploads\/2025\/04\/istock-1069158372-scaled-e1596110086724-1.jpg","contentUrl":"https:\/\/www.soroptimisteurope.org\/wp-content\/uploads\/2025\/04\/istock-1069158372-scaled-e1596110086724-1.jpg","width":2560,"height":1222},{"@type":"BreadcrumbList","@id":"https:\/\/www.soroptimisteurope.org\/fr\/convention-distanbul-combat-la-violence-contre-les-femmes\/#breadcrumb","itemListElement":[{"@type":"ListItem","position":1,"name":"Accueil","item":"https:\/\/www.soroptimisteurope.org\/fr\/"},{"@type":"ListItem","position":2,"name":"Convention d&#8217;Istanbul &#8211; Combat la violence contre les femmes"}]},{"@type":"WebSite","@id":"https:\/\/www.soroptimisteurope.org\/#website","url":"https:\/\/www.soroptimisteurope.org\/","name":"Soroptimist","description":"","potentialAction":[{"@type":"SearchAction","target":{"@type":"EntryPoint","urlTemplate":"https:\/\/www.soroptimisteurope.org\/?s={search_term_string}"},"query-input":{"@type":"PropertyValueSpecification","valueRequired":true,"valueName":"search_term_string"}}],"inLanguage":"fr-FR"},{"@type":"Person","@id":"https:\/\/www.soroptimisteurope.org\/#\/schema\/person\/71cb5ee8dc72773ed419609bf2274619","name":"Virginie Racine","url":"https:\/\/www.soroptimisteurope.org\/fr\/author\/adminsorop2k21\/"}]}},"_links":{"self":[{"href":"https:\/\/www.soroptimisteurope.org\/fr\/wp-json\/wp\/v2\/posts\/18254","targetHints":{"allow":["GET"]}}],"collection":[{"href":"https:\/\/www.soroptimisteurope.org\/fr\/wp-json\/wp\/v2\/posts"}],"about":[{"href":"https:\/\/www.soroptimisteurope.org\/fr\/wp-json\/wp\/v2\/types\/post"}],"author":[{"embeddable":true,"href":"https:\/\/www.soroptimisteurope.org\/fr\/wp-json\/wp\/v2\/users\/5"}],"replies":[{"embeddable":true,"href":"https:\/\/www.soroptimisteurope.org\/fr\/wp-json\/wp\/v2\/comments?post=18254"}],"version-history":[{"count":3,"href":"https:\/\/www.soroptimisteurope.org\/fr\/wp-json\/wp\/v2\/posts\/18254\/revisions"}],"predecessor-version":[{"id":35147,"href":"https:\/\/www.soroptimisteurope.org\/fr\/wp-json\/wp\/v2\/posts\/18254\/revisions\/35147"}],"wp:featuredmedia":[{"embeddable":true,"href":"https:\/\/www.soroptimisteurope.org\/fr\/wp-json\/wp\/v2\/media\/37467"}],"wp:attachment":[{"href":"https:\/\/www.soroptimisteurope.org\/fr\/wp-json\/wp\/v2\/media?parent=18254"}],"wp:term":[{"taxonomy":"category","embeddable":true,"href":"https:\/\/www.soroptimisteurope.org\/fr\/wp-json\/wp\/v2\/categories?post=18254"},{"taxonomy":"post_tag","embeddable":true,"href":"https:\/\/www.soroptimisteurope.org\/fr\/wp-json\/wp\/v2\/tags?post=18254"}],"curies":[{"name":"wp","href":"https:\/\/api.w.org\/{rel}","templated":true}]}}