{"id":18705,"date":"2020-10-17T22:45:38","date_gmt":"2020-10-17T21:45:38","guid":{"rendered":"http:\/\/www.soroptimisteurope.org\/journee-europeenne-de-la-lutte-contre-la-traite-des-etres-humains-2020-copy\/"},"modified":"2025-05-13T11:17:30","modified_gmt":"2025-05-13T09:17:30","slug":"journee-europeenne-de-la-lutte-contre-la-traite-des-etres-humains-2020","status":"publish","type":"post","link":"https:\/\/www.soroptimisteurope.org\/fr\/journee-europeenne-de-la-lutte-contre-la-traite-des-etres-humains-2020\/","title":{"rendered":"18 octobre &#8211; Journ\u00e9e europ\u00e9enne de la lutte contre la traite des \u00eatres humains 2020"},"content":{"rendered":"<p>Depuis de nombreuses ann\u00e9es, l&rsquo;Europe est l&rsquo;une des principales destinations de l&rsquo;immigration clandestine et du trafic de migrants. En raison de ses caract\u00e9ristiques g\u00e9opolitiques, la traite ill\u00e9gale des personnes est organis\u00e9e par des criminels qui empruntent principalement la \u00ab\u00a0route des Balkans\u00a0\u00bb pour atteindre les fronti\u00e8res de Schengen, puis de nombreux pays d&rsquo;Europe centrale.<\/p>\n<p>&nbsp;<\/p>\n<p>Le Soroptimist International d&rsquo;Europe est d\u00e9sormais plus alerte et pr\u00e9occup\u00e9 par la difficult\u00e9 d&rsquo;\u00e9valuer les effets r\u00e9els de la pand\u00e9mie COVID-19 sur la traite des \u00eatres humains, alors que nous savons d\u00e9j\u00e0 que les criminels cr\u00e9ent des stratag\u00e8mes alternatifs et de nouveaux mod\u00e8les pour approcher les victimes, comme la cybercriminalit\u00e9.<\/p>\n<p>&nbsp;<\/p>\n<p>Comme l&rsquo;a r\u00e9cemment d\u00e9clar\u00e9 le Secr\u00e9taire g\u00e9n\u00e9ral d&rsquo;INTERPOL, J\u00fcrgen Stock, \u00ab\u00a0la pand\u00e9mie COVID-19 n&rsquo;a pas amoindri la d\u00e9termination des groupes criminels organis\u00e9s \u00e0 s&rsquo;attaquer aux personnes vuln\u00e9rables et \u00e0 tirer profit de ces crimes, qui trop souvent co\u00fbtent la vie aux victimes\u00a0\u00bb.<\/p>\n<p>L&rsquo;Office des Nations unies contre la drogue et le crime (ONUDC) alerte sur un risque accru d\u00e9coulant de la restriction de la circulation, de la fermeture des fronti\u00e8res ainsi que de l&rsquo;application de la quarantaine, qui retardent les secours, cachent les victimes et r\u00e9duisent le soutien et la protection.<\/p>\n<p>&nbsp;<\/p>\n<p>Les femmes souffrent de mani\u00e8re disproportionn\u00e9e de cette crise sanitaire, confront\u00e9es \u00e0 la perte de leurs revenus, de sorte qu&rsquo;elles peuvent finalement chercher \u00e0 vivre dans des secteurs illicites ou informels non r\u00e9glement\u00e9s comme l&rsquo;industrie du sexe, la petite criminalit\u00e9, les milieux domestiques ou l&rsquo;agriculture au-del\u00e0 des fronti\u00e8res, ce qui les \u00e9loigne finalement davantage des \u00e9quipements de protection de l&rsquo;\u00c9tat et des ONG.<\/p>\n<p>&nbsp;<\/p>\n<p>Le Soroptimist International d&rsquo;Europe demande aux gouvernements et aux autorit\u00e9s de l&rsquo;UE, en tant que police des fronti\u00e8res, de d\u00e9tecter et de combattre avec pr\u00e9cision la traite des personnes dans l&rsquo;UE, en appliquant les mesures de lutte contre la traite et les exigences aux fronti\u00e8res.<\/p>\n<p>&nbsp;<\/p>\n<p>Dans ce processus, le renforcement des capacit\u00e9s est essentiel pour rem\u00e9dier aux vuln\u00e9rabilit\u00e9s des femmes et des enfants, en prot\u00e9geant les victimes de violations flagrantes des droits de l&rsquo;homme, par exemple le <em>principe de non-refoulement<\/em><a href=\"#_ftn1\" name=\"_ftnref1\"><em><strong>[1]<\/strong><\/em><\/a><em>.<\/em><\/p>\n<p>&nbsp;<\/p>\n<p>Les droits de l&rsquo;homme doivent \u00eatre respect\u00e9s, d\u2019autant plus dans des contextes sp\u00e9cifiques tels que la protection des r\u00e9fugi\u00e9s et l&rsquo;aide humanitaire caus\u00e9e par la guerre, les sc\u00e9narios d&rsquo;instabilit\u00e9 ou les catastrophes naturelles.<\/p>\n<p>&nbsp;<\/p>\n<p><img fetchpriority=\"high\" decoding=\"async\" class=\" wp-image-18678\" src=\"https:\/\/www.soroptimisteurope.org\/wp-content\/uploads\/2020\/10\/istock-887987532.jpg\" alt=\"\" width=\"600\" height=\"400\" \/><\/p>\n<p>&nbsp;<\/p>\n<p><a href=\"#_ftnref1\" name=\"_ftn1\">[1]<\/a> <em>L&rsquo;interdiction du refoulement<\/em> en vertu du droit international des droits de l&rsquo;homme s&rsquo;applique \u00e0 toute forme d&rsquo;\u00e9loignement ou de transfert de personnes, quel que soit leur statut, lorsqu&rsquo;il existe des motifs s\u00e9rieux de croire que la personne renvoy\u00e9e risque de subir un pr\u00e9judice irr\u00e9parable \u00e0 son retour en raison d&rsquo;actes de torture, de mauvais traitements ou d&rsquo;autres violations graves des obligations en mati\u00e8re de droits de l&rsquo;homme.<\/p>\n","protected":false},"excerpt":{"rendered":"<p>#UNLOCKTHEDOORS<\/p>\n","protected":false},"author":5,"featured_media":37509,"comment_status":"open","ping_status":"open","sticky":false,"template":"","format":"standard","meta":{"_acf_changed":false,"give_campaign_id":0,"footnotes":""},"categories":[109],"tags":[172],"class_list":["post-18705","post","type-post","status-publish","format-standard","has-post-thumbnail","hentry","category-advocacy","tag-advocacy"],"acf":{"article_chapeau":"<p>#UNLOCKTHEDOORS<\/p>\n","article_contenu":[{"article_titre_du_paragraphe":"","article_paragraphe":"<p>Depuis de nombreuses ann\u00e9es, l&rsquo;Europe est l&rsquo;une des principales destinations de l&rsquo;immigration clandestine et du trafic de migrants. En raison de ses caract\u00e9ristiques g\u00e9opolitiques, la traite ill\u00e9gale des personnes est organis\u00e9e par des criminels qui empruntent principalement la \u00ab\u00a0route des Balkans\u00a0\u00bb pour atteindre les fronti\u00e8res de Schengen, puis de nombreux pays d&rsquo;Europe centrale.<\/p>\n<p>&nbsp;<\/p>\n<p>Le Soroptimist International d&rsquo;Europe est d\u00e9sormais plus alerte et pr\u00e9occup\u00e9 par la difficult\u00e9 d&rsquo;\u00e9valuer les effets r\u00e9els de la pand\u00e9mie COVID-19 sur la traite des \u00eatres humains, alors que nous savons d\u00e9j\u00e0 que les criminels cr\u00e9ent des stratag\u00e8mes alternatifs et de nouveaux mod\u00e8les pour approcher les victimes, comme la cybercriminalit\u00e9.<\/p>\n<p>&nbsp;<\/p>\n<p>Comme l&rsquo;a r\u00e9cemment d\u00e9clar\u00e9 le Secr\u00e9taire g\u00e9n\u00e9ral d&rsquo;INTERPOL, J\u00fcrgen Stock, \u00ab\u00a0la pand\u00e9mie COVID-19 n&rsquo;a pas amoindri la d\u00e9termination des groupes criminels organis\u00e9s \u00e0 s&rsquo;attaquer aux personnes vuln\u00e9rables et \u00e0 tirer profit de ces crimes, qui trop souvent co\u00fbtent la vie aux victimes\u00a0\u00bb.<\/p>\n<p>L&rsquo;Office des Nations unies contre la drogue et le crime (ONUDC) alerte sur un risque accru d\u00e9coulant de la restriction de la circulation, de la fermeture des fronti\u00e8res ainsi que de l&rsquo;application de la quarantaine, qui retardent les secours, cachent les victimes et r\u00e9duisent le soutien et la protection.<\/p>\n<p>&nbsp;<\/p>\n<p>Les femmes souffrent de mani\u00e8re disproportionn\u00e9e de cette crise sanitaire, confront\u00e9es \u00e0 la perte de leurs revenus, de sorte qu&rsquo;elles peuvent finalement chercher \u00e0 vivre dans des secteurs illicites ou informels non r\u00e9glement\u00e9s comme l&rsquo;industrie du sexe, la petite criminalit\u00e9, les milieux domestiques ou l&rsquo;agriculture au-del\u00e0 des fronti\u00e8res, ce qui les \u00e9loigne finalement davantage des \u00e9quipements de protection de l&rsquo;\u00c9tat et des ONG.<\/p>\n<p>&nbsp;<\/p>\n<p>Le Soroptimist International d&rsquo;Europe demande aux gouvernements et aux autorit\u00e9s de l&rsquo;UE, en tant que police des fronti\u00e8res, de d\u00e9tecter et de combattre avec pr\u00e9cision la traite des personnes dans l&rsquo;UE, en appliquant les mesures de lutte contre la traite et les exigences aux fronti\u00e8res.<\/p>\n<p>&nbsp;<\/p>\n<p>Dans ce processus, le renforcement des capacit\u00e9s est essentiel pour rem\u00e9dier aux vuln\u00e9rabilit\u00e9s des femmes et des enfants, en prot\u00e9geant les victimes de violations flagrantes des droits de l&rsquo;homme, par exemple le <em>principe de non-refoulement<\/em><a href=\"#_ftn1\" name=\"_ftnref1\"><em><strong>[1]<\/strong><\/em><\/a><em>.<\/em><\/p>\n<p>&nbsp;<\/p>\n<p>Les droits de l&rsquo;homme doivent \u00eatre respect\u00e9s, d\u2019autant plus dans des contextes sp\u00e9cifiques tels que la protection des r\u00e9fugi\u00e9s et l&rsquo;aide humanitaire caus\u00e9e par la guerre, les sc\u00e9narios d&rsquo;instabilit\u00e9 ou les catastrophes naturelles.<\/p>\n<p>&nbsp;<\/p>\n<p><img decoding=\"async\" class=\" wp-image-18678\" src=\"http:\/\/www.soroptimisteurope.org\/wp-content\/uploads\/2020\/10\/istock-887987532-300x200.jpg\" alt=\"\" width=\"600\" height=\"400\" srcset=\"https:\/\/www.soroptimisteurope.org\/wp-content\/uploads\/2020\/10\/istock-887987532-300x200.jpg 300w, https:\/\/www.soroptimisteurope.org\/wp-content\/uploads\/2020\/10\/istock-887987532-1024x683.jpg 1024w, https:\/\/www.soroptimisteurope.org\/wp-content\/uploads\/2020\/10\/istock-887987532-768x512.jpg 768w, https:\/\/www.soroptimisteurope.org\/wp-content\/uploads\/2020\/10\/istock-887987532-1536x1024.jpg 1536w, https:\/\/www.soroptimisteurope.org\/wp-content\/uploads\/2020\/10\/istock-887987532-2048x1366.jpg 2048w\" sizes=\"(max-width: 600px) 100vw, 600px\" \/><\/p>\n<p>&nbsp;<\/p>\n<p><a href=\"#_ftnref1\" name=\"_ftn1\">[1]<\/a> <em>L&rsquo;interdiction du refoulement<\/em> en vertu du droit international des droits de l&rsquo;homme s&rsquo;applique \u00e0 toute forme d&rsquo;\u00e9loignement ou de transfert de personnes, quel que soit leur statut, lorsqu&rsquo;il existe des motifs s\u00e9rieux de croire que la personne renvoy\u00e9e risque de subir un pr\u00e9judice irr\u00e9parable \u00e0 son retour en raison d&rsquo;actes de torture, de mauvais traitements ou d&rsquo;autres violations graves des obligations en mati\u00e8re de droits de l&rsquo;homme.<\/p>\n","article_media_image":false,"article_media_video":""}],"article_trombinoscope":false,"article_video":"","article_evenements_sociaux":false,"article_auteur_texte":"<p>Par Rita Nogueira Ramos<\/p>\n<p>1\u00e8re Vice-Pr\u00e9sidente (Lobbying) du SIE 2019-2021<\/p>\n","article_nom_contact":"","article_email_contact":"","article_numero_contact":"","article_documents":false,"article_actualites_liees":false,"article_photo_de_couverture":false},"yoast_head":"<!-- This site is optimized with the Yoast SEO plugin v27.4 - https:\/\/yoast.com\/product\/yoast-seo-wordpress\/ -->\n<title>18 octobre - Journ\u00e9e europ\u00e9enne de la lutte contre la traite des \u00eatres humains 2020 - Soroptimist<\/title>\n<meta name=\"robots\" content=\"index, follow, max-snippet:-1, max-image-preview:large, max-video-preview:-1\" \/>\n<link rel=\"canonical\" href=\"https:\/\/www.soroptimisteurope.org\/fr\/journee-europeenne-de-la-lutte-contre-la-traite-des-etres-humains-2020\/\" \/>\n<meta property=\"og:locale\" content=\"fr_FR\" \/>\n<meta property=\"og:type\" content=\"article\" \/>\n<meta property=\"og:title\" content=\"18 octobre - Journ\u00e9e europ\u00e9enne de la lutte contre la traite des \u00eatres humains 2020 - Soroptimist\" \/>\n<meta property=\"og:description\" content=\"#UNLOCKTHEDOORS\" \/>\n<meta property=\"og:url\" content=\"https:\/\/www.soroptimisteurope.org\/fr\/journee-europeenne-de-la-lutte-contre-la-traite-des-etres-humains-2020\/\" \/>\n<meta property=\"og:site_name\" content=\"Soroptimist\" \/>\n<meta property=\"article:published_time\" content=\"2020-10-17T21:45:38+00:00\" \/>\n<meta property=\"article:modified_time\" content=\"2025-05-13T09:17:30+00:00\" \/>\n<meta property=\"og:image\" content=\"https:\/\/www.soroptimisteurope.org\/wp-content\/uploads\/2025\/04\/istock-693795612-e1602858129414-1.jpg\" \/>\n\t<meta property=\"og:image:width\" content=\"2102\" \/>\n\t<meta property=\"og:image:height\" content=\"771\" \/>\n\t<meta property=\"og:image:type\" content=\"image\/jpeg\" \/>\n<meta name=\"author\" content=\"Virginie Racine\" \/>\n<meta name=\"twitter:card\" content=\"summary_large_image\" \/>\n<meta name=\"twitter:label1\" content=\"\u00c9crit par\" \/>\n\t<meta name=\"twitter:data1\" content=\"Virginie Racine\" \/>\n\t<meta name=\"twitter:label2\" content=\"Dur\u00e9e de lecture estim\u00e9e\" \/>\n\t<meta name=\"twitter:data2\" content=\"2 minutes\" \/>\n<script type=\"application\/ld+json\" class=\"yoast-schema-graph\">{\"@context\":\"https:\\\/\\\/schema.org\",\"@graph\":[{\"@type\":\"Article\",\"@id\":\"https:\\\/\\\/www.soroptimisteurope.org\\\/fr\\\/journee-europeenne-de-la-lutte-contre-la-traite-des-etres-humains-2020\\\/#article\",\"isPartOf\":{\"@id\":\"https:\\\/\\\/www.soroptimisteurope.org\\\/fr\\\/journee-europeenne-de-la-lutte-contre-la-traite-des-etres-humains-2020\\\/\"},\"author\":{\"name\":\"Virginie Racine\",\"@id\":\"https:\\\/\\\/www.soroptimisteurope.org\\\/#\\\/schema\\\/person\\\/71cb5ee8dc72773ed419609bf2274619\"},\"headline\":\"18 octobre &#8211; Journ\u00e9e europ\u00e9enne de la lutte contre la traite des \u00eatres humains 2020\",\"datePublished\":\"2020-10-17T21:45:38+00:00\",\"dateModified\":\"2025-05-13T09:17:30+00:00\",\"mainEntityOfPage\":{\"@id\":\"https:\\\/\\\/www.soroptimisteurope.org\\\/fr\\\/journee-europeenne-de-la-lutte-contre-la-traite-des-etres-humains-2020\\\/\"},\"wordCount\":541,\"commentCount\":0,\"image\":{\"@id\":\"https:\\\/\\\/www.soroptimisteurope.org\\\/fr\\\/journee-europeenne-de-la-lutte-contre-la-traite-des-etres-humains-2020\\\/#primaryimage\"},\"thumbnailUrl\":\"https:\\\/\\\/www.soroptimisteurope.org\\\/wp-content\\\/uploads\\\/2025\\\/04\\\/istock-693795612-e1602858129414-1.jpg\",\"keywords\":[\"Advocacy\"],\"articleSection\":[\"Advocacy\"],\"inLanguage\":\"fr-FR\",\"potentialAction\":[{\"@type\":\"CommentAction\",\"name\":\"Comment\",\"target\":[\"https:\\\/\\\/www.soroptimisteurope.org\\\/fr\\\/journee-europeenne-de-la-lutte-contre-la-traite-des-etres-humains-2020\\\/#respond\"]}]},{\"@type\":\"WebPage\",\"@id\":\"https:\\\/\\\/www.soroptimisteurope.org\\\/fr\\\/journee-europeenne-de-la-lutte-contre-la-traite-des-etres-humains-2020\\\/\",\"url\":\"https:\\\/\\\/www.soroptimisteurope.org\\\/fr\\\/journee-europeenne-de-la-lutte-contre-la-traite-des-etres-humains-2020\\\/\",\"name\":\"18 octobre - Journ\u00e9e europ\u00e9enne de la lutte contre la traite des \u00eatres humains 2020 - Soroptimist\",\"isPartOf\":{\"@id\":\"https:\\\/\\\/www.soroptimisteurope.org\\\/#website\"},\"primaryImageOfPage\":{\"@id\":\"https:\\\/\\\/www.soroptimisteurope.org\\\/fr\\\/journee-europeenne-de-la-lutte-contre-la-traite-des-etres-humains-2020\\\/#primaryimage\"},\"image\":{\"@id\":\"https:\\\/\\\/www.soroptimisteurope.org\\\/fr\\\/journee-europeenne-de-la-lutte-contre-la-traite-des-etres-humains-2020\\\/#primaryimage\"},\"thumbnailUrl\":\"https:\\\/\\\/www.soroptimisteurope.org\\\/wp-content\\\/uploads\\\/2025\\\/04\\\/istock-693795612-e1602858129414-1.jpg\",\"datePublished\":\"2020-10-17T21:45:38+00:00\",\"dateModified\":\"2025-05-13T09:17:30+00:00\",\"author\":{\"@id\":\"https:\\\/\\\/www.soroptimisteurope.org\\\/#\\\/schema\\\/person\\\/71cb5ee8dc72773ed419609bf2274619\"},\"breadcrumb\":{\"@id\":\"https:\\\/\\\/www.soroptimisteurope.org\\\/fr\\\/journee-europeenne-de-la-lutte-contre-la-traite-des-etres-humains-2020\\\/#breadcrumb\"},\"inLanguage\":\"fr-FR\",\"potentialAction\":[{\"@type\":\"ReadAction\",\"target\":[\"https:\\\/\\\/www.soroptimisteurope.org\\\/fr\\\/journee-europeenne-de-la-lutte-contre-la-traite-des-etres-humains-2020\\\/\"]}]},{\"@type\":\"ImageObject\",\"inLanguage\":\"fr-FR\",\"@id\":\"https:\\\/\\\/www.soroptimisteurope.org\\\/fr\\\/journee-europeenne-de-la-lutte-contre-la-traite-des-etres-humains-2020\\\/#primaryimage\",\"url\":\"https:\\\/\\\/www.soroptimisteurope.org\\\/wp-content\\\/uploads\\\/2025\\\/04\\\/istock-693795612-e1602858129414-1.jpg\",\"contentUrl\":\"https:\\\/\\\/www.soroptimisteurope.org\\\/wp-content\\\/uploads\\\/2025\\\/04\\\/istock-693795612-e1602858129414-1.jpg\",\"width\":2102,\"height\":771},{\"@type\":\"BreadcrumbList\",\"@id\":\"https:\\\/\\\/www.soroptimisteurope.org\\\/fr\\\/journee-europeenne-de-la-lutte-contre-la-traite-des-etres-humains-2020\\\/#breadcrumb\",\"itemListElement\":[{\"@type\":\"ListItem\",\"position\":1,\"name\":\"Accueil\",\"item\":\"https:\\\/\\\/www.soroptimisteurope.org\\\/fr\\\/\"},{\"@type\":\"ListItem\",\"position\":2,\"name\":\"18 octobre &#8211; Journ\u00e9e europ\u00e9enne de la lutte contre la traite des \u00eatres humains 2020\"}]},{\"@type\":\"WebSite\",\"@id\":\"https:\\\/\\\/www.soroptimisteurope.org\\\/#website\",\"url\":\"https:\\\/\\\/www.soroptimisteurope.org\\\/\",\"name\":\"Soroptimist\",\"description\":\"\",\"potentialAction\":[{\"@type\":\"SearchAction\",\"target\":{\"@type\":\"EntryPoint\",\"urlTemplate\":\"https:\\\/\\\/www.soroptimisteurope.org\\\/?s={search_term_string}\"},\"query-input\":{\"@type\":\"PropertyValueSpecification\",\"valueRequired\":true,\"valueName\":\"search_term_string\"}}],\"inLanguage\":\"fr-FR\"},{\"@type\":\"Person\",\"@id\":\"https:\\\/\\\/www.soroptimisteurope.org\\\/#\\\/schema\\\/person\\\/71cb5ee8dc72773ed419609bf2274619\",\"name\":\"Virginie Racine\",\"url\":\"https:\\\/\\\/www.soroptimisteurope.org\\\/fr\\\/author\\\/adminsorop2k21\\\/\"}]}<\/script>\n<!-- \/ Yoast SEO plugin. -->","yoast_head_json":{"title":"18 octobre - Journ\u00e9e europ\u00e9enne de la lutte contre la traite des \u00eatres humains 2020 - Soroptimist","robots":{"index":"index","follow":"follow","max-snippet":"max-snippet:-1","max-image-preview":"max-image-preview:large","max-video-preview":"max-video-preview:-1"},"canonical":"https:\/\/www.soroptimisteurope.org\/fr\/journee-europeenne-de-la-lutte-contre-la-traite-des-etres-humains-2020\/","og_locale":"fr_FR","og_type":"article","og_title":"18 octobre - Journ\u00e9e europ\u00e9enne de la lutte contre la traite des \u00eatres humains 2020 - Soroptimist","og_description":"#UNLOCKTHEDOORS","og_url":"https:\/\/www.soroptimisteurope.org\/fr\/journee-europeenne-de-la-lutte-contre-la-traite-des-etres-humains-2020\/","og_site_name":"Soroptimist","article_published_time":"2020-10-17T21:45:38+00:00","article_modified_time":"2025-05-13T09:17:30+00:00","og_image":[{"width":2102,"height":771,"url":"https:\/\/www.soroptimisteurope.org\/wp-content\/uploads\/2025\/04\/istock-693795612-e1602858129414-1.jpg","type":"image\/jpeg"}],"author":"Virginie Racine","twitter_card":"summary_large_image","twitter_misc":{"\u00c9crit par":"Virginie Racine","Dur\u00e9e de lecture estim\u00e9e":"2 minutes"},"schema":{"@context":"https:\/\/schema.org","@graph":[{"@type":"Article","@id":"https:\/\/www.soroptimisteurope.org\/fr\/journee-europeenne-de-la-lutte-contre-la-traite-des-etres-humains-2020\/#article","isPartOf":{"@id":"https:\/\/www.soroptimisteurope.org\/fr\/journee-europeenne-de-la-lutte-contre-la-traite-des-etres-humains-2020\/"},"author":{"name":"Virginie Racine","@id":"https:\/\/www.soroptimisteurope.org\/#\/schema\/person\/71cb5ee8dc72773ed419609bf2274619"},"headline":"18 octobre &#8211; Journ\u00e9e europ\u00e9enne de la lutte contre la traite des \u00eatres humains 2020","datePublished":"2020-10-17T21:45:38+00:00","dateModified":"2025-05-13T09:17:30+00:00","mainEntityOfPage":{"@id":"https:\/\/www.soroptimisteurope.org\/fr\/journee-europeenne-de-la-lutte-contre-la-traite-des-etres-humains-2020\/"},"wordCount":541,"commentCount":0,"image":{"@id":"https:\/\/www.soroptimisteurope.org\/fr\/journee-europeenne-de-la-lutte-contre-la-traite-des-etres-humains-2020\/#primaryimage"},"thumbnailUrl":"https:\/\/www.soroptimisteurope.org\/wp-content\/uploads\/2025\/04\/istock-693795612-e1602858129414-1.jpg","keywords":["Advocacy"],"articleSection":["Advocacy"],"inLanguage":"fr-FR","potentialAction":[{"@type":"CommentAction","name":"Comment","target":["https:\/\/www.soroptimisteurope.org\/fr\/journee-europeenne-de-la-lutte-contre-la-traite-des-etres-humains-2020\/#respond"]}]},{"@type":"WebPage","@id":"https:\/\/www.soroptimisteurope.org\/fr\/journee-europeenne-de-la-lutte-contre-la-traite-des-etres-humains-2020\/","url":"https:\/\/www.soroptimisteurope.org\/fr\/journee-europeenne-de-la-lutte-contre-la-traite-des-etres-humains-2020\/","name":"18 octobre - Journ\u00e9e europ\u00e9enne de la lutte contre la traite des \u00eatres humains 2020 - Soroptimist","isPartOf":{"@id":"https:\/\/www.soroptimisteurope.org\/#website"},"primaryImageOfPage":{"@id":"https:\/\/www.soroptimisteurope.org\/fr\/journee-europeenne-de-la-lutte-contre-la-traite-des-etres-humains-2020\/#primaryimage"},"image":{"@id":"https:\/\/www.soroptimisteurope.org\/fr\/journee-europeenne-de-la-lutte-contre-la-traite-des-etres-humains-2020\/#primaryimage"},"thumbnailUrl":"https:\/\/www.soroptimisteurope.org\/wp-content\/uploads\/2025\/04\/istock-693795612-e1602858129414-1.jpg","datePublished":"2020-10-17T21:45:38+00:00","dateModified":"2025-05-13T09:17:30+00:00","author":{"@id":"https:\/\/www.soroptimisteurope.org\/#\/schema\/person\/71cb5ee8dc72773ed419609bf2274619"},"breadcrumb":{"@id":"https:\/\/www.soroptimisteurope.org\/fr\/journee-europeenne-de-la-lutte-contre-la-traite-des-etres-humains-2020\/#breadcrumb"},"inLanguage":"fr-FR","potentialAction":[{"@type":"ReadAction","target":["https:\/\/www.soroptimisteurope.org\/fr\/journee-europeenne-de-la-lutte-contre-la-traite-des-etres-humains-2020\/"]}]},{"@type":"ImageObject","inLanguage":"fr-FR","@id":"https:\/\/www.soroptimisteurope.org\/fr\/journee-europeenne-de-la-lutte-contre-la-traite-des-etres-humains-2020\/#primaryimage","url":"https:\/\/www.soroptimisteurope.org\/wp-content\/uploads\/2025\/04\/istock-693795612-e1602858129414-1.jpg","contentUrl":"https:\/\/www.soroptimisteurope.org\/wp-content\/uploads\/2025\/04\/istock-693795612-e1602858129414-1.jpg","width":2102,"height":771},{"@type":"BreadcrumbList","@id":"https:\/\/www.soroptimisteurope.org\/fr\/journee-europeenne-de-la-lutte-contre-la-traite-des-etres-humains-2020\/#breadcrumb","itemListElement":[{"@type":"ListItem","position":1,"name":"Accueil","item":"https:\/\/www.soroptimisteurope.org\/fr\/"},{"@type":"ListItem","position":2,"name":"18 octobre &#8211; Journ\u00e9e europ\u00e9enne de la lutte contre la traite des \u00eatres humains 2020"}]},{"@type":"WebSite","@id":"https:\/\/www.soroptimisteurope.org\/#website","url":"https:\/\/www.soroptimisteurope.org\/","name":"Soroptimist","description":"","potentialAction":[{"@type":"SearchAction","target":{"@type":"EntryPoint","urlTemplate":"https:\/\/www.soroptimisteurope.org\/?s={search_term_string}"},"query-input":{"@type":"PropertyValueSpecification","valueRequired":true,"valueName":"search_term_string"}}],"inLanguage":"fr-FR"},{"@type":"Person","@id":"https:\/\/www.soroptimisteurope.org\/#\/schema\/person\/71cb5ee8dc72773ed419609bf2274619","name":"Virginie Racine","url":"https:\/\/www.soroptimisteurope.org\/fr\/author\/adminsorop2k21\/"}]}},"_links":{"self":[{"href":"https:\/\/www.soroptimisteurope.org\/fr\/wp-json\/wp\/v2\/posts\/18705","targetHints":{"allow":["GET"]}}],"collection":[{"href":"https:\/\/www.soroptimisteurope.org\/fr\/wp-json\/wp\/v2\/posts"}],"about":[{"href":"https:\/\/www.soroptimisteurope.org\/fr\/wp-json\/wp\/v2\/types\/post"}],"author":[{"embeddable":true,"href":"https:\/\/www.soroptimisteurope.org\/fr\/wp-json\/wp\/v2\/users\/5"}],"replies":[{"embeddable":true,"href":"https:\/\/www.soroptimisteurope.org\/fr\/wp-json\/wp\/v2\/comments?post=18705"}],"version-history":[{"count":6,"href":"https:\/\/www.soroptimisteurope.org\/fr\/wp-json\/wp\/v2\/posts\/18705\/revisions"}],"predecessor-version":[{"id":41697,"href":"https:\/\/www.soroptimisteurope.org\/fr\/wp-json\/wp\/v2\/posts\/18705\/revisions\/41697"}],"wp:featuredmedia":[{"embeddable":true,"href":"https:\/\/www.soroptimisteurope.org\/fr\/wp-json\/wp\/v2\/media\/37509"}],"wp:attachment":[{"href":"https:\/\/www.soroptimisteurope.org\/fr\/wp-json\/wp\/v2\/media?parent=18705"}],"wp:term":[{"taxonomy":"category","embeddable":true,"href":"https:\/\/www.soroptimisteurope.org\/fr\/wp-json\/wp\/v2\/categories?post=18705"},{"taxonomy":"post_tag","embeddable":true,"href":"https:\/\/www.soroptimisteurope.org\/fr\/wp-json\/wp\/v2\/tags?post=18705"}],"curies":[{"name":"wp","href":"https:\/\/api.w.org\/{rel}","templated":true}]}}