{"id":18713,"date":"2020-10-20T08:14:58","date_gmt":"2020-10-20T07:14:58","guid":{"rendered":"http:\/\/www.soroptimisteurope.org\/?p=18713"},"modified":"2025-05-13T11:17:30","modified_gmt":"2025-05-13T09:17:30","slug":"message-de-la-presidente-octobre-2020","status":"publish","type":"post","link":"https:\/\/www.soroptimisteurope.org\/fr\/message-de-la-presidente-octobre-2020\/","title":{"rendered":"Message de la Pr\u00e9sidente &#8211; octobre 2020"},"content":{"rendered":"<p>Ch\u00e8res Soroptimist,<\/p>\n<p>&nbsp;<\/p>\n<p>Je voulais faire un bilan de la premi\u00e8re ann\u00e9e de mon biennium et \u00e9voquer mes projets pour la seconde. Il serait clich\u00e9 de dire que c&rsquo;\u00e9tait une ann\u00e9e inhabituelle. Il semble que tous mes projets et toutes les autres initiatives sur lesquelles j&rsquo;ai travaill\u00e9 ont \u00e9chou\u00e9. Il a donc fallu changer ces plans. Certains changements ont \u00e9t\u00e9 pour le mieux, d&rsquo;autres un peu moins.<\/p>\n<p>&nbsp;<\/p>\n<p>Tout d&rsquo;abord, je voulais changer le format de la R\u00e9union des Gouverneures, qui est finalement devenue virtuelle. Bien que mon id\u00e9e n\u2019ait pas \u00e9t\u00e9 aussi radicale, ce format a tr\u00e8s bien fonctionn\u00e9. Il y a ensuite eu la n\u00e9cessit\u00e9 de conna\u00eetre les activit\u00e9s des Unions et de communiquer avec leurs Pr\u00e9sidentes. C&rsquo;est pourquoi nous nous r\u00e9unissons maintenant mensuellement; c\u2019est important et tout \u00e0 fait prometteur. Les r\u00e9unions avec les Clubs individuels se poursuivent \u00e9galement, \u00e0 la satisfaction des deux parties.<\/p>\n<p>&nbsp;<\/p>\n<p>\u00c0 pr\u00e9sent, tout le monde doit s&rsquo;atteler au d\u00e9veloppement des membres, pour ne pas en perdre davantage et en gagner de nouveaux. En raison de la COVID-19 certains membres, qui ne se sentent pas encore \u00e0 l\u2019aise avec les nouvelles technologies, ne se r\u00e9unissent plus. Certains clubs ne savent pas comment mettre en \u0153uvre des actions, lorsque les r\u00e9unions ne sont pas en face \u00e0 face.<\/p>\n<p>&nbsp;<\/p>\n<p>Pour la formation holistique, nous organisons des sessions th\u00e9matiques interactives en ligne pour les membres des Bureaux des Union. Elles porteront sur diff\u00e9rents sujets, tr\u00e8s pratiques, avec des conseils sur la mise en \u0153uvre des mesures et des projets. Nous avons l&rsquo;intention de poursuivre ces sessions th\u00e9matiques interactives en ligne pour maintenir cette dynamique.<\/p>\n<p>&nbsp;<\/p>\n<p>Nous mettrons l&rsquo;accent sur l&rsquo;am\u00e9lioration de notre communication et le changement de notre image sur les r\u00e9seaux sociaux, qui est une activit\u00e9 constante.<\/p>\n<p>&nbsp;<\/p>\n<p>Bien que cette ann\u00e9e soit exceptionnelle, et qu&rsquo;elle semble rester diff\u00e9rente, je suis fi\u00e8re de tous nos membres qui, malgr\u00e9 les d\u00e9fis, continuent \u00e0 d\u00e9fendre, \u00e0 d\u00e9velopper et \u00e0 mener \u00e0 bien des projets. Je crois sinc\u00e8rement que peu importe ce que l&rsquo;avenir nous r\u00e9serve, le Soroptimist continuera \u00e0 d\u00e9fendre les femmes.<\/p>\n","protected":false},"excerpt":{"rendered":"<p>Ch\u00e8res Soroptimist, &nbsp; Je voulais faire un bilan de la premi\u00e8re ann\u00e9e de mon biennium et \u00e9voquer mes projets pour la seconde. Il serait clich\u00e9 de dire que c&rsquo;\u00e9tait une [&hellip;]<\/p>\n","protected":false},"author":5,"featured_media":37511,"comment_status":"open","ping_status":"open","sticky":false,"template":"","format":"standard","meta":{"_acf_changed":false,"give_campaign_id":0,"footnotes":""},"categories":[129],"tags":[],"class_list":["post-18713","post","type-post","status-publish","format-standard","has-post-thumbnail","hentry","category-nouvelles"],"acf":{"article_photo_de_couverture":false,"article_chapeau":"","article_contenu":[{"article_titre_du_paragraphe":"","article_paragraphe":"<p>Ch\u00e8res Soroptimist,<\/p>\n<p>&nbsp;<\/p>\n<p>Je voulais faire un bilan de la premi\u00e8re ann\u00e9e de mon biennium et \u00e9voquer mes projets pour la seconde. Il serait clich\u00e9 de dire que c&rsquo;\u00e9tait une ann\u00e9e inhabituelle. Il semble que tous mes projets et toutes les autres initiatives sur lesquelles j&rsquo;ai travaill\u00e9 ont \u00e9chou\u00e9. Il a donc fallu changer ces plans. Certains changements ont \u00e9t\u00e9 pour le mieux, d&rsquo;autres un peu moins.<\/p>\n<p>&nbsp;<\/p>\n<p>Tout d&rsquo;abord, je voulais changer le format de la R\u00e9union des Gouverneures, qui est finalement devenue virtuelle. Bien que mon id\u00e9e n\u2019ait pas \u00e9t\u00e9 aussi radicale, ce format a tr\u00e8s bien fonctionn\u00e9. Il y a ensuite eu la n\u00e9cessit\u00e9 de conna\u00eetre les activit\u00e9s des Unions et de communiquer avec leurs Pr\u00e9sidentes. C&rsquo;est pourquoi nous nous r\u00e9unissons maintenant mensuellement; c\u2019est important et tout \u00e0 fait prometteur. Les r\u00e9unions avec les Clubs individuels se poursuivent \u00e9galement, \u00e0 la satisfaction des deux parties.<\/p>\n<p>&nbsp;<\/p>\n<p>\u00c0 pr\u00e9sent, tout le monde doit s&rsquo;atteler au d\u00e9veloppement des membres, pour ne pas en perdre davantage et en gagner de nouveaux. En raison de la COVID-19 certains membres, qui ne se sentent pas encore \u00e0 l\u2019aise avec les nouvelles technologies, ne se r\u00e9unissent plus. Certains clubs ne savent pas comment mettre en \u0153uvre des actions, lorsque les r\u00e9unions ne sont pas en face \u00e0 face.<\/p>\n<p>&nbsp;<\/p>\n<p>Pour la formation holistique, nous organisons des sessions th\u00e9matiques interactives en ligne pour les membres des Bureaux des Union. Elles porteront sur diff\u00e9rents sujets, tr\u00e8s pratiques, avec des conseils sur la mise en \u0153uvre des mesures et des projets. Nous avons l&rsquo;intention de poursuivre ces sessions th\u00e9matiques interactives en ligne pour maintenir cette dynamique.<\/p>\n<p>&nbsp;<\/p>\n<p>Nous mettrons l&rsquo;accent sur l&rsquo;am\u00e9lioration de notre communication et le changement de notre image sur les r\u00e9seaux sociaux, qui est une activit\u00e9 constante.<\/p>\n<p>&nbsp;<\/p>\n<p>Bien que cette ann\u00e9e soit exceptionnelle, et qu&rsquo;elle semble rester diff\u00e9rente, je suis fi\u00e8re de tous nos membres qui, malgr\u00e9 les d\u00e9fis, continuent \u00e0 d\u00e9fendre, \u00e0 d\u00e9velopper et \u00e0 mener \u00e0 bien des projets. Je crois sinc\u00e8rement que peu importe ce que l&rsquo;avenir nous r\u00e9serve, le Soroptimist continuera \u00e0 d\u00e9fendre les femmes.<\/p>\n","article_media_image":false,"article_media_video":""}],"article_trombinoscope":false,"article_video":"","article_evenements_sociaux":false,"article_auteur_texte":"<p>Par Anna Wszelaczy\u0144ska<\/p>\n<p>Pr\u00e9sidente du SIE 2019-2021<\/p>\n","article_nom_contact":"","article_email_contact":"","article_numero_contact":"","article_documents":false,"article_actualites_liees":false},"yoast_head":"<!-- This site is optimized with the Yoast SEO plugin v27.4 - https:\/\/yoast.com\/product\/yoast-seo-wordpress\/ -->\n<title>Message de la Pr\u00e9sidente - octobre 2020 - Soroptimist<\/title>\n<meta name=\"robots\" content=\"index, follow, max-snippet:-1, max-image-preview:large, max-video-preview:-1\" \/>\n<link rel=\"canonical\" href=\"https:\/\/www.soroptimisteurope.org\/message-from-the-president-october-2020\/\" \/>\n<meta property=\"og:locale\" content=\"fr_FR\" \/>\n<meta property=\"og:type\" content=\"article\" \/>\n<meta property=\"og:title\" content=\"Message de la Pr\u00e9sidente - octobre 2020 - Soroptimist\" \/>\n<meta property=\"og:description\" content=\"Ch\u00e8res Soroptimist, &nbsp; Je voulais faire un bilan de la premi\u00e8re ann\u00e9e de mon biennium et \u00e9voquer mes projets pour la seconde. Il serait clich\u00e9 de dire que c&rsquo;\u00e9tait une [&hellip;]\" \/>\n<meta property=\"og:url\" content=\"https:\/\/www.soroptimisteurope.org\/message-from-the-president-october-2020\/\" \/>\n<meta property=\"og:site_name\" content=\"Soroptimist\" \/>\n<meta property=\"article:published_time\" content=\"2020-10-20T07:14:58+00:00\" \/>\n<meta property=\"article:modified_time\" content=\"2025-05-13T09:17:30+00:00\" \/>\n<meta property=\"og:image\" content=\"https:\/\/www.soroptimisteurope.org\/wp-content\/uploads\/2025\/04\/201925-265-utopix-soroptimist-nevenpetrovic-554-e1591948761143-9-scaled.jpg\" \/>\n\t<meta property=\"og:image:width\" content=\"2560\" \/>\n\t<meta property=\"og:image:height\" content=\"1117\" \/>\n\t<meta property=\"og:image:type\" content=\"image\/jpeg\" \/>\n<meta name=\"author\" content=\"Virginie Racine\" \/>\n<meta name=\"twitter:card\" content=\"summary_large_image\" \/>\n<meta name=\"twitter:label1\" content=\"\u00c9crit par\" \/>\n\t<meta name=\"twitter:data1\" content=\"Virginie Racine\" \/>\n\t<meta name=\"twitter:label2\" content=\"Dur\u00e9e de lecture estim\u00e9e\" \/>\n\t<meta name=\"twitter:data2\" content=\"2 minutes\" \/>\n<script type=\"application\/ld+json\" class=\"yoast-schema-graph\">{\"@context\":\"https:\\\/\\\/schema.org\",\"@graph\":[{\"@type\":\"Article\",\"@id\":\"https:\\\/\\\/www.soroptimisteurope.org\\\/message-from-the-president-october-2020\\\/#article\",\"isPartOf\":{\"@id\":\"https:\\\/\\\/www.soroptimisteurope.org\\\/message-from-the-president-october-2020\\\/\"},\"author\":{\"name\":\"Virginie Racine\",\"@id\":\"https:\\\/\\\/www.soroptimisteurope.org\\\/#\\\/schema\\\/person\\\/71cb5ee8dc72773ed419609bf2274619\"},\"headline\":\"Message de la Pr\u00e9sidente &#8211; octobre 2020\",\"datePublished\":\"2020-10-20T07:14:58+00:00\",\"dateModified\":\"2025-05-13T09:17:30+00:00\",\"mainEntityOfPage\":{\"@id\":\"https:\\\/\\\/www.soroptimisteurope.org\\\/message-from-the-president-october-2020\\\/\"},\"wordCount\":390,\"commentCount\":0,\"image\":{\"@id\":\"https:\\\/\\\/www.soroptimisteurope.org\\\/message-from-the-president-october-2020\\\/#primaryimage\"},\"thumbnailUrl\":\"https:\\\/\\\/www.soroptimisteurope.org\\\/wp-content\\\/uploads\\\/2025\\\/04\\\/201925-265-utopix-soroptimist-nevenpetrovic-554-e1591948761143-9-scaled.jpg\",\"articleSection\":[\"Nouvelles\"],\"inLanguage\":\"fr-FR\",\"potentialAction\":[{\"@type\":\"CommentAction\",\"name\":\"Comment\",\"target\":[\"https:\\\/\\\/www.soroptimisteurope.org\\\/message-from-the-president-october-2020\\\/#respond\"]}]},{\"@type\":\"WebPage\",\"@id\":\"https:\\\/\\\/www.soroptimisteurope.org\\\/message-from-the-president-october-2020\\\/\",\"url\":\"https:\\\/\\\/www.soroptimisteurope.org\\\/message-from-the-president-october-2020\\\/\",\"name\":\"Message de la Pr\u00e9sidente - octobre 2020 - Soroptimist\",\"isPartOf\":{\"@id\":\"https:\\\/\\\/www.soroptimisteurope.org\\\/#website\"},\"primaryImageOfPage\":{\"@id\":\"https:\\\/\\\/www.soroptimisteurope.org\\\/message-from-the-president-october-2020\\\/#primaryimage\"},\"image\":{\"@id\":\"https:\\\/\\\/www.soroptimisteurope.org\\\/message-from-the-president-october-2020\\\/#primaryimage\"},\"thumbnailUrl\":\"https:\\\/\\\/www.soroptimisteurope.org\\\/wp-content\\\/uploads\\\/2025\\\/04\\\/201925-265-utopix-soroptimist-nevenpetrovic-554-e1591948761143-9-scaled.jpg\",\"datePublished\":\"2020-10-20T07:14:58+00:00\",\"dateModified\":\"2025-05-13T09:17:30+00:00\",\"author\":{\"@id\":\"https:\\\/\\\/www.soroptimisteurope.org\\\/#\\\/schema\\\/person\\\/71cb5ee8dc72773ed419609bf2274619\"},\"breadcrumb\":{\"@id\":\"https:\\\/\\\/www.soroptimisteurope.org\\\/message-from-the-president-october-2020\\\/#breadcrumb\"},\"inLanguage\":\"fr-FR\",\"potentialAction\":[{\"@type\":\"ReadAction\",\"target\":[\"https:\\\/\\\/www.soroptimisteurope.org\\\/message-from-the-president-october-2020\\\/\"]}]},{\"@type\":\"ImageObject\",\"inLanguage\":\"fr-FR\",\"@id\":\"https:\\\/\\\/www.soroptimisteurope.org\\\/message-from-the-president-october-2020\\\/#primaryimage\",\"url\":\"https:\\\/\\\/www.soroptimisteurope.org\\\/wp-content\\\/uploads\\\/2025\\\/04\\\/201925-265-utopix-soroptimist-nevenpetrovic-554-e1591948761143-9-scaled.jpg\",\"contentUrl\":\"https:\\\/\\\/www.soroptimisteurope.org\\\/wp-content\\\/uploads\\\/2025\\\/04\\\/201925-265-utopix-soroptimist-nevenpetrovic-554-e1591948761143-9-scaled.jpg\",\"width\":2560,\"height\":1117},{\"@type\":\"BreadcrumbList\",\"@id\":\"https:\\\/\\\/www.soroptimisteurope.org\\\/message-from-the-president-october-2020\\\/#breadcrumb\",\"itemListElement\":[{\"@type\":\"ListItem\",\"position\":1,\"name\":\"Accueil\",\"item\":\"https:\\\/\\\/www.soroptimisteurope.org\\\/fr\\\/\"},{\"@type\":\"ListItem\",\"position\":2,\"name\":\"Message de la Pr\u00e9sidente &#8211; octobre 2020\"}]},{\"@type\":\"WebSite\",\"@id\":\"https:\\\/\\\/www.soroptimisteurope.org\\\/#website\",\"url\":\"https:\\\/\\\/www.soroptimisteurope.org\\\/\",\"name\":\"Soroptimist\",\"description\":\"\",\"potentialAction\":[{\"@type\":\"SearchAction\",\"target\":{\"@type\":\"EntryPoint\",\"urlTemplate\":\"https:\\\/\\\/www.soroptimisteurope.org\\\/?s={search_term_string}\"},\"query-input\":{\"@type\":\"PropertyValueSpecification\",\"valueRequired\":true,\"valueName\":\"search_term_string\"}}],\"inLanguage\":\"fr-FR\"},{\"@type\":\"Person\",\"@id\":\"https:\\\/\\\/www.soroptimisteurope.org\\\/#\\\/schema\\\/person\\\/71cb5ee8dc72773ed419609bf2274619\",\"name\":\"Virginie Racine\",\"url\":\"https:\\\/\\\/www.soroptimisteurope.org\\\/fr\\\/author\\\/adminsorop2k21\\\/\"}]}<\/script>\n<!-- \/ Yoast SEO plugin. -->","yoast_head_json":{"title":"Message de la Pr\u00e9sidente - octobre 2020 - Soroptimist","robots":{"index":"index","follow":"follow","max-snippet":"max-snippet:-1","max-image-preview":"max-image-preview:large","max-video-preview":"max-video-preview:-1"},"canonical":"https:\/\/www.soroptimisteurope.org\/message-from-the-president-october-2020\/","og_locale":"fr_FR","og_type":"article","og_title":"Message de la Pr\u00e9sidente - octobre 2020 - Soroptimist","og_description":"Ch\u00e8res Soroptimist, &nbsp; Je voulais faire un bilan de la premi\u00e8re ann\u00e9e de mon biennium et \u00e9voquer mes projets pour la seconde. Il serait clich\u00e9 de dire que c&rsquo;\u00e9tait une [&hellip;]","og_url":"https:\/\/www.soroptimisteurope.org\/message-from-the-president-october-2020\/","og_site_name":"Soroptimist","article_published_time":"2020-10-20T07:14:58+00:00","article_modified_time":"2025-05-13T09:17:30+00:00","og_image":[{"width":2560,"height":1117,"url":"https:\/\/www.soroptimisteurope.org\/wp-content\/uploads\/2025\/04\/201925-265-utopix-soroptimist-nevenpetrovic-554-e1591948761143-9-scaled.jpg","type":"image\/jpeg"}],"author":"Virginie Racine","twitter_card":"summary_large_image","twitter_misc":{"\u00c9crit par":"Virginie Racine","Dur\u00e9e de lecture estim\u00e9e":"2 minutes"},"schema":{"@context":"https:\/\/schema.org","@graph":[{"@type":"Article","@id":"https:\/\/www.soroptimisteurope.org\/message-from-the-president-october-2020\/#article","isPartOf":{"@id":"https:\/\/www.soroptimisteurope.org\/message-from-the-president-october-2020\/"},"author":{"name":"Virginie Racine","@id":"https:\/\/www.soroptimisteurope.org\/#\/schema\/person\/71cb5ee8dc72773ed419609bf2274619"},"headline":"Message de la Pr\u00e9sidente &#8211; octobre 2020","datePublished":"2020-10-20T07:14:58+00:00","dateModified":"2025-05-13T09:17:30+00:00","mainEntityOfPage":{"@id":"https:\/\/www.soroptimisteurope.org\/message-from-the-president-october-2020\/"},"wordCount":390,"commentCount":0,"image":{"@id":"https:\/\/www.soroptimisteurope.org\/message-from-the-president-october-2020\/#primaryimage"},"thumbnailUrl":"https:\/\/www.soroptimisteurope.org\/wp-content\/uploads\/2025\/04\/201925-265-utopix-soroptimist-nevenpetrovic-554-e1591948761143-9-scaled.jpg","articleSection":["Nouvelles"],"inLanguage":"fr-FR","potentialAction":[{"@type":"CommentAction","name":"Comment","target":["https:\/\/www.soroptimisteurope.org\/message-from-the-president-october-2020\/#respond"]}]},{"@type":"WebPage","@id":"https:\/\/www.soroptimisteurope.org\/message-from-the-president-october-2020\/","url":"https:\/\/www.soroptimisteurope.org\/message-from-the-president-october-2020\/","name":"Message de la Pr\u00e9sidente - octobre 2020 - Soroptimist","isPartOf":{"@id":"https:\/\/www.soroptimisteurope.org\/#website"},"primaryImageOfPage":{"@id":"https:\/\/www.soroptimisteurope.org\/message-from-the-president-october-2020\/#primaryimage"},"image":{"@id":"https:\/\/www.soroptimisteurope.org\/message-from-the-president-october-2020\/#primaryimage"},"thumbnailUrl":"https:\/\/www.soroptimisteurope.org\/wp-content\/uploads\/2025\/04\/201925-265-utopix-soroptimist-nevenpetrovic-554-e1591948761143-9-scaled.jpg","datePublished":"2020-10-20T07:14:58+00:00","dateModified":"2025-05-13T09:17:30+00:00","author":{"@id":"https:\/\/www.soroptimisteurope.org\/#\/schema\/person\/71cb5ee8dc72773ed419609bf2274619"},"breadcrumb":{"@id":"https:\/\/www.soroptimisteurope.org\/message-from-the-president-october-2020\/#breadcrumb"},"inLanguage":"fr-FR","potentialAction":[{"@type":"ReadAction","target":["https:\/\/www.soroptimisteurope.org\/message-from-the-president-october-2020\/"]}]},{"@type":"ImageObject","inLanguage":"fr-FR","@id":"https:\/\/www.soroptimisteurope.org\/message-from-the-president-october-2020\/#primaryimage","url":"https:\/\/www.soroptimisteurope.org\/wp-content\/uploads\/2025\/04\/201925-265-utopix-soroptimist-nevenpetrovic-554-e1591948761143-9-scaled.jpg","contentUrl":"https:\/\/www.soroptimisteurope.org\/wp-content\/uploads\/2025\/04\/201925-265-utopix-soroptimist-nevenpetrovic-554-e1591948761143-9-scaled.jpg","width":2560,"height":1117},{"@type":"BreadcrumbList","@id":"https:\/\/www.soroptimisteurope.org\/message-from-the-president-october-2020\/#breadcrumb","itemListElement":[{"@type":"ListItem","position":1,"name":"Accueil","item":"https:\/\/www.soroptimisteurope.org\/fr\/"},{"@type":"ListItem","position":2,"name":"Message de la Pr\u00e9sidente &#8211; octobre 2020"}]},{"@type":"WebSite","@id":"https:\/\/www.soroptimisteurope.org\/#website","url":"https:\/\/www.soroptimisteurope.org\/","name":"Soroptimist","description":"","potentialAction":[{"@type":"SearchAction","target":{"@type":"EntryPoint","urlTemplate":"https:\/\/www.soroptimisteurope.org\/?s={search_term_string}"},"query-input":{"@type":"PropertyValueSpecification","valueRequired":true,"valueName":"search_term_string"}}],"inLanguage":"fr-FR"},{"@type":"Person","@id":"https:\/\/www.soroptimisteurope.org\/#\/schema\/person\/71cb5ee8dc72773ed419609bf2274619","name":"Virginie Racine","url":"https:\/\/www.soroptimisteurope.org\/fr\/author\/adminsorop2k21\/"}]}},"_links":{"self":[{"href":"https:\/\/www.soroptimisteurope.org\/fr\/wp-json\/wp\/v2\/posts\/18713","targetHints":{"allow":["GET"]}}],"collection":[{"href":"https:\/\/www.soroptimisteurope.org\/fr\/wp-json\/wp\/v2\/posts"}],"about":[{"href":"https:\/\/www.soroptimisteurope.org\/fr\/wp-json\/wp\/v2\/types\/post"}],"author":[{"embeddable":true,"href":"https:\/\/www.soroptimisteurope.org\/fr\/wp-json\/wp\/v2\/users\/5"}],"replies":[{"embeddable":true,"href":"https:\/\/www.soroptimisteurope.org\/fr\/wp-json\/wp\/v2\/comments?post=18713"}],"version-history":[{"count":3,"href":"https:\/\/www.soroptimisteurope.org\/fr\/wp-json\/wp\/v2\/posts\/18713\/revisions"}],"predecessor-version":[{"id":35160,"href":"https:\/\/www.soroptimisteurope.org\/fr\/wp-json\/wp\/v2\/posts\/18713\/revisions\/35160"}],"wp:featuredmedia":[{"embeddable":true,"href":"https:\/\/www.soroptimisteurope.org\/fr\/wp-json\/wp\/v2\/media\/37511"}],"wp:attachment":[{"href":"https:\/\/www.soroptimisteurope.org\/fr\/wp-json\/wp\/v2\/media?parent=18713"}],"wp:term":[{"taxonomy":"category","embeddable":true,"href":"https:\/\/www.soroptimisteurope.org\/fr\/wp-json\/wp\/v2\/categories?post=18713"},{"taxonomy":"post_tag","embeddable":true,"href":"https:\/\/www.soroptimisteurope.org\/fr\/wp-json\/wp\/v2\/tags?post=18713"}],"curies":[{"name":"wp","href":"https:\/\/api.w.org\/{rel}","templated":true}]}}