{"id":19299,"date":"2020-12-07T07:20:05","date_gmt":"2020-12-07T06:20:05","guid":{"rendered":"http:\/\/www.soroptimisteurope.org\/?p=19299"},"modified":"2025-05-13T11:17:38","modified_gmt":"2025-05-13T09:17:38","slug":"decido-io-si-italie","status":"publish","type":"post","link":"https:\/\/www.soroptimisteurope.org\/fr\/decido-io-si-italie\/","title":{"rendered":"\u00ab\u00a0Decido Io\u00a0\u00bb- SI Italie"},"content":{"rendered":"<p>En ces mois de novembre et d\u00e9cembre 2020, les Soroptimist d\u2019Italie se mobilise avec conviction et passion pour soutenir la campagne initi\u00e9e par les Nations Unies et UN Women \u00ab\u00a0Orange the World\u00a0\u00bb. Tous les clubs \u00e0 travers le pays s\u2019unissent pour porter la couleur et le message de cette initiative annuel par le slogan \u00ab\u00a0DECIDO IO\u00a0\u00bb (Je d\u00e9cide).<\/p>\n<p>&nbsp;<\/p>\n<p>Cette ann\u00e9e plus que jamais, les membres du Soroptimist esp\u00e8rent sensibiliser et cr\u00e9er un engagement plus concret et \u00e9tendu que les ann\u00e9es pr\u00e9c\u00e9dentes, en raison de l\u2019\u00e9pid\u00e9mie de la COVID-19. La violence envers les femmes a en effet accru de mani\u00e8re exponentielle. L\u2019Union d\u2019Italie a choisi de soutenir deux initiatives, qui soutiennent directement des mesures d\u2019aide et d\u2019h\u00e9bergement pour les victimes de violence domestique. Ces institutions n\u2019ont pas cess\u00e9 d\u2019accueillir et d\u2019aider les personnes dans le besoin durant la crise sanitaire.<\/p>\n<p>&nbsp;<\/p>\n<p><img fetchpriority=\"high\" decoding=\"async\" class=\"alignnone wp-image-19283\" src=\"https:\/\/www.soroptimisteurope.org\/wp-content\/uploads\/2020\/11\/clementine.png\" alt=\"\" width=\"668\" height=\"586\" srcset=\"https:\/\/www.soroptimisteurope.org\/wp-content\/uploads\/2020\/11\/clementine.png 599w, https:\/\/www.soroptimisteurope.org\/wp-content\/uploads\/2020\/11\/clementine-300x263.png 300w\" sizes=\"(max-width: 668px) 100vw, 668px\" \/><\/p>\n<p>&nbsp;<\/p>\n<p>Pour soutenir la premi\u00e8re initiative \u00ab\u00a0Le Clementine antiviolenza\u00a0\u00bb, tous les clubs italiens peuvent acheter des caissettes de cl\u00e9mentines, produites par des agricultrices de Calabre, dont le produit des ventes sera revers\u00e9 \u00e0 \u00ab\u00a0Rete D.i.RE\u00a0\u00bb, qui poss\u00e8de 80 centres antiviolence dans tout le pays. Ce projet poss\u00e8de trois objectifs principaux\u00a0:<\/p>\n<p>&nbsp;<\/p>\n<ul>\n<li>Sensibiliser l\u2019opinion publique \u00e0 la violence contre les femmes et devenir un symbole pour toutes les femmes victimes de violence, en souvenir d\u2019une \u00e9tudiante calabraise, d\u00e9c\u00e9d\u00e9e sous les coups de son fianc\u00e9 en 2013.<\/li>\n<li>Soutenir les femmes entrepreneures en Calabre et de participer \u00e0 leur autonomisation financi\u00e8re.<\/li>\n<li>Apporter un soutien \u00e9conomique concret aux associations et centres anti-violence, qui aident quotidiennement les victimes au moyen de soutien t\u00e9l\u00e9phonique, psychologique et juridique, d\u2019entretiens personnalis\u00e9s, d\u2019accueil en foyer, etc.<\/li>\n<\/ul>\n<p>&nbsp;<\/p>\n<p>La deuxi\u00e8me initiative consiste \u00e0 illuminer en orange les casernes des policiers, qui abritent 170 chambres, mises en place par les Soroptimist, pour rappeler symboliquement qu\u2019il existe un endroit s\u00fbr vers lequel se tourner.<\/p>\n<p>&nbsp;<\/p>\n<p>Pour conclure la campagne des 16 jours d\u2019activisme, le 10 d\u00e9cembre 2020, l\u2019Union d\u2019Italie proposera \u00e0 ses clubs de suivre une conf\u00e9rence de la Prof. Tanya Hernandez\u00a0: \u00ab\u00a0Le f\u00e9minisme au temps de #BlackLivesMatter\u00a0\u2013 une conversation au-del\u00e0 des fronti\u00e8res\u00a0\u00bb.<\/p>\n","protected":false},"excerpt":{"rendered":"<p>En ces mois de novembre et d\u00e9cembre 2020, les Soroptimist d\u2019Italie se mobilise avec conviction et passion pour soutenir la campagne initi\u00e9e par les Nations Unies et UN Women \u00ab\u00a0Orange [&hellip;]<\/p>\n","protected":false},"author":5,"featured_media":37645,"comment_status":"open","ping_status":"open","sticky":false,"template":"","format":"standard","meta":{"_acf_changed":false,"give_campaign_id":0,"footnotes":""},"categories":[129],"tags":[],"class_list":["post-19299","post","type-post","status-publish","format-standard","has-post-thumbnail","hentry","category-nouvelles"],"acf":{"article_photo_de_couverture":false,"article_chapeau":"","article_contenu":[{"article_titre_du_paragraphe":"","article_paragraphe":"<p>En ces mois de novembre et d\u00e9cembre 2020, les Soroptimist d\u2019Italie se mobilise avec conviction et passion pour soutenir la campagne initi\u00e9e par les Nations Unies et UN Women \u00ab\u00a0Orange the World\u00a0\u00bb. Tous les clubs \u00e0 travers le pays s\u2019unissent pour porter la couleur et le message de cette initiative annuel par le slogan \u00ab\u00a0DECIDO IO\u00a0\u00bb (Je d\u00e9cide).<\/p>\n<p>&nbsp;<\/p>\n<p>Cette ann\u00e9e plus que jamais, les membres du Soroptimist esp\u00e8rent sensibiliser et cr\u00e9er un engagement plus concret et \u00e9tendu que les ann\u00e9es pr\u00e9c\u00e9dentes, en raison de l\u2019\u00e9pid\u00e9mie de la COVID-19. La violence envers les femmes a en effet accru de mani\u00e8re exponentielle. L\u2019Union d\u2019Italie a choisi de soutenir deux initiatives, qui soutiennent directement des mesures d\u2019aide et d\u2019h\u00e9bergement pour les victimes de violence domestique. Ces institutions n\u2019ont pas cess\u00e9 d\u2019accueillir et d\u2019aider les personnes dans le besoin durant la crise sanitaire.<\/p>\n<p>&nbsp;<\/p>\n<p><img decoding=\"async\" class=\"alignnone wp-image-19283\" src=\"http:\/\/www.soroptimisteurope.org\/wp-content\/uploads\/2020\/11\/clementine-300x263.png\" alt=\"\" width=\"668\" height=\"586\" srcset=\"https:\/\/www.soroptimisteurope.org\/wp-content\/uploads\/2020\/11\/clementine-300x263.png 300w, https:\/\/www.soroptimisteurope.org\/wp-content\/uploads\/2020\/11\/clementine.png 599w\" sizes=\"(max-width: 668px) 100vw, 668px\" \/><\/p>\n<p>&nbsp;<\/p>\n<p>Pour soutenir la premi\u00e8re initiative \u00ab\u00a0Le Clementine antiviolenza\u00a0\u00bb, tous les clubs italiens peuvent acheter des caissettes de cl\u00e9mentines, produites par des agricultrices de Calabre, dont le produit des ventes sera revers\u00e9 \u00e0 \u00ab\u00a0Rete D.i.RE\u00a0\u00bb, qui poss\u00e8de 80 centres antiviolence dans tout le pays. Ce projet poss\u00e8de trois objectifs principaux\u00a0:<\/p>\n<p>&nbsp;<\/p>\n<ul>\n<li>Sensibiliser l\u2019opinion publique \u00e0 la violence contre les femmes et devenir un symbole pour toutes les femmes victimes de violence, en souvenir d\u2019une \u00e9tudiante calabraise, d\u00e9c\u00e9d\u00e9e sous les coups de son fianc\u00e9 en 2013.<\/li>\n<li>Soutenir les femmes entrepreneures en Calabre et de participer \u00e0 leur autonomisation financi\u00e8re.<\/li>\n<li>Apporter un soutien \u00e9conomique concret aux associations et centres anti-violence, qui aident quotidiennement les victimes au moyen de soutien t\u00e9l\u00e9phonique, psychologique et juridique, d\u2019entretiens personnalis\u00e9s, d\u2019accueil en foyer, etc.<\/li>\n<\/ul>\n<p>&nbsp;<\/p>\n<p>La deuxi\u00e8me initiative consiste \u00e0 illuminer en orange les casernes des policiers, qui abritent 170 chambres, mises en place par les Soroptimist, pour rappeler symboliquement qu\u2019il existe un endroit s\u00fbr vers lequel se tourner.<\/p>\n<p>&nbsp;<\/p>\n<p>Pour conclure la campagne des 16 jours d\u2019activisme, le 10 d\u00e9cembre 2020, l\u2019Union d\u2019Italie proposera \u00e0 ses clubs de suivre une conf\u00e9rence de la Prof. Tanya Hernandez\u00a0: \u00ab\u00a0Le f\u00e9minisme au temps de #BlackLivesMatter\u00a0\u2013 une conversation au-del\u00e0 des fronti\u00e8res\u00a0\u00bb.<\/p>\n","article_media_image":false,"article_media_video":""}],"article_trombinoscope":false,"article_video":"","article_evenements_sociaux":false,"article_auteur_texte":"<p>Par l&rsquo;\u00e9quipe du Programme du SIE<\/p>\n","article_nom_contact":"","article_email_contact":"","article_numero_contact":"","article_documents":false,"article_actualites_liees":false},"yoast_head":"<!-- This site is optimized with the Yoast SEO plugin v27.4 - https:\/\/yoast.com\/product\/yoast-seo-wordpress\/ -->\n<title>&quot;Decido Io&quot;- SI Italie - Soroptimist<\/title>\n<meta name=\"robots\" content=\"index, follow, max-snippet:-1, max-image-preview:large, max-video-preview:-1\" \/>\n<link rel=\"canonical\" href=\"https:\/\/www.soroptimisteurope.org\/decido-io-si-italy\/\" \/>\n<meta property=\"og:locale\" content=\"fr_FR\" \/>\n<meta property=\"og:type\" content=\"article\" \/>\n<meta property=\"og:title\" content=\"&quot;Decido Io&quot;- SI Italie - Soroptimist\" \/>\n<meta property=\"og:description\" content=\"En ces mois de novembre et d\u00e9cembre 2020, les Soroptimist d\u2019Italie se mobilise avec conviction et passion pour soutenir la campagne initi\u00e9e par les Nations Unies et UN Women \u00ab\u00a0Orange [&hellip;]\" \/>\n<meta property=\"og:url\" content=\"https:\/\/www.soroptimisteurope.org\/decido-io-si-italy\/\" \/>\n<meta property=\"og:site_name\" content=\"Soroptimist\" \/>\n<meta property=\"article:published_time\" content=\"2020-12-07T06:20:05+00:00\" \/>\n<meta property=\"article:modified_time\" content=\"2025-05-13T09:17:38+00:00\" \/>\n<meta property=\"og:image\" content=\"https:\/\/www.soroptimisteurope.org\/wp-content\/uploads\/2025\/04\/decido-io-e1606338756993-1.jpg\" \/>\n\t<meta property=\"og:image:width\" content=\"596\" \/>\n\t<meta property=\"og:image:height\" content=\"325\" \/>\n\t<meta property=\"og:image:type\" content=\"image\/jpeg\" \/>\n<meta name=\"author\" content=\"Virginie Racine\" \/>\n<meta name=\"twitter:card\" content=\"summary_large_image\" \/>\n<meta name=\"twitter:label1\" content=\"\u00c9crit par\" \/>\n\t<meta name=\"twitter:data1\" content=\"Virginie Racine\" \/>\n\t<meta name=\"twitter:label2\" content=\"Dur\u00e9e de lecture estim\u00e9e\" \/>\n\t<meta name=\"twitter:data2\" content=\"2 minutes\" \/>\n<script type=\"application\/ld+json\" class=\"yoast-schema-graph\">{\"@context\":\"https:\\\/\\\/schema.org\",\"@graph\":[{\"@type\":\"Article\",\"@id\":\"https:\\\/\\\/www.soroptimisteurope.org\\\/decido-io-si-italy\\\/#article\",\"isPartOf\":{\"@id\":\"https:\\\/\\\/www.soroptimisteurope.org\\\/decido-io-si-italy\\\/\"},\"author\":{\"name\":\"Virginie Racine\",\"@id\":\"https:\\\/\\\/www.soroptimisteurope.org\\\/#\\\/schema\\\/person\\\/71cb5ee8dc72773ed419609bf2274619\"},\"headline\":\"\u00ab\u00a0Decido Io\u00a0\u00bb- SI Italie\",\"datePublished\":\"2020-12-07T06:20:05+00:00\",\"dateModified\":\"2025-05-13T09:17:38+00:00\",\"mainEntityOfPage\":{\"@id\":\"https:\\\/\\\/www.soroptimisteurope.org\\\/decido-io-si-italy\\\/\"},\"wordCount\":383,\"commentCount\":0,\"image\":{\"@id\":\"https:\\\/\\\/www.soroptimisteurope.org\\\/decido-io-si-italy\\\/#primaryimage\"},\"thumbnailUrl\":\"https:\\\/\\\/www.soroptimisteurope.org\\\/wp-content\\\/uploads\\\/2025\\\/04\\\/decido-io-e1606338756993-1.jpg\",\"articleSection\":[\"Nouvelles\"],\"inLanguage\":\"fr-FR\",\"potentialAction\":[{\"@type\":\"CommentAction\",\"name\":\"Comment\",\"target\":[\"https:\\\/\\\/www.soroptimisteurope.org\\\/decido-io-si-italy\\\/#respond\"]}]},{\"@type\":\"WebPage\",\"@id\":\"https:\\\/\\\/www.soroptimisteurope.org\\\/decido-io-si-italy\\\/\",\"url\":\"https:\\\/\\\/www.soroptimisteurope.org\\\/decido-io-si-italy\\\/\",\"name\":\"\\\"Decido Io\\\"- SI Italie - Soroptimist\",\"isPartOf\":{\"@id\":\"https:\\\/\\\/www.soroptimisteurope.org\\\/#website\"},\"primaryImageOfPage\":{\"@id\":\"https:\\\/\\\/www.soroptimisteurope.org\\\/decido-io-si-italy\\\/#primaryimage\"},\"image\":{\"@id\":\"https:\\\/\\\/www.soroptimisteurope.org\\\/decido-io-si-italy\\\/#primaryimage\"},\"thumbnailUrl\":\"https:\\\/\\\/www.soroptimisteurope.org\\\/wp-content\\\/uploads\\\/2025\\\/04\\\/decido-io-e1606338756993-1.jpg\",\"datePublished\":\"2020-12-07T06:20:05+00:00\",\"dateModified\":\"2025-05-13T09:17:38+00:00\",\"author\":{\"@id\":\"https:\\\/\\\/www.soroptimisteurope.org\\\/#\\\/schema\\\/person\\\/71cb5ee8dc72773ed419609bf2274619\"},\"breadcrumb\":{\"@id\":\"https:\\\/\\\/www.soroptimisteurope.org\\\/decido-io-si-italy\\\/#breadcrumb\"},\"inLanguage\":\"fr-FR\",\"potentialAction\":[{\"@type\":\"ReadAction\",\"target\":[\"https:\\\/\\\/www.soroptimisteurope.org\\\/decido-io-si-italy\\\/\"]}]},{\"@type\":\"ImageObject\",\"inLanguage\":\"fr-FR\",\"@id\":\"https:\\\/\\\/www.soroptimisteurope.org\\\/decido-io-si-italy\\\/#primaryimage\",\"url\":\"https:\\\/\\\/www.soroptimisteurope.org\\\/wp-content\\\/uploads\\\/2025\\\/04\\\/decido-io-e1606338756993-1.jpg\",\"contentUrl\":\"https:\\\/\\\/www.soroptimisteurope.org\\\/wp-content\\\/uploads\\\/2025\\\/04\\\/decido-io-e1606338756993-1.jpg\",\"width\":596,\"height\":325},{\"@type\":\"BreadcrumbList\",\"@id\":\"https:\\\/\\\/www.soroptimisteurope.org\\\/decido-io-si-italy\\\/#breadcrumb\",\"itemListElement\":[{\"@type\":\"ListItem\",\"position\":1,\"name\":\"Accueil\",\"item\":\"https:\\\/\\\/www.soroptimisteurope.org\\\/fr\\\/\"},{\"@type\":\"ListItem\",\"position\":2,\"name\":\"&#8220;Decido Io&#8221;- SI Italie\"}]},{\"@type\":\"WebSite\",\"@id\":\"https:\\\/\\\/www.soroptimisteurope.org\\\/#website\",\"url\":\"https:\\\/\\\/www.soroptimisteurope.org\\\/\",\"name\":\"Soroptimist\",\"description\":\"\",\"potentialAction\":[{\"@type\":\"SearchAction\",\"target\":{\"@type\":\"EntryPoint\",\"urlTemplate\":\"https:\\\/\\\/www.soroptimisteurope.org\\\/?s={search_term_string}\"},\"query-input\":{\"@type\":\"PropertyValueSpecification\",\"valueRequired\":true,\"valueName\":\"search_term_string\"}}],\"inLanguage\":\"fr-FR\"},{\"@type\":\"Person\",\"@id\":\"https:\\\/\\\/www.soroptimisteurope.org\\\/#\\\/schema\\\/person\\\/71cb5ee8dc72773ed419609bf2274619\",\"name\":\"Virginie Racine\",\"url\":\"https:\\\/\\\/www.soroptimisteurope.org\\\/fr\\\/author\\\/adminsorop2k21\\\/\"}]}<\/script>\n<!-- \/ Yoast SEO plugin. -->","yoast_head_json":{"title":"\"Decido Io\"- SI Italie - Soroptimist","robots":{"index":"index","follow":"follow","max-snippet":"max-snippet:-1","max-image-preview":"max-image-preview:large","max-video-preview":"max-video-preview:-1"},"canonical":"https:\/\/www.soroptimisteurope.org\/decido-io-si-italy\/","og_locale":"fr_FR","og_type":"article","og_title":"\"Decido Io\"- SI Italie - Soroptimist","og_description":"En ces mois de novembre et d\u00e9cembre 2020, les Soroptimist d\u2019Italie se mobilise avec conviction et passion pour soutenir la campagne initi\u00e9e par les Nations Unies et UN Women \u00ab\u00a0Orange [&hellip;]","og_url":"https:\/\/www.soroptimisteurope.org\/decido-io-si-italy\/","og_site_name":"Soroptimist","article_published_time":"2020-12-07T06:20:05+00:00","article_modified_time":"2025-05-13T09:17:38+00:00","og_image":[{"width":596,"height":325,"url":"https:\/\/www.soroptimisteurope.org\/wp-content\/uploads\/2025\/04\/decido-io-e1606338756993-1.jpg","type":"image\/jpeg"}],"author":"Virginie Racine","twitter_card":"summary_large_image","twitter_misc":{"\u00c9crit par":"Virginie Racine","Dur\u00e9e de lecture estim\u00e9e":"2 minutes"},"schema":{"@context":"https:\/\/schema.org","@graph":[{"@type":"Article","@id":"https:\/\/www.soroptimisteurope.org\/decido-io-si-italy\/#article","isPartOf":{"@id":"https:\/\/www.soroptimisteurope.org\/decido-io-si-italy\/"},"author":{"name":"Virginie Racine","@id":"https:\/\/www.soroptimisteurope.org\/#\/schema\/person\/71cb5ee8dc72773ed419609bf2274619"},"headline":"\u00ab\u00a0Decido Io\u00a0\u00bb- SI Italie","datePublished":"2020-12-07T06:20:05+00:00","dateModified":"2025-05-13T09:17:38+00:00","mainEntityOfPage":{"@id":"https:\/\/www.soroptimisteurope.org\/decido-io-si-italy\/"},"wordCount":383,"commentCount":0,"image":{"@id":"https:\/\/www.soroptimisteurope.org\/decido-io-si-italy\/#primaryimage"},"thumbnailUrl":"https:\/\/www.soroptimisteurope.org\/wp-content\/uploads\/2025\/04\/decido-io-e1606338756993-1.jpg","articleSection":["Nouvelles"],"inLanguage":"fr-FR","potentialAction":[{"@type":"CommentAction","name":"Comment","target":["https:\/\/www.soroptimisteurope.org\/decido-io-si-italy\/#respond"]}]},{"@type":"WebPage","@id":"https:\/\/www.soroptimisteurope.org\/decido-io-si-italy\/","url":"https:\/\/www.soroptimisteurope.org\/decido-io-si-italy\/","name":"\"Decido Io\"- SI Italie - Soroptimist","isPartOf":{"@id":"https:\/\/www.soroptimisteurope.org\/#website"},"primaryImageOfPage":{"@id":"https:\/\/www.soroptimisteurope.org\/decido-io-si-italy\/#primaryimage"},"image":{"@id":"https:\/\/www.soroptimisteurope.org\/decido-io-si-italy\/#primaryimage"},"thumbnailUrl":"https:\/\/www.soroptimisteurope.org\/wp-content\/uploads\/2025\/04\/decido-io-e1606338756993-1.jpg","datePublished":"2020-12-07T06:20:05+00:00","dateModified":"2025-05-13T09:17:38+00:00","author":{"@id":"https:\/\/www.soroptimisteurope.org\/#\/schema\/person\/71cb5ee8dc72773ed419609bf2274619"},"breadcrumb":{"@id":"https:\/\/www.soroptimisteurope.org\/decido-io-si-italy\/#breadcrumb"},"inLanguage":"fr-FR","potentialAction":[{"@type":"ReadAction","target":["https:\/\/www.soroptimisteurope.org\/decido-io-si-italy\/"]}]},{"@type":"ImageObject","inLanguage":"fr-FR","@id":"https:\/\/www.soroptimisteurope.org\/decido-io-si-italy\/#primaryimage","url":"https:\/\/www.soroptimisteurope.org\/wp-content\/uploads\/2025\/04\/decido-io-e1606338756993-1.jpg","contentUrl":"https:\/\/www.soroptimisteurope.org\/wp-content\/uploads\/2025\/04\/decido-io-e1606338756993-1.jpg","width":596,"height":325},{"@type":"BreadcrumbList","@id":"https:\/\/www.soroptimisteurope.org\/decido-io-si-italy\/#breadcrumb","itemListElement":[{"@type":"ListItem","position":1,"name":"Accueil","item":"https:\/\/www.soroptimisteurope.org\/fr\/"},{"@type":"ListItem","position":2,"name":"&#8220;Decido Io&#8221;- SI Italie"}]},{"@type":"WebSite","@id":"https:\/\/www.soroptimisteurope.org\/#website","url":"https:\/\/www.soroptimisteurope.org\/","name":"Soroptimist","description":"","potentialAction":[{"@type":"SearchAction","target":{"@type":"EntryPoint","urlTemplate":"https:\/\/www.soroptimisteurope.org\/?s={search_term_string}"},"query-input":{"@type":"PropertyValueSpecification","valueRequired":true,"valueName":"search_term_string"}}],"inLanguage":"fr-FR"},{"@type":"Person","@id":"https:\/\/www.soroptimisteurope.org\/#\/schema\/person\/71cb5ee8dc72773ed419609bf2274619","name":"Virginie Racine","url":"https:\/\/www.soroptimisteurope.org\/fr\/author\/adminsorop2k21\/"}]}},"_links":{"self":[{"href":"https:\/\/www.soroptimisteurope.org\/fr\/wp-json\/wp\/v2\/posts\/19299","targetHints":{"allow":["GET"]}}],"collection":[{"href":"https:\/\/www.soroptimisteurope.org\/fr\/wp-json\/wp\/v2\/posts"}],"about":[{"href":"https:\/\/www.soroptimisteurope.org\/fr\/wp-json\/wp\/v2\/types\/post"}],"author":[{"embeddable":true,"href":"https:\/\/www.soroptimisteurope.org\/fr\/wp-json\/wp\/v2\/users\/5"}],"replies":[{"embeddable":true,"href":"https:\/\/www.soroptimisteurope.org\/fr\/wp-json\/wp\/v2\/comments?post=19299"}],"version-history":[{"count":6,"href":"https:\/\/www.soroptimisteurope.org\/fr\/wp-json\/wp\/v2\/posts\/19299\/revisions"}],"predecessor-version":[{"id":40512,"href":"https:\/\/www.soroptimisteurope.org\/fr\/wp-json\/wp\/v2\/posts\/19299\/revisions\/40512"}],"wp:featuredmedia":[{"embeddable":true,"href":"https:\/\/www.soroptimisteurope.org\/fr\/wp-json\/wp\/v2\/media\/37645"}],"wp:attachment":[{"href":"https:\/\/www.soroptimisteurope.org\/fr\/wp-json\/wp\/v2\/media?parent=19299"}],"wp:term":[{"taxonomy":"category","embeddable":true,"href":"https:\/\/www.soroptimisteurope.org\/fr\/wp-json\/wp\/v2\/categories?post=19299"},{"taxonomy":"post_tag","embeddable":true,"href":"https:\/\/www.soroptimisteurope.org\/fr\/wp-json\/wp\/v2\/tags?post=19299"}],"curies":[{"name":"wp","href":"https:\/\/api.w.org\/{rel}","templated":true}]}}