{"id":20115,"date":"2021-03-19T11:33:47","date_gmt":"2021-03-19T10:33:47","guid":{"rendered":"http:\/\/www.soroptimisteurope.org\/?p=20115"},"modified":"2025-05-13T11:17:51","modified_gmt":"2025-05-13T09:17:51","slug":"message-de-la-presidente-mars-2021","status":"publish","type":"post","link":"https:\/\/www.soroptimisteurope.org\/fr\/message-de-la-presidente-mars-2021\/","title":{"rendered":"Message de la Pr\u00e9sidente &#8211; mars 2021"},"content":{"rendered":"<p>Ch\u00e8res Soroptimist,<\/p>\n<p>&nbsp;<\/p>\n<p>Le mois de mars a d\u00e9but\u00e9 par la Journ\u00e9e internationale des droits des femmes. Nos membres se sont fi\u00e8rement mobilis\u00e9s en ligne et ont entrepris des actions telles que l&rsquo;envoi de la d\u00e9claration du SI CSW65, accompagn\u00e9e de notre lettre, aux principales parties prenantes et aux politiciens. J&rsquo;ai per\u00e7u l&rsquo;impact que nos membres ont eu\u00a0; le fait de voir notre affiche et notre vid\u00e9o sur les r\u00e9seaux sociaux, lors de la Journ\u00e9e internationale de la femme, montre qu&rsquo;ensemble notre voix globale peut \u00eatre entendue.<\/p>\n<p>&nbsp;<\/p>\n<p>Apr\u00e8s cette importante journ\u00e9e, l&rsquo;attention s&rsquo;est port\u00e9e sur le lundi 15 mars, qui a marqu\u00e9 l&rsquo;ouverture de la 65e session de la Commission de la condition de la femme des Nations Unies (CSW65) \u00e0 New York. Le th\u00e8me de cette ann\u00e9e met en avant la place des femmes dans la vie publique et le leadership. Cet \u00e9v\u00e9nement est une formidable opportunit\u00e9 d&rsquo;apprendre combien d&rsquo;ONG et de gouvernements travaillent dans ce domaine. C&rsquo;est aussi une source d&rsquo;inspiration pour des projets et des campagnes de lobbying puisque toutes les sessions sont en ligne. N&rsquo;oubliez d&rsquo;ailleurs pas de suivre les r\u00e9seaux sociaux du Soroptimist International d\u2019Europe pour obtenir plus d&rsquo;informations sur l&rsquo;\u00e9v\u00e9nement.<\/p>\n<p>&nbsp;<\/p>\n<p>J&rsquo;esp\u00e8re que celles qui se sont jointes \u00e0 nous le 17 f\u00e9vrier dernier ont appr\u00e9ci\u00e9 l&rsquo;introduction et les pr\u00e9sentations de nos repr\u00e9sentantes aux organisations internationales et cadre sur le th\u00e8me du genre : le Lobby europ\u00e9en des femmes (LEF), le Conseil de l&rsquo;Europe (CoE) et l&rsquo;Organisation pour la s\u00e9curit\u00e9 et la coop\u00e9ration en Europe (OSCE) &#8211; tr\u00e8s int\u00e9ressant ! Apr\u00e8s cette session, les directrices et directrices adjoints de Programme ont particip\u00e9 \u00e0 une session avec l&rsquo;\u00e9quipe de Programme, dont une grande partie a \u00e9t\u00e9 d\u00e9di\u00e9e \u00e0 des questions et r\u00e9ponses. Finalement, une troisi\u00e8me session en ligne a \u00e9t\u00e9 organis\u00e9e par l\u2019\u00e9quipe du Mentorat pour introduire des vid\u00e9os et du mat\u00e9riel de formation au mentorat en ligne. Tout est disponible dans l\u2019espace membre\/Extranet du SIE. Je vous encourage vivement \u00e0 visionner ces vid\u00e9os et \u00e0 vous laisser inspirer pour devenir mentor. En tant que femmes professionnelles, nous avons tant \u00e0 offrir, et c&rsquo;est un travail extr\u00eamement gratifiant. Pour le mois d&rsquo;avril, j&rsquo;esp\u00e8re que vous vous joindrez \u00e0 nous lors de nos deux prochaines sessions sur la communication et sur le leadership. Tous les membres sont invit\u00e9s \u00e0 participer \u00e0 ces webinaires Zoom. Surveillez nos m\u00e9dias sociaux pour de plus amples informations et d\u00e9tails \u00e0 venir !<\/p>\n<p>&nbsp;<\/p>\n<p>En attendant, je souhaite \u00e0 vous toutes de belles f\u00eates de P\u00e2ques.<\/p>\n<p>Amiti\u00e9s,<\/p>\n<p>Anna<\/p>\n","protected":false},"excerpt":{"rendered":"<p>Ch\u00e8res Soroptimist, &nbsp; Le mois de mars a d\u00e9but\u00e9 par la Journ\u00e9e internationale des droits des femmes. Nos membres se sont fi\u00e8rement mobilis\u00e9s en ligne et ont entrepris des actions [&hellip;]<\/p>\n","protected":false},"author":5,"featured_media":37790,"comment_status":"open","ping_status":"open","sticky":false,"template":"","format":"standard","meta":{"_acf_changed":false,"give_campaign_id":0,"footnotes":""},"categories":[129],"tags":[],"class_list":["post-20115","post","type-post","status-publish","format-standard","has-post-thumbnail","hentry","category-nouvelles"],"acf":{"article_photo_de_couverture":false,"article_chapeau":"","article_contenu":[{"article_titre_du_paragraphe":"","article_paragraphe":"<p>Ch\u00e8res Soroptimist,<\/p>\n<p>&nbsp;<\/p>\n<p>Le mois de mars a d\u00e9but\u00e9 par la Journ\u00e9e internationale des droits des femmes. Nos membres se sont fi\u00e8rement mobilis\u00e9s en ligne et ont entrepris des actions telles que l&rsquo;envoi de la d\u00e9claration du SI CSW65, accompagn\u00e9e de notre lettre, aux principales parties prenantes et aux politiciens. J&rsquo;ai per\u00e7u l&rsquo;impact que nos membres ont eu\u00a0; le fait de voir notre affiche et notre vid\u00e9o sur les r\u00e9seaux sociaux, lors de la Journ\u00e9e internationale de la femme, montre qu&rsquo;ensemble notre voix globale peut \u00eatre entendue.<\/p>\n<p>&nbsp;<\/p>\n<p>Apr\u00e8s cette importante journ\u00e9e, l&rsquo;attention s&rsquo;est port\u00e9e sur le lundi 15 mars, qui a marqu\u00e9 l&rsquo;ouverture de la 65e session de la Commission de la condition de la femme des Nations Unies (CSW65) \u00e0 New York. Le th\u00e8me de cette ann\u00e9e met en avant la place des femmes dans la vie publique et le leadership. Cet \u00e9v\u00e9nement est une formidable opportunit\u00e9 d&rsquo;apprendre combien d&rsquo;ONG et de gouvernements travaillent dans ce domaine. C&rsquo;est aussi une source d&rsquo;inspiration pour des projets et des campagnes de lobbying puisque toutes les sessions sont en ligne. N&rsquo;oubliez d&rsquo;ailleurs pas de suivre les r\u00e9seaux sociaux du Soroptimist International d\u2019Europe pour obtenir plus d&rsquo;informations sur l&rsquo;\u00e9v\u00e9nement.<\/p>\n<p>&nbsp;<\/p>\n<p>J&rsquo;esp\u00e8re que celles qui se sont jointes \u00e0 nous le 17 f\u00e9vrier dernier ont appr\u00e9ci\u00e9 l&rsquo;introduction et les pr\u00e9sentations de nos repr\u00e9sentantes aux organisations internationales et cadre sur le th\u00e8me du genre : le Lobby europ\u00e9en des femmes (LEF), le Conseil de l&rsquo;Europe (CoE) et l&rsquo;Organisation pour la s\u00e9curit\u00e9 et la coop\u00e9ration en Europe (OSCE) &#8211; tr\u00e8s int\u00e9ressant ! Apr\u00e8s cette session, les directrices et directrices adjoints de Programme ont particip\u00e9 \u00e0 une session avec l&rsquo;\u00e9quipe de Programme, dont une grande partie a \u00e9t\u00e9 d\u00e9di\u00e9e \u00e0 des questions et r\u00e9ponses. Finalement, une troisi\u00e8me session en ligne a \u00e9t\u00e9 organis\u00e9e par l\u2019\u00e9quipe du Mentorat pour introduire des vid\u00e9os et du mat\u00e9riel de formation au mentorat en ligne. Tout est disponible dans l\u2019espace membre\/Extranet du SIE. Je vous encourage vivement \u00e0 visionner ces vid\u00e9os et \u00e0 vous laisser inspirer pour devenir mentor. En tant que femmes professionnelles, nous avons tant \u00e0 offrir, et c&rsquo;est un travail extr\u00eamement gratifiant. Pour le mois d&rsquo;avril, j&rsquo;esp\u00e8re que vous vous joindrez \u00e0 nous lors de nos deux prochaines sessions sur la communication et sur le leadership. Tous les membres sont invit\u00e9s \u00e0 participer \u00e0 ces webinaires Zoom. Surveillez nos m\u00e9dias sociaux pour de plus amples informations et d\u00e9tails \u00e0 venir !<\/p>\n<p>&nbsp;<\/p>\n<p>En attendant, je souhaite \u00e0 vous toutes de belles f\u00eates de P\u00e2ques.<\/p>\n<p>Amiti\u00e9s,<\/p>\n<p>Anna<\/p>\n","article_media_image":false,"article_media_video":""}],"article_trombinoscope":false,"article_video":"","article_evenements_sociaux":false,"article_auteur_texte":"<p>Par Anna Wszelaczy\u0144ska,<\/p>\n<p>Pr\u00e9sidente du SIE 2019-2021<\/p>\n","article_nom_contact":"","article_email_contact":"","article_numero_contact":"","article_documents":false,"article_actualites_liees":false},"yoast_head":"<!-- This site is optimized with the Yoast SEO plugin v27.5 - https:\/\/yoast.com\/product\/yoast-seo-wordpress\/ -->\n<title>Message de la Pr\u00e9sidente - mars 2021 - Soroptimist<\/title>\n<meta name=\"robots\" content=\"index, follow, max-snippet:-1, max-image-preview:large, max-video-preview:-1\" \/>\n<link rel=\"canonical\" href=\"https:\/\/www.soroptimisteurope.org\/message-from-the-president-march-2021\/\" \/>\n<meta property=\"og:locale\" content=\"fr_FR\" \/>\n<meta property=\"og:type\" content=\"article\" \/>\n<meta property=\"og:title\" content=\"Message de la Pr\u00e9sidente - mars 2021 - Soroptimist\" \/>\n<meta property=\"og:description\" content=\"Ch\u00e8res Soroptimist, &nbsp; Le mois de mars a d\u00e9but\u00e9 par la Journ\u00e9e internationale des droits des femmes. Nos membres se sont fi\u00e8rement mobilis\u00e9s en ligne et ont entrepris des actions [&hellip;]\" \/>\n<meta property=\"og:url\" content=\"https:\/\/www.soroptimisteurope.org\/message-from-the-president-march-2021\/\" \/>\n<meta property=\"og:site_name\" content=\"Soroptimist\" \/>\n<meta property=\"article:published_time\" content=\"2021-03-19T10:33:47+00:00\" \/>\n<meta property=\"article:modified_time\" content=\"2025-05-13T09:17:51+00:00\" \/>\n<meta property=\"og:image\" content=\"https:\/\/www.soroptimisteurope.org\/wp-content\/uploads\/2025\/04\/201925-265-utopix-soroptimist-nevenpetrovic-554-e1591948761143-19-scaled.jpg\" \/>\n\t<meta property=\"og:image:width\" content=\"2560\" \/>\n\t<meta property=\"og:image:height\" content=\"1117\" \/>\n\t<meta property=\"og:image:type\" content=\"image\/jpeg\" \/>\n<meta name=\"author\" content=\"Virginie Racine\" \/>\n<meta name=\"twitter:card\" content=\"summary_large_image\" \/>\n<meta name=\"twitter:label1\" content=\"\u00c9crit par\" \/>\n\t<meta name=\"twitter:data1\" content=\"Virginie Racine\" \/>\n\t<meta name=\"twitter:label2\" content=\"Dur\u00e9e de lecture estim\u00e9e\" \/>\n\t<meta name=\"twitter:data2\" content=\"2 minutes\" \/>\n<script type=\"application\/ld+json\" class=\"yoast-schema-graph\">{\"@context\":\"https:\\\/\\\/schema.org\",\"@graph\":[{\"@type\":\"Article\",\"@id\":\"https:\\\/\\\/www.soroptimisteurope.org\\\/message-from-the-president-march-2021\\\/#article\",\"isPartOf\":{\"@id\":\"https:\\\/\\\/www.soroptimisteurope.org\\\/message-from-the-president-march-2021\\\/\"},\"author\":{\"name\":\"Virginie Racine\",\"@id\":\"https:\\\/\\\/www.soroptimisteurope.org\\\/#\\\/schema\\\/person\\\/71cb5ee8dc72773ed419609bf2274619\"},\"headline\":\"Message de la Pr\u00e9sidente &#8211; mars 2021\",\"datePublished\":\"2021-03-19T10:33:47+00:00\",\"dateModified\":\"2025-05-13T09:17:51+00:00\",\"mainEntityOfPage\":{\"@id\":\"https:\\\/\\\/www.soroptimisteurope.org\\\/message-from-the-president-march-2021\\\/\"},\"wordCount\":482,\"commentCount\":0,\"image\":{\"@id\":\"https:\\\/\\\/www.soroptimisteurope.org\\\/message-from-the-president-march-2021\\\/#primaryimage\"},\"thumbnailUrl\":\"https:\\\/\\\/www.soroptimisteurope.org\\\/wp-content\\\/uploads\\\/2025\\\/04\\\/201925-265-utopix-soroptimist-nevenpetrovic-554-e1591948761143-19-scaled.jpg\",\"articleSection\":[\"Nouvelles\"],\"inLanguage\":\"fr-FR\",\"potentialAction\":[{\"@type\":\"CommentAction\",\"name\":\"Comment\",\"target\":[\"https:\\\/\\\/www.soroptimisteurope.org\\\/message-from-the-president-march-2021\\\/#respond\"]}]},{\"@type\":\"WebPage\",\"@id\":\"https:\\\/\\\/www.soroptimisteurope.org\\\/message-from-the-president-march-2021\\\/\",\"url\":\"https:\\\/\\\/www.soroptimisteurope.org\\\/message-from-the-president-march-2021\\\/\",\"name\":\"Message de la Pr\u00e9sidente - mars 2021 - Soroptimist\",\"isPartOf\":{\"@id\":\"https:\\\/\\\/www.soroptimisteurope.org\\\/#website\"},\"primaryImageOfPage\":{\"@id\":\"https:\\\/\\\/www.soroptimisteurope.org\\\/message-from-the-president-march-2021\\\/#primaryimage\"},\"image\":{\"@id\":\"https:\\\/\\\/www.soroptimisteurope.org\\\/message-from-the-president-march-2021\\\/#primaryimage\"},\"thumbnailUrl\":\"https:\\\/\\\/www.soroptimisteurope.org\\\/wp-content\\\/uploads\\\/2025\\\/04\\\/201925-265-utopix-soroptimist-nevenpetrovic-554-e1591948761143-19-scaled.jpg\",\"datePublished\":\"2021-03-19T10:33:47+00:00\",\"dateModified\":\"2025-05-13T09:17:51+00:00\",\"author\":{\"@id\":\"https:\\\/\\\/www.soroptimisteurope.org\\\/#\\\/schema\\\/person\\\/71cb5ee8dc72773ed419609bf2274619\"},\"breadcrumb\":{\"@id\":\"https:\\\/\\\/www.soroptimisteurope.org\\\/message-from-the-president-march-2021\\\/#breadcrumb\"},\"inLanguage\":\"fr-FR\",\"potentialAction\":[{\"@type\":\"ReadAction\",\"target\":[\"https:\\\/\\\/www.soroptimisteurope.org\\\/message-from-the-president-march-2021\\\/\"]}]},{\"@type\":\"ImageObject\",\"inLanguage\":\"fr-FR\",\"@id\":\"https:\\\/\\\/www.soroptimisteurope.org\\\/message-from-the-president-march-2021\\\/#primaryimage\",\"url\":\"https:\\\/\\\/www.soroptimisteurope.org\\\/wp-content\\\/uploads\\\/2025\\\/04\\\/201925-265-utopix-soroptimist-nevenpetrovic-554-e1591948761143-19-scaled.jpg\",\"contentUrl\":\"https:\\\/\\\/www.soroptimisteurope.org\\\/wp-content\\\/uploads\\\/2025\\\/04\\\/201925-265-utopix-soroptimist-nevenpetrovic-554-e1591948761143-19-scaled.jpg\",\"width\":2560,\"height\":1117},{\"@type\":\"BreadcrumbList\",\"@id\":\"https:\\\/\\\/www.soroptimisteurope.org\\\/message-from-the-president-march-2021\\\/#breadcrumb\",\"itemListElement\":[{\"@type\":\"ListItem\",\"position\":1,\"name\":\"Accueil\",\"item\":\"https:\\\/\\\/www.soroptimisteurope.org\\\/fr\\\/\"},{\"@type\":\"ListItem\",\"position\":2,\"name\":\"Message de la Pr\u00e9sidente &#8211; mars 2021\"}]},{\"@type\":\"WebSite\",\"@id\":\"https:\\\/\\\/www.soroptimisteurope.org\\\/#website\",\"url\":\"https:\\\/\\\/www.soroptimisteurope.org\\\/\",\"name\":\"Soroptimist\",\"description\":\"\",\"potentialAction\":[{\"@type\":\"SearchAction\",\"target\":{\"@type\":\"EntryPoint\",\"urlTemplate\":\"https:\\\/\\\/www.soroptimisteurope.org\\\/?s={search_term_string}\"},\"query-input\":{\"@type\":\"PropertyValueSpecification\",\"valueRequired\":true,\"valueName\":\"search_term_string\"}}],\"inLanguage\":\"fr-FR\"},{\"@type\":\"Person\",\"@id\":\"https:\\\/\\\/www.soroptimisteurope.org\\\/#\\\/schema\\\/person\\\/71cb5ee8dc72773ed419609bf2274619\",\"name\":\"Virginie Racine\",\"url\":\"https:\\\/\\\/www.soroptimisteurope.org\\\/fr\\\/author\\\/adminsorop2k21\\\/\"}]}<\/script>\n<!-- \/ Yoast SEO plugin. -->","yoast_head_json":{"title":"Message de la Pr\u00e9sidente - mars 2021 - Soroptimist","robots":{"index":"index","follow":"follow","max-snippet":"max-snippet:-1","max-image-preview":"max-image-preview:large","max-video-preview":"max-video-preview:-1"},"canonical":"https:\/\/www.soroptimisteurope.org\/message-from-the-president-march-2021\/","og_locale":"fr_FR","og_type":"article","og_title":"Message de la Pr\u00e9sidente - mars 2021 - Soroptimist","og_description":"Ch\u00e8res Soroptimist, &nbsp; Le mois de mars a d\u00e9but\u00e9 par la Journ\u00e9e internationale des droits des femmes. Nos membres se sont fi\u00e8rement mobilis\u00e9s en ligne et ont entrepris des actions [&hellip;]","og_url":"https:\/\/www.soroptimisteurope.org\/message-from-the-president-march-2021\/","og_site_name":"Soroptimist","article_published_time":"2021-03-19T10:33:47+00:00","article_modified_time":"2025-05-13T09:17:51+00:00","og_image":[{"width":2560,"height":1117,"url":"https:\/\/www.soroptimisteurope.org\/wp-content\/uploads\/2025\/04\/201925-265-utopix-soroptimist-nevenpetrovic-554-e1591948761143-19-scaled.jpg","type":"image\/jpeg"}],"author":"Virginie Racine","twitter_card":"summary_large_image","twitter_misc":{"\u00c9crit par":"Virginie Racine","Dur\u00e9e de lecture estim\u00e9e":"2 minutes"},"schema":{"@context":"https:\/\/schema.org","@graph":[{"@type":"Article","@id":"https:\/\/www.soroptimisteurope.org\/message-from-the-president-march-2021\/#article","isPartOf":{"@id":"https:\/\/www.soroptimisteurope.org\/message-from-the-president-march-2021\/"},"author":{"name":"Virginie Racine","@id":"https:\/\/www.soroptimisteurope.org\/#\/schema\/person\/71cb5ee8dc72773ed419609bf2274619"},"headline":"Message de la Pr\u00e9sidente &#8211; mars 2021","datePublished":"2021-03-19T10:33:47+00:00","dateModified":"2025-05-13T09:17:51+00:00","mainEntityOfPage":{"@id":"https:\/\/www.soroptimisteurope.org\/message-from-the-president-march-2021\/"},"wordCount":482,"commentCount":0,"image":{"@id":"https:\/\/www.soroptimisteurope.org\/message-from-the-president-march-2021\/#primaryimage"},"thumbnailUrl":"https:\/\/www.soroptimisteurope.org\/wp-content\/uploads\/2025\/04\/201925-265-utopix-soroptimist-nevenpetrovic-554-e1591948761143-19-scaled.jpg","articleSection":["Nouvelles"],"inLanguage":"fr-FR","potentialAction":[{"@type":"CommentAction","name":"Comment","target":["https:\/\/www.soroptimisteurope.org\/message-from-the-president-march-2021\/#respond"]}]},{"@type":"WebPage","@id":"https:\/\/www.soroptimisteurope.org\/message-from-the-president-march-2021\/","url":"https:\/\/www.soroptimisteurope.org\/message-from-the-president-march-2021\/","name":"Message de la Pr\u00e9sidente - mars 2021 - Soroptimist","isPartOf":{"@id":"https:\/\/www.soroptimisteurope.org\/#website"},"primaryImageOfPage":{"@id":"https:\/\/www.soroptimisteurope.org\/message-from-the-president-march-2021\/#primaryimage"},"image":{"@id":"https:\/\/www.soroptimisteurope.org\/message-from-the-president-march-2021\/#primaryimage"},"thumbnailUrl":"https:\/\/www.soroptimisteurope.org\/wp-content\/uploads\/2025\/04\/201925-265-utopix-soroptimist-nevenpetrovic-554-e1591948761143-19-scaled.jpg","datePublished":"2021-03-19T10:33:47+00:00","dateModified":"2025-05-13T09:17:51+00:00","author":{"@id":"https:\/\/www.soroptimisteurope.org\/#\/schema\/person\/71cb5ee8dc72773ed419609bf2274619"},"breadcrumb":{"@id":"https:\/\/www.soroptimisteurope.org\/message-from-the-president-march-2021\/#breadcrumb"},"inLanguage":"fr-FR","potentialAction":[{"@type":"ReadAction","target":["https:\/\/www.soroptimisteurope.org\/message-from-the-president-march-2021\/"]}]},{"@type":"ImageObject","inLanguage":"fr-FR","@id":"https:\/\/www.soroptimisteurope.org\/message-from-the-president-march-2021\/#primaryimage","url":"https:\/\/www.soroptimisteurope.org\/wp-content\/uploads\/2025\/04\/201925-265-utopix-soroptimist-nevenpetrovic-554-e1591948761143-19-scaled.jpg","contentUrl":"https:\/\/www.soroptimisteurope.org\/wp-content\/uploads\/2025\/04\/201925-265-utopix-soroptimist-nevenpetrovic-554-e1591948761143-19-scaled.jpg","width":2560,"height":1117},{"@type":"BreadcrumbList","@id":"https:\/\/www.soroptimisteurope.org\/message-from-the-president-march-2021\/#breadcrumb","itemListElement":[{"@type":"ListItem","position":1,"name":"Accueil","item":"https:\/\/www.soroptimisteurope.org\/fr\/"},{"@type":"ListItem","position":2,"name":"Message de la Pr\u00e9sidente &#8211; mars 2021"}]},{"@type":"WebSite","@id":"https:\/\/www.soroptimisteurope.org\/#website","url":"https:\/\/www.soroptimisteurope.org\/","name":"Soroptimist","description":"","potentialAction":[{"@type":"SearchAction","target":{"@type":"EntryPoint","urlTemplate":"https:\/\/www.soroptimisteurope.org\/?s={search_term_string}"},"query-input":{"@type":"PropertyValueSpecification","valueRequired":true,"valueName":"search_term_string"}}],"inLanguage":"fr-FR"},{"@type":"Person","@id":"https:\/\/www.soroptimisteurope.org\/#\/schema\/person\/71cb5ee8dc72773ed419609bf2274619","name":"Virginie Racine","url":"https:\/\/www.soroptimisteurope.org\/fr\/author\/adminsorop2k21\/"}]}},"_links":{"self":[{"href":"https:\/\/www.soroptimisteurope.org\/fr\/wp-json\/wp\/v2\/posts\/20115","targetHints":{"allow":["GET"]}}],"collection":[{"href":"https:\/\/www.soroptimisteurope.org\/fr\/wp-json\/wp\/v2\/posts"}],"about":[{"href":"https:\/\/www.soroptimisteurope.org\/fr\/wp-json\/wp\/v2\/types\/post"}],"author":[{"embeddable":true,"href":"https:\/\/www.soroptimisteurope.org\/fr\/wp-json\/wp\/v2\/users\/5"}],"replies":[{"embeddable":true,"href":"https:\/\/www.soroptimisteurope.org\/fr\/wp-json\/wp\/v2\/comments?post=20115"}],"version-history":[{"count":0,"href":"https:\/\/www.soroptimisteurope.org\/fr\/wp-json\/wp\/v2\/posts\/20115\/revisions"}],"wp:featuredmedia":[{"embeddable":true,"href":"https:\/\/www.soroptimisteurope.org\/fr\/wp-json\/wp\/v2\/media\/37790"}],"wp:attachment":[{"href":"https:\/\/www.soroptimisteurope.org\/fr\/wp-json\/wp\/v2\/media?parent=20115"}],"wp:term":[{"taxonomy":"category","embeddable":true,"href":"https:\/\/www.soroptimisteurope.org\/fr\/wp-json\/wp\/v2\/categories?post=20115"},{"taxonomy":"post_tag","embeddable":true,"href":"https:\/\/www.soroptimisteurope.org\/fr\/wp-json\/wp\/v2\/tags?post=20115"}],"curies":[{"name":"wp","href":"https:\/\/api.w.org\/{rel}","templated":true}]}}