{"id":21546,"date":"2021-07-29T13:09:05","date_gmt":"2021-07-29T12:09:05","guid":{"rendered":"http:\/\/www.soroptimisteurope.org\/?p=21546"},"modified":"2025-05-13T11:18:03","modified_gmt":"2025-05-13T09:18:03","slug":"nominations-pour-le-prix-du-centenaire","status":"publish","type":"post","link":"https:\/\/www.soroptimisteurope.org\/fr\/nominations-pour-le-prix-du-centenaire\/","title":{"rendered":"Nominations pour le Prix du Centenaire"},"content":{"rendered":"<p>Lors de la <strong>c\u00e9l\u00e9bration de septembre<\/strong>, qui se tiendra les <strong>17 et 18 septembre<\/strong> 2021, nous annoncerons la laur\u00e9ate du <strong>prix du Centenaire<\/strong>.<\/p>\n<p>&nbsp;<\/p>\n<p><img fetchpriority=\"high\" decoding=\"async\" class=\"alignnone wp-image-21533\" src=\"https:\/\/www.soroptimisteurope.org\/wp-content\/uploads\/2021\/07\/centenary-award-e1627396739847.jpg\" alt=\"\" width=\"658\" height=\"226\" srcset=\"https:\/\/www.soroptimisteurope.org\/wp-content\/uploads\/2021\/07\/centenary-award-e1627396739847.jpg 1336w, https:\/\/www.soroptimisteurope.org\/wp-content\/uploads\/2021\/07\/centenary-award-e1627396739847-300x103.jpg 300w, https:\/\/www.soroptimisteurope.org\/wp-content\/uploads\/2021\/07\/centenary-award-e1627396739847-1024x353.jpg 1024w, https:\/\/www.soroptimisteurope.org\/wp-content\/uploads\/2021\/07\/centenary-award-e1627396739847-768x264.jpg 768w\" sizes=\"(max-width: 658px) 100vw, 658px\" \/><\/p>\n<p style=\"text-align: center;\">Voici les<strong> 13 candidates nomin\u00e9es<\/strong> :<\/p>\n<p>&nbsp;<\/p>\n<p style=\"text-align: center;\">Alberti Isolde<\/p>\n<p style=\"text-align: center;\">Clarich Gabriella<\/p>\n<p style=\"text-align: center;\">Czieslik Annemarie<\/p>\n<p style=\"text-align: center;\">Dagain Christine<\/p>\n<p style=\"text-align: center;\">Doretti Vittoria<\/p>\n<p style=\"text-align: center;\">Franck Pascale<\/p>\n<p style=\"text-align: center;\">Gosch Carola<\/p>\n<p style=\"text-align: center;\">Hadri Teuta<\/p>\n<p style=\"text-align: center;\">Ott Roswitha<\/p>\n<p style=\"text-align: center;\">Pfizner Charlotte<\/p>\n<p style=\"text-align: center;\">Samartzidou Mary<\/p>\n<p style=\"text-align: center;\">Scholl-Sabatini Bettina<\/p>\n<p style=\"text-align: center;\">Tiarks-Junck Petra<\/p>\n<p>&nbsp;<\/p>\n<p>La r\u00e9compense de 5&rsquo;000 \u20ac est destin\u00e9e \u00e0 un projet sp\u00e9cifique qui sera pr\u00e9sent\u00e9 par la gagnante au jury du Prix du Centenaire, conform\u00e9ment \u00e0 la Mission et \u00e0 la Vision du Soroptimist International.<\/p>\n<p>&nbsp;<\/p>\n<hr \/>\n<p>Visitez le site internet du Soroptimist International d&rsquo;Europe pour les derni\u00e8res actualit\u00e9s et suivez-nous sur les r\u00e9seaux sociaux :<\/p>\n<p>&nbsp;<\/p>\n<table>\n<tbody>\n<tr>\n<td width=\"151\"><a href=\"https:\/\/www.facebook.com\/SoroptimistInternationalofEurope\/\" target=\"_blank\" rel=\"noopener\"><strong><img decoding=\"async\" class=\"alignnone wp-image-21064 alignleft\" src=\"https:\/\/www.soroptimisteurope.org\/wp-content\/uploads\/2021\/06\/sans-titre-24.png\" alt=\"\" width=\"87\" height=\"87\" \/><\/strong><\/a><\/td>\n<td style=\"text-align: left;\" width=\"151\"><a href=\"https:\/\/www.instagram.com\/soroptimisteurope\" target=\"_blank\" rel=\"noopener\"><strong> <img decoding=\"async\" class=\"alignnone wp-image-21068\" src=\"https:\/\/www.soroptimisteurope.org\/wp-content\/uploads\/2021\/06\/sans-titre-26.png\" alt=\"\" width=\"87\" height=\"87\" \/><\/strong><\/a><\/td>\n<td style=\"text-align: left;\" width=\"151\"><a href=\"https:\/\/www.linkedin.com\/in\/soroptimisteurope\/\" target=\"_blank\" rel=\"noopener\"><strong> <img loading=\"lazy\" decoding=\"async\" class=\"alignnone wp-image-21066\" src=\"https:\/\/www.soroptimisteurope.org\/wp-content\/uploads\/2021\/06\/sans-titre-27.png\" alt=\"\" width=\"87\" height=\"87\" \/><\/strong><\/a><\/td>\n<td width=\"151\"><a href=\"https:\/\/twitter.com\/SIEurope\" target=\"_blank\" rel=\"noopener\"><strong> <img loading=\"lazy\" decoding=\"async\" class=\"alignnone wp-image-21070 alignleft\" src=\"https:\/\/www.soroptimisteurope.org\/wp-content\/uploads\/2021\/06\/sans-titre-25.png\" alt=\"\" width=\"87\" height=\"87\" \/><\/strong><\/a><\/td>\n<\/tr>\n<\/tbody>\n<\/table>\n","protected":false},"excerpt":{"rendered":"<p>Lors de la c\u00e9l\u00e9bration de septembre, qui se tiendra les 17 et 18 septembre 2021, nous annoncerons la laur\u00e9ate du prix du Centenaire. &nbsp; Voici les 13 candidates nomin\u00e9es : [&hellip;]<\/p>\n","protected":false},"author":5,"featured_media":38034,"comment_status":"open","ping_status":"open","sticky":false,"template":"","format":"standard","meta":{"_acf_changed":false,"give_campaign_id":0,"footnotes":""},"categories":[129],"tags":[],"class_list":["post-21546","post","type-post","status-publish","format-standard","has-post-thumbnail","hentry","category-nouvelles"],"acf":{"article_photo_de_couverture":{"ID":18648,"id":18648,"title":"soroptimist-logo-2-dark","filename":"soroptimist-logo-2-dark.png","filesize":762291,"url":"https:\/\/www.soroptimisteurope.org\/wp-content\/uploads\/2020\/10\/soroptimist-logo-2-dark.png","link":"https:\/\/www.soroptimisteurope.org\/fr\/soroptimist-logo-2-dark\/","alt":"","author":"3","description":"","caption":"","name":"soroptimist-logo-2-dark","status":"inherit","uploaded_to":0,"date":"2020-10-02 06:44:37","modified":"2020-10-02 06:44:37","menu_order":0,"mime_type":"image\/png","type":"image","subtype":"png","icon":"https:\/\/www.soroptimisteurope.org\/wp-content\/plugins\/media-library-assistant\/images\/crystal\/image.png","width":2894,"height":1037,"sizes":{"thumbnail":"https:\/\/www.soroptimisteurope.org\/wp-content\/uploads\/2020\/10\/soroptimist-logo-2-dark-150x150.png","thumbnail-width":150,"thumbnail-height":150,"medium":"https:\/\/www.soroptimisteurope.org\/wp-content\/uploads\/2020\/10\/soroptimist-logo-2-dark-300x107.png","medium-width":300,"medium-height":107,"medium_large":"https:\/\/www.soroptimisteurope.org\/wp-content\/uploads\/2020\/10\/soroptimist-logo-2-dark-768x275.png","medium_large-width":768,"medium_large-height":275,"large":"https:\/\/www.soroptimisteurope.org\/wp-content\/uploads\/2020\/10\/soroptimist-logo-2-dark-1024x367.png","large-width":800,"large-height":287,"1536x1536":"https:\/\/www.soroptimisteurope.org\/wp-content\/uploads\/2020\/10\/soroptimist-logo-2-dark-1536x550.png","1536x1536-width":1536,"1536x1536-height":550,"2048x2048":"https:\/\/www.soroptimisteurope.org\/wp-content\/uploads\/2020\/10\/soroptimist-logo-2-dark-2048x734.png","2048x2048-width":2048,"2048x2048-height":734}},"article_chapeau":"","article_contenu":[{"article_titre_du_paragraphe":"","article_paragraphe":"<p>Lors de la <strong>c\u00e9l\u00e9bration de septembre<\/strong>, qui se tiendra les <strong>17 et 18 septembre<\/strong> 2021, nous annoncerons la laur\u00e9ate du <strong>prix du Centenaire<\/strong>.<\/p>\n<p>&nbsp;<\/p>\n<p><img loading=\"lazy\" decoding=\"async\" class=\"alignnone wp-image-21533\" src=\"http:\/\/www.soroptimisteurope.org\/wp-content\/uploads\/2021\/07\/centenary-award-e1627396739847-300x103.jpg\" alt=\"\" width=\"658\" height=\"226\" srcset=\"https:\/\/www.soroptimisteurope.org\/wp-content\/uploads\/2021\/07\/centenary-award-e1627396739847-300x103.jpg 300w, https:\/\/www.soroptimisteurope.org\/wp-content\/uploads\/2021\/07\/centenary-award-e1627396739847-1024x353.jpg 1024w, https:\/\/www.soroptimisteurope.org\/wp-content\/uploads\/2021\/07\/centenary-award-e1627396739847-768x264.jpg 768w, https:\/\/www.soroptimisteurope.org\/wp-content\/uploads\/2021\/07\/centenary-award-e1627396739847.jpg 1336w\" sizes=\"(max-width: 658px) 100vw, 658px\" \/><\/p>\n<p style=\"text-align: center;\">Voici les<strong> 13 candidates nomin\u00e9es<\/strong> :<\/p>\n<p>&nbsp;<\/p>\n<p style=\"text-align: center;\">Alberti Isolde<\/p>\n<p style=\"text-align: center;\">Clarich Gabriella<\/p>\n<p style=\"text-align: center;\">Czieslik Annemarie<\/p>\n<p style=\"text-align: center;\">Dagain Christine<\/p>\n<p style=\"text-align: center;\">Doretti Vittoria<\/p>\n<p style=\"text-align: center;\">Franck Pascale<\/p>\n<p style=\"text-align: center;\">Gosch Carola<\/p>\n<p style=\"text-align: center;\">Hadri Teuta<\/p>\n<p style=\"text-align: center;\">Ott Roswitha<\/p>\n<p style=\"text-align: center;\">Pfizner Charlotte<\/p>\n<p style=\"text-align: center;\">Samartzidou Mary<\/p>\n<p style=\"text-align: center;\">Scholl-Sabatini Bettina<\/p>\n<p style=\"text-align: center;\">Tiarks-Junck Petra<\/p>\n<p>&nbsp;<\/p>\n<p>La r\u00e9compense de 5&rsquo;000 \u20ac est destin\u00e9e \u00e0 un projet sp\u00e9cifique qui sera pr\u00e9sent\u00e9 par la gagnante au jury du Prix du Centenaire, conform\u00e9ment \u00e0 la Mission et \u00e0 la Vision du Soroptimist International.<\/p>\n<p>&nbsp;<\/p>\n<hr \/>\n<p>Visitez le site internet du Soroptimist International d&rsquo;Europe pour les derni\u00e8res actualit\u00e9s et suivez-nous sur les r\u00e9seaux sociaux :<\/p>\n<p>&nbsp;<\/p>\n<table>\n<tbody>\n<tr>\n<td width=\"151\"><a href=\"https:\/\/www.facebook.com\/SoroptimistInternationalofEurope\/\" target=\"_blank\" rel=\"noopener\"><strong><img loading=\"lazy\" decoding=\"async\" class=\"alignnone wp-image-21064 alignleft\" src=\"http:\/\/www.soroptimisteurope.org\/wp-content\/uploads\/2021\/06\/sans-titre-24-300x300.png\" alt=\"\" width=\"87\" height=\"87\" \/><\/strong><\/a><\/td>\n<td style=\"text-align: left;\" width=\"151\"><a href=\"https:\/\/www.instagram.com\/soroptimisteurope\" target=\"_blank\" rel=\"noopener\"><strong> <img loading=\"lazy\" decoding=\"async\" class=\"alignnone wp-image-21068\" src=\"http:\/\/www.soroptimisteurope.org\/wp-content\/uploads\/2021\/06\/sans-titre-26-300x300.png\" alt=\"\" width=\"87\" height=\"87\" \/><\/strong><\/a><\/td>\n<td style=\"text-align: left;\" width=\"151\"><a href=\"https:\/\/www.linkedin.com\/in\/soroptimisteurope\/\" target=\"_blank\" rel=\"noopener\"><strong> <img loading=\"lazy\" decoding=\"async\" class=\"alignnone wp-image-21066\" src=\"http:\/\/www.soroptimisteurope.org\/wp-content\/uploads\/2021\/06\/sans-titre-27-300x300.png\" alt=\"\" width=\"87\" height=\"87\" \/><\/strong><\/a><\/td>\n<td width=\"151\"><a href=\"https:\/\/twitter.com\/SIEurope\" target=\"_blank\" rel=\"noopener\"><strong> <img loading=\"lazy\" decoding=\"async\" class=\"alignnone wp-image-21070 alignleft\" src=\"http:\/\/www.soroptimisteurope.org\/wp-content\/uploads\/2021\/06\/sans-titre-25-300x300.png\" alt=\"\" width=\"87\" height=\"87\" \/><\/strong><\/a><\/td>\n<\/tr>\n<\/tbody>\n<\/table>\n","article_media_image":false,"article_media_video":""}],"article_trombinoscope":false,"article_video":"","article_evenements_sociaux":false,"article_auteur_texte":"","article_nom_contact":"","article_email_contact":"","article_numero_contact":"","article_documents":false,"article_actualites_liees":false},"yoast_head":"<!-- This site is optimized with the Yoast SEO plugin v27.4 - https:\/\/yoast.com\/product\/yoast-seo-wordpress\/ -->\n<title>Nominations pour le Prix du Centenaire - Soroptimist<\/title>\n<meta name=\"robots\" content=\"index, follow, max-snippet:-1, max-image-preview:large, max-video-preview:-1\" \/>\n<link rel=\"canonical\" href=\"https:\/\/www.soroptimisteurope.org\/nominations-centenary-award\/\" \/>\n<meta property=\"og:locale\" content=\"fr_FR\" \/>\n<meta property=\"og:type\" content=\"article\" \/>\n<meta property=\"og:title\" content=\"Nominations pour le Prix du Centenaire - Soroptimist\" \/>\n<meta property=\"og:description\" content=\"Lors de la c\u00e9l\u00e9bration de septembre, qui se tiendra les 17 et 18 septembre 2021, nous annoncerons la laur\u00e9ate du prix du Centenaire. &nbsp; Voici les 13 candidates nomin\u00e9es : [&hellip;]\" \/>\n<meta property=\"og:url\" content=\"https:\/\/www.soroptimisteurope.org\/nominations-centenary-award\/\" \/>\n<meta property=\"og:site_name\" content=\"Soroptimist\" \/>\n<meta property=\"article:published_time\" content=\"2021-07-29T12:09:05+00:00\" \/>\n<meta property=\"article:modified_time\" content=\"2025-05-13T09:18:03+00:00\" \/>\n<meta property=\"og:image\" content=\"https:\/\/www.soroptimisteurope.org\/wp-content\/uploads\/2025\/04\/soroptimist-logo-2-dark-5.png\" \/>\n\t<meta property=\"og:image:width\" content=\"2894\" \/>\n\t<meta property=\"og:image:height\" content=\"1037\" \/>\n\t<meta property=\"og:image:type\" content=\"image\/png\" \/>\n<meta name=\"author\" content=\"Virginie Racine\" \/>\n<meta name=\"twitter:card\" content=\"summary_large_image\" \/>\n<meta name=\"twitter:label1\" content=\"\u00c9crit par\" \/>\n\t<meta name=\"twitter:data1\" content=\"Virginie Racine\" \/>\n\t<meta name=\"twitter:label2\" content=\"Dur\u00e9e de lecture estim\u00e9e\" \/>\n\t<meta name=\"twitter:data2\" content=\"1 minute\" \/>\n<script type=\"application\/ld+json\" class=\"yoast-schema-graph\">{\"@context\":\"https:\\\/\\\/schema.org\",\"@graph\":[{\"@type\":\"Article\",\"@id\":\"https:\\\/\\\/www.soroptimisteurope.org\\\/nominations-centenary-award\\\/#article\",\"isPartOf\":{\"@id\":\"https:\\\/\\\/www.soroptimisteurope.org\\\/nominations-centenary-award\\\/\"},\"author\":{\"name\":\"Virginie Racine\",\"@id\":\"https:\\\/\\\/www.soroptimisteurope.org\\\/#\\\/schema\\\/person\\\/71cb5ee8dc72773ed419609bf2274619\"},\"headline\":\"Nominations pour le Prix du Centenaire\",\"datePublished\":\"2021-07-29T12:09:05+00:00\",\"dateModified\":\"2025-05-13T09:18:03+00:00\",\"mainEntityOfPage\":{\"@id\":\"https:\\\/\\\/www.soroptimisteurope.org\\\/nominations-centenary-award\\\/\"},\"wordCount\":121,\"commentCount\":0,\"image\":{\"@id\":\"https:\\\/\\\/www.soroptimisteurope.org\\\/nominations-centenary-award\\\/#primaryimage\"},\"thumbnailUrl\":\"https:\\\/\\\/www.soroptimisteurope.org\\\/wp-content\\\/uploads\\\/2025\\\/04\\\/soroptimist-logo-2-dark-5.png\",\"articleSection\":[\"Nouvelles\"],\"inLanguage\":\"fr-FR\",\"potentialAction\":[{\"@type\":\"CommentAction\",\"name\":\"Comment\",\"target\":[\"https:\\\/\\\/www.soroptimisteurope.org\\\/nominations-centenary-award\\\/#respond\"]}]},{\"@type\":\"WebPage\",\"@id\":\"https:\\\/\\\/www.soroptimisteurope.org\\\/nominations-centenary-award\\\/\",\"url\":\"https:\\\/\\\/www.soroptimisteurope.org\\\/nominations-centenary-award\\\/\",\"name\":\"Nominations pour le Prix du Centenaire - Soroptimist\",\"isPartOf\":{\"@id\":\"https:\\\/\\\/www.soroptimisteurope.org\\\/#website\"},\"primaryImageOfPage\":{\"@id\":\"https:\\\/\\\/www.soroptimisteurope.org\\\/nominations-centenary-award\\\/#primaryimage\"},\"image\":{\"@id\":\"https:\\\/\\\/www.soroptimisteurope.org\\\/nominations-centenary-award\\\/#primaryimage\"},\"thumbnailUrl\":\"https:\\\/\\\/www.soroptimisteurope.org\\\/wp-content\\\/uploads\\\/2025\\\/04\\\/soroptimist-logo-2-dark-5.png\",\"datePublished\":\"2021-07-29T12:09:05+00:00\",\"dateModified\":\"2025-05-13T09:18:03+00:00\",\"author\":{\"@id\":\"https:\\\/\\\/www.soroptimisteurope.org\\\/#\\\/schema\\\/person\\\/71cb5ee8dc72773ed419609bf2274619\"},\"breadcrumb\":{\"@id\":\"https:\\\/\\\/www.soroptimisteurope.org\\\/nominations-centenary-award\\\/#breadcrumb\"},\"inLanguage\":\"fr-FR\",\"potentialAction\":[{\"@type\":\"ReadAction\",\"target\":[\"https:\\\/\\\/www.soroptimisteurope.org\\\/nominations-centenary-award\\\/\"]}]},{\"@type\":\"ImageObject\",\"inLanguage\":\"fr-FR\",\"@id\":\"https:\\\/\\\/www.soroptimisteurope.org\\\/nominations-centenary-award\\\/#primaryimage\",\"url\":\"https:\\\/\\\/www.soroptimisteurope.org\\\/wp-content\\\/uploads\\\/2025\\\/04\\\/soroptimist-logo-2-dark-5.png\",\"contentUrl\":\"https:\\\/\\\/www.soroptimisteurope.org\\\/wp-content\\\/uploads\\\/2025\\\/04\\\/soroptimist-logo-2-dark-5.png\",\"width\":2894,\"height\":1037},{\"@type\":\"BreadcrumbList\",\"@id\":\"https:\\\/\\\/www.soroptimisteurope.org\\\/nominations-centenary-award\\\/#breadcrumb\",\"itemListElement\":[{\"@type\":\"ListItem\",\"position\":1,\"name\":\"Accueil\",\"item\":\"https:\\\/\\\/www.soroptimisteurope.org\\\/fr\\\/\"},{\"@type\":\"ListItem\",\"position\":2,\"name\":\"Nominations pour le Prix du Centenaire\"}]},{\"@type\":\"WebSite\",\"@id\":\"https:\\\/\\\/www.soroptimisteurope.org\\\/#website\",\"url\":\"https:\\\/\\\/www.soroptimisteurope.org\\\/\",\"name\":\"Soroptimist\",\"description\":\"\",\"potentialAction\":[{\"@type\":\"SearchAction\",\"target\":{\"@type\":\"EntryPoint\",\"urlTemplate\":\"https:\\\/\\\/www.soroptimisteurope.org\\\/?s={search_term_string}\"},\"query-input\":{\"@type\":\"PropertyValueSpecification\",\"valueRequired\":true,\"valueName\":\"search_term_string\"}}],\"inLanguage\":\"fr-FR\"},{\"@type\":\"Person\",\"@id\":\"https:\\\/\\\/www.soroptimisteurope.org\\\/#\\\/schema\\\/person\\\/71cb5ee8dc72773ed419609bf2274619\",\"name\":\"Virginie Racine\",\"url\":\"https:\\\/\\\/www.soroptimisteurope.org\\\/fr\\\/author\\\/adminsorop2k21\\\/\"}]}<\/script>\n<!-- \/ Yoast SEO plugin. -->","yoast_head_json":{"title":"Nominations pour le Prix du Centenaire - Soroptimist","robots":{"index":"index","follow":"follow","max-snippet":"max-snippet:-1","max-image-preview":"max-image-preview:large","max-video-preview":"max-video-preview:-1"},"canonical":"https:\/\/www.soroptimisteurope.org\/nominations-centenary-award\/","og_locale":"fr_FR","og_type":"article","og_title":"Nominations pour le Prix du Centenaire - Soroptimist","og_description":"Lors de la c\u00e9l\u00e9bration de septembre, qui se tiendra les 17 et 18 septembre 2021, nous annoncerons la laur\u00e9ate du prix du Centenaire. &nbsp; Voici les 13 candidates nomin\u00e9es : [&hellip;]","og_url":"https:\/\/www.soroptimisteurope.org\/nominations-centenary-award\/","og_site_name":"Soroptimist","article_published_time":"2021-07-29T12:09:05+00:00","article_modified_time":"2025-05-13T09:18:03+00:00","og_image":[{"width":2894,"height":1037,"url":"https:\/\/www.soroptimisteurope.org\/wp-content\/uploads\/2025\/04\/soroptimist-logo-2-dark-5.png","type":"image\/png"}],"author":"Virginie Racine","twitter_card":"summary_large_image","twitter_misc":{"\u00c9crit par":"Virginie Racine","Dur\u00e9e de lecture estim\u00e9e":"1 minute"},"schema":{"@context":"https:\/\/schema.org","@graph":[{"@type":"Article","@id":"https:\/\/www.soroptimisteurope.org\/nominations-centenary-award\/#article","isPartOf":{"@id":"https:\/\/www.soroptimisteurope.org\/nominations-centenary-award\/"},"author":{"name":"Virginie Racine","@id":"https:\/\/www.soroptimisteurope.org\/#\/schema\/person\/71cb5ee8dc72773ed419609bf2274619"},"headline":"Nominations pour le Prix du Centenaire","datePublished":"2021-07-29T12:09:05+00:00","dateModified":"2025-05-13T09:18:03+00:00","mainEntityOfPage":{"@id":"https:\/\/www.soroptimisteurope.org\/nominations-centenary-award\/"},"wordCount":121,"commentCount":0,"image":{"@id":"https:\/\/www.soroptimisteurope.org\/nominations-centenary-award\/#primaryimage"},"thumbnailUrl":"https:\/\/www.soroptimisteurope.org\/wp-content\/uploads\/2025\/04\/soroptimist-logo-2-dark-5.png","articleSection":["Nouvelles"],"inLanguage":"fr-FR","potentialAction":[{"@type":"CommentAction","name":"Comment","target":["https:\/\/www.soroptimisteurope.org\/nominations-centenary-award\/#respond"]}]},{"@type":"WebPage","@id":"https:\/\/www.soroptimisteurope.org\/nominations-centenary-award\/","url":"https:\/\/www.soroptimisteurope.org\/nominations-centenary-award\/","name":"Nominations pour le Prix du Centenaire - Soroptimist","isPartOf":{"@id":"https:\/\/www.soroptimisteurope.org\/#website"},"primaryImageOfPage":{"@id":"https:\/\/www.soroptimisteurope.org\/nominations-centenary-award\/#primaryimage"},"image":{"@id":"https:\/\/www.soroptimisteurope.org\/nominations-centenary-award\/#primaryimage"},"thumbnailUrl":"https:\/\/www.soroptimisteurope.org\/wp-content\/uploads\/2025\/04\/soroptimist-logo-2-dark-5.png","datePublished":"2021-07-29T12:09:05+00:00","dateModified":"2025-05-13T09:18:03+00:00","author":{"@id":"https:\/\/www.soroptimisteurope.org\/#\/schema\/person\/71cb5ee8dc72773ed419609bf2274619"},"breadcrumb":{"@id":"https:\/\/www.soroptimisteurope.org\/nominations-centenary-award\/#breadcrumb"},"inLanguage":"fr-FR","potentialAction":[{"@type":"ReadAction","target":["https:\/\/www.soroptimisteurope.org\/nominations-centenary-award\/"]}]},{"@type":"ImageObject","inLanguage":"fr-FR","@id":"https:\/\/www.soroptimisteurope.org\/nominations-centenary-award\/#primaryimage","url":"https:\/\/www.soroptimisteurope.org\/wp-content\/uploads\/2025\/04\/soroptimist-logo-2-dark-5.png","contentUrl":"https:\/\/www.soroptimisteurope.org\/wp-content\/uploads\/2025\/04\/soroptimist-logo-2-dark-5.png","width":2894,"height":1037},{"@type":"BreadcrumbList","@id":"https:\/\/www.soroptimisteurope.org\/nominations-centenary-award\/#breadcrumb","itemListElement":[{"@type":"ListItem","position":1,"name":"Accueil","item":"https:\/\/www.soroptimisteurope.org\/fr\/"},{"@type":"ListItem","position":2,"name":"Nominations pour le Prix du Centenaire"}]},{"@type":"WebSite","@id":"https:\/\/www.soroptimisteurope.org\/#website","url":"https:\/\/www.soroptimisteurope.org\/","name":"Soroptimist","description":"","potentialAction":[{"@type":"SearchAction","target":{"@type":"EntryPoint","urlTemplate":"https:\/\/www.soroptimisteurope.org\/?s={search_term_string}"},"query-input":{"@type":"PropertyValueSpecification","valueRequired":true,"valueName":"search_term_string"}}],"inLanguage":"fr-FR"},{"@type":"Person","@id":"https:\/\/www.soroptimisteurope.org\/#\/schema\/person\/71cb5ee8dc72773ed419609bf2274619","name":"Virginie Racine","url":"https:\/\/www.soroptimisteurope.org\/fr\/author\/adminsorop2k21\/"}]}},"_links":{"self":[{"href":"https:\/\/www.soroptimisteurope.org\/fr\/wp-json\/wp\/v2\/posts\/21546","targetHints":{"allow":["GET"]}}],"collection":[{"href":"https:\/\/www.soroptimisteurope.org\/fr\/wp-json\/wp\/v2\/posts"}],"about":[{"href":"https:\/\/www.soroptimisteurope.org\/fr\/wp-json\/wp\/v2\/types\/post"}],"author":[{"embeddable":true,"href":"https:\/\/www.soroptimisteurope.org\/fr\/wp-json\/wp\/v2\/users\/5"}],"replies":[{"embeddable":true,"href":"https:\/\/www.soroptimisteurope.org\/fr\/wp-json\/wp\/v2\/comments?post=21546"}],"version-history":[{"count":6,"href":"https:\/\/www.soroptimisteurope.org\/fr\/wp-json\/wp\/v2\/posts\/21546\/revisions"}],"predecessor-version":[{"id":40679,"href":"https:\/\/www.soroptimisteurope.org\/fr\/wp-json\/wp\/v2\/posts\/21546\/revisions\/40679"}],"wp:featuredmedia":[{"embeddable":true,"href":"https:\/\/www.soroptimisteurope.org\/fr\/wp-json\/wp\/v2\/media\/38034"}],"wp:attachment":[{"href":"https:\/\/www.soroptimisteurope.org\/fr\/wp-json\/wp\/v2\/media?parent=21546"}],"wp:term":[{"taxonomy":"category","embeddable":true,"href":"https:\/\/www.soroptimisteurope.org\/fr\/wp-json\/wp\/v2\/categories?post=21546"},{"taxonomy":"post_tag","embeddable":true,"href":"https:\/\/www.soroptimisteurope.org\/fr\/wp-json\/wp\/v2\/tags?post=21546"}],"curies":[{"name":"wp","href":"https:\/\/api.w.org\/{rel}","templated":true}]}}