{"id":21659,"date":"2021-09-06T14:11:33","date_gmt":"2021-09-06T13:11:33","guid":{"rendered":"http:\/\/www.soroptimisteurope.org\/?p=21659"},"modified":"2025-11-25T14:49:09","modified_gmt":"2025-11-25T13:49:09","slug":"sie-statement-on-afghanistan","status":"publish","type":"post","link":"https:\/\/www.soroptimisteurope.org\/fr\/sie-statement-on-afghanistan\/","title":{"rendered":"D\u00e9claration du SIE sur l&rsquo;Afghanistan"},"content":{"rendered":"<p>La crise en Afghanistan est une trag\u00e9die qui s&rsquo;\u00e9tend bien au-del\u00e0 des fronti\u00e8res du pays. Ces derniers mois ont amen\u00e9 une augmentation d\u00e9vastatrice de la violence \u00e0 l&rsquo;\u00e9gard des femmes dans les communaut\u00e9s comme dans les familles. Le Soroptimist International d&rsquo;Europe (SIE) appelle la communaut\u00e9 europ\u00e9enne \u00e0 prendre les mesures qui s&rsquo;imposent afin de prot\u00e9ger les droits des femmes et les besoins humanitaires du peuple afghan.<\/p>\n<p>&nbsp;<\/p>\n<p>Au cours de ces derni\u00e8res ann\u00e9es, les femmes d&rsquo;Afghanistan ont r\u00e9alis\u00e9 des progr\u00e8s consid\u00e9rables en termes d&rsquo;\u00e9ducation, d&#8217;emploi, de libert\u00e9 de mouvement, de repr\u00e9sentation politique et de leadership. En 2009, leurs efforts ont conduit \u00e0 l&rsquo;adoption de la Loi sur l&rsquo;\u00e9limination de la violence \u00e0 l&rsquo;\u00e9gard des femmes. Les femmes, docteures et infirmi\u00e8res afghanes sont aujourd&rsquo;hui un \u00e9l\u00e9ment crucial du syst\u00e8me de sant\u00e9 d&rsquo;Afghanistan. D&rsquo;autres femmes y sont avocates, juges, journalistes, \u00e9crivaines ou professeures. Les jeunes g\u00e9n\u00e9rations de femmes et de filles ont fait progresser l&rsquo;Afghanistan vers plus d&rsquo;\u00e9galit\u00e9.<\/p>\n<p>Aujourd&rsquo;hui, \u00e0 un moment o\u00f9 les droits des femmes et la d\u00e9mocratie sont menac\u00e9s, nous devons tous et toutes r\u00e9affirmer notre solidarit\u00e9 avec ces femmes.<\/p>\n<p>&nbsp;<\/p>\n<p>Face \u00e0 la situation dans leur pays, les citoyens afghans fuient et cherchent refuge \u00e0 l&rsquo;\u00e9tranger.<\/p>\n<p>&nbsp;<\/p>\n<ul>\n<li>Nous, la communaut\u00e9 europ\u00e9enne, attendons des \u00c9tats qu&rsquo;ils coop\u00e8rent dans un v\u00e9ritable esprit de solidarit\u00e9, qu&rsquo;ils partagent le poids des responsabilit\u00e9s, et qu&rsquo;ils fournissent le soutien n\u00e9cessaire (l\u00e0 o\u00f9 les gouvernements et les ONG sp\u00e9cialis\u00e9es \u00e9chouent ou sont dans l&rsquo;incapacit\u00e9 d&rsquo;agir) ;<\/li>\n<li>Tous les demandeurs d&rsquo;asile devraient avoir droit d&rsquo;acc\u00e8s \u00e0 une proc\u00e9dure \u00e9quitable de d\u00e9termination de leur statut de r\u00e9fugi\u00e9 conform\u00e9ment \u00e0 la Convention de Gen\u00e8ve de 1951 et \u00e0 son protocole de 1967, en s&rsquo;appuyant sur le mandat du Haut-commissariat des Nations Unies pour les r\u00e9fugi\u00e9s, en tant que gardien des droits des r\u00e9fugi\u00e9s, et sur ses recommandations relatives \u00e0 un tel sc\u00e9nario ;<\/li>\n<li>Nous appelons les \u00c9tats \u00e0 reconna\u00eetre qu&rsquo;\u00eatre femme ou fille en Afghanistan est \u00ab <em>en soi<\/em>\u00a0\u00bb un danger, et de leur accorder au minimum le statut de protection humanitaire et de respecter l&rsquo;obligation de non-d\u00e9portation pour tous les demandeurs d&rsquo;asile en cours de proc\u00e9dure (\u00e9galement appel\u00e9 \u00ab\u00a0<em>arr\u00eat des reconduites forc\u00e9es (non-return advisory)\u00a0\u00bb <\/em>ou \u00ab\u00a0<em>arr\u00eat des expulsions (principe de non-refoulement)<\/em>\u00a0\u00bb pour tous les demandeurs d&rsquo;asile jusqu&rsquo;\u00e0 ce que leur s\u00e9curit\u00e9 soit garantie\u00a0;<\/li>\n<li>Les \u00c9tats doivent reconna\u00eetre que m\u00eame si la majorit\u00e9 des personnes amen\u00e9es \u00e0 fuir leurs foyers en situation d&rsquo;urgence ne disposent pas d&rsquo;un passeport ou d&rsquo;un autre document d&rsquo;identit\u00e9, la proc\u00e9dure de demande d&rsquo;asile s&rsquo;applique cependant (sur la base des directives g\u00e9n\u00e9rales) ;<\/li>\n<li>Les femmes et leurs enfants, de m\u00eame que les personnes ayant d&rsquo;autres personnes \u00e0 charge, ne devraient jamais \u00eatre s\u00e9par\u00e9s, \u00e0 leur arriv\u00e9e, et devraient avoir la garantie d&rsquo;\u00eatre r\u00e9unifi\u00e9s avec leurs familles au cours de la proc\u00e9dure de d\u00e9termination de leur demande d&rsquo;asile. Les enfants non accompagn\u00e9s, les personnes \u00e2g\u00e9es et les personnes handicap\u00e9es devraient avoir la priorit\u00e9 et \u00eatre trait\u00e9s conform\u00e9ment au cadre international officiel relatif \u00e0 leur condition ;<\/li>\n<li>\u00c0 leur arriv\u00e9e, des ONG sp\u00e9cialis\u00e9es, des interpr\u00e8tes qualifi\u00e9s et des professionnels en mesure d&rsquo;apporter un soutien psychologique aux plus vuln\u00e9rables, doivent \u00eatre pr\u00e9sents \u00e0 toutes les \u00e9tapes du processus. Les Soroptimist sont appel\u00e9es \u00e0 fournir leur expertise et soutien aux c\u00f4t\u00e9s de ces ONG et des organes gouvernementaux concern\u00e9s.<\/li>\n<\/ul>\n<p>&nbsp;<\/p>\n<p>Le silence et l&rsquo;inaction ne sont pas une option.<\/p>\n<p><strong>\u00a0<\/strong><\/p>\n","protected":false},"excerpt":{"rendered":"<p>La crise en Afghanistan est une trag\u00e9die qui s&rsquo;\u00e9tend bien au-del\u00e0 des fronti\u00e8res du pays. Ces derniers mois ont amen\u00e9 une augmentation d\u00e9vastatrice de la violence \u00e0 l&rsquo;\u00e9gard des femmes [&hellip;]<\/p>\n","protected":false},"author":5,"featured_media":38045,"comment_status":"closed","ping_status":"closed","sticky":false,"template":"","format":"standard","meta":{"_acf_changed":false,"give_campaign_id":0,"footnotes":""},"categories":[120,129],"tags":[190],"class_list":["post-21659","post","type-post","status-publish","format-standard","has-post-thumbnail","hentry","category-advocacy-fr","category-nouvelles","tag-advocacy-fr"],"acf":{"article_numero_contact":"","article_documents":false,"article_actualites_liees":false,"article_photo_de_couverture":{"ID":21636,"id":21636,"title":"SIE Statement on Afghanistan - web (1)","filename":"sie-statement-on-afghanistan-web-1.png","filesize":1162731,"url":"https:\/\/www.soroptimisteurope.org\/wp-content\/uploads\/2021\/09\/sie-statement-on-afghanistan-web-1.png","link":"https:\/\/www.soroptimisteurope.org\/fr\/sie-statement-on-afghanistan\/sie-statement-on-afghanistan-web-1\/","alt":"","author":"3","description":"","caption":"","name":"sie-statement-on-afghanistan-web-1","status":"inherit","uploaded_to":21628,"date":"2021-09-02 10:34:26","modified":"2025-03-25 12:39:26","menu_order":0,"mime_type":"image\/png","type":"image","subtype":"png","icon":"https:\/\/www.soroptimisteurope.org\/wp-content\/plugins\/media-library-assistant\/images\/crystal\/image.png","width":1350,"height":650,"sizes":{"thumbnail":"https:\/\/www.soroptimisteurope.org\/wp-content\/uploads\/2021\/09\/sie-statement-on-afghanistan-web-1-150x150.png","thumbnail-width":150,"thumbnail-height":150,"medium":"https:\/\/www.soroptimisteurope.org\/wp-content\/uploads\/2021\/09\/sie-statement-on-afghanistan-web-1-300x144.png","medium-width":300,"medium-height":144,"medium_large":"https:\/\/www.soroptimisteurope.org\/wp-content\/uploads\/2021\/09\/sie-statement-on-afghanistan-web-1-768x370.png","medium_large-width":768,"medium_large-height":370,"large":"https:\/\/www.soroptimisteurope.org\/wp-content\/uploads\/2021\/09\/sie-statement-on-afghanistan-web-1-1024x493.png","large-width":800,"large-height":385,"1536x1536":"https:\/\/www.soroptimisteurope.org\/wp-content\/uploads\/2021\/09\/sie-statement-on-afghanistan-web-1.png","1536x1536-width":1350,"1536x1536-height":650,"2048x2048":"https:\/\/www.soroptimisteurope.org\/wp-content\/uploads\/2021\/09\/sie-statement-on-afghanistan-web-1.png","2048x2048-width":1350,"2048x2048-height":650}},"article_chapeau":"","article_contenu":[{"article_titre_du_paragraphe":"","article_paragraphe":"<p>La crise en Afghanistan est une trag\u00e9die qui s&rsquo;\u00e9tend bien au-del\u00e0 des fronti\u00e8res du pays. Ces derniers mois ont amen\u00e9 une augmentation d\u00e9vastatrice de la violence \u00e0 l&rsquo;\u00e9gard des femmes dans les communaut\u00e9s comme dans les familles. Le Soroptimist International d&rsquo;Europe (SIE) appelle la communaut\u00e9 europ\u00e9enne \u00e0 prendre les mesures qui s&rsquo;imposent afin de prot\u00e9ger les droits des femmes et les besoins humanitaires du peuple afghan.<\/p>\n<p>&nbsp;<\/p>\n<p>Au cours de ces derni\u00e8res ann\u00e9es, les femmes d&rsquo;Afghanistan ont r\u00e9alis\u00e9 des progr\u00e8s consid\u00e9rables en termes d&rsquo;\u00e9ducation, d&#8217;emploi, de libert\u00e9 de mouvement, de repr\u00e9sentation politique et de leadership. En 2009, leurs efforts ont conduit \u00e0 l&rsquo;adoption de la Loi sur l&rsquo;\u00e9limination de la violence \u00e0 l&rsquo;\u00e9gard des femmes. Les femmes, docteures et infirmi\u00e8res afghanes sont aujourd&rsquo;hui un \u00e9l\u00e9ment crucial du syst\u00e8me de sant\u00e9 d&rsquo;Afghanistan. D&rsquo;autres femmes y sont avocates, juges, journalistes, \u00e9crivaines ou professeures. Les jeunes g\u00e9n\u00e9rations de femmes et de filles ont fait progresser l&rsquo;Afghanistan vers plus d&rsquo;\u00e9galit\u00e9.<\/p>\n<p>Aujourd&rsquo;hui, \u00e0 un moment o\u00f9 les droits des femmes et la d\u00e9mocratie sont menac\u00e9s, nous devons tous et toutes r\u00e9affirmer notre solidarit\u00e9 avec ces femmes.<\/p>\n<p>&nbsp;<\/p>\n<p>Face \u00e0 la situation dans leur pays, les citoyens afghans fuient et cherchent refuge \u00e0 l&rsquo;\u00e9tranger.<\/p>\n<p>&nbsp;<\/p>\n<ul>\n<li>Nous, la communaut\u00e9 europ\u00e9enne, attendons des \u00c9tats qu&rsquo;ils coop\u00e8rent dans un v\u00e9ritable esprit de solidarit\u00e9, qu&rsquo;ils partagent le poids des responsabilit\u00e9s, et qu&rsquo;ils fournissent le soutien n\u00e9cessaire (l\u00e0 o\u00f9 les gouvernements et les ONG sp\u00e9cialis\u00e9es \u00e9chouent ou sont dans l&rsquo;incapacit\u00e9 d&rsquo;agir) ;<\/li>\n<li>Tous les demandeurs d&rsquo;asile devraient avoir droit d&rsquo;acc\u00e8s \u00e0 une proc\u00e9dure \u00e9quitable de d\u00e9termination de leur statut de r\u00e9fugi\u00e9 conform\u00e9ment \u00e0 la Convention de Gen\u00e8ve de 1951 et \u00e0 son protocole de 1967, en s&rsquo;appuyant sur le mandat du Haut-commissariat des Nations Unies pour les r\u00e9fugi\u00e9s, en tant que gardien des droits des r\u00e9fugi\u00e9s, et sur ses recommandations relatives \u00e0 un tel sc\u00e9nario ;<\/li>\n<li>Nous appelons les \u00c9tats \u00e0 reconna\u00eetre qu&rsquo;\u00eatre femme ou fille en Afghanistan est \u00ab <em>en soi<\/em>\u00a0\u00bb un danger, et de leur accorder au minimum le statut de protection humanitaire et de respecter l&rsquo;obligation de non-d\u00e9portation pour tous les demandeurs d&rsquo;asile en cours de proc\u00e9dure (\u00e9galement appel\u00e9 \u00ab\u00a0<em>arr\u00eat des reconduites forc\u00e9es (non-return advisory)\u00a0\u00bb <\/em>ou \u00ab\u00a0<em>arr\u00eat des expulsions (principe de non-refoulement)<\/em>\u00a0\u00bb pour tous les demandeurs d&rsquo;asile jusqu&rsquo;\u00e0 ce que leur s\u00e9curit\u00e9 soit garantie\u00a0;<\/li>\n<li>Les \u00c9tats doivent reconna\u00eetre que m\u00eame si la majorit\u00e9 des personnes amen\u00e9es \u00e0 fuir leurs foyers en situation d&rsquo;urgence ne disposent pas d&rsquo;un passeport ou d&rsquo;un autre document d&rsquo;identit\u00e9, la proc\u00e9dure de demande d&rsquo;asile s&rsquo;applique cependant (sur la base des directives g\u00e9n\u00e9rales) ;<\/li>\n<li>Les femmes et leurs enfants, de m\u00eame que les personnes ayant d&rsquo;autres personnes \u00e0 charge, ne devraient jamais \u00eatre s\u00e9par\u00e9s, \u00e0 leur arriv\u00e9e, et devraient avoir la garantie d&rsquo;\u00eatre r\u00e9unifi\u00e9s avec leurs familles au cours de la proc\u00e9dure de d\u00e9termination de leur demande d&rsquo;asile. Les enfants non accompagn\u00e9s, les personnes \u00e2g\u00e9es et les personnes handicap\u00e9es devraient avoir la priorit\u00e9 et \u00eatre trait\u00e9s conform\u00e9ment au cadre international officiel relatif \u00e0 leur condition ;<\/li>\n<li>\u00c0 leur arriv\u00e9e, des ONG sp\u00e9cialis\u00e9es, des interpr\u00e8tes qualifi\u00e9s et des professionnels en mesure d&rsquo;apporter un soutien psychologique aux plus vuln\u00e9rables, doivent \u00eatre pr\u00e9sents \u00e0 toutes les \u00e9tapes du processus. Les Soroptimist sont appel\u00e9es \u00e0 fournir leur expertise et soutien aux c\u00f4t\u00e9s de ces ONG et des organes gouvernementaux concern\u00e9s.<\/li>\n<\/ul>\n<p>&nbsp;<\/p>\n<p>Le silence et l&rsquo;inaction ne sont pas une option.<\/p>\n<p><strong>\u00a0<\/strong><\/p>\n","article_media_image":false,"article_media_video":""}],"article_trombinoscope":false,"article_video":"","article_evenements_sociaux":false,"article_auteur_texte":"<p>Equipe Lobbying du SIE<\/p>\n","article_nom_contact":"","article_email_contact":""},"yoast_head":"<!-- This site is optimized with the Yoast SEO plugin v27.4 - https:\/\/yoast.com\/product\/yoast-seo-wordpress\/ -->\n<title>D\u00e9claration du SIE sur l&#039;Afghanistan - Soroptimist<\/title>\n<meta name=\"robots\" content=\"index, follow, max-snippet:-1, max-image-preview:large, max-video-preview:-1\" \/>\n<link rel=\"canonical\" href=\"https:\/\/www.soroptimisteurope.org\/fr\/sie-statement-on-afghanistan\/\" \/>\n<meta property=\"og:locale\" content=\"fr_FR\" \/>\n<meta property=\"og:type\" content=\"article\" \/>\n<meta property=\"og:title\" content=\"D\u00e9claration du SIE sur l&#039;Afghanistan - Soroptimist\" \/>\n<meta property=\"og:description\" content=\"La crise en Afghanistan est une trag\u00e9die qui s&rsquo;\u00e9tend bien au-del\u00e0 des fronti\u00e8res du pays. Ces derniers mois ont amen\u00e9 une augmentation d\u00e9vastatrice de la violence \u00e0 l&rsquo;\u00e9gard des femmes [&hellip;]\" \/>\n<meta property=\"og:url\" content=\"https:\/\/www.soroptimisteurope.org\/fr\/sie-statement-on-afghanistan\/\" \/>\n<meta property=\"og:site_name\" content=\"Soroptimist\" \/>\n<meta property=\"article:published_time\" content=\"2021-09-06T13:11:33+00:00\" \/>\n<meta property=\"article:modified_time\" content=\"2025-11-25T13:49:09+00:00\" \/>\n<meta property=\"og:image\" content=\"https:\/\/www.soroptimisteurope.org\/wp-content\/uploads\/2025\/04\/sie-statement-on-afghanistan-web-1-1.png\" \/>\n\t<meta property=\"og:image:width\" content=\"1350\" \/>\n\t<meta property=\"og:image:height\" content=\"650\" \/>\n\t<meta property=\"og:image:type\" content=\"image\/png\" \/>\n<meta name=\"author\" content=\"Virginie Racine\" \/>\n<meta name=\"twitter:card\" content=\"summary_large_image\" \/>\n<meta name=\"twitter:label1\" content=\"\u00c9crit par\" \/>\n\t<meta name=\"twitter:data1\" content=\"Virginie Racine\" \/>\n\t<meta name=\"twitter:label2\" content=\"Dur\u00e9e de lecture estim\u00e9e\" \/>\n\t<meta name=\"twitter:data2\" content=\"3 minutes\" \/>\n<script type=\"application\/ld+json\" class=\"yoast-schema-graph\">{\"@context\":\"https:\\\/\\\/schema.org\",\"@graph\":[{\"@type\":\"Article\",\"@id\":\"https:\\\/\\\/www.soroptimisteurope.org\\\/fr\\\/sie-statement-on-afghanistan\\\/#article\",\"isPartOf\":{\"@id\":\"https:\\\/\\\/www.soroptimisteurope.org\\\/fr\\\/sie-statement-on-afghanistan\\\/\"},\"author\":{\"name\":\"Virginie Racine\",\"@id\":\"https:\\\/\\\/www.soroptimisteurope.org\\\/#\\\/schema\\\/person\\\/71cb5ee8dc72773ed419609bf2274619\"},\"headline\":\"D\u00e9claration du SIE sur l&rsquo;Afghanistan\",\"datePublished\":\"2021-09-06T13:11:33+00:00\",\"dateModified\":\"2025-11-25T13:49:09+00:00\",\"mainEntityOfPage\":{\"@id\":\"https:\\\/\\\/www.soroptimisteurope.org\\\/fr\\\/sie-statement-on-afghanistan\\\/\"},\"wordCount\":646,\"image\":{\"@id\":\"https:\\\/\\\/www.soroptimisteurope.org\\\/fr\\\/sie-statement-on-afghanistan\\\/#primaryimage\"},\"thumbnailUrl\":\"https:\\\/\\\/www.soroptimisteurope.org\\\/wp-content\\\/uploads\\\/2025\\\/04\\\/sie-statement-on-afghanistan-web-1-1.png\",\"keywords\":[\"Advocacy\"],\"articleSection\":[\"Advocacy\",\"Nouvelles\"],\"inLanguage\":\"fr-FR\"},{\"@type\":\"WebPage\",\"@id\":\"https:\\\/\\\/www.soroptimisteurope.org\\\/fr\\\/sie-statement-on-afghanistan\\\/\",\"url\":\"https:\\\/\\\/www.soroptimisteurope.org\\\/fr\\\/sie-statement-on-afghanistan\\\/\",\"name\":\"D\u00e9claration du SIE sur l'Afghanistan - Soroptimist\",\"isPartOf\":{\"@id\":\"https:\\\/\\\/www.soroptimisteurope.org\\\/#website\"},\"primaryImageOfPage\":{\"@id\":\"https:\\\/\\\/www.soroptimisteurope.org\\\/fr\\\/sie-statement-on-afghanistan\\\/#primaryimage\"},\"image\":{\"@id\":\"https:\\\/\\\/www.soroptimisteurope.org\\\/fr\\\/sie-statement-on-afghanistan\\\/#primaryimage\"},\"thumbnailUrl\":\"https:\\\/\\\/www.soroptimisteurope.org\\\/wp-content\\\/uploads\\\/2025\\\/04\\\/sie-statement-on-afghanistan-web-1-1.png\",\"datePublished\":\"2021-09-06T13:11:33+00:00\",\"dateModified\":\"2025-11-25T13:49:09+00:00\",\"author\":{\"@id\":\"https:\\\/\\\/www.soroptimisteurope.org\\\/#\\\/schema\\\/person\\\/71cb5ee8dc72773ed419609bf2274619\"},\"breadcrumb\":{\"@id\":\"https:\\\/\\\/www.soroptimisteurope.org\\\/fr\\\/sie-statement-on-afghanistan\\\/#breadcrumb\"},\"inLanguage\":\"fr-FR\",\"potentialAction\":[{\"@type\":\"ReadAction\",\"target\":[\"https:\\\/\\\/www.soroptimisteurope.org\\\/fr\\\/sie-statement-on-afghanistan\\\/\"]}]},{\"@type\":\"ImageObject\",\"inLanguage\":\"fr-FR\",\"@id\":\"https:\\\/\\\/www.soroptimisteurope.org\\\/fr\\\/sie-statement-on-afghanistan\\\/#primaryimage\",\"url\":\"https:\\\/\\\/www.soroptimisteurope.org\\\/wp-content\\\/uploads\\\/2025\\\/04\\\/sie-statement-on-afghanistan-web-1-1.png\",\"contentUrl\":\"https:\\\/\\\/www.soroptimisteurope.org\\\/wp-content\\\/uploads\\\/2025\\\/04\\\/sie-statement-on-afghanistan-web-1-1.png\",\"width\":1350,\"height\":650},{\"@type\":\"BreadcrumbList\",\"@id\":\"https:\\\/\\\/www.soroptimisteurope.org\\\/fr\\\/sie-statement-on-afghanistan\\\/#breadcrumb\",\"itemListElement\":[{\"@type\":\"ListItem\",\"position\":1,\"name\":\"Accueil\",\"item\":\"https:\\\/\\\/www.soroptimisteurope.org\\\/fr\\\/\"},{\"@type\":\"ListItem\",\"position\":2,\"name\":\"D\u00e9claration du SIE sur l&#8217;Afghanistan\"}]},{\"@type\":\"WebSite\",\"@id\":\"https:\\\/\\\/www.soroptimisteurope.org\\\/#website\",\"url\":\"https:\\\/\\\/www.soroptimisteurope.org\\\/\",\"name\":\"Soroptimist\",\"description\":\"\",\"potentialAction\":[{\"@type\":\"SearchAction\",\"target\":{\"@type\":\"EntryPoint\",\"urlTemplate\":\"https:\\\/\\\/www.soroptimisteurope.org\\\/?s={search_term_string}\"},\"query-input\":{\"@type\":\"PropertyValueSpecification\",\"valueRequired\":true,\"valueName\":\"search_term_string\"}}],\"inLanguage\":\"fr-FR\"},{\"@type\":\"Person\",\"@id\":\"https:\\\/\\\/www.soroptimisteurope.org\\\/#\\\/schema\\\/person\\\/71cb5ee8dc72773ed419609bf2274619\",\"name\":\"Virginie Racine\",\"url\":\"https:\\\/\\\/www.soroptimisteurope.org\\\/fr\\\/author\\\/adminsorop2k21\\\/\"}]}<\/script>\n<!-- \/ Yoast SEO plugin. -->","yoast_head_json":{"title":"D\u00e9claration du SIE sur l'Afghanistan - Soroptimist","robots":{"index":"index","follow":"follow","max-snippet":"max-snippet:-1","max-image-preview":"max-image-preview:large","max-video-preview":"max-video-preview:-1"},"canonical":"https:\/\/www.soroptimisteurope.org\/fr\/sie-statement-on-afghanistan\/","og_locale":"fr_FR","og_type":"article","og_title":"D\u00e9claration du SIE sur l'Afghanistan - Soroptimist","og_description":"La crise en Afghanistan est une trag\u00e9die qui s&rsquo;\u00e9tend bien au-del\u00e0 des fronti\u00e8res du pays. Ces derniers mois ont amen\u00e9 une augmentation d\u00e9vastatrice de la violence \u00e0 l&rsquo;\u00e9gard des femmes [&hellip;]","og_url":"https:\/\/www.soroptimisteurope.org\/fr\/sie-statement-on-afghanistan\/","og_site_name":"Soroptimist","article_published_time":"2021-09-06T13:11:33+00:00","article_modified_time":"2025-11-25T13:49:09+00:00","og_image":[{"width":1350,"height":650,"url":"https:\/\/www.soroptimisteurope.org\/wp-content\/uploads\/2025\/04\/sie-statement-on-afghanistan-web-1-1.png","type":"image\/png"}],"author":"Virginie Racine","twitter_card":"summary_large_image","twitter_misc":{"\u00c9crit par":"Virginie Racine","Dur\u00e9e de lecture estim\u00e9e":"3 minutes"},"schema":{"@context":"https:\/\/schema.org","@graph":[{"@type":"Article","@id":"https:\/\/www.soroptimisteurope.org\/fr\/sie-statement-on-afghanistan\/#article","isPartOf":{"@id":"https:\/\/www.soroptimisteurope.org\/fr\/sie-statement-on-afghanistan\/"},"author":{"name":"Virginie Racine","@id":"https:\/\/www.soroptimisteurope.org\/#\/schema\/person\/71cb5ee8dc72773ed419609bf2274619"},"headline":"D\u00e9claration du SIE sur l&rsquo;Afghanistan","datePublished":"2021-09-06T13:11:33+00:00","dateModified":"2025-11-25T13:49:09+00:00","mainEntityOfPage":{"@id":"https:\/\/www.soroptimisteurope.org\/fr\/sie-statement-on-afghanistan\/"},"wordCount":646,"image":{"@id":"https:\/\/www.soroptimisteurope.org\/fr\/sie-statement-on-afghanistan\/#primaryimage"},"thumbnailUrl":"https:\/\/www.soroptimisteurope.org\/wp-content\/uploads\/2025\/04\/sie-statement-on-afghanistan-web-1-1.png","keywords":["Advocacy"],"articleSection":["Advocacy","Nouvelles"],"inLanguage":"fr-FR"},{"@type":"WebPage","@id":"https:\/\/www.soroptimisteurope.org\/fr\/sie-statement-on-afghanistan\/","url":"https:\/\/www.soroptimisteurope.org\/fr\/sie-statement-on-afghanistan\/","name":"D\u00e9claration du SIE sur l'Afghanistan - Soroptimist","isPartOf":{"@id":"https:\/\/www.soroptimisteurope.org\/#website"},"primaryImageOfPage":{"@id":"https:\/\/www.soroptimisteurope.org\/fr\/sie-statement-on-afghanistan\/#primaryimage"},"image":{"@id":"https:\/\/www.soroptimisteurope.org\/fr\/sie-statement-on-afghanistan\/#primaryimage"},"thumbnailUrl":"https:\/\/www.soroptimisteurope.org\/wp-content\/uploads\/2025\/04\/sie-statement-on-afghanistan-web-1-1.png","datePublished":"2021-09-06T13:11:33+00:00","dateModified":"2025-11-25T13:49:09+00:00","author":{"@id":"https:\/\/www.soroptimisteurope.org\/#\/schema\/person\/71cb5ee8dc72773ed419609bf2274619"},"breadcrumb":{"@id":"https:\/\/www.soroptimisteurope.org\/fr\/sie-statement-on-afghanistan\/#breadcrumb"},"inLanguage":"fr-FR","potentialAction":[{"@type":"ReadAction","target":["https:\/\/www.soroptimisteurope.org\/fr\/sie-statement-on-afghanistan\/"]}]},{"@type":"ImageObject","inLanguage":"fr-FR","@id":"https:\/\/www.soroptimisteurope.org\/fr\/sie-statement-on-afghanistan\/#primaryimage","url":"https:\/\/www.soroptimisteurope.org\/wp-content\/uploads\/2025\/04\/sie-statement-on-afghanistan-web-1-1.png","contentUrl":"https:\/\/www.soroptimisteurope.org\/wp-content\/uploads\/2025\/04\/sie-statement-on-afghanistan-web-1-1.png","width":1350,"height":650},{"@type":"BreadcrumbList","@id":"https:\/\/www.soroptimisteurope.org\/fr\/sie-statement-on-afghanistan\/#breadcrumb","itemListElement":[{"@type":"ListItem","position":1,"name":"Accueil","item":"https:\/\/www.soroptimisteurope.org\/fr\/"},{"@type":"ListItem","position":2,"name":"D\u00e9claration du SIE sur l&#8217;Afghanistan"}]},{"@type":"WebSite","@id":"https:\/\/www.soroptimisteurope.org\/#website","url":"https:\/\/www.soroptimisteurope.org\/","name":"Soroptimist","description":"","potentialAction":[{"@type":"SearchAction","target":{"@type":"EntryPoint","urlTemplate":"https:\/\/www.soroptimisteurope.org\/?s={search_term_string}"},"query-input":{"@type":"PropertyValueSpecification","valueRequired":true,"valueName":"search_term_string"}}],"inLanguage":"fr-FR"},{"@type":"Person","@id":"https:\/\/www.soroptimisteurope.org\/#\/schema\/person\/71cb5ee8dc72773ed419609bf2274619","name":"Virginie Racine","url":"https:\/\/www.soroptimisteurope.org\/fr\/author\/adminsorop2k21\/"}]}},"_links":{"self":[{"href":"https:\/\/www.soroptimisteurope.org\/fr\/wp-json\/wp\/v2\/posts\/21659","targetHints":{"allow":["GET"]}}],"collection":[{"href":"https:\/\/www.soroptimisteurope.org\/fr\/wp-json\/wp\/v2\/posts"}],"about":[{"href":"https:\/\/www.soroptimisteurope.org\/fr\/wp-json\/wp\/v2\/types\/post"}],"author":[{"embeddable":true,"href":"https:\/\/www.soroptimisteurope.org\/fr\/wp-json\/wp\/v2\/users\/5"}],"replies":[{"embeddable":true,"href":"https:\/\/www.soroptimisteurope.org\/fr\/wp-json\/wp\/v2\/comments?post=21659"}],"version-history":[{"count":3,"href":"https:\/\/www.soroptimisteurope.org\/fr\/wp-json\/wp\/v2\/posts\/21659\/revisions"}],"predecessor-version":[{"id":35294,"href":"https:\/\/www.soroptimisteurope.org\/fr\/wp-json\/wp\/v2\/posts\/21659\/revisions\/35294"}],"wp:featuredmedia":[{"embeddable":true,"href":"https:\/\/www.soroptimisteurope.org\/fr\/wp-json\/wp\/v2\/media\/38045"}],"wp:attachment":[{"href":"https:\/\/www.soroptimisteurope.org\/fr\/wp-json\/wp\/v2\/media?parent=21659"}],"wp:term":[{"taxonomy":"category","embeddable":true,"href":"https:\/\/www.soroptimisteurope.org\/fr\/wp-json\/wp\/v2\/categories?post=21659"},{"taxonomy":"post_tag","embeddable":true,"href":"https:\/\/www.soroptimisteurope.org\/fr\/wp-json\/wp\/v2\/tags?post=21659"}],"curies":[{"name":"wp","href":"https:\/\/api.w.org\/{rel}","templated":true}]}}