{"id":21737,"date":"2021-09-22T10:00:01","date_gmt":"2021-09-22T09:00:01","guid":{"rendered":"http:\/\/www.soroptimisteurope.org\/?p=21737"},"modified":"2025-05-13T11:18:06","modified_gmt":"2025-05-13T09:18:06","slug":"gagnantes-concours-photo-2021","status":"publish","type":"post","link":"https:\/\/www.soroptimisteurope.org\/fr\/gagnantes-concours-photo-2021\/","title":{"rendered":"Gagnantes du Concours de Photo 2021"},"content":{"rendered":"<p>Soroptimist International d\u2019Europe a organis\u00e9 la huiti\u00e8me \u00e9dition du <strong>Concours de Photo <\/strong>intitul\u00e9:<\/p>\n<p>\u00ab\u00a0Avec les yeux des Soroptimist\u00a0\u00bb.<\/p>\n<p>&nbsp;<\/p>\n<p>Tous les membres du Soroptimist International d\u2019Europe \u00e9taient invit\u00e9s \u00e0 y participer !<\/p>\n<p>&nbsp;<\/p>\n<p>Le th\u00e8me de la huiti\u00e8me \u00e9dition du concours de photo 2021 \u2013 \u00ab\u00a0Avec les yeux des Soroptimist\u00a0\u00bb \u2013 \u00e9tait :<\/p>\n<p><strong>WE STAND UP FOR WOMEN !<\/strong><\/p>\n<p>&nbsp;<\/p>\n<p>Les photos r\u00e9compens\u00e9es ont \u00e9t\u00e9 choisies parmi un jury compos\u00e9 de : <strong>I<\/strong><b>nge Withof<\/b><b><i>,\u00a0<\/i><\/b>Directrice de Programme adjointe du SIE, Pr\u00e9sidente du jury; <strong>Maria-Luisa Frosio<\/strong><b>, <\/b>Nomination sp\u00e9ciale du SIE &#8211; conseill\u00e8re p\u00e9dagogique; <b>Elena Savu, <\/b>Commission d&rsquo;Extension du SIE ; <strong>Alexandra Koutsoukelis, <\/strong>Commission des Bourses du SIE et <strong>Rana Yaycioglu<\/strong>, gagnante du Concours Photo 2020 (SI Club Adana &#8211; Turquie)<\/p>\n<p>&nbsp;<\/p>\n<p><span style=\"text-decoration: underline;\">1er prix <\/span>du Concours de Photo 2021 \u2013 Raffaella Bordini <strong>\u00ab\u00a0Be strong, be brave\u00a0\u00bb<\/strong>, SI Valsesia, Italie<\/p>\n<p><span style=\"text-decoration: underline;\">2e prix <\/span>du Concours de Photo 2021 \u2013 Machtelt Van der Straeten <strong>\u00ab\u00a0Stop Child Labour!\u00a0\u00bb<\/strong>, SI Aalst, Belgique<\/p>\n<p><span style=\"text-decoration: underline;\">3e prix <\/span>(ex aequo) du Concours de Photo 2021 &#8211; Annie Mortensen <strong>\u00ab\u00a0Baby wash in the street\u00a0\u00bb<\/strong>, SI Holbaek, Danemark<\/p>\n<p><span style=\"text-decoration: underline;\">3e prix <\/span>(ex aequo) du Concours de Photo 2021 &#8211; Monika Kuki <strong>\u00ab\u00a0We are standing!\u00a0\u00bb<\/strong>, SI Icel-Mersin, Turquie<\/p>\n<p>&nbsp;<\/p>\n<p>Les prix ont \u00e9t\u00e9 d\u00e9cern\u00e9s aux photos suivantes:<\/p>\n<p>&nbsp;<\/p>\n<p><img fetchpriority=\"high\" decoding=\"async\" class=\"alignnone  wp-image-21723 aligncenter\" src=\"https:\/\/www.soroptimisteurope.org\/wp-content\/uploads\/2021\/09\/soroptimist-5086.jpg\" alt=\"\" width=\"650\" height=\"433\" \/><\/p>\n<p style=\"text-align: center;\"><strong>1er Prix<\/strong><\/p>\n<p style=\"text-align: center;\">Raffaella Bordini <strong>\u00ab\u00a0Be strong, be brave\u00a0\u00bb<\/strong><\/p>\n<p style=\"text-align: center;\">SI Valsesia, Italie<\/p>\n<p>&nbsp;<\/p>\n<p style=\"text-align: center;\"><img decoding=\"async\" class=\"alignnone  wp-image-21726\" src=\"https:\/\/www.soroptimisteurope.org\/wp-content\/uploads\/2021\/09\/meisje-met-sprokkelhoutjpg.jpg\" alt=\"\" width=\"650\" height=\"434\" \/><\/p>\n<p style=\"text-align: center;\"><strong>2e Prix<\/strong><\/p>\n<p style=\"text-align: center;\">Machtelt Van der Straeten <strong>\u00ab\u00a0Stop Child Labour!\u00a0\u00bb<\/strong><\/p>\n<p style=\"text-align: center;\">SI Aalst, Belgique<\/p>\n<p>&nbsp;<\/p>\n<p style=\"text-align: center;\"><img decoding=\"async\" class=\"alignnone  wp-image-21728\" src=\"https:\/\/www.soroptimisteurope.org\/wp-content\/uploads\/2021\/09\/dsc02448.jpg\" alt=\"\" width=\"650\" height=\"488\" \/><\/p>\n<p style=\"text-align: center;\"><strong>3e Prix (ex aequo)<\/strong><\/p>\n<p style=\"text-align: center;\">Annie Mortensen <strong>\u00ab\u00a0Baby wash in the street\u00a0\u00bb<\/strong><\/p>\n<p style=\"text-align: center;\">SI Holbaek, Danemark<\/p>\n<p>&nbsp;<\/p>\n<p><img loading=\"lazy\" decoding=\"async\" class=\" wp-image-21732 aligncenter\" src=\"https:\/\/www.soroptimisteurope.org\/wp-content\/uploads\/2021\/09\/monikakuki.jpg\" alt=\"\" width=\"652\" height=\"434\" \/><\/p>\n<p style=\"text-align: center;\"><strong>3e Prix (ex aequo)<\/strong><\/p>\n<p style=\"text-align: center;\">Monika Kuki <strong>\u00ab\u00a0We are standing!\u00a0\u00bb<\/strong><\/p>\n<p style=\"text-align: center;\">SI Icel-Mersin, Turquie<\/p>\n<p>&nbsp;<\/p>\n<p>Les photos de toutes les participantes sont disponibles sur le compte Flickr du SIE. Cliquez <a href=\"https:\/\/flic.kr\/s\/aHsmWHmKSq\" target=\"_blank\" rel=\"noopener\">ICI<\/a> pour les consulter !<\/p>\n<p>&nbsp;<\/p>\n<p>Cette ann\u00e9e, nous avons \u00e9galement \u00e9t\u00e9 ravis de recevoir des vid\u00e9os !<\/p>\n<p>&nbsp;<\/p>\n<p><span style=\"text-decoration: underline;\">1er prix<\/span>\u2013 Gabriella Corso <strong>\u00ab\u00a0Red sky at evening, good weather hopefully\u00a0\u00bb<\/strong>, SI Siracusa, Italie<\/p>\n<div class=\"lmt__inner_textarea_container\" title=\"Cliquez sur un mot pour voir les autres traductions possibles\">\n<div id=\"target-dummydiv\" class=\"lmt__textarea lmt__textarea_dummydiv\"><\/div>\n<div class=\"lmt__textarea_base_style\">Pour regarder cette vid\u00e9o et celle de tous les gagnants du Concours de Photo 2021, cliquez sur <a href=\"https:\/\/soroptimisteurope.sharepoint.com\/:f:\/g\/EmpL8QbxMxlCoKDPqVQCJ7ABxYT3XEK5jGQ_1ZWJ598m5w?e=Ma9hiq\" target=\"_blank\" rel=\"noopener\">ICI.<\/a><\/div>\n<\/div>\n","protected":false},"excerpt":{"rendered":"<p>Soroptimist International d\u2019Europe a organis\u00e9 la huiti\u00e8me \u00e9dition du Concours de Photo intitul\u00e9: \u00ab\u00a0Avec les yeux des Soroptimist\u00a0\u00bb. &nbsp; Tous les membres du Soroptimist International d\u2019Europe \u00e9taient invit\u00e9s \u00e0 y [&hellip;]<\/p>\n","protected":false},"author":5,"featured_media":38063,"comment_status":"open","ping_status":"open","sticky":false,"template":"","format":"standard","meta":{"_acf_changed":false,"give_campaign_id":0,"footnotes":""},"categories":[129],"tags":[],"class_list":["post-21737","post","type-post","status-publish","format-standard","has-post-thumbnail","hentry","category-nouvelles"],"acf":{"article_photo_de_couverture":false,"article_chapeau":"","article_contenu":[{"article_titre_du_paragraphe":"","article_paragraphe":"<p>Soroptimist International d\u2019Europe a organis\u00e9 la huiti\u00e8me \u00e9dition du <strong>Concours de Photo <\/strong>intitul\u00e9:<\/p>\n<p>\u00ab\u00a0Avec les yeux des Soroptimist\u00a0\u00bb.<\/p>\n<p>&nbsp;<\/p>\n<p>Tous les membres du Soroptimist International d\u2019Europe \u00e9taient invit\u00e9s \u00e0 y participer !<\/p>\n<p>&nbsp;<\/p>\n<p>Le th\u00e8me de la huiti\u00e8me \u00e9dition du concours de photo 2021 \u2013 \u00ab\u00a0Avec les yeux des Soroptimist\u00a0\u00bb \u2013 \u00e9tait :<\/p>\n<p><strong>WE STAND UP FOR WOMEN !<\/strong><\/p>\n<p>&nbsp;<\/p>\n<p>Les photos r\u00e9compens\u00e9es ont \u00e9t\u00e9 choisies parmi un jury compos\u00e9 de : <strong>I<\/strong><b>nge Withof<\/b><b><i>,\u00a0<\/i><\/b>Directrice de Programme adjointe du SIE, Pr\u00e9sidente du jury; <strong>Maria-Luisa Frosio<\/strong><b>, <\/b>Nomination sp\u00e9ciale du SIE &#8211; conseill\u00e8re p\u00e9dagogique; <b>Elena Savu, <\/b>Commission d&rsquo;Extension du SIE ; <strong>Alexandra Koutsoukelis, <\/strong>Commission des Bourses du SIE et <strong>Rana Yaycioglu<\/strong>, gagnante du Concours Photo 2020 (SI Club Adana &#8211; Turquie)<\/p>\n<p>&nbsp;<\/p>\n<p><span style=\"text-decoration: underline;\">1er prix <\/span>du Concours de Photo 2021 \u2013 Raffaella Bordini <strong>\u00ab\u00a0Be strong, be brave\u00a0\u00bb<\/strong>, SI Valsesia, Italie<\/p>\n<p><span style=\"text-decoration: underline;\">2e prix <\/span>du Concours de Photo 2021 \u2013 Machtelt Van der Straeten <strong>\u00ab\u00a0Stop Child Labour!\u00a0\u00bb<\/strong>, SI Aalst, Belgique<\/p>\n<p><span style=\"text-decoration: underline;\">3e prix <\/span>(ex aequo) du Concours de Photo 2021 &#8211; Annie Mortensen <strong>\u00ab\u00a0Baby wash in the street\u00a0\u00bb<\/strong>, SI Holbaek, Danemark<\/p>\n<p><span style=\"text-decoration: underline;\">3e prix <\/span>(ex aequo) du Concours de Photo 2021 &#8211; Monika Kuki <strong>\u00ab\u00a0We are standing!\u00a0\u00bb<\/strong>, SI Icel-Mersin, Turquie<\/p>\n<p>&nbsp;<\/p>\n<p>Les prix ont \u00e9t\u00e9 d\u00e9cern\u00e9s aux photos suivantes:<\/p>\n<p>&nbsp;<\/p>\n<p><img loading=\"lazy\" decoding=\"async\" class=\"alignnone  wp-image-21723 aligncenter\" src=\"http:\/\/www.soroptimisteurope.org\/wp-content\/uploads\/2021\/09\/soroptimist-5086-300x200.jpg\" alt=\"\" width=\"650\" height=\"433\" \/><\/p>\n<p style=\"text-align: center;\"><strong>1er Prix<\/strong><\/p>\n<p style=\"text-align: center;\">Raffaella Bordini <strong>\u00ab\u00a0Be strong, be brave\u00a0\u00bb<\/strong><\/p>\n<p style=\"text-align: center;\">SI Valsesia, Italie<\/p>\n<p>&nbsp;<\/p>\n<p style=\"text-align: center;\"><img loading=\"lazy\" decoding=\"async\" class=\"alignnone  wp-image-21726\" src=\"http:\/\/www.soroptimisteurope.org\/wp-content\/uploads\/2021\/09\/meisje-met-sprokkelhoutjpg-300x200.jpg\" alt=\"\" width=\"650\" height=\"434\" srcset=\"https:\/\/www.soroptimisteurope.org\/wp-content\/uploads\/2021\/09\/meisje-met-sprokkelhoutjpg-300x200.jpg 300w, https:\/\/www.soroptimisteurope.org\/wp-content\/uploads\/2021\/09\/meisje-met-sprokkelhoutjpg-1024x683.jpg 1024w, https:\/\/www.soroptimisteurope.org\/wp-content\/uploads\/2021\/09\/meisje-met-sprokkelhoutjpg-768x512.jpg 768w, https:\/\/www.soroptimisteurope.org\/wp-content\/uploads\/2021\/09\/meisje-met-sprokkelhoutjpg-1536x1024.jpg 1536w, https:\/\/www.soroptimisteurope.org\/wp-content\/uploads\/2021\/09\/meisje-met-sprokkelhoutjpg-2048x1365.jpg 2048w\" sizes=\"(max-width: 650px) 100vw, 650px\" \/><\/p>\n<p style=\"text-align: center;\"><strong>2e Prix<\/strong><\/p>\n<p style=\"text-align: center;\">Machtelt Van der Straeten <strong>\u00ab\u00a0Stop Child Labour!\u00a0\u00bb<\/strong><\/p>\n<p style=\"text-align: center;\">SI Aalst, Belgique<\/p>\n<p>&nbsp;<\/p>\n<p style=\"text-align: center;\"><img loading=\"lazy\" decoding=\"async\" class=\"alignnone  wp-image-21728\" src=\"http:\/\/www.soroptimisteurope.org\/wp-content\/uploads\/2021\/09\/dsc02448-300x225.jpg\" alt=\"\" width=\"650\" height=\"488\" srcset=\"https:\/\/www.soroptimisteurope.org\/wp-content\/uploads\/2021\/09\/dsc02448-300x225.jpg 300w, https:\/\/www.soroptimisteurope.org\/wp-content\/uploads\/2021\/09\/dsc02448-1024x768.jpg 1024w, https:\/\/www.soroptimisteurope.org\/wp-content\/uploads\/2021\/09\/dsc02448-768x576.jpg 768w, https:\/\/www.soroptimisteurope.org\/wp-content\/uploads\/2021\/09\/dsc02448-1536x1152.jpg 1536w, https:\/\/www.soroptimisteurope.org\/wp-content\/uploads\/2021\/09\/dsc02448-2048x1536.jpg 2048w, https:\/\/www.soroptimisteurope.org\/wp-content\/uploads\/2021\/09\/dsc02448-320x240.jpg 320w\" sizes=\"(max-width: 650px) 100vw, 650px\" \/><\/p>\n<p style=\"text-align: center;\"><strong>3e Prix (ex aequo)<\/strong><\/p>\n<p style=\"text-align: center;\">Annie Mortensen <strong>\u00ab\u00a0Baby wash in the street\u00a0\u00bb<\/strong><\/p>\n<p style=\"text-align: center;\">SI Holbaek, Danemark<\/p>\n<p>&nbsp;<\/p>\n<p><img loading=\"lazy\" decoding=\"async\" class=\" wp-image-21732 aligncenter\" src=\"http:\/\/www.soroptimisteurope.org\/wp-content\/uploads\/2021\/09\/monikakuki-300x200.jpg\" alt=\"\" width=\"652\" height=\"434\" srcset=\"https:\/\/www.soroptimisteurope.org\/wp-content\/uploads\/2021\/09\/monikakuki-300x200.jpg 300w, https:\/\/www.soroptimisteurope.org\/wp-content\/uploads\/2021\/09\/monikakuki-1024x683.jpg 1024w, https:\/\/www.soroptimisteurope.org\/wp-content\/uploads\/2021\/09\/monikakuki-768x512.jpg 768w, https:\/\/www.soroptimisteurope.org\/wp-content\/uploads\/2021\/09\/monikakuki-1536x1024.jpg 1536w, https:\/\/www.soroptimisteurope.org\/wp-content\/uploads\/2021\/09\/monikakuki-2048x1365.jpg 2048w\" sizes=\"(max-width: 652px) 100vw, 652px\" \/><\/p>\n<p style=\"text-align: center;\"><strong>3e Prix (ex aequo)<\/strong><\/p>\n<p style=\"text-align: center;\">Monika Kuki <strong>\u00ab\u00a0We are standing!\u00a0\u00bb<\/strong><\/p>\n<p style=\"text-align: center;\">SI Icel-Mersin, Turquie<\/p>\n<p>&nbsp;<\/p>\n<p>Les photos de toutes les participantes sont disponibles sur le compte Flickr du SIE. Cliquez <a href=\"https:\/\/flic.kr\/s\/aHsmWHmKSq\" target=\"_blank\" rel=\"noopener\">ICI<\/a> pour les consulter !<\/p>\n<p>&nbsp;<\/p>\n<p>Cette ann\u00e9e, nous avons \u00e9galement \u00e9t\u00e9 ravis de recevoir des vid\u00e9os !<\/p>\n<p>&nbsp;<\/p>\n<p><span style=\"text-decoration: underline;\">1er prix<\/span>\u2013 Gabriella Corso <strong>\u00ab\u00a0Red sky at evening, good weather hopefully\u00a0\u00bb<\/strong>, SI Siracusa, Italie<\/p>\n<div class=\"lmt__inner_textarea_container\" title=\"Cliquez sur un mot pour voir les autres traductions possibles\">\n<div id=\"target-dummydiv\" class=\"lmt__textarea lmt__textarea_dummydiv\"><\/div>\n<div class=\"lmt__textarea_base_style\">Pour regarder cette vid\u00e9o et celle de tous les gagnants du Concours de Photo 2021, cliquez sur <a href=\"https:\/\/soroptimisteurope.sharepoint.com\/:f:\/g\/EmpL8QbxMxlCoKDPqVQCJ7ABxYT3XEK5jGQ_1ZWJ598m5w?e=Ma9hiq\" target=\"_blank\" rel=\"noopener\">ICI.<\/a><\/div>\n<\/div>\n","article_media_image":false,"article_media_video":""}],"article_trombinoscope":false,"article_video":"","article_evenements_sociaux":false,"article_auteur_texte":"","article_nom_contact":"","article_email_contact":"","article_numero_contact":"","article_documents":false,"article_actualites_liees":false},"yoast_head":"<!-- This site is optimized with the Yoast SEO plugin v27.5 - https:\/\/yoast.com\/product\/yoast-seo-wordpress\/ -->\n<title>Gagnantes du Concours de Photo 2021 - Soroptimist<\/title>\n<meta name=\"robots\" content=\"index, follow, max-snippet:-1, max-image-preview:large, max-video-preview:-1\" \/>\n<link rel=\"canonical\" href=\"https:\/\/www.soroptimisteurope.org\/winners-photo-competition-2021\/\" \/>\n<meta property=\"og:locale\" content=\"fr_FR\" \/>\n<meta property=\"og:type\" content=\"article\" \/>\n<meta property=\"og:title\" content=\"Gagnantes du Concours de Photo 2021 - Soroptimist\" \/>\n<meta property=\"og:description\" content=\"Soroptimist International d\u2019Europe a organis\u00e9 la huiti\u00e8me \u00e9dition du Concours de Photo intitul\u00e9: \u00ab\u00a0Avec les yeux des Soroptimist\u00a0\u00bb. &nbsp; Tous les membres du Soroptimist International d\u2019Europe \u00e9taient invit\u00e9s \u00e0 y [&hellip;]\" \/>\n<meta property=\"og:url\" content=\"https:\/\/www.soroptimisteurope.org\/winners-photo-competition-2021\/\" \/>\n<meta property=\"og:site_name\" content=\"Soroptimist\" \/>\n<meta property=\"article:published_time\" content=\"2021-09-22T09:00:01+00:00\" \/>\n<meta property=\"article:modified_time\" content=\"2025-05-13T09:18:06+00:00\" \/>\n<meta property=\"og:image\" content=\"https:\/\/www.soroptimisteurope.org\/wp-content\/uploads\/2025\/04\/soroptimist-5086-scaled-1.jpg\" \/>\n\t<meta property=\"og:image:width\" content=\"2560\" \/>\n\t<meta property=\"og:image:height\" content=\"1709\" \/>\n\t<meta property=\"og:image:type\" content=\"image\/jpeg\" \/>\n<meta name=\"author\" content=\"Virginie Racine\" \/>\n<meta name=\"twitter:card\" content=\"summary_large_image\" \/>\n<meta name=\"twitter:label1\" content=\"\u00c9crit par\" \/>\n\t<meta name=\"twitter:data1\" content=\"Virginie Racine\" \/>\n\t<meta name=\"twitter:label2\" content=\"Dur\u00e9e de lecture estim\u00e9e\" \/>\n\t<meta name=\"twitter:data2\" content=\"2 minutes\" \/>\n<script type=\"application\/ld+json\" class=\"yoast-schema-graph\">{\"@context\":\"https:\\\/\\\/schema.org\",\"@graph\":[{\"@type\":\"Article\",\"@id\":\"https:\\\/\\\/www.soroptimisteurope.org\\\/winners-photo-competition-2021\\\/#article\",\"isPartOf\":{\"@id\":\"https:\\\/\\\/www.soroptimisteurope.org\\\/winners-photo-competition-2021\\\/\"},\"author\":{\"name\":\"Virginie Racine\",\"@id\":\"https:\\\/\\\/www.soroptimisteurope.org\\\/#\\\/schema\\\/person\\\/71cb5ee8dc72773ed419609bf2274619\"},\"headline\":\"Gagnantes du Concours de Photo 2021\",\"datePublished\":\"2021-09-22T09:00:01+00:00\",\"dateModified\":\"2025-05-13T09:18:06+00:00\",\"mainEntityOfPage\":{\"@id\":\"https:\\\/\\\/www.soroptimisteurope.org\\\/winners-photo-competition-2021\\\/\"},\"wordCount\":327,\"commentCount\":0,\"image\":{\"@id\":\"https:\\\/\\\/www.soroptimisteurope.org\\\/winners-photo-competition-2021\\\/#primaryimage\"},\"thumbnailUrl\":\"https:\\\/\\\/www.soroptimisteurope.org\\\/wp-content\\\/uploads\\\/2025\\\/04\\\/soroptimist-5086-scaled-1.jpg\",\"articleSection\":[\"Nouvelles\"],\"inLanguage\":\"fr-FR\",\"potentialAction\":[{\"@type\":\"CommentAction\",\"name\":\"Comment\",\"target\":[\"https:\\\/\\\/www.soroptimisteurope.org\\\/winners-photo-competition-2021\\\/#respond\"]}]},{\"@type\":\"WebPage\",\"@id\":\"https:\\\/\\\/www.soroptimisteurope.org\\\/winners-photo-competition-2021\\\/\",\"url\":\"https:\\\/\\\/www.soroptimisteurope.org\\\/winners-photo-competition-2021\\\/\",\"name\":\"Gagnantes du Concours de Photo 2021 - Soroptimist\",\"isPartOf\":{\"@id\":\"https:\\\/\\\/www.soroptimisteurope.org\\\/#website\"},\"primaryImageOfPage\":{\"@id\":\"https:\\\/\\\/www.soroptimisteurope.org\\\/winners-photo-competition-2021\\\/#primaryimage\"},\"image\":{\"@id\":\"https:\\\/\\\/www.soroptimisteurope.org\\\/winners-photo-competition-2021\\\/#primaryimage\"},\"thumbnailUrl\":\"https:\\\/\\\/www.soroptimisteurope.org\\\/wp-content\\\/uploads\\\/2025\\\/04\\\/soroptimist-5086-scaled-1.jpg\",\"datePublished\":\"2021-09-22T09:00:01+00:00\",\"dateModified\":\"2025-05-13T09:18:06+00:00\",\"author\":{\"@id\":\"https:\\\/\\\/www.soroptimisteurope.org\\\/#\\\/schema\\\/person\\\/71cb5ee8dc72773ed419609bf2274619\"},\"breadcrumb\":{\"@id\":\"https:\\\/\\\/www.soroptimisteurope.org\\\/winners-photo-competition-2021\\\/#breadcrumb\"},\"inLanguage\":\"fr-FR\",\"potentialAction\":[{\"@type\":\"ReadAction\",\"target\":[\"https:\\\/\\\/www.soroptimisteurope.org\\\/winners-photo-competition-2021\\\/\"]}]},{\"@type\":\"ImageObject\",\"inLanguage\":\"fr-FR\",\"@id\":\"https:\\\/\\\/www.soroptimisteurope.org\\\/winners-photo-competition-2021\\\/#primaryimage\",\"url\":\"https:\\\/\\\/www.soroptimisteurope.org\\\/wp-content\\\/uploads\\\/2025\\\/04\\\/soroptimist-5086-scaled-1.jpg\",\"contentUrl\":\"https:\\\/\\\/www.soroptimisteurope.org\\\/wp-content\\\/uploads\\\/2025\\\/04\\\/soroptimist-5086-scaled-1.jpg\",\"width\":2560,\"height\":1709},{\"@type\":\"BreadcrumbList\",\"@id\":\"https:\\\/\\\/www.soroptimisteurope.org\\\/winners-photo-competition-2021\\\/#breadcrumb\",\"itemListElement\":[{\"@type\":\"ListItem\",\"position\":1,\"name\":\"Accueil\",\"item\":\"https:\\\/\\\/www.soroptimisteurope.org\\\/fr\\\/accueil\\\/\"},{\"@type\":\"ListItem\",\"position\":2,\"name\":\"Gagnantes du Concours de Photo 2021\"}]},{\"@type\":\"WebSite\",\"@id\":\"https:\\\/\\\/www.soroptimisteurope.org\\\/#website\",\"url\":\"https:\\\/\\\/www.soroptimisteurope.org\\\/\",\"name\":\"Soroptimist\",\"description\":\"\",\"potentialAction\":[{\"@type\":\"SearchAction\",\"target\":{\"@type\":\"EntryPoint\",\"urlTemplate\":\"https:\\\/\\\/www.soroptimisteurope.org\\\/?s={search_term_string}\"},\"query-input\":{\"@type\":\"PropertyValueSpecification\",\"valueRequired\":true,\"valueName\":\"search_term_string\"}}],\"inLanguage\":\"fr-FR\"},{\"@type\":\"Person\",\"@id\":\"https:\\\/\\\/www.soroptimisteurope.org\\\/#\\\/schema\\\/person\\\/71cb5ee8dc72773ed419609bf2274619\",\"name\":\"Virginie Racine\",\"url\":\"https:\\\/\\\/www.soroptimisteurope.org\\\/fr\\\/author\\\/adminsorop2k21\\\/\"}]}<\/script>\n<!-- \/ Yoast SEO plugin. -->","yoast_head_json":{"title":"Gagnantes du Concours de Photo 2021 - Soroptimist","robots":{"index":"index","follow":"follow","max-snippet":"max-snippet:-1","max-image-preview":"max-image-preview:large","max-video-preview":"max-video-preview:-1"},"canonical":"https:\/\/www.soroptimisteurope.org\/winners-photo-competition-2021\/","og_locale":"fr_FR","og_type":"article","og_title":"Gagnantes du Concours de Photo 2021 - Soroptimist","og_description":"Soroptimist International d\u2019Europe a organis\u00e9 la huiti\u00e8me \u00e9dition du Concours de Photo intitul\u00e9: \u00ab\u00a0Avec les yeux des Soroptimist\u00a0\u00bb. &nbsp; Tous les membres du Soroptimist International d\u2019Europe \u00e9taient invit\u00e9s \u00e0 y [&hellip;]","og_url":"https:\/\/www.soroptimisteurope.org\/winners-photo-competition-2021\/","og_site_name":"Soroptimist","article_published_time":"2021-09-22T09:00:01+00:00","article_modified_time":"2025-05-13T09:18:06+00:00","og_image":[{"width":2560,"height":1709,"url":"https:\/\/www.soroptimisteurope.org\/wp-content\/uploads\/2025\/04\/soroptimist-5086-scaled-1.jpg","type":"image\/jpeg"}],"author":"Virginie Racine","twitter_card":"summary_large_image","twitter_misc":{"\u00c9crit par":"Virginie Racine","Dur\u00e9e de lecture estim\u00e9e":"2 minutes"},"schema":{"@context":"https:\/\/schema.org","@graph":[{"@type":"Article","@id":"https:\/\/www.soroptimisteurope.org\/winners-photo-competition-2021\/#article","isPartOf":{"@id":"https:\/\/www.soroptimisteurope.org\/winners-photo-competition-2021\/"},"author":{"name":"Virginie Racine","@id":"https:\/\/www.soroptimisteurope.org\/#\/schema\/person\/71cb5ee8dc72773ed419609bf2274619"},"headline":"Gagnantes du Concours de Photo 2021","datePublished":"2021-09-22T09:00:01+00:00","dateModified":"2025-05-13T09:18:06+00:00","mainEntityOfPage":{"@id":"https:\/\/www.soroptimisteurope.org\/winners-photo-competition-2021\/"},"wordCount":327,"commentCount":0,"image":{"@id":"https:\/\/www.soroptimisteurope.org\/winners-photo-competition-2021\/#primaryimage"},"thumbnailUrl":"https:\/\/www.soroptimisteurope.org\/wp-content\/uploads\/2025\/04\/soroptimist-5086-scaled-1.jpg","articleSection":["Nouvelles"],"inLanguage":"fr-FR","potentialAction":[{"@type":"CommentAction","name":"Comment","target":["https:\/\/www.soroptimisteurope.org\/winners-photo-competition-2021\/#respond"]}]},{"@type":"WebPage","@id":"https:\/\/www.soroptimisteurope.org\/winners-photo-competition-2021\/","url":"https:\/\/www.soroptimisteurope.org\/winners-photo-competition-2021\/","name":"Gagnantes du Concours de Photo 2021 - Soroptimist","isPartOf":{"@id":"https:\/\/www.soroptimisteurope.org\/#website"},"primaryImageOfPage":{"@id":"https:\/\/www.soroptimisteurope.org\/winners-photo-competition-2021\/#primaryimage"},"image":{"@id":"https:\/\/www.soroptimisteurope.org\/winners-photo-competition-2021\/#primaryimage"},"thumbnailUrl":"https:\/\/www.soroptimisteurope.org\/wp-content\/uploads\/2025\/04\/soroptimist-5086-scaled-1.jpg","datePublished":"2021-09-22T09:00:01+00:00","dateModified":"2025-05-13T09:18:06+00:00","author":{"@id":"https:\/\/www.soroptimisteurope.org\/#\/schema\/person\/71cb5ee8dc72773ed419609bf2274619"},"breadcrumb":{"@id":"https:\/\/www.soroptimisteurope.org\/winners-photo-competition-2021\/#breadcrumb"},"inLanguage":"fr-FR","potentialAction":[{"@type":"ReadAction","target":["https:\/\/www.soroptimisteurope.org\/winners-photo-competition-2021\/"]}]},{"@type":"ImageObject","inLanguage":"fr-FR","@id":"https:\/\/www.soroptimisteurope.org\/winners-photo-competition-2021\/#primaryimage","url":"https:\/\/www.soroptimisteurope.org\/wp-content\/uploads\/2025\/04\/soroptimist-5086-scaled-1.jpg","contentUrl":"https:\/\/www.soroptimisteurope.org\/wp-content\/uploads\/2025\/04\/soroptimist-5086-scaled-1.jpg","width":2560,"height":1709},{"@type":"BreadcrumbList","@id":"https:\/\/www.soroptimisteurope.org\/winners-photo-competition-2021\/#breadcrumb","itemListElement":[{"@type":"ListItem","position":1,"name":"Accueil","item":"https:\/\/www.soroptimisteurope.org\/fr\/accueil\/"},{"@type":"ListItem","position":2,"name":"Gagnantes du Concours de Photo 2021"}]},{"@type":"WebSite","@id":"https:\/\/www.soroptimisteurope.org\/#website","url":"https:\/\/www.soroptimisteurope.org\/","name":"Soroptimist","description":"","potentialAction":[{"@type":"SearchAction","target":{"@type":"EntryPoint","urlTemplate":"https:\/\/www.soroptimisteurope.org\/?s={search_term_string}"},"query-input":{"@type":"PropertyValueSpecification","valueRequired":true,"valueName":"search_term_string"}}],"inLanguage":"fr-FR"},{"@type":"Person","@id":"https:\/\/www.soroptimisteurope.org\/#\/schema\/person\/71cb5ee8dc72773ed419609bf2274619","name":"Virginie Racine","url":"https:\/\/www.soroptimisteurope.org\/fr\/author\/adminsorop2k21\/"}]}},"_links":{"self":[{"href":"https:\/\/www.soroptimisteurope.org\/fr\/wp-json\/wp\/v2\/posts\/21737","targetHints":{"allow":["GET"]}}],"collection":[{"href":"https:\/\/www.soroptimisteurope.org\/fr\/wp-json\/wp\/v2\/posts"}],"about":[{"href":"https:\/\/www.soroptimisteurope.org\/fr\/wp-json\/wp\/v2\/types\/post"}],"author":[{"embeddable":true,"href":"https:\/\/www.soroptimisteurope.org\/fr\/wp-json\/wp\/v2\/users\/5"}],"replies":[{"embeddable":true,"href":"https:\/\/www.soroptimisteurope.org\/fr\/wp-json\/wp\/v2\/comments?post=21737"}],"version-history":[{"count":0,"href":"https:\/\/www.soroptimisteurope.org\/fr\/wp-json\/wp\/v2\/posts\/21737\/revisions"}],"wp:featuredmedia":[{"embeddable":true,"href":"https:\/\/www.soroptimisteurope.org\/fr\/wp-json\/wp\/v2\/media\/38063"}],"wp:attachment":[{"href":"https:\/\/www.soroptimisteurope.org\/fr\/wp-json\/wp\/v2\/media?parent=21737"}],"wp:term":[{"taxonomy":"category","embeddable":true,"href":"https:\/\/www.soroptimisteurope.org\/fr\/wp-json\/wp\/v2\/categories?post=21737"},{"taxonomy":"post_tag","embeddable":true,"href":"https:\/\/www.soroptimisteurope.org\/fr\/wp-json\/wp\/v2\/tags?post=21737"}],"curies":[{"name":"wp","href":"https:\/\/api.w.org\/{rel}","templated":true}]}}