{"id":24357,"date":"2022-08-03T11:11:05","date_gmt":"2022-08-03T10:11:05","guid":{"rendered":"http:\/\/www.soroptimisteurope.org\/?p=24357"},"modified":"2025-05-13T11:18:30","modified_gmt":"2025-05-13T09:18:30","slug":"au-ralenti","status":"publish","type":"post","link":"https:\/\/www.soroptimisteurope.org\/fr\/au-ralenti\/","title":{"rendered":"Au ralenti"},"content":{"rendered":"<p>L\u2019\u00e9t\u00e9 et les vacances sont bel et bien l\u00e0. Sous le soleil, nous avons toutes h\u00e2te d\u2019oublier nos contraintes horaires et nos agendas, et m\u00eame de nous affranchir de toutes les r\u00e8gles relatives \u00e0 la gestion du temps.<\/p>\n<p>&nbsp;<\/p>\n<p>C\u2019est une p\u00e9riode pendant laquelle nous changeons joyeusement de priorit\u00e9s et o\u00f9 les indicateurs naturels comptent plus que les calendriers et les montres. O\u00f9 le temps devient relatif et finalement sans aucune importance. O\u00f9 nous nous offrons le luxe de <em>prendre le temps <\/em>plut\u00f4t que d\u2019<em>avoir du temps<\/em>.<\/p>\n<p>&nbsp;<\/p>\n<p>Disons que nous vivons au ralenti.<\/p>\n<p>&nbsp;<\/p>\n<p>Et le ralenti n\u2019est-il pas tout simplement fascinant\u00a0? Nous sommes captiv\u00e9es quand nous pouvons revoir au ralenti ce but exceptionnel, ce service rat\u00e9 de peu ou le superbe saut d\u2019un athl\u00e8te. Le ralenti montre bien la perfection ou ce qui a manqu\u00e9 pour r\u00e9ussir, la puissance qui permet le mouvement, l\u2019\u00e9cart avec la ligne, le point pr\u00e9cis o\u00f9 le ballon a rebondi. Chaque \u00e9tape cruciale qui a men\u00e9 au succ\u00e8s ou \u00e0 l\u2019\u00e9chec est ainsi bien visible.<\/p>\n<p>&nbsp;<\/p>\n<p>Notre ralenti de l\u2019\u00e9t\u00e9 est le moment id\u00e9al pour d\u00e9terminer comment faire en sorte que nos prochaines actions soient meilleures que jamais. Imaginez un mouvement tellement pur, direct et \u00e9quilibr\u00e9 qu\u2019il para\u00eet facile. Un mouvement tellement \u00e9loign\u00e9 de toute complication qu\u2019il semble juste naturel, comme s\u2019il \u00e9tait \u00e9crit qu\u2019il devait tout simplement advenir. Et imaginez que nous participions toutes ensemble \u00e0 ce mouvement \u00e0 la fois simple et couronn\u00e9 de succ\u00e8s.<\/p>\n<p>&nbsp;<\/p>\n<p>\u00c0 la fin de l\u2019\u00e9t\u00e9, nous recommen\u00e7ons \u00e0 jongler entre nos vies familiales et professionnelles, sans oublier nos engagements Soroptimist qui nous tiennent bien occup\u00e9es. Je sais que cela fait beaucoup de pression et je voulais vous rappeler que vous n\u2019\u00eates pas seule. Vos amies et coll\u00e8gues Soroptimist sont l\u00e0 pour vous, qu\u2019elles soient \u00e0 proximit\u00e9 ou plus loin. Ce que vous faites en tant que membre du Soroptimist International change des vies. Ce n\u2019est pas simple, mais en travaillant ensemble et en nous soutenant les unes les autres, nous pouvons faire en sorte que cela soit plus facile. Nous pouvons choisir nos actions avec soin, pour qu\u2019elles nous permettent de mieux r\u00e9ussir \u00e0 d\u00e9fendre les femmes et les filles. Quelque chose que nous faisons toutes ensemble, dans un seul et m\u00eame mouvement, afin de faire la diff\u00e9rence dans le monde.<\/p>\n<p>&nbsp;<\/p>\n<p>Tirons parti de notre temps pass\u00e9 au ralenti cet \u00e9t\u00e9 pour nous assurer que nos prochaines actions Soroptimist rencontrent le succ\u00e8s et que leur ralenti soit v\u00e9ritablement captivant\u00a0!<\/p>\n<p>&nbsp;<\/p>\n<p>Bien \u00e0 vous,<\/p>\n<p>&nbsp;<\/p>\n<p>Carolien Demey<\/p>\n<p>Pr\u00e9sidente du SIE 2021-2023<\/p>\n<p>&nbsp;<\/p>\n<hr \/>\n<p>&nbsp;<\/p>\n<p>Suivez Soroptimist International d&rsquo;Europe sur les r\u00e9seaux sociaux:<\/p>\n<table style=\"height: 167px;\" width=\"668\">\n<tbody>\n<tr>\n<td width=\"150\"><a href=\"https:\/\/www.facebook.com\/SoroptimistInternationalofEurope\/\" target=\"_blank\" rel=\"noopener\"><img decoding=\"async\" class=\"wp-image-21063 aligncenter\" src=\"https:\/\/www.soroptimisteurope.org\/wp-content\/uploads\/2021\/06\/sans-titre-24.png\" alt=\"\" width=\"118\" height=\"118\" srcset=\"https:\/\/www.soroptimisteurope.org\/wp-content\/uploads\/2021\/06\/sans-titre-24.png 500w, https:\/\/www.soroptimisteurope.org\/wp-content\/uploads\/2021\/06\/sans-titre-24-300x300.png 300w, https:\/\/www.soroptimisteurope.org\/wp-content\/uploads\/2021\/06\/sans-titre-24-150x150.png 150w\" sizes=\"(max-width: 118px) 100vw, 118px\" \/><\/a><\/td>\n<td width=\"150\"><a href=\"https:\/\/www.instagram.com\/soroptimisteurope\/\" target=\"_blank\" rel=\"noopener\"><img decoding=\"async\" class=\"wp-image-21067 aligncenter\" src=\"https:\/\/www.soroptimisteurope.org\/wp-content\/uploads\/2021\/06\/sans-titre-26.png\" alt=\"\" width=\"118\" height=\"118\" srcset=\"https:\/\/www.soroptimisteurope.org\/wp-content\/uploads\/2021\/06\/sans-titre-26.png 500w, https:\/\/www.soroptimisteurope.org\/wp-content\/uploads\/2021\/06\/sans-titre-26-300x300.png 300w, https:\/\/www.soroptimisteurope.org\/wp-content\/uploads\/2021\/06\/sans-titre-26-150x150.png 150w\" sizes=\"(max-width: 118px) 100vw, 118px\" \/><\/a><\/td>\n<td width=\"150\"><a href=\"https:\/\/www.linkedin.com\/in\/soroptimisteurope\/\" target=\"_blank\" rel=\"noopener\"><img decoding=\"async\" class=\"wp-image-21065 aligncenter\" src=\"https:\/\/www.soroptimisteurope.org\/wp-content\/uploads\/2021\/06\/sans-titre-27.png\" alt=\"\" width=\"118\" height=\"118\" srcset=\"https:\/\/www.soroptimisteurope.org\/wp-content\/uploads\/2021\/06\/sans-titre-27.png 500w, https:\/\/www.soroptimisteurope.org\/wp-content\/uploads\/2021\/06\/sans-titre-27-300x300.png 300w, https:\/\/www.soroptimisteurope.org\/wp-content\/uploads\/2021\/06\/sans-titre-27-150x150.png 150w\" sizes=\"(max-width: 118px) 100vw, 118px\" \/><\/a><\/td>\n<td width=\"150\"><a href=\"https:\/\/twitter.com\/SIEurope\" target=\"_blank\" rel=\"noopener\"><img loading=\"lazy\" decoding=\"async\" class=\"wp-image-21069 aligncenter\" src=\"https:\/\/www.soroptimisteurope.org\/wp-content\/uploads\/2021\/06\/sans-titre-25.png\" alt=\"\" width=\"118\" height=\"118\" srcset=\"https:\/\/www.soroptimisteurope.org\/wp-content\/uploads\/2021\/06\/sans-titre-25.png 500w, https:\/\/www.soroptimisteurope.org\/wp-content\/uploads\/2021\/06\/sans-titre-25-300x300.png 300w, https:\/\/www.soroptimisteurope.org\/wp-content\/uploads\/2021\/06\/sans-titre-25-150x150.png 150w\" sizes=\"(max-width: 118px) 100vw, 118px\" \/><\/a><\/td>\n<\/tr>\n<\/tbody>\n<\/table>\n","protected":false},"excerpt":{"rendered":"<p>L\u2019\u00e9t\u00e9 et les vacances sont bel et bien l\u00e0. Sous le soleil, nous avons toutes h\u00e2te d\u2019oublier nos contraintes horaires et nos agendas, et m\u00eame de nous affranchir de toutes [&hellip;]<\/p>\n","protected":false},"author":5,"featured_media":38755,"comment_status":"open","ping_status":"open","sticky":false,"template":"","format":"standard","meta":{"_acf_changed":false,"give_campaign_id":0,"footnotes":""},"categories":[129],"tags":[],"class_list":["post-24357","post","type-post","status-publish","format-standard","has-post-thumbnail","hentry","category-nouvelles"],"acf":{"article_photo_de_couverture":{"ID":24229,"id":24229,"title":"CD_summer","filename":"cd-summer.jpg","filesize":1027086,"url":"https:\/\/www.soroptimisteurope.org\/wp-content\/uploads\/2022\/07\/cd-summer.jpg","link":"https:\/\/www.soroptimisteurope.org\/fr\/cd_summer\/","alt":"","author":"3","description":"","caption":"","name":"cd_summer","status":"inherit","uploaded_to":0,"date":"2022-07-20 06:53:58","modified":"2022-07-20 06:53:58","menu_order":0,"mime_type":"image\/jpeg","type":"image","subtype":"jpeg","icon":"https:\/\/www.soroptimisteurope.org\/wp-content\/plugins\/media-library-assistant\/images\/crystal\/image.png","width":1536,"height":1536,"sizes":{"thumbnail":"https:\/\/www.soroptimisteurope.org\/wp-content\/uploads\/2022\/07\/cd-summer-150x150.jpg","thumbnail-width":150,"thumbnail-height":150,"medium":"https:\/\/www.soroptimisteurope.org\/wp-content\/uploads\/2022\/07\/cd-summer-300x300.jpg","medium-width":300,"medium-height":300,"medium_large":"https:\/\/www.soroptimisteurope.org\/wp-content\/uploads\/2022\/07\/cd-summer-768x768.jpg","medium_large-width":768,"medium_large-height":768,"large":"https:\/\/www.soroptimisteurope.org\/wp-content\/uploads\/2022\/07\/cd-summer-1024x1024.jpg","large-width":800,"large-height":800,"1536x1536":"https:\/\/www.soroptimisteurope.org\/wp-content\/uploads\/2022\/07\/cd-summer.jpg","1536x1536-width":1536,"1536x1536-height":1536,"2048x2048":"https:\/\/www.soroptimisteurope.org\/wp-content\/uploads\/2022\/07\/cd-summer.jpg","2048x2048-width":1536,"2048x2048-height":1536}},"article_chapeau":"","article_contenu":[{"article_titre_du_paragraphe":"","article_paragraphe":"<p>L\u2019\u00e9t\u00e9 et les vacances sont bel et bien l\u00e0. Sous le soleil, nous avons toutes h\u00e2te d\u2019oublier nos contraintes horaires et nos agendas, et m\u00eame de nous affranchir de toutes les r\u00e8gles relatives \u00e0 la gestion du temps.<\/p>\n<p>&nbsp;<\/p>\n<p>C\u2019est une p\u00e9riode pendant laquelle nous changeons joyeusement de priorit\u00e9s et o\u00f9 les indicateurs naturels comptent plus que les calendriers et les montres. O\u00f9 le temps devient relatif et finalement sans aucune importance. O\u00f9 nous nous offrons le luxe de <em>prendre le temps <\/em>plut\u00f4t que d\u2019<em>avoir du temps<\/em>.<\/p>\n<p>&nbsp;<\/p>\n<p>Disons que nous vivons au ralenti.<\/p>\n<p>&nbsp;<\/p>\n<p>Et le ralenti n\u2019est-il pas tout simplement fascinant\u00a0? Nous sommes captiv\u00e9es quand nous pouvons revoir au ralenti ce but exceptionnel, ce service rat\u00e9 de peu ou le superbe saut d\u2019un athl\u00e8te. Le ralenti montre bien la perfection ou ce qui a manqu\u00e9 pour r\u00e9ussir, la puissance qui permet le mouvement, l\u2019\u00e9cart avec la ligne, le point pr\u00e9cis o\u00f9 le ballon a rebondi. Chaque \u00e9tape cruciale qui a men\u00e9 au succ\u00e8s ou \u00e0 l\u2019\u00e9chec est ainsi bien visible.<\/p>\n<p>&nbsp;<\/p>\n<p>Notre ralenti de l\u2019\u00e9t\u00e9 est le moment id\u00e9al pour d\u00e9terminer comment faire en sorte que nos prochaines actions soient meilleures que jamais. Imaginez un mouvement tellement pur, direct et \u00e9quilibr\u00e9 qu\u2019il para\u00eet facile. Un mouvement tellement \u00e9loign\u00e9 de toute complication qu\u2019il semble juste naturel, comme s\u2019il \u00e9tait \u00e9crit qu\u2019il devait tout simplement advenir. Et imaginez que nous participions toutes ensemble \u00e0 ce mouvement \u00e0 la fois simple et couronn\u00e9 de succ\u00e8s.<\/p>\n<p>&nbsp;<\/p>\n<p>\u00c0 la fin de l\u2019\u00e9t\u00e9, nous recommen\u00e7ons \u00e0 jongler entre nos vies familiales et professionnelles, sans oublier nos engagements Soroptimist qui nous tiennent bien occup\u00e9es. Je sais que cela fait beaucoup de pression et je voulais vous rappeler que vous n\u2019\u00eates pas seule. Vos amies et coll\u00e8gues Soroptimist sont l\u00e0 pour vous, qu\u2019elles soient \u00e0 proximit\u00e9 ou plus loin. Ce que vous faites en tant que membre du Soroptimist International change des vies. Ce n\u2019est pas simple, mais en travaillant ensemble et en nous soutenant les unes les autres, nous pouvons faire en sorte que cela soit plus facile. Nous pouvons choisir nos actions avec soin, pour qu\u2019elles nous permettent de mieux r\u00e9ussir \u00e0 d\u00e9fendre les femmes et les filles. Quelque chose que nous faisons toutes ensemble, dans un seul et m\u00eame mouvement, afin de faire la diff\u00e9rence dans le monde.<\/p>\n<p>&nbsp;<\/p>\n<p>Tirons parti de notre temps pass\u00e9 au ralenti cet \u00e9t\u00e9 pour nous assurer que nos prochaines actions Soroptimist rencontrent le succ\u00e8s et que leur ralenti soit v\u00e9ritablement captivant\u00a0!<\/p>\n<p>&nbsp;<\/p>\n<p>Bien \u00e0 vous,<\/p>\n<p>&nbsp;<\/p>\n<p>Carolien Demey<\/p>\n<p>Pr\u00e9sidente du SIE 2021-2023<\/p>\n<p>&nbsp;<\/p>\n<hr \/>\n<p>&nbsp;<\/p>\n<p>Suivez Soroptimist International d&rsquo;Europe sur les r\u00e9seaux sociaux:<\/p>\n<table style=\"height: 167px;\" width=\"668\">\n<tbody>\n<tr>\n<td width=\"150\"><a href=\"https:\/\/www.facebook.com\/SoroptimistInternationalofEurope\/\" target=\"_blank\" rel=\"noopener\"><img loading=\"lazy\" decoding=\"async\" class=\"wp-image-21063 aligncenter\" src=\"http:\/\/www.soroptimisteurope.org\/wp-content\/uploads\/2021\/06\/sans-titre-24-300x300.png\" alt=\"\" width=\"118\" height=\"118\" srcset=\"https:\/\/www.soroptimisteurope.org\/wp-content\/uploads\/2021\/06\/sans-titre-24-300x300.png 300w, https:\/\/www.soroptimisteurope.org\/wp-content\/uploads\/2021\/06\/sans-titre-24-150x150.png 150w, https:\/\/www.soroptimisteurope.org\/wp-content\/uploads\/2021\/06\/sans-titre-24.png 500w\" sizes=\"(max-width: 118px) 100vw, 118px\" \/><\/a><\/td>\n<td width=\"150\"><a href=\"https:\/\/www.instagram.com\/soroptimisteurope\/\" target=\"_blank\" rel=\"noopener\"><img loading=\"lazy\" decoding=\"async\" class=\"wp-image-21067 aligncenter\" src=\"http:\/\/www.soroptimisteurope.org\/wp-content\/uploads\/2021\/06\/sans-titre-26-300x300.png\" alt=\"\" width=\"118\" height=\"118\" srcset=\"https:\/\/www.soroptimisteurope.org\/wp-content\/uploads\/2021\/06\/sans-titre-26-300x300.png 300w, https:\/\/www.soroptimisteurope.org\/wp-content\/uploads\/2021\/06\/sans-titre-26-150x150.png 150w, https:\/\/www.soroptimisteurope.org\/wp-content\/uploads\/2021\/06\/sans-titre-26.png 500w\" sizes=\"(max-width: 118px) 100vw, 118px\" \/><\/a><\/td>\n<td width=\"150\"><a href=\"https:\/\/www.linkedin.com\/in\/soroptimisteurope\/\" target=\"_blank\" rel=\"noopener\"><img loading=\"lazy\" decoding=\"async\" class=\"wp-image-21065 aligncenter\" src=\"http:\/\/www.soroptimisteurope.org\/wp-content\/uploads\/2021\/06\/sans-titre-27-300x300.png\" alt=\"\" width=\"118\" height=\"118\" srcset=\"https:\/\/www.soroptimisteurope.org\/wp-content\/uploads\/2021\/06\/sans-titre-27-300x300.png 300w, https:\/\/www.soroptimisteurope.org\/wp-content\/uploads\/2021\/06\/sans-titre-27-150x150.png 150w, https:\/\/www.soroptimisteurope.org\/wp-content\/uploads\/2021\/06\/sans-titre-27.png 500w\" sizes=\"(max-width: 118px) 100vw, 118px\" \/><\/a><\/td>\n<td width=\"150\"><a href=\"https:\/\/twitter.com\/SIEurope\" target=\"_blank\" rel=\"noopener\"><img loading=\"lazy\" decoding=\"async\" class=\"wp-image-21069 aligncenter\" src=\"http:\/\/www.soroptimisteurope.org\/wp-content\/uploads\/2021\/06\/sans-titre-25-300x300.png\" alt=\"\" width=\"118\" height=\"118\" srcset=\"https:\/\/www.soroptimisteurope.org\/wp-content\/uploads\/2021\/06\/sans-titre-25-300x300.png 300w, https:\/\/www.soroptimisteurope.org\/wp-content\/uploads\/2021\/06\/sans-titre-25-150x150.png 150w, https:\/\/www.soroptimisteurope.org\/wp-content\/uploads\/2021\/06\/sans-titre-25.png 500w\" sizes=\"(max-width: 118px) 100vw, 118px\" \/><\/a><\/td>\n<\/tr>\n<\/tbody>\n<\/table>\n","article_media_image":false,"article_media_video":""}],"article_trombinoscope":false,"article_video":"","article_evenements_sociaux":false,"article_auteur_texte":"","article_nom_contact":"","article_email_contact":"","article_numero_contact":"","article_documents":false,"article_actualites_liees":false},"yoast_head":"<!-- This site is optimized with the Yoast SEO plugin v27.4 - https:\/\/yoast.com\/product\/yoast-seo-wordpress\/ -->\n<title>Au ralenti - Soroptimist<\/title>\n<meta name=\"robots\" content=\"index, follow, max-snippet:-1, max-image-preview:large, max-video-preview:-1\" \/>\n<link rel=\"canonical\" href=\"https:\/\/www.soroptimisteurope.org\/slow-motion\/\" \/>\n<meta property=\"og:locale\" content=\"fr_FR\" \/>\n<meta property=\"og:type\" content=\"article\" \/>\n<meta property=\"og:title\" content=\"Au ralenti - Soroptimist\" \/>\n<meta property=\"og:description\" content=\"L\u2019\u00e9t\u00e9 et les vacances sont bel et bien l\u00e0. Sous le soleil, nous avons toutes h\u00e2te d\u2019oublier nos contraintes horaires et nos agendas, et m\u00eame de nous affranchir de toutes [&hellip;]\" \/>\n<meta property=\"og:url\" content=\"https:\/\/www.soroptimisteurope.org\/slow-motion\/\" \/>\n<meta property=\"og:site_name\" content=\"Soroptimist\" \/>\n<meta property=\"article:published_time\" content=\"2022-08-03T10:11:05+00:00\" \/>\n<meta property=\"article:modified_time\" content=\"2025-05-13T09:18:30+00:00\" \/>\n<meta property=\"og:image\" content=\"https:\/\/www.soroptimisteurope.org\/wp-content\/uploads\/2025\/04\/cd-summer-1.jpg\" \/>\n\t<meta property=\"og:image:width\" content=\"1536\" \/>\n\t<meta property=\"og:image:height\" content=\"1536\" \/>\n\t<meta property=\"og:image:type\" content=\"image\/jpeg\" \/>\n<meta name=\"author\" content=\"Virginie Racine\" \/>\n<meta name=\"twitter:card\" content=\"summary_large_image\" \/>\n<meta name=\"twitter:label1\" content=\"\u00c9crit par\" \/>\n\t<meta name=\"twitter:data1\" content=\"Virginie Racine\" \/>\n\t<meta name=\"twitter:label2\" content=\"Dur\u00e9e de lecture estim\u00e9e\" \/>\n\t<meta name=\"twitter:data2\" content=\"2 minutes\" \/>\n<script type=\"application\/ld+json\" class=\"yoast-schema-graph\">{\"@context\":\"https:\\\/\\\/schema.org\",\"@graph\":[{\"@type\":\"Article\",\"@id\":\"https:\\\/\\\/www.soroptimisteurope.org\\\/slow-motion\\\/#article\",\"isPartOf\":{\"@id\":\"https:\\\/\\\/www.soroptimisteurope.org\\\/slow-motion\\\/\"},\"author\":{\"name\":\"Virginie Racine\",\"@id\":\"https:\\\/\\\/www.soroptimisteurope.org\\\/#\\\/schema\\\/person\\\/71cb5ee8dc72773ed419609bf2274619\"},\"headline\":\"Au ralenti\",\"datePublished\":\"2022-08-03T10:11:05+00:00\",\"dateModified\":\"2025-05-13T09:18:30+00:00\",\"mainEntityOfPage\":{\"@id\":\"https:\\\/\\\/www.soroptimisteurope.org\\\/slow-motion\\\/\"},\"wordCount\":474,\"commentCount\":0,\"image\":{\"@id\":\"https:\\\/\\\/www.soroptimisteurope.org\\\/slow-motion\\\/#primaryimage\"},\"thumbnailUrl\":\"https:\\\/\\\/www.soroptimisteurope.org\\\/wp-content\\\/uploads\\\/2025\\\/04\\\/cd-summer-1.jpg\",\"articleSection\":[\"Nouvelles\"],\"inLanguage\":\"fr-FR\",\"potentialAction\":[{\"@type\":\"CommentAction\",\"name\":\"Comment\",\"target\":[\"https:\\\/\\\/www.soroptimisteurope.org\\\/slow-motion\\\/#respond\"]}]},{\"@type\":\"WebPage\",\"@id\":\"https:\\\/\\\/www.soroptimisteurope.org\\\/slow-motion\\\/\",\"url\":\"https:\\\/\\\/www.soroptimisteurope.org\\\/slow-motion\\\/\",\"name\":\"Au ralenti - Soroptimist\",\"isPartOf\":{\"@id\":\"https:\\\/\\\/www.soroptimisteurope.org\\\/#website\"},\"primaryImageOfPage\":{\"@id\":\"https:\\\/\\\/www.soroptimisteurope.org\\\/slow-motion\\\/#primaryimage\"},\"image\":{\"@id\":\"https:\\\/\\\/www.soroptimisteurope.org\\\/slow-motion\\\/#primaryimage\"},\"thumbnailUrl\":\"https:\\\/\\\/www.soroptimisteurope.org\\\/wp-content\\\/uploads\\\/2025\\\/04\\\/cd-summer-1.jpg\",\"datePublished\":\"2022-08-03T10:11:05+00:00\",\"dateModified\":\"2025-05-13T09:18:30+00:00\",\"author\":{\"@id\":\"https:\\\/\\\/www.soroptimisteurope.org\\\/#\\\/schema\\\/person\\\/71cb5ee8dc72773ed419609bf2274619\"},\"breadcrumb\":{\"@id\":\"https:\\\/\\\/www.soroptimisteurope.org\\\/slow-motion\\\/#breadcrumb\"},\"inLanguage\":\"fr-FR\",\"potentialAction\":[{\"@type\":\"ReadAction\",\"target\":[\"https:\\\/\\\/www.soroptimisteurope.org\\\/slow-motion\\\/\"]}]},{\"@type\":\"ImageObject\",\"inLanguage\":\"fr-FR\",\"@id\":\"https:\\\/\\\/www.soroptimisteurope.org\\\/slow-motion\\\/#primaryimage\",\"url\":\"https:\\\/\\\/www.soroptimisteurope.org\\\/wp-content\\\/uploads\\\/2025\\\/04\\\/cd-summer-1.jpg\",\"contentUrl\":\"https:\\\/\\\/www.soroptimisteurope.org\\\/wp-content\\\/uploads\\\/2025\\\/04\\\/cd-summer-1.jpg\",\"width\":1536,\"height\":1536},{\"@type\":\"BreadcrumbList\",\"@id\":\"https:\\\/\\\/www.soroptimisteurope.org\\\/slow-motion\\\/#breadcrumb\",\"itemListElement\":[{\"@type\":\"ListItem\",\"position\":1,\"name\":\"Accueil\",\"item\":\"https:\\\/\\\/www.soroptimisteurope.org\\\/fr\\\/\"},{\"@type\":\"ListItem\",\"position\":2,\"name\":\"Au ralenti\"}]},{\"@type\":\"WebSite\",\"@id\":\"https:\\\/\\\/www.soroptimisteurope.org\\\/#website\",\"url\":\"https:\\\/\\\/www.soroptimisteurope.org\\\/\",\"name\":\"Soroptimist\",\"description\":\"\",\"potentialAction\":[{\"@type\":\"SearchAction\",\"target\":{\"@type\":\"EntryPoint\",\"urlTemplate\":\"https:\\\/\\\/www.soroptimisteurope.org\\\/?s={search_term_string}\"},\"query-input\":{\"@type\":\"PropertyValueSpecification\",\"valueRequired\":true,\"valueName\":\"search_term_string\"}}],\"inLanguage\":\"fr-FR\"},{\"@type\":\"Person\",\"@id\":\"https:\\\/\\\/www.soroptimisteurope.org\\\/#\\\/schema\\\/person\\\/71cb5ee8dc72773ed419609bf2274619\",\"name\":\"Virginie Racine\",\"url\":\"https:\\\/\\\/www.soroptimisteurope.org\\\/fr\\\/author\\\/adminsorop2k21\\\/\"}]}<\/script>\n<!-- \/ Yoast SEO plugin. -->","yoast_head_json":{"title":"Au ralenti - Soroptimist","robots":{"index":"index","follow":"follow","max-snippet":"max-snippet:-1","max-image-preview":"max-image-preview:large","max-video-preview":"max-video-preview:-1"},"canonical":"https:\/\/www.soroptimisteurope.org\/slow-motion\/","og_locale":"fr_FR","og_type":"article","og_title":"Au ralenti - Soroptimist","og_description":"L\u2019\u00e9t\u00e9 et les vacances sont bel et bien l\u00e0. Sous le soleil, nous avons toutes h\u00e2te d\u2019oublier nos contraintes horaires et nos agendas, et m\u00eame de nous affranchir de toutes [&hellip;]","og_url":"https:\/\/www.soroptimisteurope.org\/slow-motion\/","og_site_name":"Soroptimist","article_published_time":"2022-08-03T10:11:05+00:00","article_modified_time":"2025-05-13T09:18:30+00:00","og_image":[{"width":1536,"height":1536,"url":"https:\/\/www.soroptimisteurope.org\/wp-content\/uploads\/2025\/04\/cd-summer-1.jpg","type":"image\/jpeg"}],"author":"Virginie Racine","twitter_card":"summary_large_image","twitter_misc":{"\u00c9crit par":"Virginie Racine","Dur\u00e9e de lecture estim\u00e9e":"2 minutes"},"schema":{"@context":"https:\/\/schema.org","@graph":[{"@type":"Article","@id":"https:\/\/www.soroptimisteurope.org\/slow-motion\/#article","isPartOf":{"@id":"https:\/\/www.soroptimisteurope.org\/slow-motion\/"},"author":{"name":"Virginie Racine","@id":"https:\/\/www.soroptimisteurope.org\/#\/schema\/person\/71cb5ee8dc72773ed419609bf2274619"},"headline":"Au ralenti","datePublished":"2022-08-03T10:11:05+00:00","dateModified":"2025-05-13T09:18:30+00:00","mainEntityOfPage":{"@id":"https:\/\/www.soroptimisteurope.org\/slow-motion\/"},"wordCount":474,"commentCount":0,"image":{"@id":"https:\/\/www.soroptimisteurope.org\/slow-motion\/#primaryimage"},"thumbnailUrl":"https:\/\/www.soroptimisteurope.org\/wp-content\/uploads\/2025\/04\/cd-summer-1.jpg","articleSection":["Nouvelles"],"inLanguage":"fr-FR","potentialAction":[{"@type":"CommentAction","name":"Comment","target":["https:\/\/www.soroptimisteurope.org\/slow-motion\/#respond"]}]},{"@type":"WebPage","@id":"https:\/\/www.soroptimisteurope.org\/slow-motion\/","url":"https:\/\/www.soroptimisteurope.org\/slow-motion\/","name":"Au ralenti - Soroptimist","isPartOf":{"@id":"https:\/\/www.soroptimisteurope.org\/#website"},"primaryImageOfPage":{"@id":"https:\/\/www.soroptimisteurope.org\/slow-motion\/#primaryimage"},"image":{"@id":"https:\/\/www.soroptimisteurope.org\/slow-motion\/#primaryimage"},"thumbnailUrl":"https:\/\/www.soroptimisteurope.org\/wp-content\/uploads\/2025\/04\/cd-summer-1.jpg","datePublished":"2022-08-03T10:11:05+00:00","dateModified":"2025-05-13T09:18:30+00:00","author":{"@id":"https:\/\/www.soroptimisteurope.org\/#\/schema\/person\/71cb5ee8dc72773ed419609bf2274619"},"breadcrumb":{"@id":"https:\/\/www.soroptimisteurope.org\/slow-motion\/#breadcrumb"},"inLanguage":"fr-FR","potentialAction":[{"@type":"ReadAction","target":["https:\/\/www.soroptimisteurope.org\/slow-motion\/"]}]},{"@type":"ImageObject","inLanguage":"fr-FR","@id":"https:\/\/www.soroptimisteurope.org\/slow-motion\/#primaryimage","url":"https:\/\/www.soroptimisteurope.org\/wp-content\/uploads\/2025\/04\/cd-summer-1.jpg","contentUrl":"https:\/\/www.soroptimisteurope.org\/wp-content\/uploads\/2025\/04\/cd-summer-1.jpg","width":1536,"height":1536},{"@type":"BreadcrumbList","@id":"https:\/\/www.soroptimisteurope.org\/slow-motion\/#breadcrumb","itemListElement":[{"@type":"ListItem","position":1,"name":"Accueil","item":"https:\/\/www.soroptimisteurope.org\/fr\/"},{"@type":"ListItem","position":2,"name":"Au ralenti"}]},{"@type":"WebSite","@id":"https:\/\/www.soroptimisteurope.org\/#website","url":"https:\/\/www.soroptimisteurope.org\/","name":"Soroptimist","description":"","potentialAction":[{"@type":"SearchAction","target":{"@type":"EntryPoint","urlTemplate":"https:\/\/www.soroptimisteurope.org\/?s={search_term_string}"},"query-input":{"@type":"PropertyValueSpecification","valueRequired":true,"valueName":"search_term_string"}}],"inLanguage":"fr-FR"},{"@type":"Person","@id":"https:\/\/www.soroptimisteurope.org\/#\/schema\/person\/71cb5ee8dc72773ed419609bf2274619","name":"Virginie Racine","url":"https:\/\/www.soroptimisteurope.org\/fr\/author\/adminsorop2k21\/"}]}},"_links":{"self":[{"href":"https:\/\/www.soroptimisteurope.org\/fr\/wp-json\/wp\/v2\/posts\/24357","targetHints":{"allow":["GET"]}}],"collection":[{"href":"https:\/\/www.soroptimisteurope.org\/fr\/wp-json\/wp\/v2\/posts"}],"about":[{"href":"https:\/\/www.soroptimisteurope.org\/fr\/wp-json\/wp\/v2\/types\/post"}],"author":[{"embeddable":true,"href":"https:\/\/www.soroptimisteurope.org\/fr\/wp-json\/wp\/v2\/users\/5"}],"replies":[{"embeddable":true,"href":"https:\/\/www.soroptimisteurope.org\/fr\/wp-json\/wp\/v2\/comments?post=24357"}],"version-history":[{"count":6,"href":"https:\/\/www.soroptimisteurope.org\/fr\/wp-json\/wp\/v2\/posts\/24357\/revisions"}],"predecessor-version":[{"id":40939,"href":"https:\/\/www.soroptimisteurope.org\/fr\/wp-json\/wp\/v2\/posts\/24357\/revisions\/40939"}],"wp:featuredmedia":[{"embeddable":true,"href":"https:\/\/www.soroptimisteurope.org\/fr\/wp-json\/wp\/v2\/media\/38755"}],"wp:attachment":[{"href":"https:\/\/www.soroptimisteurope.org\/fr\/wp-json\/wp\/v2\/media?parent=24357"}],"wp:term":[{"taxonomy":"category","embeddable":true,"href":"https:\/\/www.soroptimisteurope.org\/fr\/wp-json\/wp\/v2\/categories?post=24357"},{"taxonomy":"post_tag","embeddable":true,"href":"https:\/\/www.soroptimisteurope.org\/fr\/wp-json\/wp\/v2\/tags?post=24357"}],"curies":[{"name":"wp","href":"https:\/\/api.w.org\/{rel}","templated":true}]}}