{"id":25077,"date":"2023-01-20T11:33:46","date_gmt":"2023-01-20T10:33:46","guid":{"rendered":"https:\/\/www.soroptimisteurope.org\/?p=25077"},"modified":"2025-05-13T11:18:38","modified_gmt":"2025-05-13T09:18:38","slug":"connaissez-vous-quelquun","status":"publish","type":"post","link":"https:\/\/www.soroptimisteurope.org\/fr\/connaissez-vous-quelquun\/","title":{"rendered":"Connaissez-vous quelqu\u2019un\u00a0?"},"content":{"rendered":"<p><em>Nous offrons \u00e0 des r\u00e9fugi\u00e9es 25\u00a0000\u00a0EUR sous forme de bourses, dans le cadre des efforts du Soroptimist International d\u2019Europe pour soutenir les femmes et les filles en zones de guerre. Nous voulons ainsi leur ouvrir les portes d\u2019un brillant avenir, en r\u00e9pondant \u00e0 l\u2019<\/em>Appel de la Pr\u00e9sidente du SI pour\u00a02021-2023, <em>\u00ab\u00a0Opening Doors to a Bright Future\u00a0\u00bb<\/em>.<\/p>\n<p>&nbsp;<\/p>\n<p>Notre objectif de d\u00e9veloppement Soroptimist\u00a05 (ODS\u00a05), \u00ab\u00a0nous d\u00e9fendons l\u2019\u00e9ducation\u00a0\u00bb, s\u2019applique quelles que soient les circonstances, et c\u2019est la raison pour laquelle nous voulions cr\u00e9er une bourse sp\u00e9ciale pour les femmes et les filles r\u00e9fugi\u00e9es. Nous avons con\u00e7u cette initiative afin de les aider \u00e0 r\u00e9ussir \u00e0 construire leur vie dans un nouveau pays. La bourse permet d\u2019aider les r\u00e9fugi\u00e9es \u00e0 s\u2019int\u00e9grer dans leur pays d\u2019accueil et \u00e0 s\u2019autonomiser pour devenir financi\u00e8rement ind\u00e9pendantes.<\/p>\n<p>&nbsp;<\/p>\n<p>Cette bourse est pr\u00e9vue pour couvrir des formations professionnelles courtes ou des \u00e9tudes permettant d\u2019obtenir les comp\u00e9tences requises et\/ou pour la poursuite d\u2019\u00e9tudes dans le cadre d\u2019une profession donn\u00e9e.<\/p>\n<p>&nbsp;<\/p>\n<p>En offrant cette bourse, nous continuons d\u2019agir dans le sens de ces trois mots simples qui ont tellement d\u2019importance pour l\u2019avenir des femmes et des filles\u00a0: \u00ab\u00a0\u00c9duquer, autonomiser, favoriser\u00a0\u00bb.<\/p>\n<p>&nbsp;<\/p>\n<p>Si vous connaissez des femmes ou des filles r\u00e9fugi\u00e9es qui souhaitent d\u00e9velopper leurs comp\u00e9tences professionnelles ou suivre un programme d\u2019\u00e9tudes, merci de les soutenir en partageant cette opportunit\u00e9 avec elles et en les aidant \u00e0 soumettre leur candidature.<\/p>\n<p>&nbsp;<\/p>\n<p><strong>Ce que vous devez savoir<\/strong><\/p>\n<p>&nbsp;<\/p>\n<ul>\n<li><strong>Qui peut postuler\u00a0?<\/strong> La bourse est accessible \u00e0 toute femme ayant le statut de r\u00e9fugi\u00e9e dans son pays d\u2019accueil.<\/li>\n<li><strong>Qui m\u00e8ne \u00e0 bien le processus de s\u00e9lection\u00a0?<\/strong> Les b\u00e9n\u00e9ficiaires des bourses sont choisies par la Commission des Bourses et approuv\u00e9es par le Bureau.<\/li>\n<li><strong>Quelle est la date limite\u00a0? <\/strong>La date limite pour envoyer une candidature est le <strong>1<sup>er<\/sup>mars\u00a02023.<\/strong><\/li>\n<li><strong>Quand la d\u00e9cision sera-t-elle prise\u00a0?<\/strong> Le processus de s\u00e9lection devrait \u00eatre termin\u00e9 au 1<sup>er<\/sup>avril\u00a02023.<\/li>\n<\/ul>\n<p><em>\u00a0<\/em><\/p>\n<p><strong>Comment postuler<\/strong><\/p>\n<p>&nbsp;<\/p>\n<ul>\n<li>Lisez les instructions ici\u00a0: <a href=\"https:\/\/extranet.soroptimisteurope.org\/sieextranet\/pages\/public\/download.jsf?id=46251381-af7e-47e8-93bc-f5b2459f52f8\"><em>Bourse SIE pour des r\u00e9fugi\u00e9es &#8211; <strong>Instructions pour mise \u00e0 disposition<\/strong><\/em><\/a><\/li>\n<li>T\u00e9l\u00e9chargez le formulaire et postulez d\u00e8s maintenant\u00a0: <a href=\"https:\/\/extranet.soroptimisteurope.org\/sieextranet\/pages\/public\/download.jsf?id=23dfd361-34f2-48ba-a80a-2869d95028b8\" target=\"_blank\" rel=\"noopener\"><em>Bourse SIE pour des r\u00e9fugi\u00e9es &#8211; <strong>Formulaire de demande<\/strong><\/em><\/a><\/li>\n<\/ul>\n<p>&nbsp;<\/p>\n<p><img fetchpriority=\"high\" decoding=\"async\" class=\"alignnone wp-image-25060\" src=\"https:\/\/www.soroptimisteurope.org\/wp-content\/uploads\/2023\/01\/f05d928d-79ab-4224-a9e2-27efae33c34f.jpg\" alt=\"\" width=\"650\" height=\"427\" srcset=\"https:\/\/www.soroptimisteurope.org\/wp-content\/uploads\/2023\/01\/f05d928d-79ab-4224-a9e2-27efae33c34f.jpg 1600w, https:\/\/www.soroptimisteurope.org\/wp-content\/uploads\/2023\/01\/f05d928d-79ab-4224-a9e2-27efae33c34f-300x197.jpg 300w, https:\/\/www.soroptimisteurope.org\/wp-content\/uploads\/2023\/01\/f05d928d-79ab-4224-a9e2-27efae33c34f-1024x671.jpg 1024w, https:\/\/www.soroptimisteurope.org\/wp-content\/uploads\/2023\/01\/f05d928d-79ab-4224-a9e2-27efae33c34f-768x503.jpg 768w, https:\/\/www.soroptimisteurope.org\/wp-content\/uploads\/2023\/01\/f05d928d-79ab-4224-a9e2-27efae33c34f-1536x1006.jpg 1536w\" sizes=\"(max-width: 650px) 100vw, 650px\" \/><\/p>\n<p style=\"text-align: center;\"><em>ODS\u00a05 \u2013 Anne-Marie Vreman, Nilg\u00fcn Pakkan, Alexandra Koutsoukelis, Christina Duwe<\/em><\/p>\n","protected":false},"excerpt":{"rendered":"<p>Nous offrons \u00e0 des r\u00e9fugi\u00e9es 25\u00a0000\u00a0EUR sous forme de bourses, dans le cadre des efforts du Soroptimist International d\u2019Europe pour soutenir les femmes et les filles en zones de guerre. [&hellip;]<\/p>\n","protected":false},"author":5,"featured_media":38958,"comment_status":"open","ping_status":"open","sticky":false,"template":"","format":"standard","meta":{"_acf_changed":false,"give_campaign_id":0,"footnotes":""},"categories":[129],"tags":[],"class_list":["post-25077","post","type-post","status-publish","format-standard","has-post-thumbnail","hentry","category-nouvelles"],"acf":{"article_photo_de_couverture":{"ID":25065,"id":25065,"title":"Untitled design (18)","filename":"untitled-design-18.png","filesize":510955,"url":"https:\/\/www.soroptimisteurope.org\/wp-content\/uploads\/2023\/01\/untitled-design-18.png","link":"https:\/\/www.soroptimisteurope.org\/fr\/untitled-design-18-2\/","alt":"","author":"3","description":"","caption":"","name":"untitled-design-18-2","status":"inherit","uploaded_to":0,"date":"2023-01-18 12:18:42","modified":"2023-01-18 12:18:42","menu_order":0,"mime_type":"image\/png","type":"image","subtype":"png","icon":"https:\/\/www.soroptimisteurope.org\/wp-content\/plugins\/media-library-assistant\/images\/crystal\/image.png","width":1250,"height":300,"sizes":{"thumbnail":"https:\/\/www.soroptimisteurope.org\/wp-content\/uploads\/2023\/01\/untitled-design-18-150x150.png","thumbnail-width":150,"thumbnail-height":150,"medium":"https:\/\/www.soroptimisteurope.org\/wp-content\/uploads\/2023\/01\/untitled-design-18-300x72.png","medium-width":300,"medium-height":72,"medium_large":"https:\/\/www.soroptimisteurope.org\/wp-content\/uploads\/2023\/01\/untitled-design-18-768x184.png","medium_large-width":768,"medium_large-height":184,"large":"https:\/\/www.soroptimisteurope.org\/wp-content\/uploads\/2023\/01\/untitled-design-18-1024x246.png","large-width":800,"large-height":192,"1536x1536":"https:\/\/www.soroptimisteurope.org\/wp-content\/uploads\/2023\/01\/untitled-design-18.png","1536x1536-width":1250,"1536x1536-height":300,"2048x2048":"https:\/\/www.soroptimisteurope.org\/wp-content\/uploads\/2023\/01\/untitled-design-18.png","2048x2048-width":1250,"2048x2048-height":300}},"article_chapeau":"","article_contenu":[{"article_titre_du_paragraphe":"","article_paragraphe":"<p><em>Nous offrons \u00e0 des r\u00e9fugi\u00e9es 25\u00a0000\u00a0EUR sous forme de bourses, dans le cadre des efforts du Soroptimist International d\u2019Europe pour soutenir les femmes et les filles en zones de guerre. Nous voulons ainsi leur ouvrir les portes d\u2019un brillant avenir, en r\u00e9pondant \u00e0 l\u2019<\/em>Appel de la Pr\u00e9sidente du SI pour\u00a02021-2023, <em>\u00ab\u00a0Opening Doors to a Bright Future\u00a0\u00bb<\/em>.<\/p>\n<p>&nbsp;<\/p>\n<p>Notre objectif de d\u00e9veloppement Soroptimist\u00a05 (ODS\u00a05), \u00ab\u00a0nous d\u00e9fendons l\u2019\u00e9ducation\u00a0\u00bb, s\u2019applique quelles que soient les circonstances, et c\u2019est la raison pour laquelle nous voulions cr\u00e9er une bourse sp\u00e9ciale pour les femmes et les filles r\u00e9fugi\u00e9es. Nous avons con\u00e7u cette initiative afin de les aider \u00e0 r\u00e9ussir \u00e0 construire leur vie dans un nouveau pays. La bourse permet d\u2019aider les r\u00e9fugi\u00e9es \u00e0 s\u2019int\u00e9grer dans leur pays d\u2019accueil et \u00e0 s\u2019autonomiser pour devenir financi\u00e8rement ind\u00e9pendantes.<\/p>\n<p>&nbsp;<\/p>\n<p>Cette bourse est pr\u00e9vue pour couvrir des formations professionnelles courtes ou des \u00e9tudes permettant d\u2019obtenir les comp\u00e9tences requises et\/ou pour la poursuite d\u2019\u00e9tudes dans le cadre d\u2019une profession donn\u00e9e.<\/p>\n<p>&nbsp;<\/p>\n<p>En offrant cette bourse, nous continuons d\u2019agir dans le sens de ces trois mots simples qui ont tellement d\u2019importance pour l\u2019avenir des femmes et des filles\u00a0: \u00ab\u00a0\u00c9duquer, autonomiser, favoriser\u00a0\u00bb.<\/p>\n<p>&nbsp;<\/p>\n<p>Si vous connaissez des femmes ou des filles r\u00e9fugi\u00e9es qui souhaitent d\u00e9velopper leurs comp\u00e9tences professionnelles ou suivre un programme d\u2019\u00e9tudes, merci de les soutenir en partageant cette opportunit\u00e9 avec elles et en les aidant \u00e0 soumettre leur candidature.<\/p>\n<p>&nbsp;<\/p>\n<p><strong>Ce que vous devez savoir<\/strong><\/p>\n<p>&nbsp;<\/p>\n<ul>\n<li><strong>Qui peut postuler\u00a0?<\/strong> La bourse est accessible \u00e0 toute femme ayant le statut de r\u00e9fugi\u00e9e dans son pays d\u2019accueil.<\/li>\n<li><strong>Qui m\u00e8ne \u00e0 bien le processus de s\u00e9lection\u00a0?<\/strong> Les b\u00e9n\u00e9ficiaires des bourses sont choisies par la Commission des Bourses et approuv\u00e9es par le Bureau.<\/li>\n<li><strong>Quelle est la date limite\u00a0? <\/strong>La date limite pour envoyer une candidature est le <strong>1<sup>er<\/sup>mars\u00a02023.<\/strong><\/li>\n<li><strong>Quand la d\u00e9cision sera-t-elle prise\u00a0?<\/strong> Le processus de s\u00e9lection devrait \u00eatre termin\u00e9 au 1<sup>er<\/sup>avril\u00a02023.<\/li>\n<\/ul>\n<p><em>\u00a0<\/em><\/p>\n<p><strong>Comment postuler<\/strong><\/p>\n<p>&nbsp;<\/p>\n<ul>\n<li>Lisez les instructions ici\u00a0: <a href=\"https:\/\/extranet.soroptimisteurope.org\/sieextranet\/pages\/public\/download.jsf?id=46251381-af7e-47e8-93bc-f5b2459f52f8\"><em>Bourse SIE pour des r\u00e9fugi\u00e9es &#8211; <strong>Instructions pour mise \u00e0 disposition<\/strong><\/em><\/a><\/li>\n<li>T\u00e9l\u00e9chargez le formulaire et postulez d\u00e8s maintenant\u00a0: <a href=\"https:\/\/extranet.soroptimisteurope.org\/sieextranet\/pages\/public\/download.jsf?id=23dfd361-34f2-48ba-a80a-2869d95028b8\" target=\"_blank\" rel=\"noopener\"><em>Bourse SIE pour des r\u00e9fugi\u00e9es &#8211; <strong>Formulaire de demande<\/strong><\/em><\/a><\/li>\n<\/ul>\n<p>&nbsp;<\/p>\n<p><img decoding=\"async\" class=\"alignnone wp-image-25060\" src=\"http:\/\/www.soroptimisteurope.org\/wp-content\/uploads\/2023\/01\/f05d928d-79ab-4224-a9e2-27efae33c34f-300x197.jpg\" alt=\"\" width=\"650\" height=\"427\" srcset=\"https:\/\/www.soroptimisteurope.org\/wp-content\/uploads\/2023\/01\/f05d928d-79ab-4224-a9e2-27efae33c34f-300x197.jpg 300w, https:\/\/www.soroptimisteurope.org\/wp-content\/uploads\/2023\/01\/f05d928d-79ab-4224-a9e2-27efae33c34f-1024x671.jpg 1024w, https:\/\/www.soroptimisteurope.org\/wp-content\/uploads\/2023\/01\/f05d928d-79ab-4224-a9e2-27efae33c34f-768x503.jpg 768w, https:\/\/www.soroptimisteurope.org\/wp-content\/uploads\/2023\/01\/f05d928d-79ab-4224-a9e2-27efae33c34f-1536x1006.jpg 1536w, https:\/\/www.soroptimisteurope.org\/wp-content\/uploads\/2023\/01\/f05d928d-79ab-4224-a9e2-27efae33c34f.jpg 1600w\" sizes=\"(max-width: 650px) 100vw, 650px\" \/><\/p>\n<p style=\"text-align: center;\"><em>ODS\u00a05 \u2013 Anne-Marie Vreman, Nilg\u00fcn Pakkan, Alexandra Koutsoukelis, Christina Duwe<\/em><\/p>\n","article_media_image":false,"article_media_video":""}],"article_trombinoscope":false,"article_video":"","article_evenements_sociaux":false,"article_auteur_texte":"<p>Equipe de l&rsquo;ODS 5<\/p>\n","article_nom_contact":"","article_email_contact":"","article_numero_contact":"","article_documents":false,"article_actualites_liees":false},"yoast_head":"<!-- This site is optimized with the Yoast SEO plugin v27.4 - https:\/\/yoast.com\/product\/yoast-seo-wordpress\/ -->\n<title>Connaissez-vous quelqu\u2019un\u00a0? - Soroptimist<\/title>\n<meta name=\"description\" content=\"Connaissez-vous une r\u00e9fugi\u00e9e qui pourrait b\u00e9n\u00e9ficier d\u2019un financement pour ses \u00e9tudes ou sa formation professionnelle ?\" \/>\n<meta name=\"robots\" content=\"index, follow, max-snippet:-1, max-image-preview:large, max-video-preview:-1\" \/>\n<link rel=\"canonical\" href=\"https:\/\/www.soroptimisteurope.org\/do-you-know-someone\/\" \/>\n<meta property=\"og:locale\" content=\"fr_FR\" \/>\n<meta property=\"og:type\" content=\"article\" \/>\n<meta property=\"og:title\" content=\"Connaissez-vous quelqu\u2019un\u00a0? - Soroptimist\" \/>\n<meta property=\"og:description\" content=\"Connaissez-vous une r\u00e9fugi\u00e9e qui pourrait b\u00e9n\u00e9ficier d\u2019un financement pour ses \u00e9tudes ou sa formation professionnelle ?\" \/>\n<meta property=\"og:url\" content=\"https:\/\/www.soroptimisteurope.org\/do-you-know-someone\/\" \/>\n<meta property=\"og:site_name\" content=\"Soroptimist\" \/>\n<meta property=\"article:published_time\" content=\"2023-01-20T10:33:46+00:00\" \/>\n<meta property=\"article:modified_time\" content=\"2025-05-13T09:18:38+00:00\" \/>\n<meta property=\"og:image\" content=\"https:\/\/www.soroptimisteurope.org\/wp-content\/uploads\/2025\/04\/untitled-design-18-4.png\" \/>\n\t<meta property=\"og:image:width\" content=\"1250\" \/>\n\t<meta property=\"og:image:height\" content=\"300\" \/>\n\t<meta property=\"og:image:type\" content=\"image\/png\" \/>\n<meta name=\"author\" content=\"Virginie Racine\" \/>\n<meta name=\"twitter:card\" content=\"summary_large_image\" \/>\n<meta name=\"twitter:label1\" content=\"\u00c9crit par\" \/>\n\t<meta name=\"twitter:data1\" content=\"Virginie Racine\" \/>\n<script type=\"application\/ld+json\" class=\"yoast-schema-graph\">{\"@context\":\"https:\\\/\\\/schema.org\",\"@graph\":[{\"@type\":\"Article\",\"@id\":\"https:\\\/\\\/www.soroptimisteurope.org\\\/do-you-know-someone\\\/#article\",\"isPartOf\":{\"@id\":\"https:\\\/\\\/www.soroptimisteurope.org\\\/do-you-know-someone\\\/\"},\"author\":{\"name\":\"Virginie Racine\",\"@id\":\"https:\\\/\\\/www.soroptimisteurope.org\\\/#\\\/schema\\\/person\\\/71cb5ee8dc72773ed419609bf2274619\"},\"headline\":\"Connaissez-vous quelqu\u2019un\u00a0?\",\"datePublished\":\"2023-01-20T10:33:46+00:00\",\"dateModified\":\"2025-05-13T09:18:38+00:00\",\"mainEntityOfPage\":{\"@id\":\"https:\\\/\\\/www.soroptimisteurope.org\\\/do-you-know-someone\\\/\"},\"wordCount\":405,\"commentCount\":0,\"image\":{\"@id\":\"https:\\\/\\\/www.soroptimisteurope.org\\\/do-you-know-someone\\\/#primaryimage\"},\"thumbnailUrl\":\"https:\\\/\\\/www.soroptimisteurope.org\\\/wp-content\\\/uploads\\\/2025\\\/04\\\/untitled-design-18-4.png\",\"articleSection\":[\"Nouvelles\"],\"inLanguage\":\"fr-FR\",\"potentialAction\":[{\"@type\":\"CommentAction\",\"name\":\"Comment\",\"target\":[\"https:\\\/\\\/www.soroptimisteurope.org\\\/do-you-know-someone\\\/#respond\"]}]},{\"@type\":\"WebPage\",\"@id\":\"https:\\\/\\\/www.soroptimisteurope.org\\\/do-you-know-someone\\\/\",\"url\":\"https:\\\/\\\/www.soroptimisteurope.org\\\/do-you-know-someone\\\/\",\"name\":\"Connaissez-vous quelqu\u2019un\u00a0? - Soroptimist\",\"isPartOf\":{\"@id\":\"https:\\\/\\\/www.soroptimisteurope.org\\\/#website\"},\"primaryImageOfPage\":{\"@id\":\"https:\\\/\\\/www.soroptimisteurope.org\\\/do-you-know-someone\\\/#primaryimage\"},\"image\":{\"@id\":\"https:\\\/\\\/www.soroptimisteurope.org\\\/do-you-know-someone\\\/#primaryimage\"},\"thumbnailUrl\":\"https:\\\/\\\/www.soroptimisteurope.org\\\/wp-content\\\/uploads\\\/2025\\\/04\\\/untitled-design-18-4.png\",\"datePublished\":\"2023-01-20T10:33:46+00:00\",\"dateModified\":\"2025-05-13T09:18:38+00:00\",\"author\":{\"@id\":\"https:\\\/\\\/www.soroptimisteurope.org\\\/#\\\/schema\\\/person\\\/71cb5ee8dc72773ed419609bf2274619\"},\"description\":\"Connaissez-vous une r\u00e9fugi\u00e9e qui pourrait b\u00e9n\u00e9ficier d\u2019un financement pour ses \u00e9tudes ou sa formation professionnelle ?\",\"breadcrumb\":{\"@id\":\"https:\\\/\\\/www.soroptimisteurope.org\\\/do-you-know-someone\\\/#breadcrumb\"},\"inLanguage\":\"fr-FR\",\"potentialAction\":[{\"@type\":\"ReadAction\",\"target\":[\"https:\\\/\\\/www.soroptimisteurope.org\\\/do-you-know-someone\\\/\"]}]},{\"@type\":\"ImageObject\",\"inLanguage\":\"fr-FR\",\"@id\":\"https:\\\/\\\/www.soroptimisteurope.org\\\/do-you-know-someone\\\/#primaryimage\",\"url\":\"https:\\\/\\\/www.soroptimisteurope.org\\\/wp-content\\\/uploads\\\/2025\\\/04\\\/untitled-design-18-4.png\",\"contentUrl\":\"https:\\\/\\\/www.soroptimisteurope.org\\\/wp-content\\\/uploads\\\/2025\\\/04\\\/untitled-design-18-4.png\",\"width\":1250,\"height\":300},{\"@type\":\"BreadcrumbList\",\"@id\":\"https:\\\/\\\/www.soroptimisteurope.org\\\/do-you-know-someone\\\/#breadcrumb\",\"itemListElement\":[{\"@type\":\"ListItem\",\"position\":1,\"name\":\"Accueil\",\"item\":\"https:\\\/\\\/www.soroptimisteurope.org\\\/fr\\\/\"},{\"@type\":\"ListItem\",\"position\":2,\"name\":\"Connaissez-vous quelqu\u2019un\u00a0?\"}]},{\"@type\":\"WebSite\",\"@id\":\"https:\\\/\\\/www.soroptimisteurope.org\\\/#website\",\"url\":\"https:\\\/\\\/www.soroptimisteurope.org\\\/\",\"name\":\"Soroptimist\",\"description\":\"\",\"potentialAction\":[{\"@type\":\"SearchAction\",\"target\":{\"@type\":\"EntryPoint\",\"urlTemplate\":\"https:\\\/\\\/www.soroptimisteurope.org\\\/?s={search_term_string}\"},\"query-input\":{\"@type\":\"PropertyValueSpecification\",\"valueRequired\":true,\"valueName\":\"search_term_string\"}}],\"inLanguage\":\"fr-FR\"},{\"@type\":\"Person\",\"@id\":\"https:\\\/\\\/www.soroptimisteurope.org\\\/#\\\/schema\\\/person\\\/71cb5ee8dc72773ed419609bf2274619\",\"name\":\"Virginie Racine\",\"url\":\"https:\\\/\\\/www.soroptimisteurope.org\\\/fr\\\/author\\\/adminsorop2k21\\\/\"}]}<\/script>\n<!-- \/ Yoast SEO plugin. -->","yoast_head_json":{"title":"Connaissez-vous quelqu\u2019un\u00a0? - Soroptimist","description":"Connaissez-vous une r\u00e9fugi\u00e9e qui pourrait b\u00e9n\u00e9ficier d\u2019un financement pour ses \u00e9tudes ou sa formation professionnelle ?","robots":{"index":"index","follow":"follow","max-snippet":"max-snippet:-1","max-image-preview":"max-image-preview:large","max-video-preview":"max-video-preview:-1"},"canonical":"https:\/\/www.soroptimisteurope.org\/do-you-know-someone\/","og_locale":"fr_FR","og_type":"article","og_title":"Connaissez-vous quelqu\u2019un\u00a0? - Soroptimist","og_description":"Connaissez-vous une r\u00e9fugi\u00e9e qui pourrait b\u00e9n\u00e9ficier d\u2019un financement pour ses \u00e9tudes ou sa formation professionnelle ?","og_url":"https:\/\/www.soroptimisteurope.org\/do-you-know-someone\/","og_site_name":"Soroptimist","article_published_time":"2023-01-20T10:33:46+00:00","article_modified_time":"2025-05-13T09:18:38+00:00","og_image":[{"width":1250,"height":300,"url":"https:\/\/www.soroptimisteurope.org\/wp-content\/uploads\/2025\/04\/untitled-design-18-4.png","type":"image\/png"}],"author":"Virginie Racine","twitter_card":"summary_large_image","twitter_misc":{"\u00c9crit par":"Virginie Racine"},"schema":{"@context":"https:\/\/schema.org","@graph":[{"@type":"Article","@id":"https:\/\/www.soroptimisteurope.org\/do-you-know-someone\/#article","isPartOf":{"@id":"https:\/\/www.soroptimisteurope.org\/do-you-know-someone\/"},"author":{"name":"Virginie Racine","@id":"https:\/\/www.soroptimisteurope.org\/#\/schema\/person\/71cb5ee8dc72773ed419609bf2274619"},"headline":"Connaissez-vous quelqu\u2019un\u00a0?","datePublished":"2023-01-20T10:33:46+00:00","dateModified":"2025-05-13T09:18:38+00:00","mainEntityOfPage":{"@id":"https:\/\/www.soroptimisteurope.org\/do-you-know-someone\/"},"wordCount":405,"commentCount":0,"image":{"@id":"https:\/\/www.soroptimisteurope.org\/do-you-know-someone\/#primaryimage"},"thumbnailUrl":"https:\/\/www.soroptimisteurope.org\/wp-content\/uploads\/2025\/04\/untitled-design-18-4.png","articleSection":["Nouvelles"],"inLanguage":"fr-FR","potentialAction":[{"@type":"CommentAction","name":"Comment","target":["https:\/\/www.soroptimisteurope.org\/do-you-know-someone\/#respond"]}]},{"@type":"WebPage","@id":"https:\/\/www.soroptimisteurope.org\/do-you-know-someone\/","url":"https:\/\/www.soroptimisteurope.org\/do-you-know-someone\/","name":"Connaissez-vous quelqu\u2019un\u00a0? - Soroptimist","isPartOf":{"@id":"https:\/\/www.soroptimisteurope.org\/#website"},"primaryImageOfPage":{"@id":"https:\/\/www.soroptimisteurope.org\/do-you-know-someone\/#primaryimage"},"image":{"@id":"https:\/\/www.soroptimisteurope.org\/do-you-know-someone\/#primaryimage"},"thumbnailUrl":"https:\/\/www.soroptimisteurope.org\/wp-content\/uploads\/2025\/04\/untitled-design-18-4.png","datePublished":"2023-01-20T10:33:46+00:00","dateModified":"2025-05-13T09:18:38+00:00","author":{"@id":"https:\/\/www.soroptimisteurope.org\/#\/schema\/person\/71cb5ee8dc72773ed419609bf2274619"},"description":"Connaissez-vous une r\u00e9fugi\u00e9e qui pourrait b\u00e9n\u00e9ficier d\u2019un financement pour ses \u00e9tudes ou sa formation professionnelle ?","breadcrumb":{"@id":"https:\/\/www.soroptimisteurope.org\/do-you-know-someone\/#breadcrumb"},"inLanguage":"fr-FR","potentialAction":[{"@type":"ReadAction","target":["https:\/\/www.soroptimisteurope.org\/do-you-know-someone\/"]}]},{"@type":"ImageObject","inLanguage":"fr-FR","@id":"https:\/\/www.soroptimisteurope.org\/do-you-know-someone\/#primaryimage","url":"https:\/\/www.soroptimisteurope.org\/wp-content\/uploads\/2025\/04\/untitled-design-18-4.png","contentUrl":"https:\/\/www.soroptimisteurope.org\/wp-content\/uploads\/2025\/04\/untitled-design-18-4.png","width":1250,"height":300},{"@type":"BreadcrumbList","@id":"https:\/\/www.soroptimisteurope.org\/do-you-know-someone\/#breadcrumb","itemListElement":[{"@type":"ListItem","position":1,"name":"Accueil","item":"https:\/\/www.soroptimisteurope.org\/fr\/"},{"@type":"ListItem","position":2,"name":"Connaissez-vous quelqu\u2019un\u00a0?"}]},{"@type":"WebSite","@id":"https:\/\/www.soroptimisteurope.org\/#website","url":"https:\/\/www.soroptimisteurope.org\/","name":"Soroptimist","description":"","potentialAction":[{"@type":"SearchAction","target":{"@type":"EntryPoint","urlTemplate":"https:\/\/www.soroptimisteurope.org\/?s={search_term_string}"},"query-input":{"@type":"PropertyValueSpecification","valueRequired":true,"valueName":"search_term_string"}}],"inLanguage":"fr-FR"},{"@type":"Person","@id":"https:\/\/www.soroptimisteurope.org\/#\/schema\/person\/71cb5ee8dc72773ed419609bf2274619","name":"Virginie Racine","url":"https:\/\/www.soroptimisteurope.org\/fr\/author\/adminsorop2k21\/"}]}},"_links":{"self":[{"href":"https:\/\/www.soroptimisteurope.org\/fr\/wp-json\/wp\/v2\/posts\/25077","targetHints":{"allow":["GET"]}}],"collection":[{"href":"https:\/\/www.soroptimisteurope.org\/fr\/wp-json\/wp\/v2\/posts"}],"about":[{"href":"https:\/\/www.soroptimisteurope.org\/fr\/wp-json\/wp\/v2\/types\/post"}],"author":[{"embeddable":true,"href":"https:\/\/www.soroptimisteurope.org\/fr\/wp-json\/wp\/v2\/users\/5"}],"replies":[{"embeddable":true,"href":"https:\/\/www.soroptimisteurope.org\/fr\/wp-json\/wp\/v2\/comments?post=25077"}],"version-history":[{"count":7,"href":"https:\/\/www.soroptimisteurope.org\/fr\/wp-json\/wp\/v2\/posts\/25077\/revisions"}],"predecessor-version":[{"id":41863,"href":"https:\/\/www.soroptimisteurope.org\/fr\/wp-json\/wp\/v2\/posts\/25077\/revisions\/41863"}],"wp:featuredmedia":[{"embeddable":true,"href":"https:\/\/www.soroptimisteurope.org\/fr\/wp-json\/wp\/v2\/media\/38958"}],"wp:attachment":[{"href":"https:\/\/www.soroptimisteurope.org\/fr\/wp-json\/wp\/v2\/media?parent=25077"}],"wp:term":[{"taxonomy":"category","embeddable":true,"href":"https:\/\/www.soroptimisteurope.org\/fr\/wp-json\/wp\/v2\/categories?post=25077"},{"taxonomy":"post_tag","embeddable":true,"href":"https:\/\/www.soroptimisteurope.org\/fr\/wp-json\/wp\/v2\/tags?post=25077"}],"curies":[{"name":"wp","href":"https:\/\/api.w.org\/{rel}","templated":true}]}}