{"id":25340,"date":"2023-02-28T08:43:03","date_gmt":"2023-02-28T07:43:03","guid":{"rendered":"https:\/\/www.soroptimisteurope.org\/?p=25340"},"modified":"2025-05-13T11:18:41","modified_gmt":"2025-05-13T09:18:41","slug":"les-droits-de-lhomme-et-ses-devoirs","status":"publish","type":"post","link":"https:\/\/www.soroptimisteurope.org\/fr\/les-droits-de-lhomme-et-ses-devoirs\/","title":{"rendered":"Les droits de l\u2019homme et ses devoirs"},"content":{"rendered":"<p>Depuis plus de 100\u00a0ans, les droits de l\u2019homme sont une cl\u00e9 de vo\u00fbte du Soroptimisme. Ils demeurent aussi pertinents aujourd\u2019hui qu\u2019ils l\u2019\u00e9taient en\u00a01921. C\u2019est l\u2019une des premi\u00e8res choses que nos membres d\u00e9couvrent et apprennent. Les droits de l\u2019homme sont mis en avant chaque fois que de nouveaux membres sont accueillis dans un club, et les personnes qui ont rejoint le Soroptimist cette ann\u00e9e en ont entendu parler de mani\u00e8re r\u00e9p\u00e9t\u00e9e.<\/p>\n<p>&nbsp;<\/p>\n<p>Et \u00e0 l\u2019approche de la Journ\u00e9e internationale des femmes (le 8\u00a0mars\u00a02023), nous soulignons aussi que <strong>les droits de l\u2019homme sont les droits des femmes, et que les droits des femmes sont des droits de l\u2019homme<\/strong><strong>.<\/strong><\/p>\n<p>&nbsp;<\/p>\n<p>Notre engagement envers les droits de l\u2019homme est au centre de tout ce que nous faisons. Nous le voyons dans nos projets, notamment dans notre travail d\u2019\u00e9radication de la violence \u00e0 l\u2019\u00e9gard des femmes. Ainsi que dans nos principaux objectifs strat\u00e9giques, dont l\u2019un est d\u2019offrir une \u00e9ducation aux femmes et aux filles.<\/p>\n<p>&nbsp;<\/p>\n<p>Mais qu\u2019en est-il de l\u2019autre c\u00f4t\u00e9\u00a0? Qu\u2019en est-il des \u00ab\u00a0devoirs de l\u2019homme\u00a0\u00bb\u00a0?<\/p>\n<p>&nbsp;<\/p>\n<p>Notre engagement envers les devoirs de l\u2019homme est tout aussi important que notre engagement envers les droits de l\u2019homme. Nous n\u2019h\u00e9sitons pas quand frappe un cataclysme d\u2019origine humaine, comme des inondations dues au changement climatique ou des guerres li\u00e9es \u00e0 des jeux de pouvoir. Nous n\u2019h\u00e9sitons pas non plus en cas de catastrophe naturelle, tel que le r\u00e9cent tremblement de terre en Turquie et en Syrie. Une fois encore, nous avons \u00e9t\u00e9 galvanis\u00e9es par notre devoir. Nous avons agi ensemble, en joignant nos forces \u00e0 celles d\u2019organisations humanitaires.<\/p>\n<p>&nbsp;<\/p>\n<p>En tant que Soroptimist, nous faisons toujours un pas de plus. Nous continuons \u00e0 apporter notre soutien quand les catastrophes ne font plus la une des journaux. Nous restons en lien avec les Soroptimist des r\u00e9gions touch\u00e9es, pour r\u00e9unir des informations \u00e0 jour sur ce qui se passe effectivement sur le terrain et sur les conditions locales, et nous nous joignons \u00e0 elles afin d\u2019\u00e9laborer une strat\u00e9gie, un plan qui apporte des solutions v\u00e9ritablement durables.<\/p>\n<p>&nbsp;<\/p>\n<p>Notre force en tant que Soroptimist, c\u2019est notre r\u00e9seau mondial r\u00e9put\u00e9 de femmes ayant une activit\u00e9 professionnelle et issues de milieux sociaux vari\u00e9s, qui nous permet de rebondir encore plus efficacement quand le devoir nous appelle.<\/p>\n<p>&nbsp;<\/p>\n<p>Bien \u00e0 vous,<\/p>\n<p>&nbsp;<\/p>\n<p>Carolien Demey<\/p>\n<p>Pr\u00e9sidente du SIE 2021-2023<\/p>\n<p>&nbsp;<\/p>\n<hr \/>\n<p>&nbsp;<\/p>\n<p>Unissons-nous en faveur des femmes et des filles de Turquie. Faites un don au Fonds d\u2019Aide en cas de catastrophe et pour la Reconstruction du Soroptimist International d\u2019Europe afin d\u2019aider les Soroptimist \u00e0 soutenir les victimes des tremblements de terre en Turquie.<\/p>\n<p>&nbsp;<\/p>\n<p style=\"text-align: center;\"><a href=\"https:\/\/www.soroptimisteurope.org\/fr\/faire-un-don\/fonds-daide-cas-de-catastrophe-de-reconstruction\/\"><strong>Je veux faire une donation<\/strong><\/a><\/p>\n<p>&nbsp;<\/p>\n<p><img fetchpriority=\"high\" decoding=\"async\" class=\"alignnone wp-image-25246\" src=\"https:\/\/www.soroptimisteurope.org\/wp-content\/uploads\/2023\/02\/sie-earthquake-turkey-facebook.png\" alt=\"\" width=\"647\" height=\"541\" srcset=\"https:\/\/www.soroptimisteurope.org\/wp-content\/uploads\/2023\/02\/sie-earthquake-turkey-facebook.png 940w, https:\/\/www.soroptimisteurope.org\/wp-content\/uploads\/2023\/02\/sie-earthquake-turkey-facebook-300x251.png 300w\" sizes=\"(max-width: 647px) 100vw, 647px\" \/><\/p>\n","protected":false},"excerpt":{"rendered":"<p>Depuis plus de 100\u00a0ans, les droits de l\u2019homme sont une cl\u00e9 de vo\u00fbte du Soroptimisme. Ils demeurent aussi pertinents aujourd\u2019hui qu\u2019ils l\u2019\u00e9taient en\u00a01921. C\u2019est l\u2019une des premi\u00e8res choses que nos [&hellip;]<\/p>\n","protected":false},"author":5,"featured_media":39002,"comment_status":"open","ping_status":"open","sticky":false,"template":"","format":"standard","meta":{"_acf_changed":false,"give_campaign_id":0,"footnotes":""},"categories":[129],"tags":[],"class_list":["post-25340","post","type-post","status-publish","format-standard","has-post-thumbnail","hentry","category-nouvelles"],"acf":{"article_photo_de_couverture":false,"article_chapeau":"","article_contenu":[{"article_titre_du_paragraphe":"","article_paragraphe":"<p>Depuis plus de 100\u00a0ans, les droits de l\u2019homme sont une cl\u00e9 de vo\u00fbte du Soroptimisme. Ils demeurent aussi pertinents aujourd\u2019hui qu\u2019ils l\u2019\u00e9taient en\u00a01921. C\u2019est l\u2019une des premi\u00e8res choses que nos membres d\u00e9couvrent et apprennent. Les droits de l\u2019homme sont mis en avant chaque fois que de nouveaux membres sont accueillis dans un club, et les personnes qui ont rejoint le Soroptimist cette ann\u00e9e en ont entendu parler de mani\u00e8re r\u00e9p\u00e9t\u00e9e.<\/p>\n<p>&nbsp;<\/p>\n<p>Et \u00e0 l\u2019approche de la Journ\u00e9e internationale des femmes (le 8\u00a0mars\u00a02023), nous soulignons aussi que <strong>les droits de l\u2019homme sont les droits des femmes, et que les droits des femmes sont des droits de l\u2019homme<\/strong><strong>.<\/strong><\/p>\n<p>&nbsp;<\/p>\n<p>Notre engagement envers les droits de l\u2019homme est au centre de tout ce que nous faisons. Nous le voyons dans nos projets, notamment dans notre travail d\u2019\u00e9radication de la violence \u00e0 l\u2019\u00e9gard des femmes. Ainsi que dans nos principaux objectifs strat\u00e9giques, dont l\u2019un est d\u2019offrir une \u00e9ducation aux femmes et aux filles.<\/p>\n<p>&nbsp;<\/p>\n<p>Mais qu\u2019en est-il de l\u2019autre c\u00f4t\u00e9\u00a0? Qu\u2019en est-il des \u00ab\u00a0devoirs de l\u2019homme\u00a0\u00bb\u00a0?<\/p>\n<p>&nbsp;<\/p>\n<p>Notre engagement envers les devoirs de l\u2019homme est tout aussi important que notre engagement envers les droits de l\u2019homme. Nous n\u2019h\u00e9sitons pas quand frappe un cataclysme d\u2019origine humaine, comme des inondations dues au changement climatique ou des guerres li\u00e9es \u00e0 des jeux de pouvoir. Nous n\u2019h\u00e9sitons pas non plus en cas de catastrophe naturelle, tel que le r\u00e9cent tremblement de terre en Turquie et en Syrie. Une fois encore, nous avons \u00e9t\u00e9 galvanis\u00e9es par notre devoir. Nous avons agi ensemble, en joignant nos forces \u00e0 celles d\u2019organisations humanitaires.<\/p>\n<p>&nbsp;<\/p>\n<p>En tant que Soroptimist, nous faisons toujours un pas de plus. Nous continuons \u00e0 apporter notre soutien quand les catastrophes ne font plus la une des journaux. Nous restons en lien avec les Soroptimist des r\u00e9gions touch\u00e9es, pour r\u00e9unir des informations \u00e0 jour sur ce qui se passe effectivement sur le terrain et sur les conditions locales, et nous nous joignons \u00e0 elles afin d\u2019\u00e9laborer une strat\u00e9gie, un plan qui apporte des solutions v\u00e9ritablement durables.<\/p>\n<p>&nbsp;<\/p>\n<p>Notre force en tant que Soroptimist, c\u2019est notre r\u00e9seau mondial r\u00e9put\u00e9 de femmes ayant une activit\u00e9 professionnelle et issues de milieux sociaux vari\u00e9s, qui nous permet de rebondir encore plus efficacement quand le devoir nous appelle.<\/p>\n<p>&nbsp;<\/p>\n<p>Bien \u00e0 vous,<\/p>\n<p>&nbsp;<\/p>\n<p>Carolien Demey<\/p>\n<p>Pr\u00e9sidente du SIE 2021-2023<\/p>\n<p>&nbsp;<\/p>\n<hr \/>\n<p>&nbsp;<\/p>\n<p>Unissons-nous en faveur des femmes et des filles de Turquie. Faites un don au Fonds d\u2019Aide en cas de catastrophe et pour la Reconstruction du Soroptimist International d\u2019Europe afin d\u2019aider les Soroptimist \u00e0 soutenir les victimes des tremblements de terre en Turquie.<\/p>\n<p>&nbsp;<\/p>\n<p style=\"text-align: center;\"><a href=\"https:\/\/www.soroptimisteurope.org\/fr\/faire-un-don\/fonds-daide-cas-de-catastrophe-de-reconstruction\/\"><strong>Je veux faire une donation<\/strong><\/a><\/p>\n<p>&nbsp;<\/p>\n<p><img decoding=\"async\" class=\"alignnone wp-image-25246\" src=\"http:\/\/www.soroptimisteurope.org\/wp-content\/uploads\/2023\/02\/sie-earthquake-turkey-facebook-300x251.png\" alt=\"\" width=\"647\" height=\"541\" srcset=\"https:\/\/www.soroptimisteurope.org\/wp-content\/uploads\/2023\/02\/sie-earthquake-turkey-facebook-300x251.png 300w, https:\/\/www.soroptimisteurope.org\/wp-content\/uploads\/2023\/02\/sie-earthquake-turkey-facebook.png 940w\" sizes=\"(max-width: 647px) 100vw, 647px\" \/><\/p>\n","article_media_image":false,"article_media_video":""}],"article_trombinoscope":false,"article_video":"","article_evenements_sociaux":false,"article_auteur_texte":"","article_nom_contact":"","article_email_contact":"","article_numero_contact":"","article_documents":false,"article_actualites_liees":false},"yoast_head":"<!-- This site is optimized with the Yoast SEO plugin v27.5 - https:\/\/yoast.com\/product\/yoast-seo-wordpress\/ -->\n<title>Les droits de l\u2019homme et ses devoirs - Soroptimist<\/title>\n<meta name=\"robots\" content=\"index, follow, max-snippet:-1, max-image-preview:large, max-video-preview:-1\" \/>\n<link rel=\"canonical\" href=\"https:\/\/www.soroptimisteurope.org\/human-rights-and-human-duty\/\" \/>\n<meta property=\"og:locale\" content=\"fr_FR\" \/>\n<meta property=\"og:type\" content=\"article\" \/>\n<meta property=\"og:title\" content=\"Les droits de l\u2019homme et ses devoirs - Soroptimist\" \/>\n<meta property=\"og:description\" content=\"Depuis plus de 100\u00a0ans, les droits de l\u2019homme sont une cl\u00e9 de vo\u00fbte du Soroptimisme. Ils demeurent aussi pertinents aujourd\u2019hui qu\u2019ils l\u2019\u00e9taient en\u00a01921. C\u2019est l\u2019une des premi\u00e8res choses que nos [&hellip;]\" \/>\n<meta property=\"og:url\" content=\"https:\/\/www.soroptimisteurope.org\/human-rights-and-human-duty\/\" \/>\n<meta property=\"og:site_name\" content=\"Soroptimist\" \/>\n<meta property=\"article:published_time\" content=\"2023-02-28T07:43:03+00:00\" \/>\n<meta property=\"article:modified_time\" content=\"2025-05-13T09:18:41+00:00\" \/>\n<meta property=\"og:image\" content=\"https:\/\/www.soroptimisteurope.org\/wp-content\/uploads\/2025\/04\/untitled-design-11-1-2.png\" \/>\n\t<meta property=\"og:image:width\" content=\"1250\" \/>\n\t<meta property=\"og:image:height\" content=\"300\" \/>\n\t<meta property=\"og:image:type\" content=\"image\/png\" \/>\n<meta name=\"author\" content=\"Virginie Racine\" \/>\n<meta name=\"twitter:card\" content=\"summary_large_image\" \/>\n<meta name=\"twitter:label1\" content=\"\u00c9crit par\" \/>\n\t<meta name=\"twitter:data1\" content=\"Virginie Racine\" \/>\n<script type=\"application\/ld+json\" class=\"yoast-schema-graph\">{\"@context\":\"https:\\\/\\\/schema.org\",\"@graph\":[{\"@type\":\"Article\",\"@id\":\"https:\\\/\\\/www.soroptimisteurope.org\\\/human-rights-and-human-duty\\\/#article\",\"isPartOf\":{\"@id\":\"https:\\\/\\\/www.soroptimisteurope.org\\\/human-rights-and-human-duty\\\/\"},\"author\":{\"name\":\"Virginie Racine\",\"@id\":\"https:\\\/\\\/www.soroptimisteurope.org\\\/#\\\/schema\\\/person\\\/71cb5ee8dc72773ed419609bf2274619\"},\"headline\":\"Les droits de l\u2019homme et ses devoirs\",\"datePublished\":\"2023-02-28T07:43:03+00:00\",\"dateModified\":\"2025-05-13T09:18:41+00:00\",\"mainEntityOfPage\":{\"@id\":\"https:\\\/\\\/www.soroptimisteurope.org\\\/human-rights-and-human-duty\\\/\"},\"wordCount\":490,\"commentCount\":0,\"image\":{\"@id\":\"https:\\\/\\\/www.soroptimisteurope.org\\\/human-rights-and-human-duty\\\/#primaryimage\"},\"thumbnailUrl\":\"https:\\\/\\\/www.soroptimisteurope.org\\\/wp-content\\\/uploads\\\/2025\\\/04\\\/untitled-design-11-1-2.png\",\"articleSection\":[\"Nouvelles\"],\"inLanguage\":\"fr-FR\",\"potentialAction\":[{\"@type\":\"CommentAction\",\"name\":\"Comment\",\"target\":[\"https:\\\/\\\/www.soroptimisteurope.org\\\/human-rights-and-human-duty\\\/#respond\"]}]},{\"@type\":\"WebPage\",\"@id\":\"https:\\\/\\\/www.soroptimisteurope.org\\\/human-rights-and-human-duty\\\/\",\"url\":\"https:\\\/\\\/www.soroptimisteurope.org\\\/human-rights-and-human-duty\\\/\",\"name\":\"Les droits de l\u2019homme et ses devoirs - Soroptimist\",\"isPartOf\":{\"@id\":\"https:\\\/\\\/www.soroptimisteurope.org\\\/#website\"},\"primaryImageOfPage\":{\"@id\":\"https:\\\/\\\/www.soroptimisteurope.org\\\/human-rights-and-human-duty\\\/#primaryimage\"},\"image\":{\"@id\":\"https:\\\/\\\/www.soroptimisteurope.org\\\/human-rights-and-human-duty\\\/#primaryimage\"},\"thumbnailUrl\":\"https:\\\/\\\/www.soroptimisteurope.org\\\/wp-content\\\/uploads\\\/2025\\\/04\\\/untitled-design-11-1-2.png\",\"datePublished\":\"2023-02-28T07:43:03+00:00\",\"dateModified\":\"2025-05-13T09:18:41+00:00\",\"author\":{\"@id\":\"https:\\\/\\\/www.soroptimisteurope.org\\\/#\\\/schema\\\/person\\\/71cb5ee8dc72773ed419609bf2274619\"},\"breadcrumb\":{\"@id\":\"https:\\\/\\\/www.soroptimisteurope.org\\\/human-rights-and-human-duty\\\/#breadcrumb\"},\"inLanguage\":\"fr-FR\",\"potentialAction\":[{\"@type\":\"ReadAction\",\"target\":[\"https:\\\/\\\/www.soroptimisteurope.org\\\/human-rights-and-human-duty\\\/\"]}]},{\"@type\":\"ImageObject\",\"inLanguage\":\"fr-FR\",\"@id\":\"https:\\\/\\\/www.soroptimisteurope.org\\\/human-rights-and-human-duty\\\/#primaryimage\",\"url\":\"https:\\\/\\\/www.soroptimisteurope.org\\\/wp-content\\\/uploads\\\/2025\\\/04\\\/untitled-design-11-1-2.png\",\"contentUrl\":\"https:\\\/\\\/www.soroptimisteurope.org\\\/wp-content\\\/uploads\\\/2025\\\/04\\\/untitled-design-11-1-2.png\",\"width\":1250,\"height\":300},{\"@type\":\"BreadcrumbList\",\"@id\":\"https:\\\/\\\/www.soroptimisteurope.org\\\/human-rights-and-human-duty\\\/#breadcrumb\",\"itemListElement\":[{\"@type\":\"ListItem\",\"position\":1,\"name\":\"Accueil\",\"item\":\"https:\\\/\\\/www.soroptimisteurope.org\\\/fr\\\/\"},{\"@type\":\"ListItem\",\"position\":2,\"name\":\"Les droits de l\u2019homme et ses devoirs\"}]},{\"@type\":\"WebSite\",\"@id\":\"https:\\\/\\\/www.soroptimisteurope.org\\\/#website\",\"url\":\"https:\\\/\\\/www.soroptimisteurope.org\\\/\",\"name\":\"Soroptimist\",\"description\":\"\",\"potentialAction\":[{\"@type\":\"SearchAction\",\"target\":{\"@type\":\"EntryPoint\",\"urlTemplate\":\"https:\\\/\\\/www.soroptimisteurope.org\\\/?s={search_term_string}\"},\"query-input\":{\"@type\":\"PropertyValueSpecification\",\"valueRequired\":true,\"valueName\":\"search_term_string\"}}],\"inLanguage\":\"fr-FR\"},{\"@type\":\"Person\",\"@id\":\"https:\\\/\\\/www.soroptimisteurope.org\\\/#\\\/schema\\\/person\\\/71cb5ee8dc72773ed419609bf2274619\",\"name\":\"Virginie Racine\",\"url\":\"https:\\\/\\\/www.soroptimisteurope.org\\\/fr\\\/author\\\/adminsorop2k21\\\/\"}]}<\/script>\n<!-- \/ Yoast SEO plugin. -->","yoast_head_json":{"title":"Les droits de l\u2019homme et ses devoirs - Soroptimist","robots":{"index":"index","follow":"follow","max-snippet":"max-snippet:-1","max-image-preview":"max-image-preview:large","max-video-preview":"max-video-preview:-1"},"canonical":"https:\/\/www.soroptimisteurope.org\/human-rights-and-human-duty\/","og_locale":"fr_FR","og_type":"article","og_title":"Les droits de l\u2019homme et ses devoirs - Soroptimist","og_description":"Depuis plus de 100\u00a0ans, les droits de l\u2019homme sont une cl\u00e9 de vo\u00fbte du Soroptimisme. Ils demeurent aussi pertinents aujourd\u2019hui qu\u2019ils l\u2019\u00e9taient en\u00a01921. C\u2019est l\u2019une des premi\u00e8res choses que nos [&hellip;]","og_url":"https:\/\/www.soroptimisteurope.org\/human-rights-and-human-duty\/","og_site_name":"Soroptimist","article_published_time":"2023-02-28T07:43:03+00:00","article_modified_time":"2025-05-13T09:18:41+00:00","og_image":[{"width":1250,"height":300,"url":"https:\/\/www.soroptimisteurope.org\/wp-content\/uploads\/2025\/04\/untitled-design-11-1-2.png","type":"image\/png"}],"author":"Virginie Racine","twitter_card":"summary_large_image","twitter_misc":{"\u00c9crit par":"Virginie Racine"},"schema":{"@context":"https:\/\/schema.org","@graph":[{"@type":"Article","@id":"https:\/\/www.soroptimisteurope.org\/human-rights-and-human-duty\/#article","isPartOf":{"@id":"https:\/\/www.soroptimisteurope.org\/human-rights-and-human-duty\/"},"author":{"name":"Virginie Racine","@id":"https:\/\/www.soroptimisteurope.org\/#\/schema\/person\/71cb5ee8dc72773ed419609bf2274619"},"headline":"Les droits de l\u2019homme et ses devoirs","datePublished":"2023-02-28T07:43:03+00:00","dateModified":"2025-05-13T09:18:41+00:00","mainEntityOfPage":{"@id":"https:\/\/www.soroptimisteurope.org\/human-rights-and-human-duty\/"},"wordCount":490,"commentCount":0,"image":{"@id":"https:\/\/www.soroptimisteurope.org\/human-rights-and-human-duty\/#primaryimage"},"thumbnailUrl":"https:\/\/www.soroptimisteurope.org\/wp-content\/uploads\/2025\/04\/untitled-design-11-1-2.png","articleSection":["Nouvelles"],"inLanguage":"fr-FR","potentialAction":[{"@type":"CommentAction","name":"Comment","target":["https:\/\/www.soroptimisteurope.org\/human-rights-and-human-duty\/#respond"]}]},{"@type":"WebPage","@id":"https:\/\/www.soroptimisteurope.org\/human-rights-and-human-duty\/","url":"https:\/\/www.soroptimisteurope.org\/human-rights-and-human-duty\/","name":"Les droits de l\u2019homme et ses devoirs - Soroptimist","isPartOf":{"@id":"https:\/\/www.soroptimisteurope.org\/#website"},"primaryImageOfPage":{"@id":"https:\/\/www.soroptimisteurope.org\/human-rights-and-human-duty\/#primaryimage"},"image":{"@id":"https:\/\/www.soroptimisteurope.org\/human-rights-and-human-duty\/#primaryimage"},"thumbnailUrl":"https:\/\/www.soroptimisteurope.org\/wp-content\/uploads\/2025\/04\/untitled-design-11-1-2.png","datePublished":"2023-02-28T07:43:03+00:00","dateModified":"2025-05-13T09:18:41+00:00","author":{"@id":"https:\/\/www.soroptimisteurope.org\/#\/schema\/person\/71cb5ee8dc72773ed419609bf2274619"},"breadcrumb":{"@id":"https:\/\/www.soroptimisteurope.org\/human-rights-and-human-duty\/#breadcrumb"},"inLanguage":"fr-FR","potentialAction":[{"@type":"ReadAction","target":["https:\/\/www.soroptimisteurope.org\/human-rights-and-human-duty\/"]}]},{"@type":"ImageObject","inLanguage":"fr-FR","@id":"https:\/\/www.soroptimisteurope.org\/human-rights-and-human-duty\/#primaryimage","url":"https:\/\/www.soroptimisteurope.org\/wp-content\/uploads\/2025\/04\/untitled-design-11-1-2.png","contentUrl":"https:\/\/www.soroptimisteurope.org\/wp-content\/uploads\/2025\/04\/untitled-design-11-1-2.png","width":1250,"height":300},{"@type":"BreadcrumbList","@id":"https:\/\/www.soroptimisteurope.org\/human-rights-and-human-duty\/#breadcrumb","itemListElement":[{"@type":"ListItem","position":1,"name":"Accueil","item":"https:\/\/www.soroptimisteurope.org\/fr\/"},{"@type":"ListItem","position":2,"name":"Les droits de l\u2019homme et ses devoirs"}]},{"@type":"WebSite","@id":"https:\/\/www.soroptimisteurope.org\/#website","url":"https:\/\/www.soroptimisteurope.org\/","name":"Soroptimist","description":"","potentialAction":[{"@type":"SearchAction","target":{"@type":"EntryPoint","urlTemplate":"https:\/\/www.soroptimisteurope.org\/?s={search_term_string}"},"query-input":{"@type":"PropertyValueSpecification","valueRequired":true,"valueName":"search_term_string"}}],"inLanguage":"fr-FR"},{"@type":"Person","@id":"https:\/\/www.soroptimisteurope.org\/#\/schema\/person\/71cb5ee8dc72773ed419609bf2274619","name":"Virginie Racine","url":"https:\/\/www.soroptimisteurope.org\/fr\/author\/adminsorop2k21\/"}]}},"_links":{"self":[{"href":"https:\/\/www.soroptimisteurope.org\/fr\/wp-json\/wp\/v2\/posts\/25340","targetHints":{"allow":["GET"]}}],"collection":[{"href":"https:\/\/www.soroptimisteurope.org\/fr\/wp-json\/wp\/v2\/posts"}],"about":[{"href":"https:\/\/www.soroptimisteurope.org\/fr\/wp-json\/wp\/v2\/types\/post"}],"author":[{"embeddable":true,"href":"https:\/\/www.soroptimisteurope.org\/fr\/wp-json\/wp\/v2\/users\/5"}],"replies":[{"embeddable":true,"href":"https:\/\/www.soroptimisteurope.org\/fr\/wp-json\/wp\/v2\/comments?post=25340"}],"version-history":[{"count":0,"href":"https:\/\/www.soroptimisteurope.org\/fr\/wp-json\/wp\/v2\/posts\/25340\/revisions"}],"wp:featuredmedia":[{"embeddable":true,"href":"https:\/\/www.soroptimisteurope.org\/fr\/wp-json\/wp\/v2\/media\/39002"}],"wp:attachment":[{"href":"https:\/\/www.soroptimisteurope.org\/fr\/wp-json\/wp\/v2\/media?parent=25340"}],"wp:term":[{"taxonomy":"category","embeddable":true,"href":"https:\/\/www.soroptimisteurope.org\/fr\/wp-json\/wp\/v2\/categories?post=25340"},{"taxonomy":"post_tag","embeddable":true,"href":"https:\/\/www.soroptimisteurope.org\/fr\/wp-json\/wp\/v2\/tags?post=25340"}],"curies":[{"name":"wp","href":"https:\/\/api.w.org\/{rel}","templated":true}]}}