{"id":26519,"date":"2023-09-29T09:03:58","date_gmt":"2023-09-29T08:03:58","guid":{"rendered":"https:\/\/www.soroptimisteurope.org\/?p=26519"},"modified":"2025-05-13T11:18:56","modified_gmt":"2025-05-13T09:18:56","slug":"revenir-au-bureau-et-partir-en-mission","status":"publish","type":"post","link":"https:\/\/www.soroptimisteurope.org\/fr\/revenir-au-bureau-et-partir-en-mission\/","title":{"rendered":"Revenir au bureau et partir en mission"},"content":{"rendered":"<p>Grand retour \u00e0 la r\u00e9alit\u00e9 \u00e0 travers toute l\u2019Europe. En ce mois de septembre, nous avons d\u00fb nous r\u00e9initialiser et passer du mode \u00ab\u00a0absente du bureau pour cause de vacances\u00a0\u00bb \u00e0 un retour au travail \u00e0 plein r\u00e9gime.<\/p>\n<p>&nbsp;<\/p>\n<p>Mais tout le monde n\u2019a pas v\u00e9cu un long \u00e9t\u00e9 constitu\u00e9 d\u2019une s\u00e9rie de jours et de nuits de d\u00e9tente semblant s\u2019\u00e9tirer \u00e0 l\u2019infini. Dans certaines r\u00e9gions d\u2019Europe, la vie des gens a \u00e9t\u00e9 boulevers\u00e9e par des catastrophes naturelles de grande ampleur. Ce message pourra ainsi avoir un \u00e9cho tout particulier aupr\u00e8s des personnes qui ont \u00e9t\u00e9 victimes de celles-ci.<\/p>\n<p>&nbsp;<\/p>\n<p>Lors de la Convention du\u00a0SI qui s\u2019est tenue \u00e0 Dublin, il est apparu comme une \u00e9vidence que les temps \u00e0 venir pr\u00e9senteraient des d\u00e9fis encore plus importants. Nous devons donc passer \u00e0 l\u2019action pour\u00a0:<\/p>\n<p>&nbsp;<\/p>\n<ul>\n<li>mettre un terme aux obstacles \u00e0 l\u2019implication des femmes dans la soci\u00e9t\u00e9, tout particuli\u00e8rement dans les instances de prise de d\u00e9cisions\u00a0;<\/li>\n<li>accro\u00eetre la pr\u00e9sence des femmes lors des n\u00e9gociations des trait\u00e9s de paix\u00a0;<\/li>\n<li>impliquer plus de femmes dans le d\u00e9veloppement des outils d\u2019intelligence artificielle, qui favorisent souvent les hommes\u00a0;<\/li>\n<li>r\u00e9pondre \u00e0 l\u2019appel de la<a href=\"https:\/\/www.soroptimistinternational.org\/president-elect-siew-yong-gnanalingams-speech\/\"> Pr\u00e9sidente-\u00e9lue du Soroptimist International Siew Yong<\/a>, qui nous invite \u00e0 nous mobiliser en faveur du d\u00e9veloppement durable.<\/li>\n<\/ul>\n<p>&nbsp;<\/p>\n<p>Oui, nous avons appuy\u00e9 tr\u00e8s fort sur le bouton R\u00e9initialiser\u00a0!<\/p>\n<p>&nbsp;<\/p>\n<p><a href=\"https:\/\/www.soroptimistinternational.org\/keynote-speech-mary-robinson\/\">Mary Robinson<\/a>, ancienne Pr\u00e9sidente irlandaise et Haut-Commissaire des Nations Unies aux droits de l\u2019homme, affirme que le changement climatique est un \u00ab\u00a0probl\u00e8me cr\u00e9\u00e9 par l\u2019homme et dont la solution est f\u00e9ministe\u00a0\u00bb. Abordons cette question en notre qualit\u00e9 de femmes ayant une carri\u00e8re professionnelle et allons au-del\u00e0 des st\u00e9r\u00e9otypes de genre. Nous pouvons imm\u00e9diatement sortir de notre zone de confort en nous repositionnant comme le Soroptimist International et en d\u00e9fendant les femmes dans le changement climatique.<\/p>\n<p>&nbsp;<\/p>\n<p>Nous, les Soroptimist, nous avons d\u00e9j\u00e0 montr\u00e9 combien nous sommes fortes quand nous nous unissons et tous les chiffres t\u00e9moignent du fait que nous avons r\u00e9ussi \u00e0 \u00ab\u00a0reconstruire, repenser, r\u00e9inventer et repositionner\u00a0\u00bb notre ch\u00e8re organisation. Nous avons mis le Soroptimist en avant et nous nous sommes \u00e9tablies comme une f\u00e9d\u00e9ration dynamique et remarquable.<\/p>\n<p>&nbsp;<\/p>\n<p>Relevons les d\u00e9fis de la Convention de Dublin en tant que femmes exer\u00e7ant une activit\u00e9 professionnelle qui s\u2019engagent pour un monde meilleur en faveur des femmes et des filles impact\u00e9es par le changement climatique.<\/p>\n<p>&nbsp;<\/p>\n<p>Madame Robinson a indiqu\u00e9 dans son discours que les femmes, \u00e0 l\u2019\u00e9chelle mondiale, sont 14\u00a0fois plus susceptibles que les hommes de perdre la vie dans des catastrophes naturelles. Par ailleurs, les chiffres des Nations Unies montrent que 80\u00a0% des personnes d\u00e9plac\u00e9es en raison du changement climatique sont des femmes, et il est g\u00e9n\u00e9ralement plus difficile pour les femmes pauvres que pour les hommes de se remettre \u00e9conomiquement apr\u00e8s des catastrophes naturelles d\u2019origine climatique.<\/p>\n<p>&nbsp;<\/p>\n<p>Rendons visibles ces femmes invisibles. D\u00e9fendons ces femmes qui sont affect\u00e9es de mani\u00e8re disproportionn\u00e9e.<\/p>\n<p>&nbsp;<\/p>\n<p>Nous savons que nous le pouvons, alors montrons-le\u00a0!<\/p>\n<p>&nbsp;<\/p>\n<p>Bien \u00e0 vous,<\/p>\n<p>&nbsp;<\/p>\n<p><strong>Carolien Demey<\/strong><\/p>\n<p><strong>Pr\u00e9sidente du\u00a0SIE 2021-2023<\/strong><\/p>\n<p>&nbsp;<\/p>\n<hr \/>\n<p>&nbsp;<\/p>\n<p>Suivez le Soroptimist sur les r\u00e9seaux sociaux pour vous tenir inform\u00e9es des \u00e9v\u00e9nements et projets :<\/p>\n<p>&nbsp;<\/p>\n<table style=\"height: 167px;\" width=\"668\">\n<tbody>\n<tr>\n<td width=\"150\"><a href=\"https:\/\/www.facebook.com\/SoroptimistInternationalofEurope\/\" target=\"_blank\" rel=\"noopener\"><img decoding=\"async\" class=\"wp-image-21063 aligncenter\" src=\"https:\/\/www.soroptimisteurope.org\/wp-content\/uploads\/2021\/06\/sans-titre-24.png\" alt=\"\" width=\"118\" height=\"118\" srcset=\"https:\/\/www.soroptimisteurope.org\/wp-content\/uploads\/2021\/06\/sans-titre-24.png 500w, https:\/\/www.soroptimisteurope.org\/wp-content\/uploads\/2021\/06\/sans-titre-24-300x300.png 300w, https:\/\/www.soroptimisteurope.org\/wp-content\/uploads\/2021\/06\/sans-titre-24-150x150.png 150w\" sizes=\"(max-width: 118px) 100vw, 118px\" \/><\/a><\/td>\n<td width=\"150\"><a href=\"https:\/\/www.instagram.com\/soroptimisteurope\/\" target=\"_blank\" rel=\"noopener\"><img decoding=\"async\" class=\"wp-image-21067 aligncenter\" src=\"https:\/\/www.soroptimisteurope.org\/wp-content\/uploads\/2021\/06\/sans-titre-26.png\" alt=\"\" width=\"118\" height=\"118\" srcset=\"https:\/\/www.soroptimisteurope.org\/wp-content\/uploads\/2021\/06\/sans-titre-26.png 500w, https:\/\/www.soroptimisteurope.org\/wp-content\/uploads\/2021\/06\/sans-titre-26-300x300.png 300w, https:\/\/www.soroptimisteurope.org\/wp-content\/uploads\/2021\/06\/sans-titre-26-150x150.png 150w\" sizes=\"(max-width: 118px) 100vw, 118px\" \/><\/a><\/td>\n<td width=\"150\"><a href=\"https:\/\/www.linkedin.com\/in\/soroptimisteurope\/\" target=\"_blank\" rel=\"noopener\"><img decoding=\"async\" class=\"wp-image-21065 aligncenter\" src=\"https:\/\/www.soroptimisteurope.org\/wp-content\/uploads\/2021\/06\/sans-titre-27.png\" alt=\"\" width=\"118\" height=\"118\" srcset=\"https:\/\/www.soroptimisteurope.org\/wp-content\/uploads\/2021\/06\/sans-titre-27.png 500w, https:\/\/www.soroptimisteurope.org\/wp-content\/uploads\/2021\/06\/sans-titre-27-300x300.png 300w, https:\/\/www.soroptimisteurope.org\/wp-content\/uploads\/2021\/06\/sans-titre-27-150x150.png 150w\" sizes=\"(max-width: 118px) 100vw, 118px\" \/><\/a><\/td>\n<td width=\"150\"><a href=\"https:\/\/twitter.com\/SIEurope\" target=\"_blank\" rel=\"noopener\"><img loading=\"lazy\" decoding=\"async\" class=\"wp-image-21069 aligncenter\" src=\"https:\/\/www.soroptimisteurope.org\/wp-content\/uploads\/2021\/06\/sans-titre-25.png\" alt=\"\" width=\"118\" height=\"118\" srcset=\"https:\/\/www.soroptimisteurope.org\/wp-content\/uploads\/2021\/06\/sans-titre-25.png 500w, https:\/\/www.soroptimisteurope.org\/wp-content\/uploads\/2021\/06\/sans-titre-25-300x300.png 300w, https:\/\/www.soroptimisteurope.org\/wp-content\/uploads\/2021\/06\/sans-titre-25-150x150.png 150w\" sizes=\"(max-width: 118px) 100vw, 118px\" \/><\/a><\/td>\n<\/tr>\n<\/tbody>\n<\/table>\n","protected":false},"excerpt":{"rendered":"<p>Grand retour \u00e0 la r\u00e9alit\u00e9 \u00e0 travers toute l\u2019Europe. En ce mois de septembre, nous avons d\u00fb nous r\u00e9initialiser et passer du mode \u00ab\u00a0absente du bureau pour cause de vacances\u00a0\u00bb [&hellip;]<\/p>\n","protected":false},"author":5,"featured_media":39333,"comment_status":"open","ping_status":"open","sticky":false,"template":"","format":"standard","meta":{"_acf_changed":false,"give_campaign_id":0,"footnotes":""},"categories":[129],"tags":[],"class_list":["post-26519","post","type-post","status-publish","format-standard","has-post-thumbnail","hentry","category-nouvelles"],"acf":{"article_photo_de_couverture":false,"article_chapeau":"","article_contenu":[{"article_titre_du_paragraphe":"","article_paragraphe":"<p>Grand retour \u00e0 la r\u00e9alit\u00e9 \u00e0 travers toute l\u2019Europe. En ce mois de septembre, nous avons d\u00fb nous r\u00e9initialiser et passer du mode \u00ab\u00a0absente du bureau pour cause de vacances\u00a0\u00bb \u00e0 un retour au travail \u00e0 plein r\u00e9gime.<\/p>\n<p>&nbsp;<\/p>\n<p>Mais tout le monde n\u2019a pas v\u00e9cu un long \u00e9t\u00e9 constitu\u00e9 d\u2019une s\u00e9rie de jours et de nuits de d\u00e9tente semblant s\u2019\u00e9tirer \u00e0 l\u2019infini. Dans certaines r\u00e9gions d\u2019Europe, la vie des gens a \u00e9t\u00e9 boulevers\u00e9e par des catastrophes naturelles de grande ampleur. Ce message pourra ainsi avoir un \u00e9cho tout particulier aupr\u00e8s des personnes qui ont \u00e9t\u00e9 victimes de celles-ci.<\/p>\n<p>&nbsp;<\/p>\n<p>Lors de la Convention du\u00a0SI qui s\u2019est tenue \u00e0 Dublin, il est apparu comme une \u00e9vidence que les temps \u00e0 venir pr\u00e9senteraient des d\u00e9fis encore plus importants. Nous devons donc passer \u00e0 l\u2019action pour\u00a0:<\/p>\n<p>&nbsp;<\/p>\n<ul>\n<li>mettre un terme aux obstacles \u00e0 l\u2019implication des femmes dans la soci\u00e9t\u00e9, tout particuli\u00e8rement dans les instances de prise de d\u00e9cisions\u00a0;<\/li>\n<li>accro\u00eetre la pr\u00e9sence des femmes lors des n\u00e9gociations des trait\u00e9s de paix\u00a0;<\/li>\n<li>impliquer plus de femmes dans le d\u00e9veloppement des outils d\u2019intelligence artificielle, qui favorisent souvent les hommes\u00a0;<\/li>\n<li>r\u00e9pondre \u00e0 l\u2019appel de la<a href=\"https:\/\/www.soroptimistinternational.org\/president-elect-siew-yong-gnanalingams-speech\/\"> Pr\u00e9sidente-\u00e9lue du Soroptimist International Siew Yong<\/a>, qui nous invite \u00e0 nous mobiliser en faveur du d\u00e9veloppement durable.<\/li>\n<\/ul>\n<p>&nbsp;<\/p>\n<p>Oui, nous avons appuy\u00e9 tr\u00e8s fort sur le bouton R\u00e9initialiser\u00a0!<\/p>\n<p>&nbsp;<\/p>\n<p><a href=\"https:\/\/www.soroptimistinternational.org\/keynote-speech-mary-robinson\/\">Mary Robinson<\/a>, ancienne Pr\u00e9sidente irlandaise et Haut-Commissaire des Nations Unies aux droits de l\u2019homme, affirme que le changement climatique est un \u00ab\u00a0probl\u00e8me cr\u00e9\u00e9 par l\u2019homme et dont la solution est f\u00e9ministe\u00a0\u00bb. Abordons cette question en notre qualit\u00e9 de femmes ayant une carri\u00e8re professionnelle et allons au-del\u00e0 des st\u00e9r\u00e9otypes de genre. Nous pouvons imm\u00e9diatement sortir de notre zone de confort en nous repositionnant comme le Soroptimist International et en d\u00e9fendant les femmes dans le changement climatique.<\/p>\n<p>&nbsp;<\/p>\n<p>Nous, les Soroptimist, nous avons d\u00e9j\u00e0 montr\u00e9 combien nous sommes fortes quand nous nous unissons et tous les chiffres t\u00e9moignent du fait que nous avons r\u00e9ussi \u00e0 \u00ab\u00a0reconstruire, repenser, r\u00e9inventer et repositionner\u00a0\u00bb notre ch\u00e8re organisation. Nous avons mis le Soroptimist en avant et nous nous sommes \u00e9tablies comme une f\u00e9d\u00e9ration dynamique et remarquable.<\/p>\n<p>&nbsp;<\/p>\n<p>Relevons les d\u00e9fis de la Convention de Dublin en tant que femmes exer\u00e7ant une activit\u00e9 professionnelle qui s\u2019engagent pour un monde meilleur en faveur des femmes et des filles impact\u00e9es par le changement climatique.<\/p>\n<p>&nbsp;<\/p>\n<p>Madame Robinson a indiqu\u00e9 dans son discours que les femmes, \u00e0 l\u2019\u00e9chelle mondiale, sont 14\u00a0fois plus susceptibles que les hommes de perdre la vie dans des catastrophes naturelles. Par ailleurs, les chiffres des Nations Unies montrent que 80\u00a0% des personnes d\u00e9plac\u00e9es en raison du changement climatique sont des femmes, et il est g\u00e9n\u00e9ralement plus difficile pour les femmes pauvres que pour les hommes de se remettre \u00e9conomiquement apr\u00e8s des catastrophes naturelles d\u2019origine climatique.<\/p>\n<p>&nbsp;<\/p>\n<p>Rendons visibles ces femmes invisibles. D\u00e9fendons ces femmes qui sont affect\u00e9es de mani\u00e8re disproportionn\u00e9e.<\/p>\n<p>&nbsp;<\/p>\n<p>Nous savons que nous le pouvons, alors montrons-le\u00a0!<\/p>\n<p>&nbsp;<\/p>\n<p>Bien \u00e0 vous,<\/p>\n<p>&nbsp;<\/p>\n<p><strong>Carolien Demey<\/strong><\/p>\n<p><strong>Pr\u00e9sidente du\u00a0SIE 2021-2023<\/strong><\/p>\n<p>&nbsp;<\/p>\n<hr \/>\n<p>&nbsp;<\/p>\n<p>Suivez le Soroptimist sur les r\u00e9seaux sociaux pour vous tenir inform\u00e9es des \u00e9v\u00e9nements et projets :<\/p>\n<p>&nbsp;<\/p>\n<table style=\"height: 167px;\" width=\"668\">\n<tbody>\n<tr>\n<td width=\"150\"><a href=\"https:\/\/www.facebook.com\/SoroptimistInternationalofEurope\/\" target=\"_blank\" rel=\"noopener\"><img loading=\"lazy\" decoding=\"async\" class=\"wp-image-21063 aligncenter\" src=\"http:\/\/www.soroptimisteurope.org\/wp-content\/uploads\/2021\/06\/sans-titre-24-300x300.png\" alt=\"\" width=\"118\" height=\"118\" srcset=\"https:\/\/www.soroptimisteurope.org\/wp-content\/uploads\/2021\/06\/sans-titre-24-300x300.png 300w, https:\/\/www.soroptimisteurope.org\/wp-content\/uploads\/2021\/06\/sans-titre-24-150x150.png 150w, https:\/\/www.soroptimisteurope.org\/wp-content\/uploads\/2021\/06\/sans-titre-24.png 500w\" sizes=\"(max-width: 118px) 100vw, 118px\" \/><\/a><\/td>\n<td width=\"150\"><a href=\"https:\/\/www.instagram.com\/soroptimisteurope\/\" target=\"_blank\" rel=\"noopener\"><img loading=\"lazy\" decoding=\"async\" class=\"wp-image-21067 aligncenter\" src=\"http:\/\/www.soroptimisteurope.org\/wp-content\/uploads\/2021\/06\/sans-titre-26-300x300.png\" alt=\"\" width=\"118\" height=\"118\" srcset=\"https:\/\/www.soroptimisteurope.org\/wp-content\/uploads\/2021\/06\/sans-titre-26-300x300.png 300w, https:\/\/www.soroptimisteurope.org\/wp-content\/uploads\/2021\/06\/sans-titre-26-150x150.png 150w, https:\/\/www.soroptimisteurope.org\/wp-content\/uploads\/2021\/06\/sans-titre-26.png 500w\" sizes=\"(max-width: 118px) 100vw, 118px\" \/><\/a><\/td>\n<td width=\"150\"><a href=\"https:\/\/www.linkedin.com\/in\/soroptimisteurope\/\" target=\"_blank\" rel=\"noopener\"><img loading=\"lazy\" decoding=\"async\" class=\"wp-image-21065 aligncenter\" src=\"http:\/\/www.soroptimisteurope.org\/wp-content\/uploads\/2021\/06\/sans-titre-27-300x300.png\" alt=\"\" width=\"118\" height=\"118\" srcset=\"https:\/\/www.soroptimisteurope.org\/wp-content\/uploads\/2021\/06\/sans-titre-27-300x300.png 300w, https:\/\/www.soroptimisteurope.org\/wp-content\/uploads\/2021\/06\/sans-titre-27-150x150.png 150w, https:\/\/www.soroptimisteurope.org\/wp-content\/uploads\/2021\/06\/sans-titre-27.png 500w\" sizes=\"(max-width: 118px) 100vw, 118px\" \/><\/a><\/td>\n<td width=\"150\"><a href=\"https:\/\/twitter.com\/SIEurope\" target=\"_blank\" rel=\"noopener\"><img loading=\"lazy\" decoding=\"async\" class=\"wp-image-21069 aligncenter\" src=\"http:\/\/www.soroptimisteurope.org\/wp-content\/uploads\/2021\/06\/sans-titre-25-300x300.png\" alt=\"\" width=\"118\" height=\"118\" srcset=\"https:\/\/www.soroptimisteurope.org\/wp-content\/uploads\/2021\/06\/sans-titre-25-300x300.png 300w, https:\/\/www.soroptimisteurope.org\/wp-content\/uploads\/2021\/06\/sans-titre-25-150x150.png 150w, https:\/\/www.soroptimisteurope.org\/wp-content\/uploads\/2021\/06\/sans-titre-25.png 500w\" sizes=\"(max-width: 118px) 100vw, 118px\" \/><\/a><\/td>\n<\/tr>\n<\/tbody>\n<\/table>\n","article_media_image":false,"article_media_video":""}],"article_trombinoscope":false,"article_video":"","article_evenements_sociaux":false,"article_auteur_texte":"","article_nom_contact":"","article_email_contact":"","article_numero_contact":"","article_documents":false,"article_actualites_liees":false},"yoast_head":"<!-- This site is optimized with the Yoast SEO plugin v27.4 - https:\/\/yoast.com\/product\/yoast-seo-wordpress\/ -->\n<title>Revenir au bureau et partir en mission - Soroptimist<\/title>\n<meta name=\"robots\" content=\"index, follow, max-snippet:-1, max-image-preview:large, max-video-preview:-1\" \/>\n<link rel=\"canonical\" href=\"https:\/\/www.soroptimisteurope.org\/from-out-of-office-to-on-a-mission\/\" \/>\n<meta property=\"og:locale\" content=\"fr_FR\" \/>\n<meta property=\"og:type\" content=\"article\" \/>\n<meta property=\"og:title\" content=\"Revenir au bureau et partir en mission - Soroptimist\" \/>\n<meta property=\"og:description\" content=\"Grand retour \u00e0 la r\u00e9alit\u00e9 \u00e0 travers toute l\u2019Europe. En ce mois de septembre, nous avons d\u00fb nous r\u00e9initialiser et passer du mode \u00ab\u00a0absente du bureau pour cause de vacances\u00a0\u00bb [&hellip;]\" \/>\n<meta property=\"og:url\" content=\"https:\/\/www.soroptimisteurope.org\/from-out-of-office-to-on-a-mission\/\" \/>\n<meta property=\"og:site_name\" content=\"Soroptimist\" \/>\n<meta property=\"article:published_time\" content=\"2023-09-29T08:03:58+00:00\" \/>\n<meta property=\"article:modified_time\" content=\"2025-05-13T09:18:56+00:00\" \/>\n<meta property=\"og:image\" content=\"https:\/\/www.soroptimisteurope.org\/wp-content\/uploads\/2025\/04\/untitled-design-7-1-2.png\" \/>\n\t<meta property=\"og:image:width\" content=\"1250\" \/>\n\t<meta property=\"og:image:height\" content=\"300\" \/>\n\t<meta property=\"og:image:type\" content=\"image\/png\" \/>\n<meta name=\"author\" content=\"Virginie Racine\" \/>\n<meta name=\"twitter:card\" content=\"summary_large_image\" \/>\n<meta name=\"twitter:label1\" content=\"\u00c9crit par\" \/>\n\t<meta name=\"twitter:data1\" content=\"Virginie Racine\" \/>\n<script type=\"application\/ld+json\" class=\"yoast-schema-graph\">{\"@context\":\"https:\\\/\\\/schema.org\",\"@graph\":[{\"@type\":\"Article\",\"@id\":\"https:\\\/\\\/www.soroptimisteurope.org\\\/from-out-of-office-to-on-a-mission\\\/#article\",\"isPartOf\":{\"@id\":\"https:\\\/\\\/www.soroptimisteurope.org\\\/from-out-of-office-to-on-a-mission\\\/\"},\"author\":{\"name\":\"Virginie Racine\",\"@id\":\"https:\\\/\\\/www.soroptimisteurope.org\\\/#\\\/schema\\\/person\\\/71cb5ee8dc72773ed419609bf2274619\"},\"headline\":\"Revenir au bureau et partir en mission\",\"datePublished\":\"2023-09-29T08:03:58+00:00\",\"dateModified\":\"2025-05-13T09:18:56+00:00\",\"mainEntityOfPage\":{\"@id\":\"https:\\\/\\\/www.soroptimisteurope.org\\\/from-out-of-office-to-on-a-mission\\\/\"},\"wordCount\":574,\"commentCount\":0,\"image\":{\"@id\":\"https:\\\/\\\/www.soroptimisteurope.org\\\/from-out-of-office-to-on-a-mission\\\/#primaryimage\"},\"thumbnailUrl\":\"https:\\\/\\\/www.soroptimisteurope.org\\\/wp-content\\\/uploads\\\/2025\\\/04\\\/untitled-design-7-1-2.png\",\"articleSection\":[\"Nouvelles\"],\"inLanguage\":\"fr-FR\",\"potentialAction\":[{\"@type\":\"CommentAction\",\"name\":\"Comment\",\"target\":[\"https:\\\/\\\/www.soroptimisteurope.org\\\/from-out-of-office-to-on-a-mission\\\/#respond\"]}]},{\"@type\":\"WebPage\",\"@id\":\"https:\\\/\\\/www.soroptimisteurope.org\\\/from-out-of-office-to-on-a-mission\\\/\",\"url\":\"https:\\\/\\\/www.soroptimisteurope.org\\\/from-out-of-office-to-on-a-mission\\\/\",\"name\":\"Revenir au bureau et partir en mission - Soroptimist\",\"isPartOf\":{\"@id\":\"https:\\\/\\\/www.soroptimisteurope.org\\\/#website\"},\"primaryImageOfPage\":{\"@id\":\"https:\\\/\\\/www.soroptimisteurope.org\\\/from-out-of-office-to-on-a-mission\\\/#primaryimage\"},\"image\":{\"@id\":\"https:\\\/\\\/www.soroptimisteurope.org\\\/from-out-of-office-to-on-a-mission\\\/#primaryimage\"},\"thumbnailUrl\":\"https:\\\/\\\/www.soroptimisteurope.org\\\/wp-content\\\/uploads\\\/2025\\\/04\\\/untitled-design-7-1-2.png\",\"datePublished\":\"2023-09-29T08:03:58+00:00\",\"dateModified\":\"2025-05-13T09:18:56+00:00\",\"author\":{\"@id\":\"https:\\\/\\\/www.soroptimisteurope.org\\\/#\\\/schema\\\/person\\\/71cb5ee8dc72773ed419609bf2274619\"},\"breadcrumb\":{\"@id\":\"https:\\\/\\\/www.soroptimisteurope.org\\\/from-out-of-office-to-on-a-mission\\\/#breadcrumb\"},\"inLanguage\":\"fr-FR\",\"potentialAction\":[{\"@type\":\"ReadAction\",\"target\":[\"https:\\\/\\\/www.soroptimisteurope.org\\\/from-out-of-office-to-on-a-mission\\\/\"]}]},{\"@type\":\"ImageObject\",\"inLanguage\":\"fr-FR\",\"@id\":\"https:\\\/\\\/www.soroptimisteurope.org\\\/from-out-of-office-to-on-a-mission\\\/#primaryimage\",\"url\":\"https:\\\/\\\/www.soroptimisteurope.org\\\/wp-content\\\/uploads\\\/2025\\\/04\\\/untitled-design-7-1-2.png\",\"contentUrl\":\"https:\\\/\\\/www.soroptimisteurope.org\\\/wp-content\\\/uploads\\\/2025\\\/04\\\/untitled-design-7-1-2.png\",\"width\":1250,\"height\":300},{\"@type\":\"BreadcrumbList\",\"@id\":\"https:\\\/\\\/www.soroptimisteurope.org\\\/from-out-of-office-to-on-a-mission\\\/#breadcrumb\",\"itemListElement\":[{\"@type\":\"ListItem\",\"position\":1,\"name\":\"Accueil\",\"item\":\"https:\\\/\\\/www.soroptimisteurope.org\\\/fr\\\/\"},{\"@type\":\"ListItem\",\"position\":2,\"name\":\"Revenir au bureau et partir en mission\"}]},{\"@type\":\"WebSite\",\"@id\":\"https:\\\/\\\/www.soroptimisteurope.org\\\/#website\",\"url\":\"https:\\\/\\\/www.soroptimisteurope.org\\\/\",\"name\":\"Soroptimist\",\"description\":\"\",\"potentialAction\":[{\"@type\":\"SearchAction\",\"target\":{\"@type\":\"EntryPoint\",\"urlTemplate\":\"https:\\\/\\\/www.soroptimisteurope.org\\\/?s={search_term_string}\"},\"query-input\":{\"@type\":\"PropertyValueSpecification\",\"valueRequired\":true,\"valueName\":\"search_term_string\"}}],\"inLanguage\":\"fr-FR\"},{\"@type\":\"Person\",\"@id\":\"https:\\\/\\\/www.soroptimisteurope.org\\\/#\\\/schema\\\/person\\\/71cb5ee8dc72773ed419609bf2274619\",\"name\":\"Virginie Racine\",\"url\":\"https:\\\/\\\/www.soroptimisteurope.org\\\/fr\\\/author\\\/adminsorop2k21\\\/\"}]}<\/script>\n<!-- \/ Yoast SEO plugin. -->","yoast_head_json":{"title":"Revenir au bureau et partir en mission - Soroptimist","robots":{"index":"index","follow":"follow","max-snippet":"max-snippet:-1","max-image-preview":"max-image-preview:large","max-video-preview":"max-video-preview:-1"},"canonical":"https:\/\/www.soroptimisteurope.org\/from-out-of-office-to-on-a-mission\/","og_locale":"fr_FR","og_type":"article","og_title":"Revenir au bureau et partir en mission - Soroptimist","og_description":"Grand retour \u00e0 la r\u00e9alit\u00e9 \u00e0 travers toute l\u2019Europe. En ce mois de septembre, nous avons d\u00fb nous r\u00e9initialiser et passer du mode \u00ab\u00a0absente du bureau pour cause de vacances\u00a0\u00bb [&hellip;]","og_url":"https:\/\/www.soroptimisteurope.org\/from-out-of-office-to-on-a-mission\/","og_site_name":"Soroptimist","article_published_time":"2023-09-29T08:03:58+00:00","article_modified_time":"2025-05-13T09:18:56+00:00","og_image":[{"width":1250,"height":300,"url":"https:\/\/www.soroptimisteurope.org\/wp-content\/uploads\/2025\/04\/untitled-design-7-1-2.png","type":"image\/png"}],"author":"Virginie Racine","twitter_card":"summary_large_image","twitter_misc":{"\u00c9crit par":"Virginie Racine"},"schema":{"@context":"https:\/\/schema.org","@graph":[{"@type":"Article","@id":"https:\/\/www.soroptimisteurope.org\/from-out-of-office-to-on-a-mission\/#article","isPartOf":{"@id":"https:\/\/www.soroptimisteurope.org\/from-out-of-office-to-on-a-mission\/"},"author":{"name":"Virginie Racine","@id":"https:\/\/www.soroptimisteurope.org\/#\/schema\/person\/71cb5ee8dc72773ed419609bf2274619"},"headline":"Revenir au bureau et partir en mission","datePublished":"2023-09-29T08:03:58+00:00","dateModified":"2025-05-13T09:18:56+00:00","mainEntityOfPage":{"@id":"https:\/\/www.soroptimisteurope.org\/from-out-of-office-to-on-a-mission\/"},"wordCount":574,"commentCount":0,"image":{"@id":"https:\/\/www.soroptimisteurope.org\/from-out-of-office-to-on-a-mission\/#primaryimage"},"thumbnailUrl":"https:\/\/www.soroptimisteurope.org\/wp-content\/uploads\/2025\/04\/untitled-design-7-1-2.png","articleSection":["Nouvelles"],"inLanguage":"fr-FR","potentialAction":[{"@type":"CommentAction","name":"Comment","target":["https:\/\/www.soroptimisteurope.org\/from-out-of-office-to-on-a-mission\/#respond"]}]},{"@type":"WebPage","@id":"https:\/\/www.soroptimisteurope.org\/from-out-of-office-to-on-a-mission\/","url":"https:\/\/www.soroptimisteurope.org\/from-out-of-office-to-on-a-mission\/","name":"Revenir au bureau et partir en mission - Soroptimist","isPartOf":{"@id":"https:\/\/www.soroptimisteurope.org\/#website"},"primaryImageOfPage":{"@id":"https:\/\/www.soroptimisteurope.org\/from-out-of-office-to-on-a-mission\/#primaryimage"},"image":{"@id":"https:\/\/www.soroptimisteurope.org\/from-out-of-office-to-on-a-mission\/#primaryimage"},"thumbnailUrl":"https:\/\/www.soroptimisteurope.org\/wp-content\/uploads\/2025\/04\/untitled-design-7-1-2.png","datePublished":"2023-09-29T08:03:58+00:00","dateModified":"2025-05-13T09:18:56+00:00","author":{"@id":"https:\/\/www.soroptimisteurope.org\/#\/schema\/person\/71cb5ee8dc72773ed419609bf2274619"},"breadcrumb":{"@id":"https:\/\/www.soroptimisteurope.org\/from-out-of-office-to-on-a-mission\/#breadcrumb"},"inLanguage":"fr-FR","potentialAction":[{"@type":"ReadAction","target":["https:\/\/www.soroptimisteurope.org\/from-out-of-office-to-on-a-mission\/"]}]},{"@type":"ImageObject","inLanguage":"fr-FR","@id":"https:\/\/www.soroptimisteurope.org\/from-out-of-office-to-on-a-mission\/#primaryimage","url":"https:\/\/www.soroptimisteurope.org\/wp-content\/uploads\/2025\/04\/untitled-design-7-1-2.png","contentUrl":"https:\/\/www.soroptimisteurope.org\/wp-content\/uploads\/2025\/04\/untitled-design-7-1-2.png","width":1250,"height":300},{"@type":"BreadcrumbList","@id":"https:\/\/www.soroptimisteurope.org\/from-out-of-office-to-on-a-mission\/#breadcrumb","itemListElement":[{"@type":"ListItem","position":1,"name":"Accueil","item":"https:\/\/www.soroptimisteurope.org\/fr\/"},{"@type":"ListItem","position":2,"name":"Revenir au bureau et partir en mission"}]},{"@type":"WebSite","@id":"https:\/\/www.soroptimisteurope.org\/#website","url":"https:\/\/www.soroptimisteurope.org\/","name":"Soroptimist","description":"","potentialAction":[{"@type":"SearchAction","target":{"@type":"EntryPoint","urlTemplate":"https:\/\/www.soroptimisteurope.org\/?s={search_term_string}"},"query-input":{"@type":"PropertyValueSpecification","valueRequired":true,"valueName":"search_term_string"}}],"inLanguage":"fr-FR"},{"@type":"Person","@id":"https:\/\/www.soroptimisteurope.org\/#\/schema\/person\/71cb5ee8dc72773ed419609bf2274619","name":"Virginie Racine","url":"https:\/\/www.soroptimisteurope.org\/fr\/author\/adminsorop2k21\/"}]}},"_links":{"self":[{"href":"https:\/\/www.soroptimisteurope.org\/fr\/wp-json\/wp\/v2\/posts\/26519","targetHints":{"allow":["GET"]}}],"collection":[{"href":"https:\/\/www.soroptimisteurope.org\/fr\/wp-json\/wp\/v2\/posts"}],"about":[{"href":"https:\/\/www.soroptimisteurope.org\/fr\/wp-json\/wp\/v2\/types\/post"}],"author":[{"embeddable":true,"href":"https:\/\/www.soroptimisteurope.org\/fr\/wp-json\/wp\/v2\/users\/5"}],"replies":[{"embeddable":true,"href":"https:\/\/www.soroptimisteurope.org\/fr\/wp-json\/wp\/v2\/comments?post=26519"}],"version-history":[{"count":6,"href":"https:\/\/www.soroptimisteurope.org\/fr\/wp-json\/wp\/v2\/posts\/26519\/revisions"}],"predecessor-version":[{"id":41177,"href":"https:\/\/www.soroptimisteurope.org\/fr\/wp-json\/wp\/v2\/posts\/26519\/revisions\/41177"}],"wp:featuredmedia":[{"embeddable":true,"href":"https:\/\/www.soroptimisteurope.org\/fr\/wp-json\/wp\/v2\/media\/39333"}],"wp:attachment":[{"href":"https:\/\/www.soroptimisteurope.org\/fr\/wp-json\/wp\/v2\/media?parent=26519"}],"wp:term":[{"taxonomy":"category","embeddable":true,"href":"https:\/\/www.soroptimisteurope.org\/fr\/wp-json\/wp\/v2\/categories?post=26519"},{"taxonomy":"post_tag","embeddable":true,"href":"https:\/\/www.soroptimisteurope.org\/fr\/wp-json\/wp\/v2\/tags?post=26519"}],"curies":[{"name":"wp","href":"https:\/\/api.w.org\/{rel}","templated":true}]}}