{"id":26525,"date":"2023-09-29T09:03:11","date_gmt":"2023-09-29T08:03:11","guid":{"rendered":"https:\/\/www.soroptimisteurope.org\/?p=26525"},"modified":"2025-05-13T11:18:56","modified_gmt":"2025-05-13T09:18:56","slug":"ce-probleme-nest-pas-seulement-europeen-il-est-mondial","status":"publish","type":"post","link":"https:\/\/www.soroptimisteurope.org\/fr\/ce-probleme-nest-pas-seulement-europeen-il-est-mondial\/","title":{"rendered":"Ce probl\u00e8me n\u2019est pas seulement europ\u00e9en. Il est mondial."},"content":{"rendered":"<p>En juillet, quand je suis rentr\u00e9e chez moi apr\u00e8s la <a href=\"https:\/\/sidublin2023.com\/\">Convention du SI de Dublin<\/a>, j\u2019ai bien ressenti l\u2019importance du Soroptimist. Et du r\u00f4le de notre F\u00e9d\u00e9ration europ\u00e9enne pour d\u00e9fendre les droits des femmes et l\u2019\u00e9galit\u00e9 des sexes.<\/p>\n<p>&nbsp;<\/p>\n<p><img fetchpriority=\"high\" decoding=\"async\" class=\"alignnone wp-image-26530\" src=\"https:\/\/www.soroptimisteurope.org\/wp-content\/uploads\/2023\/09\/si-dublin-2-1-e1695830884498.jpg\" alt=\"\" width=\"638\" height=\"338\" srcset=\"https:\/\/www.soroptimisteurope.org\/wp-content\/uploads\/2023\/09\/si-dublin-2-1-e1695830884498.jpg 1024w, https:\/\/www.soroptimisteurope.org\/wp-content\/uploads\/2023\/09\/si-dublin-2-1-e1695830884498-300x159.jpg 300w, https:\/\/www.soroptimisteurope.org\/wp-content\/uploads\/2023\/09\/si-dublin-2-1-e1695830884498-768x407.jpg 768w\" sizes=\"(max-width: 638px) 100vw, 638px\" \/><\/p>\n<p>&nbsp;<\/p>\n<p>Le lancement des <a href=\"https:\/\/sidublin2023.com\/federation-workshops\/#toggle-id-5\">ateliers des F\u00e9d\u00e9rations<\/a> constitue un ajout tr\u00e8s int\u00e9ressant \u00e0 nos conventions. Le th\u00e8me de cette ann\u00e9e \u00e9tait centr\u00e9 sur l\u2019\u00e9galit\u00e9 des sexes et notre devise \u00ab We Stand Up for Women \u00bb a \u00e9t\u00e9 utilis\u00e9e comme point de d\u00e9part des discussions sur la lutte contre les in\u00e9galit\u00e9s entre hommes et femmes. Ces discussions ont fait r\u00e9f\u00e9rence \u00e0 la Convention sur l\u2019\u00e9limination de toutes les formes de discrimination \u00e0 l\u2019\u00e9gard des femmes (CEDAW) et aux Objectifs de d\u00e9veloppement durable des nations Unies (ODD).<\/p>\n<p>&nbsp;<\/p>\n<p>J\u2019ai eu le privil\u00e8ge d\u2019\u00eatre la mod\u00e9ratrice d\u2019une discussion entre <a href=\"https:\/\/www.womenlobby.org\/A-conversation-with-our-new-President-Reka-Safrany?lang=en\">R\u00e9ka S\u00e1fr\u00e1ny<\/a>, du <a href=\"https:\/\/www.womenlobby.org\/?lang=en\">Lobby europ\u00e9en des femmes<\/a>, <a href=\"https:\/\/www.ihrec.ie\/about\/chief-commissioner-members-of-ihrec\/salome-mbugua\/\">Salome Mbugua<\/a>, qui repr\u00e9sente le r\u00e9seau <a href=\"https:\/\/www.migrantwomennetwork.org\/\">European Network of Migrant Women<\/a> et notre Pr\u00e9sidente Carolien Demey. La salle \u00e9tait comble, remplie de Soroptimist du monde entier. M\u00eame si cet atelier a \u00e9t\u00e9 propos\u00e9 deux fois, tout le monde n\u2019a pas pu y assister, tant les personnes int\u00e9ress\u00e9es \u00e9taient nombreuses.<\/p>\n<p>&nbsp;<\/p>\n<p><img decoding=\"async\" class=\"alignnone wp-image-26464\" src=\"https:\/\/www.soroptimisteurope.org\/wp-content\/uploads\/2023\/09\/si-dublin-1.jpg\" alt=\"\" width=\"649\" height=\"318\" srcset=\"https:\/\/www.soroptimisteurope.org\/wp-content\/uploads\/2023\/09\/si-dublin-1.jpg 1024w, https:\/\/www.soroptimisteurope.org\/wp-content\/uploads\/2023\/09\/si-dublin-1-300x147.jpg 300w, https:\/\/www.soroptimisteurope.org\/wp-content\/uploads\/2023\/09\/si-dublin-1-768x377.jpg 768w\" sizes=\"(max-width: 649px) 100vw, 649px\" \/><\/p>\n<p style=\"text-align: center;\"><em>de gauche \u00e0 droite: Gertrud \u00c5str\u00f6m, R\u00e9ka S\u00e1fr\u00e1ny, Carolien Demey, Salome Mbugua<\/em><\/p>\n<p>&nbsp;<\/p>\n<p>Pour lancer la discussion, les intervenantes ont \u00e9t\u00e9 invit\u00e9es \u00e0 indiquer si elles avaient observ\u00e9 un recul en mati\u00e8re de droit des femmes en Europe et, si oui, quelles en \u00e9taient selon elles les causes, et quelles actions nous devrions entreprendre pour lutter contre ce recul. Tout le monde a confirm\u00e9 la r\u00e9alit\u00e9 de ce recul. Il a aussi \u00e9t\u00e9 demand\u00e9 au public s\u2019il partageait cette opinion, et il est rapidement devenu \u00e9vident qu\u2019il ne s\u2019agit pas seulement d\u2019une question europ\u00e9enne, mais bien d\u2019une pr\u00e9occupation mondiale.<\/p>\n<p>&nbsp;<\/p>\n<p>R\u00e9ka S\u00e1fr\u00e1ny a pr\u00e9sent\u00e9 le travail du Lobby europ\u00e9en des femmes (LEF). Celui-ci r\u00e9unit 2\u00a0000\u00a0organisations de femmes qui travaillent en faveur d\u2019un futur f\u00e9ministe. Salome Mbugua a quant \u00e0 elle parl\u00e9 des femmes actrices du changement pour le d\u00e9veloppement durable. Carolien a insist\u00e9 sur le fait que ce recul peut \u00eatre stopp\u00e9 et que nous allons y mettre un terme\u00a0!<\/p>\n<p>&nbsp;<\/p>\n<p>Des mains se sont lev\u00e9es pour proposer des questions, des d\u00e9clarations et des id\u00e9es aux intervenantes\u00a0: combien la violence des hommes \u00e0 l\u2019\u00e9gard des femmes co\u00fbte-t-elle \u00e0 la soci\u00e9t\u00e9\u00a0? O\u00f9 en est le mouvement des femmes\u00a0? Nous avons des droits, mettons-les en action\u00a0! \u00c9crivons des rapports parall\u00e8les \u00e0 l\u2019attention du comit\u00e9 du CEDAW\u00a0! Faisons du lobbying en faveur de la nomination d\u2019une femme en tant que Secr\u00e9taire g\u00e9n\u00e9rale des Nations Unies\u00a0! Cr\u00e9ons un r\u00e9seau pour la parit\u00e9 hommes\/femmes\u00a0! D\u00e9veloppons des feuilles de route op\u00e9rationnelles au niveau national. Reconnaissons la n\u00e9cessit\u00e9 d\u2019interpr\u00e9ter le langage utilis\u00e9 par les politiques dans le cadre de ce recul. Attaquons-nous aux probl\u00e8mes des mutilations g\u00e9nitales f\u00e9minines en Europe et de l\u2019exploitation des femmes \u00e0 travers la prostitution.<\/p>\n<p>&nbsp;<\/p>\n<p>Comme vous pouvez le constater, ces ateliers ont \u00e9t\u00e9 intenses. Nous avons re\u00e7u de tr\u00e8s nombreux commentaires positifs soulignant une forte d\u00e9termination \u00e0 ne pas reculer, et \u00e0 aller de l\u2019avant avec espoir et solidarit\u00e9.<\/p>\n<p>&nbsp;<\/p>\n<p>Nous n\u2019avons pas le temps de nous d\u00e9tendre.<\/p>\n<p>&nbsp;<\/p>\n<hr \/>\n<p>&nbsp;<\/p>\n<p style=\"text-align: center;\">Pour en savoir plus sur la prochaine Convention du SI, qui se tiendra en Alaska, cliquez ici (en anglais) : <a href=\"https:\/\/siconvention.org\/en\">https:\/\/siconvention.org\/en<\/a><\/p>\n","protected":false},"excerpt":{"rendered":"<p>En juillet, quand je suis rentr\u00e9e chez moi apr\u00e8s la Convention du SI de Dublin, j\u2019ai bien ressenti l\u2019importance du Soroptimist. Et du r\u00f4le de notre F\u00e9d\u00e9ration europ\u00e9enne pour d\u00e9fendre [&hellip;]<\/p>\n","protected":false},"author":5,"featured_media":39337,"comment_status":"open","ping_status":"open","sticky":false,"template":"","format":"standard","meta":{"_acf_changed":false,"give_campaign_id":0,"footnotes":""},"categories":[129],"tags":[],"class_list":["post-26525","post","type-post","status-publish","format-standard","has-post-thumbnail","hentry","category-nouvelles"],"acf":{"article_photo_de_couverture":{"ID":26461,"id":26461,"title":"Untitled design (8)","filename":"untitled-design-8.png","filesize":788672,"url":"https:\/\/www.soroptimisteurope.org\/wp-content\/uploads\/2023\/09\/untitled-design-8.png","link":"https:\/\/www.soroptimisteurope.org\/fr\/untitled-design-8\/","alt":"","author":"3","description":"","caption":"","name":"untitled-design-8","status":"inherit","uploaded_to":0,"date":"2023-09-27 12:20:41","modified":"2023-09-27 12:20:41","menu_order":0,"mime_type":"image\/png","type":"image","subtype":"png","icon":"https:\/\/www.soroptimisteurope.org\/wp-content\/plugins\/media-library-assistant\/images\/crystal\/image.png","width":1250,"height":300,"sizes":{"thumbnail":"https:\/\/www.soroptimisteurope.org\/wp-content\/uploads\/2023\/09\/untitled-design-8-150x150.png","thumbnail-width":150,"thumbnail-height":150,"medium":"https:\/\/www.soroptimisteurope.org\/wp-content\/uploads\/2023\/09\/untitled-design-8-300x72.png","medium-width":300,"medium-height":72,"medium_large":"https:\/\/www.soroptimisteurope.org\/wp-content\/uploads\/2023\/09\/untitled-design-8-768x184.png","medium_large-width":768,"medium_large-height":184,"large":"https:\/\/www.soroptimisteurope.org\/wp-content\/uploads\/2023\/09\/untitled-design-8-1024x246.png","large-width":800,"large-height":192,"1536x1536":"https:\/\/www.soroptimisteurope.org\/wp-content\/uploads\/2023\/09\/untitled-design-8.png","1536x1536-width":1250,"1536x1536-height":300,"2048x2048":"https:\/\/www.soroptimisteurope.org\/wp-content\/uploads\/2023\/09\/untitled-design-8.png","2048x2048-width":1250,"2048x2048-height":300}},"article_chapeau":"","article_contenu":[{"article_titre_du_paragraphe":"","article_paragraphe":"<p>En juillet, quand je suis rentr\u00e9e chez moi apr\u00e8s la <a href=\"https:\/\/sidublin2023.com\/\">Convention du SI de Dublin<\/a>, j\u2019ai bien ressenti l\u2019importance du Soroptimist. Et du r\u00f4le de notre F\u00e9d\u00e9ration europ\u00e9enne pour d\u00e9fendre les droits des femmes et l\u2019\u00e9galit\u00e9 des sexes.<\/p>\n<p>&nbsp;<\/p>\n<p><img decoding=\"async\" class=\"alignnone wp-image-26530\" src=\"http:\/\/www.soroptimisteurope.org\/wp-content\/uploads\/2023\/09\/si-dublin-2-1-e1695830884498-300x159.jpg\" alt=\"\" width=\"638\" height=\"338\" srcset=\"https:\/\/www.soroptimisteurope.org\/wp-content\/uploads\/2023\/09\/si-dublin-2-1-e1695830884498-300x159.jpg 300w, https:\/\/www.soroptimisteurope.org\/wp-content\/uploads\/2023\/09\/si-dublin-2-1-e1695830884498-768x407.jpg 768w, https:\/\/www.soroptimisteurope.org\/wp-content\/uploads\/2023\/09\/si-dublin-2-1-e1695830884498.jpg 1024w\" sizes=\"(max-width: 638px) 100vw, 638px\" \/><\/p>\n<p>&nbsp;<\/p>\n<p>Le lancement des <a href=\"https:\/\/sidublin2023.com\/federation-workshops\/#toggle-id-5\">ateliers des F\u00e9d\u00e9rations<\/a> constitue un ajout tr\u00e8s int\u00e9ressant \u00e0 nos conventions. Le th\u00e8me de cette ann\u00e9e \u00e9tait centr\u00e9 sur l\u2019\u00e9galit\u00e9 des sexes et notre devise \u00ab We Stand Up for Women \u00bb a \u00e9t\u00e9 utilis\u00e9e comme point de d\u00e9part des discussions sur la lutte contre les in\u00e9galit\u00e9s entre hommes et femmes. Ces discussions ont fait r\u00e9f\u00e9rence \u00e0 la Convention sur l\u2019\u00e9limination de toutes les formes de discrimination \u00e0 l\u2019\u00e9gard des femmes (CEDAW) et aux Objectifs de d\u00e9veloppement durable des nations Unies (ODD).<\/p>\n<p>&nbsp;<\/p>\n<p>J\u2019ai eu le privil\u00e8ge d\u2019\u00eatre la mod\u00e9ratrice d\u2019une discussion entre <a href=\"https:\/\/www.womenlobby.org\/A-conversation-with-our-new-President-Reka-Safrany?lang=en\">R\u00e9ka S\u00e1fr\u00e1ny<\/a>, du <a href=\"https:\/\/www.womenlobby.org\/?lang=en\">Lobby europ\u00e9en des femmes<\/a>, <a href=\"https:\/\/www.ihrec.ie\/about\/chief-commissioner-members-of-ihrec\/salome-mbugua\/\">Salome Mbugua<\/a>, qui repr\u00e9sente le r\u00e9seau <a href=\"https:\/\/www.migrantwomennetwork.org\/\">European Network of Migrant Women<\/a> et notre Pr\u00e9sidente Carolien Demey. La salle \u00e9tait comble, remplie de Soroptimist du monde entier. M\u00eame si cet atelier a \u00e9t\u00e9 propos\u00e9 deux fois, tout le monde n\u2019a pas pu y assister, tant les personnes int\u00e9ress\u00e9es \u00e9taient nombreuses.<\/p>\n<p>&nbsp;<\/p>\n<p><img loading=\"lazy\" decoding=\"async\" class=\"alignnone wp-image-26464\" src=\"http:\/\/www.soroptimisteurope.org\/wp-content\/uploads\/2023\/09\/si-dublin-1-300x147.jpg\" alt=\"\" width=\"649\" height=\"318\" srcset=\"https:\/\/www.soroptimisteurope.org\/wp-content\/uploads\/2023\/09\/si-dublin-1-300x147.jpg 300w, https:\/\/www.soroptimisteurope.org\/wp-content\/uploads\/2023\/09\/si-dublin-1-768x377.jpg 768w, https:\/\/www.soroptimisteurope.org\/wp-content\/uploads\/2023\/09\/si-dublin-1.jpg 1024w\" sizes=\"(max-width: 649px) 100vw, 649px\" \/><\/p>\n<p style=\"text-align: center;\"><em>de gauche \u00e0 droite: Gertrud \u00c5str\u00f6m, R\u00e9ka S\u00e1fr\u00e1ny, Carolien Demey, Salome Mbugua<\/em><\/p>\n<p>&nbsp;<\/p>\n<p>Pour lancer la discussion, les intervenantes ont \u00e9t\u00e9 invit\u00e9es \u00e0 indiquer si elles avaient observ\u00e9 un recul en mati\u00e8re de droit des femmes en Europe et, si oui, quelles en \u00e9taient selon elles les causes, et quelles actions nous devrions entreprendre pour lutter contre ce recul. Tout le monde a confirm\u00e9 la r\u00e9alit\u00e9 de ce recul. Il a aussi \u00e9t\u00e9 demand\u00e9 au public s\u2019il partageait cette opinion, et il est rapidement devenu \u00e9vident qu\u2019il ne s\u2019agit pas seulement d\u2019une question europ\u00e9enne, mais bien d\u2019une pr\u00e9occupation mondiale.<\/p>\n<p>&nbsp;<\/p>\n<p>R\u00e9ka S\u00e1fr\u00e1ny a pr\u00e9sent\u00e9 le travail du Lobby europ\u00e9en des femmes (LEF). Celui-ci r\u00e9unit 2\u00a0000\u00a0organisations de femmes qui travaillent en faveur d\u2019un futur f\u00e9ministe. Salome Mbugua a quant \u00e0 elle parl\u00e9 des femmes actrices du changement pour le d\u00e9veloppement durable. Carolien a insist\u00e9 sur le fait que ce recul peut \u00eatre stopp\u00e9 et que nous allons y mettre un terme\u00a0!<\/p>\n<p>&nbsp;<\/p>\n<p>Des mains se sont lev\u00e9es pour proposer des questions, des d\u00e9clarations et des id\u00e9es aux intervenantes\u00a0: combien la violence des hommes \u00e0 l\u2019\u00e9gard des femmes co\u00fbte-t-elle \u00e0 la soci\u00e9t\u00e9\u00a0? O\u00f9 en est le mouvement des femmes\u00a0? Nous avons des droits, mettons-les en action\u00a0! \u00c9crivons des rapports parall\u00e8les \u00e0 l\u2019attention du comit\u00e9 du CEDAW\u00a0! Faisons du lobbying en faveur de la nomination d\u2019une femme en tant que Secr\u00e9taire g\u00e9n\u00e9rale des Nations Unies\u00a0! Cr\u00e9ons un r\u00e9seau pour la parit\u00e9 hommes\/femmes\u00a0! D\u00e9veloppons des feuilles de route op\u00e9rationnelles au niveau national. Reconnaissons la n\u00e9cessit\u00e9 d\u2019interpr\u00e9ter le langage utilis\u00e9 par les politiques dans le cadre de ce recul. Attaquons-nous aux probl\u00e8mes des mutilations g\u00e9nitales f\u00e9minines en Europe et de l\u2019exploitation des femmes \u00e0 travers la prostitution.<\/p>\n<p>&nbsp;<\/p>\n<p>Comme vous pouvez le constater, ces ateliers ont \u00e9t\u00e9 intenses. Nous avons re\u00e7u de tr\u00e8s nombreux commentaires positifs soulignant une forte d\u00e9termination \u00e0 ne pas reculer, et \u00e0 aller de l\u2019avant avec espoir et solidarit\u00e9.<\/p>\n<p>&nbsp;<\/p>\n<p>Nous n\u2019avons pas le temps de nous d\u00e9tendre.<\/p>\n<p>&nbsp;<\/p>\n<hr \/>\n<p>&nbsp;<\/p>\n<p style=\"text-align: center;\">Pour en savoir plus sur la prochaine Convention du SI, qui se tiendra en Alaska, cliquez ici (en anglais) : <a href=\"https:\/\/siconvention.org\/en\">https:\/\/siconvention.org\/en<\/a><\/p>\n","article_media_image":false,"article_media_video":""}],"article_trombinoscope":false,"article_video":"","article_evenements_sociaux":false,"article_auteur_texte":"<p>Gertrud \u00c5str\u00f6m<\/p>\n<p>Repr\u00e9sentante du\u00a0SIE aupr\u00e8s du Lobby europ\u00e9en des femmes<\/p>\n","article_nom_contact":"","article_email_contact":"","article_numero_contact":"","article_documents":false,"article_actualites_liees":false},"yoast_head":"<!-- This site is optimized with the Yoast SEO plugin v27.4 - https:\/\/yoast.com\/product\/yoast-seo-wordpress\/ -->\n<title>Ce probl\u00e8me n\u2019est pas seulement europ\u00e9en. Il est mondial. - Soroptimist<\/title>\n<meta name=\"robots\" content=\"index, follow, max-snippet:-1, max-image-preview:large, max-video-preview:-1\" \/>\n<link rel=\"canonical\" href=\"https:\/\/www.soroptimisteurope.org\/this-is-not-a-european-problem-its-global\/\" \/>\n<meta property=\"og:locale\" content=\"fr_FR\" \/>\n<meta property=\"og:type\" content=\"article\" \/>\n<meta property=\"og:title\" content=\"Ce probl\u00e8me n\u2019est pas seulement europ\u00e9en. Il est mondial. - Soroptimist\" \/>\n<meta property=\"og:description\" content=\"En juillet, quand je suis rentr\u00e9e chez moi apr\u00e8s la Convention du SI de Dublin, j\u2019ai bien ressenti l\u2019importance du Soroptimist. Et du r\u00f4le de notre F\u00e9d\u00e9ration europ\u00e9enne pour d\u00e9fendre [&hellip;]\" \/>\n<meta property=\"og:url\" content=\"https:\/\/www.soroptimisteurope.org\/this-is-not-a-european-problem-its-global\/\" \/>\n<meta property=\"og:site_name\" content=\"Soroptimist\" \/>\n<meta property=\"article:published_time\" content=\"2023-09-29T08:03:11+00:00\" \/>\n<meta property=\"article:modified_time\" content=\"2025-05-13T09:18:56+00:00\" \/>\n<meta property=\"og:image\" content=\"https:\/\/www.soroptimisteurope.org\/wp-content\/uploads\/2025\/04\/untitled-design-8-3.png\" \/>\n\t<meta property=\"og:image:width\" content=\"1250\" \/>\n\t<meta property=\"og:image:height\" content=\"300\" \/>\n\t<meta property=\"og:image:type\" content=\"image\/png\" \/>\n<meta name=\"author\" content=\"Virginie Racine\" \/>\n<meta name=\"twitter:card\" content=\"summary_large_image\" \/>\n<meta name=\"twitter:label1\" content=\"\u00c9crit par\" \/>\n\t<meta name=\"twitter:data1\" content=\"Virginie Racine\" \/>\n<script type=\"application\/ld+json\" class=\"yoast-schema-graph\">{\"@context\":\"https:\\\/\\\/schema.org\",\"@graph\":[{\"@type\":\"Article\",\"@id\":\"https:\\\/\\\/www.soroptimisteurope.org\\\/this-is-not-a-european-problem-its-global\\\/#article\",\"isPartOf\":{\"@id\":\"https:\\\/\\\/www.soroptimisteurope.org\\\/this-is-not-a-european-problem-its-global\\\/\"},\"author\":{\"name\":\"Virginie Racine\",\"@id\":\"https:\\\/\\\/www.soroptimisteurope.org\\\/#\\\/schema\\\/person\\\/71cb5ee8dc72773ed419609bf2274619\"},\"headline\":\"Ce probl\u00e8me n\u2019est pas seulement europ\u00e9en. Il est mondial.\",\"datePublished\":\"2023-09-29T08:03:11+00:00\",\"dateModified\":\"2025-05-13T09:18:56+00:00\",\"mainEntityOfPage\":{\"@id\":\"https:\\\/\\\/www.soroptimisteurope.org\\\/this-is-not-a-european-problem-its-global\\\/\"},\"wordCount\":638,\"commentCount\":0,\"image\":{\"@id\":\"https:\\\/\\\/www.soroptimisteurope.org\\\/this-is-not-a-european-problem-its-global\\\/#primaryimage\"},\"thumbnailUrl\":\"https:\\\/\\\/www.soroptimisteurope.org\\\/wp-content\\\/uploads\\\/2025\\\/04\\\/untitled-design-8-3.png\",\"articleSection\":[\"Nouvelles\"],\"inLanguage\":\"fr-FR\",\"potentialAction\":[{\"@type\":\"CommentAction\",\"name\":\"Comment\",\"target\":[\"https:\\\/\\\/www.soroptimisteurope.org\\\/this-is-not-a-european-problem-its-global\\\/#respond\"]}]},{\"@type\":\"WebPage\",\"@id\":\"https:\\\/\\\/www.soroptimisteurope.org\\\/this-is-not-a-european-problem-its-global\\\/\",\"url\":\"https:\\\/\\\/www.soroptimisteurope.org\\\/this-is-not-a-european-problem-its-global\\\/\",\"name\":\"Ce probl\u00e8me n\u2019est pas seulement europ\u00e9en. Il est mondial. - Soroptimist\",\"isPartOf\":{\"@id\":\"https:\\\/\\\/www.soroptimisteurope.org\\\/#website\"},\"primaryImageOfPage\":{\"@id\":\"https:\\\/\\\/www.soroptimisteurope.org\\\/this-is-not-a-european-problem-its-global\\\/#primaryimage\"},\"image\":{\"@id\":\"https:\\\/\\\/www.soroptimisteurope.org\\\/this-is-not-a-european-problem-its-global\\\/#primaryimage\"},\"thumbnailUrl\":\"https:\\\/\\\/www.soroptimisteurope.org\\\/wp-content\\\/uploads\\\/2025\\\/04\\\/untitled-design-8-3.png\",\"datePublished\":\"2023-09-29T08:03:11+00:00\",\"dateModified\":\"2025-05-13T09:18:56+00:00\",\"author\":{\"@id\":\"https:\\\/\\\/www.soroptimisteurope.org\\\/#\\\/schema\\\/person\\\/71cb5ee8dc72773ed419609bf2274619\"},\"breadcrumb\":{\"@id\":\"https:\\\/\\\/www.soroptimisteurope.org\\\/this-is-not-a-european-problem-its-global\\\/#breadcrumb\"},\"inLanguage\":\"fr-FR\",\"potentialAction\":[{\"@type\":\"ReadAction\",\"target\":[\"https:\\\/\\\/www.soroptimisteurope.org\\\/this-is-not-a-european-problem-its-global\\\/\"]}]},{\"@type\":\"ImageObject\",\"inLanguage\":\"fr-FR\",\"@id\":\"https:\\\/\\\/www.soroptimisteurope.org\\\/this-is-not-a-european-problem-its-global\\\/#primaryimage\",\"url\":\"https:\\\/\\\/www.soroptimisteurope.org\\\/wp-content\\\/uploads\\\/2025\\\/04\\\/untitled-design-8-3.png\",\"contentUrl\":\"https:\\\/\\\/www.soroptimisteurope.org\\\/wp-content\\\/uploads\\\/2025\\\/04\\\/untitled-design-8-3.png\",\"width\":1250,\"height\":300},{\"@type\":\"BreadcrumbList\",\"@id\":\"https:\\\/\\\/www.soroptimisteurope.org\\\/this-is-not-a-european-problem-its-global\\\/#breadcrumb\",\"itemListElement\":[{\"@type\":\"ListItem\",\"position\":1,\"name\":\"Accueil\",\"item\":\"https:\\\/\\\/www.soroptimisteurope.org\\\/fr\\\/\"},{\"@type\":\"ListItem\",\"position\":2,\"name\":\"Ce probl\u00e8me n\u2019est pas seulement europ\u00e9en. Il est mondial.\"}]},{\"@type\":\"WebSite\",\"@id\":\"https:\\\/\\\/www.soroptimisteurope.org\\\/#website\",\"url\":\"https:\\\/\\\/www.soroptimisteurope.org\\\/\",\"name\":\"Soroptimist\",\"description\":\"\",\"potentialAction\":[{\"@type\":\"SearchAction\",\"target\":{\"@type\":\"EntryPoint\",\"urlTemplate\":\"https:\\\/\\\/www.soroptimisteurope.org\\\/?s={search_term_string}\"},\"query-input\":{\"@type\":\"PropertyValueSpecification\",\"valueRequired\":true,\"valueName\":\"search_term_string\"}}],\"inLanguage\":\"fr-FR\"},{\"@type\":\"Person\",\"@id\":\"https:\\\/\\\/www.soroptimisteurope.org\\\/#\\\/schema\\\/person\\\/71cb5ee8dc72773ed419609bf2274619\",\"name\":\"Virginie Racine\",\"url\":\"https:\\\/\\\/www.soroptimisteurope.org\\\/fr\\\/author\\\/adminsorop2k21\\\/\"}]}<\/script>\n<!-- \/ Yoast SEO plugin. -->","yoast_head_json":{"title":"Ce probl\u00e8me n\u2019est pas seulement europ\u00e9en. Il est mondial. - Soroptimist","robots":{"index":"index","follow":"follow","max-snippet":"max-snippet:-1","max-image-preview":"max-image-preview:large","max-video-preview":"max-video-preview:-1"},"canonical":"https:\/\/www.soroptimisteurope.org\/this-is-not-a-european-problem-its-global\/","og_locale":"fr_FR","og_type":"article","og_title":"Ce probl\u00e8me n\u2019est pas seulement europ\u00e9en. Il est mondial. - Soroptimist","og_description":"En juillet, quand je suis rentr\u00e9e chez moi apr\u00e8s la Convention du SI de Dublin, j\u2019ai bien ressenti l\u2019importance du Soroptimist. Et du r\u00f4le de notre F\u00e9d\u00e9ration europ\u00e9enne pour d\u00e9fendre [&hellip;]","og_url":"https:\/\/www.soroptimisteurope.org\/this-is-not-a-european-problem-its-global\/","og_site_name":"Soroptimist","article_published_time":"2023-09-29T08:03:11+00:00","article_modified_time":"2025-05-13T09:18:56+00:00","og_image":[{"width":1250,"height":300,"url":"https:\/\/www.soroptimisteurope.org\/wp-content\/uploads\/2025\/04\/untitled-design-8-3.png","type":"image\/png"}],"author":"Virginie Racine","twitter_card":"summary_large_image","twitter_misc":{"\u00c9crit par":"Virginie Racine"},"schema":{"@context":"https:\/\/schema.org","@graph":[{"@type":"Article","@id":"https:\/\/www.soroptimisteurope.org\/this-is-not-a-european-problem-its-global\/#article","isPartOf":{"@id":"https:\/\/www.soroptimisteurope.org\/this-is-not-a-european-problem-its-global\/"},"author":{"name":"Virginie Racine","@id":"https:\/\/www.soroptimisteurope.org\/#\/schema\/person\/71cb5ee8dc72773ed419609bf2274619"},"headline":"Ce probl\u00e8me n\u2019est pas seulement europ\u00e9en. Il est mondial.","datePublished":"2023-09-29T08:03:11+00:00","dateModified":"2025-05-13T09:18:56+00:00","mainEntityOfPage":{"@id":"https:\/\/www.soroptimisteurope.org\/this-is-not-a-european-problem-its-global\/"},"wordCount":638,"commentCount":0,"image":{"@id":"https:\/\/www.soroptimisteurope.org\/this-is-not-a-european-problem-its-global\/#primaryimage"},"thumbnailUrl":"https:\/\/www.soroptimisteurope.org\/wp-content\/uploads\/2025\/04\/untitled-design-8-3.png","articleSection":["Nouvelles"],"inLanguage":"fr-FR","potentialAction":[{"@type":"CommentAction","name":"Comment","target":["https:\/\/www.soroptimisteurope.org\/this-is-not-a-european-problem-its-global\/#respond"]}]},{"@type":"WebPage","@id":"https:\/\/www.soroptimisteurope.org\/this-is-not-a-european-problem-its-global\/","url":"https:\/\/www.soroptimisteurope.org\/this-is-not-a-european-problem-its-global\/","name":"Ce probl\u00e8me n\u2019est pas seulement europ\u00e9en. Il est mondial. - Soroptimist","isPartOf":{"@id":"https:\/\/www.soroptimisteurope.org\/#website"},"primaryImageOfPage":{"@id":"https:\/\/www.soroptimisteurope.org\/this-is-not-a-european-problem-its-global\/#primaryimage"},"image":{"@id":"https:\/\/www.soroptimisteurope.org\/this-is-not-a-european-problem-its-global\/#primaryimage"},"thumbnailUrl":"https:\/\/www.soroptimisteurope.org\/wp-content\/uploads\/2025\/04\/untitled-design-8-3.png","datePublished":"2023-09-29T08:03:11+00:00","dateModified":"2025-05-13T09:18:56+00:00","author":{"@id":"https:\/\/www.soroptimisteurope.org\/#\/schema\/person\/71cb5ee8dc72773ed419609bf2274619"},"breadcrumb":{"@id":"https:\/\/www.soroptimisteurope.org\/this-is-not-a-european-problem-its-global\/#breadcrumb"},"inLanguage":"fr-FR","potentialAction":[{"@type":"ReadAction","target":["https:\/\/www.soroptimisteurope.org\/this-is-not-a-european-problem-its-global\/"]}]},{"@type":"ImageObject","inLanguage":"fr-FR","@id":"https:\/\/www.soroptimisteurope.org\/this-is-not-a-european-problem-its-global\/#primaryimage","url":"https:\/\/www.soroptimisteurope.org\/wp-content\/uploads\/2025\/04\/untitled-design-8-3.png","contentUrl":"https:\/\/www.soroptimisteurope.org\/wp-content\/uploads\/2025\/04\/untitled-design-8-3.png","width":1250,"height":300},{"@type":"BreadcrumbList","@id":"https:\/\/www.soroptimisteurope.org\/this-is-not-a-european-problem-its-global\/#breadcrumb","itemListElement":[{"@type":"ListItem","position":1,"name":"Accueil","item":"https:\/\/www.soroptimisteurope.org\/fr\/"},{"@type":"ListItem","position":2,"name":"Ce probl\u00e8me n\u2019est pas seulement europ\u00e9en. Il est mondial."}]},{"@type":"WebSite","@id":"https:\/\/www.soroptimisteurope.org\/#website","url":"https:\/\/www.soroptimisteurope.org\/","name":"Soroptimist","description":"","potentialAction":[{"@type":"SearchAction","target":{"@type":"EntryPoint","urlTemplate":"https:\/\/www.soroptimisteurope.org\/?s={search_term_string}"},"query-input":{"@type":"PropertyValueSpecification","valueRequired":true,"valueName":"search_term_string"}}],"inLanguage":"fr-FR"},{"@type":"Person","@id":"https:\/\/www.soroptimisteurope.org\/#\/schema\/person\/71cb5ee8dc72773ed419609bf2274619","name":"Virginie Racine","url":"https:\/\/www.soroptimisteurope.org\/fr\/author\/adminsorop2k21\/"}]}},"_links":{"self":[{"href":"https:\/\/www.soroptimisteurope.org\/fr\/wp-json\/wp\/v2\/posts\/26525","targetHints":{"allow":["GET"]}}],"collection":[{"href":"https:\/\/www.soroptimisteurope.org\/fr\/wp-json\/wp\/v2\/posts"}],"about":[{"href":"https:\/\/www.soroptimisteurope.org\/fr\/wp-json\/wp\/v2\/types\/post"}],"author":[{"embeddable":true,"href":"https:\/\/www.soroptimisteurope.org\/fr\/wp-json\/wp\/v2\/users\/5"}],"replies":[{"embeddable":true,"href":"https:\/\/www.soroptimisteurope.org\/fr\/wp-json\/wp\/v2\/comments?post=26525"}],"version-history":[{"count":6,"href":"https:\/\/www.soroptimisteurope.org\/fr\/wp-json\/wp\/v2\/posts\/26525\/revisions"}],"predecessor-version":[{"id":41179,"href":"https:\/\/www.soroptimisteurope.org\/fr\/wp-json\/wp\/v2\/posts\/26525\/revisions\/41179"}],"wp:featuredmedia":[{"embeddable":true,"href":"https:\/\/www.soroptimisteurope.org\/fr\/wp-json\/wp\/v2\/media\/39337"}],"wp:attachment":[{"href":"https:\/\/www.soroptimisteurope.org\/fr\/wp-json\/wp\/v2\/media?parent=26525"}],"wp:term":[{"taxonomy":"category","embeddable":true,"href":"https:\/\/www.soroptimisteurope.org\/fr\/wp-json\/wp\/v2\/categories?post=26525"},{"taxonomy":"post_tag","embeddable":true,"href":"https:\/\/www.soroptimisteurope.org\/fr\/wp-json\/wp\/v2\/tags?post=26525"}],"curies":[{"name":"wp","href":"https:\/\/api.w.org\/{rel}","templated":true}]}}