{"id":26538,"date":"2023-09-29T09:01:38","date_gmt":"2023-09-29T08:01:38","guid":{"rendered":"https:\/\/www.soroptimisteurope.org\/?p=26538"},"modified":"2025-05-13T11:18:57","modified_gmt":"2025-05-13T09:18:57","slug":"recompenser-les-voix-de-lemancipation","status":"publish","type":"post","link":"https:\/\/www.soroptimisteurope.org\/fr\/recompenser-les-voix-de-lemancipation\/","title":{"rendered":"R\u00e9compenser les voix de l\u2019\u00e9mancipation"},"content":{"rendered":"<p>Le <a href=\"https:\/\/www.soroptimist.nl\/carla-atzema-soroptimistprijs\/\"><strong>Prix Soroptimist Carla Atzema<\/strong><\/a> <strong>(Prix\u00a0CAS)<\/strong> met en avant des contributions journalistiques exceptionnelles dans le domaine de l\u2019\u00e9mancipation des femmes. Toute personne qui a eu un impact important en mettant ce sujet sur la table dans les m\u00e9dias peut se nominer pour l\u2019un des prix.<\/p>\n<p>&nbsp;<\/p>\n<p><img fetchpriority=\"high\" decoding=\"async\" class=\"alignnone wp-image-26493\" src=\"https:\/\/www.soroptimisteurope.org\/wp-content\/uploads\/2023\/09\/photo-1.png\" alt=\"\" width=\"610\" height=\"610\" srcset=\"https:\/\/www.soroptimisteurope.org\/wp-content\/uploads\/2023\/09\/photo-1.png 1080w, https:\/\/www.soroptimisteurope.org\/wp-content\/uploads\/2023\/09\/photo-1-300x300.png 300w, https:\/\/www.soroptimisteurope.org\/wp-content\/uploads\/2023\/09\/photo-1-1024x1024.png 1024w, https:\/\/www.soroptimisteurope.org\/wp-content\/uploads\/2023\/09\/photo-1-150x150.png 150w, https:\/\/www.soroptimisteurope.org\/wp-content\/uploads\/2023\/09\/photo-1-768x768.png 768w\" sizes=\"(max-width: 610px) 100vw, 610px\" \/><\/p>\n<p>&nbsp;<\/p>\n<p>Ce prix cr\u00e9\u00e9 en\u00a02020 porte le nom de Carla Atzeda, qui a fait une donation au Fonds Soroptimist pour les femmes afin de soutenir les <a href=\"https:\/\/www.soroptimistinternational.org\/about-us\/\">objectifs du Soroptimist International<\/a>. Depuis, les Soroptimist n\u00e9erlandaises remettent tous les deux ans des prix pour r\u00e9compenser des journalistes qui\u00a0:<\/p>\n<p>&nbsp;<\/p>\n<ul>\n<li>promeuvent la position des femmes, leurs droits et leur ind\u00e9pendance \u00e9conomique\u00a0;<\/li>\n<li>sensibilisent sur des questions li\u00e9es aux femmes\u00a0;<\/li>\n<li>ont un impact \u00e0 travers leur travail.<\/li>\n<\/ul>\n<p>&nbsp;<\/p>\n<p>La c\u00e9r\u00e9monie de remise des prix et la publicit\u00e9 associ\u00e9e sont con\u00e7ues pour augmenter la visibilit\u00e9 du Soroptimist International et de ses valeurs. Gr\u00e2ce \u00e0 des parrainages suppl\u00e9mentaires en\u00a02022, trois prix ont pu \u00eatre remis\u00a0:<\/p>\n<ul>\n<li>Un prix principal de 25\u00a0000\u00a0\u20ac dont le gagnant a \u00e9t\u00e9 choisi par un jury<\/li>\n<li>Un prix du public de 5\u00a0000\u00a0\u20ac dont le gagnant a \u00e9t\u00e9 choisi via un vote en ligne du public<\/li>\n<li>Un prix Jeune talent de 2\u00a0500\u00a0\u20ac dont le gagnant a \u00e9t\u00e9 choisi par un jury<\/li>\n<\/ul>\n<p>&nbsp;<\/p>\n<p><img decoding=\"async\" class=\"alignnone wp-image-26507\" src=\"https:\/\/www.soroptimisteurope.org\/wp-content\/uploads\/2023\/09\/photo-5.jpg\" alt=\"\" width=\"647\" height=\"485\" srcset=\"https:\/\/www.soroptimisteurope.org\/wp-content\/uploads\/2023\/09\/photo-5.jpg 1024w, https:\/\/www.soroptimisteurope.org\/wp-content\/uploads\/2023\/09\/photo-5-300x225.jpg 300w, https:\/\/www.soroptimisteurope.org\/wp-content\/uploads\/2023\/09\/photo-5-768x576.jpg 768w, https:\/\/www.soroptimisteurope.org\/wp-content\/uploads\/2023\/09\/photo-5-320x240.jpg 320w\" sizes=\"(max-width: 647px) 100vw, 647px\" \/><\/p>\n<p>&nbsp;<\/p>\n<p>Le jury \u00e9tait constitu\u00e9 de personnalit\u00e9s f\u00e9minines et masculines n\u00e9erlandaises et belges, qui repr\u00e9sentent divers domaines des m\u00e9dias et des droits de l\u2019homme. Il a \u00e9tudi\u00e9 les candidatures d\u2019une large gamme de m\u00e9dias sortis sur les deux derni\u00e8res ann\u00e9es, dont des livres, des magazines, des \u00e9missions de t\u00e9l\u00e9vision et de radio, des photos, des films, des blogs, des vlogs et des contenus publi\u00e9s sur Internet.<\/p>\n<p>&nbsp;<\/p>\n<p>Le 7\u00a0avril\u00a02022, le <a href=\"https:\/\/www.soroptimist.nl\/news-national\/winnaars-carla-atzema-soroptimistprijs-2022\/\">prix principal<\/a> a \u00e9t\u00e9 remis au travail collaboratif des journalistes Coen van de Ven et Karlijn Saris et des chercheurs Sahra Mohamed et Joris Veerbeek. Leur article de journal intitul\u00e9 \u00ab\u00a0<a href=\"https:\/\/www.groene.nl\/voorbeeld\/diepgaande-data-analyse-van-de-online-haat-tegen-vrouwelijke-politici\"><strong><em>La misogynie comme arme politique<\/em><\/strong><\/a><strong><em>\u00a0<\/em><\/strong><em>\u00bb<\/em> a \u00e9t\u00e9 publi\u00e9 juste avant des \u00e9lections. Ce texte puissant attire l\u2019attention sur un sujet dont les femmes politiques parlent rarement\u00a0: la haine et le sexisme auxquels elles sont confront\u00e9es dans les m\u00e9dias. \u00c0 travers l\u2019analyse de milliers de d\u00e9clarations sur les m\u00e9dias sociaux, leur travail a d\u00e9peint une image d\u00e9concertante de ce qu\u2019endurent les femmes politiques. Suite \u00e0 cette publication, davantage de femmes ont commenc\u00e9 \u00e0 s\u2019\u00e9lever contre les comportements sexistes.<\/p>\n<p>&nbsp;<\/p>\n<p><img decoding=\"async\" class=\"alignnone wp-image-26497\" src=\"https:\/\/www.soroptimisteurope.org\/wp-content\/uploads\/2023\/09\/photo-2-300x300.png\" alt=\"\" width=\"324\" height=\"324\" srcset=\"https:\/\/www.soroptimisteurope.org\/wp-content\/uploads\/2023\/09\/photo-2-300x300.png 300w, https:\/\/www.soroptimisteurope.org\/wp-content\/uploads\/2023\/09\/photo-2-1024x1024.png 1024w, https:\/\/www.soroptimisteurope.org\/wp-content\/uploads\/2023\/09\/photo-2-150x150.png 150w, https:\/\/www.soroptimisteurope.org\/wp-content\/uploads\/2023\/09\/photo-2-768x768.png 768w, https:\/\/www.soroptimisteurope.org\/wp-content\/uploads\/2023\/09\/photo-2.png 1080w\" sizes=\"(max-width: 324px) 100vw, 324px\" \/>\u00a0 \u00a0<img loading=\"lazy\" decoding=\"async\" class=\"alignnone wp-image-26500\" src=\"https:\/\/www.soroptimisteurope.org\/wp-content\/uploads\/2023\/09\/photo-4.jpg\" alt=\"\" width=\"324\" height=\"324\" srcset=\"https:\/\/www.soroptimisteurope.org\/wp-content\/uploads\/2023\/09\/photo-4.jpg 1080w, https:\/\/www.soroptimisteurope.org\/wp-content\/uploads\/2023\/09\/photo-4-300x300.jpg 300w, https:\/\/www.soroptimisteurope.org\/wp-content\/uploads\/2023\/09\/photo-4-1024x1024.jpg 1024w, https:\/\/www.soroptimisteurope.org\/wp-content\/uploads\/2023\/09\/photo-4-150x150.jpg 150w, https:\/\/www.soroptimisteurope.org\/wp-content\/uploads\/2023\/09\/photo-4-768x768.jpg 768w\" sizes=\"(max-width: 324px) 100vw, 324px\" \/><\/p>\n<p>&nbsp;<\/p>\n<p>Le <strong>prix Jeune talent <\/strong>a \u00e9t\u00e9 remis au projet \u00ab\u00a0<a href=\"https:\/\/www.damnhoney.nl\/\"><strong><em>Damn, Honey<\/em><\/strong><\/a><em>\u00a0<\/em>\u00bb de Marie Lotte Hagen et Nydia van Voorthuizen. Elles ont commenc\u00e9 \u00e0 avoir de la notori\u00e9t\u00e9 en\u00a02018 gr\u00e2ce \u00e0 leur livre \u00ab\u00a0Damn, Honey\u00a0\u00bb, et \u00e0 leur podcast du m\u00eame nom qui a suivi. Leur plateforme f\u00e9ministe est aujourd\u2019hui l\u2019une des plus importantes des Pays-Bas.<\/p>\n<p>&nbsp;<\/p>\n<p>Anne Groenen et Triene-Mie Le Compte ont remport\u00e9 le <strong>prix du public pour leur livre \u00ab\u00a0<em>Als liefde overleven wordt\u00a0\u00bb<\/em><\/strong> (Quand l\u2019amour devient survie), qui raconte l\u2019histoire vraie de Titi, victime de violences mortelles de la part de son partenaire. Le livre s\u2019adresse aux victimes, aux t\u00e9moins et aux professionnels et donne des informations pour contribuer \u00e0 \u00e9radiquer cette forme de violence \u00e0 l\u2019\u00e9gard des femmes.<\/p>\n<p>&nbsp;<\/p>\n<p>Pendant la c\u00e9r\u00e9monie de remise des prix, des intervenantes travaillant pour de grandes organisations de femmes, dont <a href=\"https:\/\/www.womeninc.nl\/\"><strong>Women Inc<\/strong><\/a><strong>.<\/strong>, ont pris la parole, tout comme des musiciennes et d\u2019anciens gagnants du prix\u00a0CAS. Des repr\u00e9sentantes du Soroptimist International d\u2019Europe Belgique et Pays-Bas \u00e9taient pr\u00e9sentes.<\/p>\n<p>&nbsp;<\/p>\n<p>Fort de son succ\u00e8s, le Prix\u00a0CAS continuera d\u2019\u00eatre remis en\u00a02024 et en\u00a02026.<\/p>\n<p>&nbsp;<\/p>\n<hr \/>\n<p>&nbsp;<\/p>\n<p><strong>Liens\u00a0:<\/strong><\/p>\n<p><a href=\"https:\/\/www.youtube.com\/watch?v=sgwqj374qJM\">https:\/\/www.youtube.com\/watch?v=sgwqj374qJM<\/a><\/p>\n<p><a href=\"https:\/\/www.instagram.com\/ca.soroptimistprijs\/?hl=fr\">https:\/\/www.instagram.com\/ca.soroptimistprijs\/?hl=fr<\/a><\/p>\n<p><a href=\"https:\/\/www.facebook.com\/profile\/100067864924261\/search\/?q=Carla%20Atzema\">https:\/\/www.facebook.com\/profile\/100067864924261\/search\/?q=Carla%20Atzema<\/a><\/p>\n","protected":false},"excerpt":{"rendered":"<p>Le Prix Soroptimist Carla Atzema (Prix\u00a0CAS) met en avant des contributions journalistiques exceptionnelles dans le domaine de l\u2019\u00e9mancipation des femmes. Toute personne qui a eu un impact important en mettant [&hellip;]<\/p>\n","protected":false},"author":5,"featured_media":39343,"comment_status":"open","ping_status":"open","sticky":false,"template":"","format":"standard","meta":{"_acf_changed":false,"give_campaign_id":0,"footnotes":""},"categories":[129],"tags":[],"class_list":["post-26538","post","type-post","status-publish","format-standard","has-post-thumbnail","hentry","category-nouvelles"],"acf":{"article_photo_de_couverture":{"ID":26490,"id":26490,"title":"Untitled design (13)","filename":"untitled-design-13.png","filesize":292447,"url":"https:\/\/www.soroptimisteurope.org\/wp-content\/uploads\/2023\/09\/untitled-design-13.png","link":"https:\/\/www.soroptimisteurope.org\/fr\/untitled-design-13-2\/","alt":"","author":"3","description":"","caption":"","name":"untitled-design-13-2","status":"inherit","uploaded_to":0,"date":"2023-09-27 13:24:40","modified":"2023-09-27 13:24:40","menu_order":0,"mime_type":"image\/png","type":"image","subtype":"png","icon":"https:\/\/www.soroptimisteurope.org\/wp-content\/plugins\/media-library-assistant\/images\/crystal\/image.png","width":1250,"height":300,"sizes":{"thumbnail":"https:\/\/www.soroptimisteurope.org\/wp-content\/uploads\/2023\/09\/untitled-design-13-150x150.png","thumbnail-width":150,"thumbnail-height":150,"medium":"https:\/\/www.soroptimisteurope.org\/wp-content\/uploads\/2023\/09\/untitled-design-13-300x72.png","medium-width":300,"medium-height":72,"medium_large":"https:\/\/www.soroptimisteurope.org\/wp-content\/uploads\/2023\/09\/untitled-design-13-768x184.png","medium_large-width":768,"medium_large-height":184,"large":"https:\/\/www.soroptimisteurope.org\/wp-content\/uploads\/2023\/09\/untitled-design-13-1024x246.png","large-width":800,"large-height":192,"1536x1536":"https:\/\/www.soroptimisteurope.org\/wp-content\/uploads\/2023\/09\/untitled-design-13.png","1536x1536-width":1250,"1536x1536-height":300,"2048x2048":"https:\/\/www.soroptimisteurope.org\/wp-content\/uploads\/2023\/09\/untitled-design-13.png","2048x2048-width":1250,"2048x2048-height":300}},"article_chapeau":"","article_contenu":[{"article_titre_du_paragraphe":"","article_paragraphe":"<p>Le <a href=\"https:\/\/www.soroptimist.nl\/carla-atzema-soroptimistprijs\/\"><strong>Prix Soroptimist Carla Atzema<\/strong><\/a> <strong>(Prix\u00a0CAS)<\/strong> met en avant des contributions journalistiques exceptionnelles dans le domaine de l\u2019\u00e9mancipation des femmes. Toute personne qui a eu un impact important en mettant ce sujet sur la table dans les m\u00e9dias peut se nominer pour l\u2019un des prix.<\/p>\n<p>&nbsp;<\/p>\n<p><img loading=\"lazy\" decoding=\"async\" class=\"alignnone wp-image-26493\" src=\"http:\/\/www.soroptimisteurope.org\/wp-content\/uploads\/2023\/09\/photo-1-300x300.png\" alt=\"\" width=\"610\" height=\"610\" srcset=\"https:\/\/www.soroptimisteurope.org\/wp-content\/uploads\/2023\/09\/photo-1-300x300.png 300w, https:\/\/www.soroptimisteurope.org\/wp-content\/uploads\/2023\/09\/photo-1-1024x1024.png 1024w, https:\/\/www.soroptimisteurope.org\/wp-content\/uploads\/2023\/09\/photo-1-150x150.png 150w, https:\/\/www.soroptimisteurope.org\/wp-content\/uploads\/2023\/09\/photo-1-768x768.png 768w, https:\/\/www.soroptimisteurope.org\/wp-content\/uploads\/2023\/09\/photo-1.png 1080w\" sizes=\"(max-width: 610px) 100vw, 610px\" \/><\/p>\n<p>&nbsp;<\/p>\n<p>Ce prix cr\u00e9\u00e9 en\u00a02020 porte le nom de Carla Atzeda, qui a fait une donation au Fonds Soroptimist pour les femmes afin de soutenir les <a href=\"https:\/\/www.soroptimistinternational.org\/about-us\/\">objectifs du Soroptimist International<\/a>. Depuis, les Soroptimist n\u00e9erlandaises remettent tous les deux ans des prix pour r\u00e9compenser des journalistes qui\u00a0:<\/p>\n<p>&nbsp;<\/p>\n<ul>\n<li>promeuvent la position des femmes, leurs droits et leur ind\u00e9pendance \u00e9conomique\u00a0;<\/li>\n<li>sensibilisent sur des questions li\u00e9es aux femmes\u00a0;<\/li>\n<li>ont un impact \u00e0 travers leur travail.<\/li>\n<\/ul>\n<p>&nbsp;<\/p>\n<p>La c\u00e9r\u00e9monie de remise des prix et la publicit\u00e9 associ\u00e9e sont con\u00e7ues pour augmenter la visibilit\u00e9 du Soroptimist International et de ses valeurs. Gr\u00e2ce \u00e0 des parrainages suppl\u00e9mentaires en\u00a02022, trois prix ont pu \u00eatre remis\u00a0:<\/p>\n<ul>\n<li>Un prix principal de 25\u00a0000\u00a0\u20ac dont le gagnant a \u00e9t\u00e9 choisi par un jury<\/li>\n<li>Un prix du public de 5\u00a0000\u00a0\u20ac dont le gagnant a \u00e9t\u00e9 choisi via un vote en ligne du public<\/li>\n<li>Un prix Jeune talent de 2\u00a0500\u00a0\u20ac dont le gagnant a \u00e9t\u00e9 choisi par un jury<\/li>\n<\/ul>\n<p>&nbsp;<\/p>\n<p><img loading=\"lazy\" decoding=\"async\" class=\"alignnone wp-image-26507\" src=\"http:\/\/www.soroptimisteurope.org\/wp-content\/uploads\/2023\/09\/photo-5-300x225.jpg\" alt=\"\" width=\"647\" height=\"485\" srcset=\"https:\/\/www.soroptimisteurope.org\/wp-content\/uploads\/2023\/09\/photo-5-300x225.jpg 300w, https:\/\/www.soroptimisteurope.org\/wp-content\/uploads\/2023\/09\/photo-5-768x576.jpg 768w, https:\/\/www.soroptimisteurope.org\/wp-content\/uploads\/2023\/09\/photo-5-320x240.jpg 320w, https:\/\/www.soroptimisteurope.org\/wp-content\/uploads\/2023\/09\/photo-5.jpg 1024w\" sizes=\"(max-width: 647px) 100vw, 647px\" \/><\/p>\n<p>&nbsp;<\/p>\n<p>Le jury \u00e9tait constitu\u00e9 de personnalit\u00e9s f\u00e9minines et masculines n\u00e9erlandaises et belges, qui repr\u00e9sentent divers domaines des m\u00e9dias et des droits de l\u2019homme. Il a \u00e9tudi\u00e9 les candidatures d\u2019une large gamme de m\u00e9dias sortis sur les deux derni\u00e8res ann\u00e9es, dont des livres, des magazines, des \u00e9missions de t\u00e9l\u00e9vision et de radio, des photos, des films, des blogs, des vlogs et des contenus publi\u00e9s sur Internet.<\/p>\n<p>&nbsp;<\/p>\n<p>Le 7\u00a0avril\u00a02022, le <a href=\"https:\/\/www.soroptimist.nl\/news-national\/winnaars-carla-atzema-soroptimistprijs-2022\/\">prix principal<\/a> a \u00e9t\u00e9 remis au travail collaboratif des journalistes Coen van de Ven et Karlijn Saris et des chercheurs Sahra Mohamed et Joris Veerbeek. Leur article de journal intitul\u00e9 \u00ab\u00a0<a href=\"https:\/\/www.groene.nl\/voorbeeld\/diepgaande-data-analyse-van-de-online-haat-tegen-vrouwelijke-politici\"><strong><em>La misogynie comme arme politique<\/em><\/strong><\/a><strong><em>\u00a0<\/em><\/strong><em>\u00bb<\/em> a \u00e9t\u00e9 publi\u00e9 juste avant des \u00e9lections. Ce texte puissant attire l\u2019attention sur un sujet dont les femmes politiques parlent rarement\u00a0: la haine et le sexisme auxquels elles sont confront\u00e9es dans les m\u00e9dias. \u00c0 travers l\u2019analyse de milliers de d\u00e9clarations sur les m\u00e9dias sociaux, leur travail a d\u00e9peint une image d\u00e9concertante de ce qu\u2019endurent les femmes politiques. Suite \u00e0 cette publication, davantage de femmes ont commenc\u00e9 \u00e0 s\u2019\u00e9lever contre les comportements sexistes.<\/p>\n<p>&nbsp;<\/p>\n<p><img loading=\"lazy\" decoding=\"async\" class=\"alignnone wp-image-26497\" src=\"http:\/\/www.soroptimisteurope.org\/wp-content\/uploads\/2023\/09\/photo-2-300x300.png\" alt=\"\" width=\"324\" height=\"324\" srcset=\"https:\/\/www.soroptimisteurope.org\/wp-content\/uploads\/2023\/09\/photo-2-300x300.png 300w, https:\/\/www.soroptimisteurope.org\/wp-content\/uploads\/2023\/09\/photo-2-1024x1024.png 1024w, https:\/\/www.soroptimisteurope.org\/wp-content\/uploads\/2023\/09\/photo-2-150x150.png 150w, https:\/\/www.soroptimisteurope.org\/wp-content\/uploads\/2023\/09\/photo-2-768x768.png 768w, https:\/\/www.soroptimisteurope.org\/wp-content\/uploads\/2023\/09\/photo-2.png 1080w\" sizes=\"(max-width: 324px) 100vw, 324px\" \/>\u00a0 \u00a0<img loading=\"lazy\" decoding=\"async\" class=\"alignnone wp-image-26500\" src=\"http:\/\/www.soroptimisteurope.org\/wp-content\/uploads\/2023\/09\/photo-4-300x300.jpg\" alt=\"\" width=\"324\" height=\"324\" srcset=\"https:\/\/www.soroptimisteurope.org\/wp-content\/uploads\/2023\/09\/photo-4-300x300.jpg 300w, https:\/\/www.soroptimisteurope.org\/wp-content\/uploads\/2023\/09\/photo-4-1024x1024.jpg 1024w, https:\/\/www.soroptimisteurope.org\/wp-content\/uploads\/2023\/09\/photo-4-150x150.jpg 150w, https:\/\/www.soroptimisteurope.org\/wp-content\/uploads\/2023\/09\/photo-4-768x768.jpg 768w, https:\/\/www.soroptimisteurope.org\/wp-content\/uploads\/2023\/09\/photo-4.jpg 1080w\" sizes=\"(max-width: 324px) 100vw, 324px\" \/><\/p>\n<p>&nbsp;<\/p>\n<p>Le <strong>prix Jeune talent <\/strong>a \u00e9t\u00e9 remis au projet \u00ab\u00a0<a href=\"https:\/\/www.damnhoney.nl\/\"><strong><em>Damn, Honey<\/em><\/strong><\/a><em>\u00a0<\/em>\u00bb de Marie Lotte Hagen et Nydia van Voorthuizen. Elles ont commenc\u00e9 \u00e0 avoir de la notori\u00e9t\u00e9 en\u00a02018 gr\u00e2ce \u00e0 leur livre \u00ab\u00a0Damn, Honey\u00a0\u00bb, et \u00e0 leur podcast du m\u00eame nom qui a suivi. Leur plateforme f\u00e9ministe est aujourd\u2019hui l\u2019une des plus importantes des Pays-Bas.<\/p>\n<p>&nbsp;<\/p>\n<p>Anne Groenen et Triene-Mie Le Compte ont remport\u00e9 le <strong>prix du public pour leur livre \u00ab\u00a0<em>Als liefde overleven wordt\u00a0\u00bb<\/em><\/strong> (Quand l\u2019amour devient survie), qui raconte l\u2019histoire vraie de Titi, victime de violences mortelles de la part de son partenaire. Le livre s\u2019adresse aux victimes, aux t\u00e9moins et aux professionnels et donne des informations pour contribuer \u00e0 \u00e9radiquer cette forme de violence \u00e0 l\u2019\u00e9gard des femmes.<\/p>\n<p>&nbsp;<\/p>\n<p>Pendant la c\u00e9r\u00e9monie de remise des prix, des intervenantes travaillant pour de grandes organisations de femmes, dont <a href=\"https:\/\/www.womeninc.nl\/\"><strong>Women Inc<\/strong><\/a><strong>.<\/strong>, ont pris la parole, tout comme des musiciennes et d\u2019anciens gagnants du prix\u00a0CAS. Des repr\u00e9sentantes du Soroptimist International d\u2019Europe Belgique et Pays-Bas \u00e9taient pr\u00e9sentes.<\/p>\n<p>&nbsp;<\/p>\n<p>Fort de son succ\u00e8s, le Prix\u00a0CAS continuera d\u2019\u00eatre remis en\u00a02024 et en\u00a02026.<\/p>\n<p>&nbsp;<\/p>\n<hr \/>\n<p>&nbsp;<\/p>\n<p><strong>Liens\u00a0:<\/strong><\/p>\n<p><a href=\"https:\/\/www.youtube.com\/watch?v=sgwqj374qJM\">https:\/\/www.youtube.com\/watch?v=sgwqj374qJM<\/a><\/p>\n<p><a href=\"https:\/\/www.instagram.com\/ca.soroptimistprijs\/?hl=fr\">https:\/\/www.instagram.com\/ca.soroptimistprijs\/?hl=fr<\/a><\/p>\n<p><a href=\"https:\/\/www.facebook.com\/profile\/100067864924261\/search\/?q=Carla%20Atzema\">https:\/\/www.facebook.com\/profile\/100067864924261\/search\/?q=Carla%20Atzema<\/a><\/p>\n","article_media_image":false,"article_media_video":""}],"article_trombinoscope":false,"article_video":"","article_evenements_sociaux":false,"article_auteur_texte":"<p>Bintou Ko\u00efta<\/p>\n<p>Responsable de Programme Senior (SEP)<\/p>\n","article_nom_contact":"","article_email_contact":"","article_numero_contact":"","article_actualites_liees":false,"article_documents":[{"ID":26515,"post_author":"3","post_date":"2023-09-27 15:51:29","post_date_gmt":"2023-09-27 14:51:29","post_content":"","post_title":"Awarding the Voices of Empowring","post_excerpt":"","post_status":"inherit","comment_status":"open","ping_status":"closed","post_password":"","post_name":"awarding-the-voices-of-empowring-2","to_ping":"","pinged":"","post_modified":"2023-09-28 09:22:59","post_modified_gmt":"2023-09-28 08:22:59","post_content_filtered":"","post_parent":0,"guid":"http:\/\/www.soroptimisteurope.org\/wp-content\/uploads\/2023\/09\/awarding-the-voices-of-empowring.pdf","menu_order":0,"post_type":"attachment","post_mime_type":"application\/pdf","comment_count":"0","filter":"raw"}]},"yoast_head":"<!-- This site is optimized with the Yoast SEO plugin v27.4 - https:\/\/yoast.com\/product\/yoast-seo-wordpress\/ -->\n<title>R\u00e9compenser les voix de l\u2019\u00e9mancipation - Soroptimist<\/title>\n<meta name=\"robots\" content=\"index, follow, max-snippet:-1, max-image-preview:large, max-video-preview:-1\" \/>\n<link rel=\"canonical\" href=\"https:\/\/www.soroptimisteurope.org\/awarding-the-voices-of-empowerment\/\" \/>\n<meta property=\"og:locale\" content=\"fr_FR\" \/>\n<meta property=\"og:type\" content=\"article\" \/>\n<meta property=\"og:title\" content=\"R\u00e9compenser les voix de l\u2019\u00e9mancipation - Soroptimist\" \/>\n<meta property=\"og:description\" content=\"Le Prix Soroptimist Carla Atzema (Prix\u00a0CAS) met en avant des contributions journalistiques exceptionnelles dans le domaine de l\u2019\u00e9mancipation des femmes. Toute personne qui a eu un impact important en mettant [&hellip;]\" \/>\n<meta property=\"og:url\" content=\"https:\/\/www.soroptimisteurope.org\/awarding-the-voices-of-empowerment\/\" \/>\n<meta property=\"og:site_name\" content=\"Soroptimist\" \/>\n<meta property=\"article:published_time\" content=\"2023-09-29T08:01:38+00:00\" \/>\n<meta property=\"article:modified_time\" content=\"2025-05-13T09:18:57+00:00\" \/>\n<meta property=\"og:image\" content=\"https:\/\/www.soroptimisteurope.org\/wp-content\/uploads\/2025\/04\/untitled-design-13-3.png\" \/>\n\t<meta property=\"og:image:width\" content=\"1250\" \/>\n\t<meta property=\"og:image:height\" content=\"300\" \/>\n\t<meta property=\"og:image:type\" content=\"image\/png\" \/>\n<meta name=\"author\" content=\"Virginie Racine\" \/>\n<meta name=\"twitter:card\" content=\"summary_large_image\" \/>\n<meta name=\"twitter:label1\" content=\"\u00c9crit par\" \/>\n\t<meta name=\"twitter:data1\" content=\"Virginie Racine\" \/>\n<script type=\"application\/ld+json\" class=\"yoast-schema-graph\">{\"@context\":\"https:\\\/\\\/schema.org\",\"@graph\":[{\"@type\":\"Article\",\"@id\":\"https:\\\/\\\/www.soroptimisteurope.org\\\/awarding-the-voices-of-empowerment\\\/#article\",\"isPartOf\":{\"@id\":\"https:\\\/\\\/www.soroptimisteurope.org\\\/awarding-the-voices-of-empowerment\\\/\"},\"author\":{\"name\":\"Virginie Racine\",\"@id\":\"https:\\\/\\\/www.soroptimisteurope.org\\\/#\\\/schema\\\/person\\\/71cb5ee8dc72773ed419609bf2274619\"},\"headline\":\"R\u00e9compenser les voix de l\u2019\u00e9mancipation\",\"datePublished\":\"2023-09-29T08:01:38+00:00\",\"dateModified\":\"2025-05-13T09:18:57+00:00\",\"mainEntityOfPage\":{\"@id\":\"https:\\\/\\\/www.soroptimisteurope.org\\\/awarding-the-voices-of-empowerment\\\/\"},\"wordCount\":640,\"commentCount\":0,\"image\":{\"@id\":\"https:\\\/\\\/www.soroptimisteurope.org\\\/awarding-the-voices-of-empowerment\\\/#primaryimage\"},\"thumbnailUrl\":\"https:\\\/\\\/www.soroptimisteurope.org\\\/wp-content\\\/uploads\\\/2025\\\/04\\\/untitled-design-13-3.png\",\"articleSection\":[\"Nouvelles\"],\"inLanguage\":\"fr-FR\",\"potentialAction\":[{\"@type\":\"CommentAction\",\"name\":\"Comment\",\"target\":[\"https:\\\/\\\/www.soroptimisteurope.org\\\/awarding-the-voices-of-empowerment\\\/#respond\"]}]},{\"@type\":\"WebPage\",\"@id\":\"https:\\\/\\\/www.soroptimisteurope.org\\\/awarding-the-voices-of-empowerment\\\/\",\"url\":\"https:\\\/\\\/www.soroptimisteurope.org\\\/awarding-the-voices-of-empowerment\\\/\",\"name\":\"R\u00e9compenser les voix de l\u2019\u00e9mancipation - Soroptimist\",\"isPartOf\":{\"@id\":\"https:\\\/\\\/www.soroptimisteurope.org\\\/#website\"},\"primaryImageOfPage\":{\"@id\":\"https:\\\/\\\/www.soroptimisteurope.org\\\/awarding-the-voices-of-empowerment\\\/#primaryimage\"},\"image\":{\"@id\":\"https:\\\/\\\/www.soroptimisteurope.org\\\/awarding-the-voices-of-empowerment\\\/#primaryimage\"},\"thumbnailUrl\":\"https:\\\/\\\/www.soroptimisteurope.org\\\/wp-content\\\/uploads\\\/2025\\\/04\\\/untitled-design-13-3.png\",\"datePublished\":\"2023-09-29T08:01:38+00:00\",\"dateModified\":\"2025-05-13T09:18:57+00:00\",\"author\":{\"@id\":\"https:\\\/\\\/www.soroptimisteurope.org\\\/#\\\/schema\\\/person\\\/71cb5ee8dc72773ed419609bf2274619\"},\"breadcrumb\":{\"@id\":\"https:\\\/\\\/www.soroptimisteurope.org\\\/awarding-the-voices-of-empowerment\\\/#breadcrumb\"},\"inLanguage\":\"fr-FR\",\"potentialAction\":[{\"@type\":\"ReadAction\",\"target\":[\"https:\\\/\\\/www.soroptimisteurope.org\\\/awarding-the-voices-of-empowerment\\\/\"]}]},{\"@type\":\"ImageObject\",\"inLanguage\":\"fr-FR\",\"@id\":\"https:\\\/\\\/www.soroptimisteurope.org\\\/awarding-the-voices-of-empowerment\\\/#primaryimage\",\"url\":\"https:\\\/\\\/www.soroptimisteurope.org\\\/wp-content\\\/uploads\\\/2025\\\/04\\\/untitled-design-13-3.png\",\"contentUrl\":\"https:\\\/\\\/www.soroptimisteurope.org\\\/wp-content\\\/uploads\\\/2025\\\/04\\\/untitled-design-13-3.png\",\"width\":1250,\"height\":300},{\"@type\":\"BreadcrumbList\",\"@id\":\"https:\\\/\\\/www.soroptimisteurope.org\\\/awarding-the-voices-of-empowerment\\\/#breadcrumb\",\"itemListElement\":[{\"@type\":\"ListItem\",\"position\":1,\"name\":\"Accueil\",\"item\":\"https:\\\/\\\/www.soroptimisteurope.org\\\/fr\\\/\"},{\"@type\":\"ListItem\",\"position\":2,\"name\":\"R\u00e9compenser les voix de l\u2019\u00e9mancipation\"}]},{\"@type\":\"WebSite\",\"@id\":\"https:\\\/\\\/www.soroptimisteurope.org\\\/#website\",\"url\":\"https:\\\/\\\/www.soroptimisteurope.org\\\/\",\"name\":\"Soroptimist\",\"description\":\"\",\"potentialAction\":[{\"@type\":\"SearchAction\",\"target\":{\"@type\":\"EntryPoint\",\"urlTemplate\":\"https:\\\/\\\/www.soroptimisteurope.org\\\/?s={search_term_string}\"},\"query-input\":{\"@type\":\"PropertyValueSpecification\",\"valueRequired\":true,\"valueName\":\"search_term_string\"}}],\"inLanguage\":\"fr-FR\"},{\"@type\":\"Person\",\"@id\":\"https:\\\/\\\/www.soroptimisteurope.org\\\/#\\\/schema\\\/person\\\/71cb5ee8dc72773ed419609bf2274619\",\"name\":\"Virginie Racine\",\"url\":\"https:\\\/\\\/www.soroptimisteurope.org\\\/fr\\\/author\\\/adminsorop2k21\\\/\"}]}<\/script>\n<!-- \/ Yoast SEO plugin. -->","yoast_head_json":{"title":"R\u00e9compenser les voix de l\u2019\u00e9mancipation - Soroptimist","robots":{"index":"index","follow":"follow","max-snippet":"max-snippet:-1","max-image-preview":"max-image-preview:large","max-video-preview":"max-video-preview:-1"},"canonical":"https:\/\/www.soroptimisteurope.org\/awarding-the-voices-of-empowerment\/","og_locale":"fr_FR","og_type":"article","og_title":"R\u00e9compenser les voix de l\u2019\u00e9mancipation - Soroptimist","og_description":"Le Prix Soroptimist Carla Atzema (Prix\u00a0CAS) met en avant des contributions journalistiques exceptionnelles dans le domaine de l\u2019\u00e9mancipation des femmes. Toute personne qui a eu un impact important en mettant [&hellip;]","og_url":"https:\/\/www.soroptimisteurope.org\/awarding-the-voices-of-empowerment\/","og_site_name":"Soroptimist","article_published_time":"2023-09-29T08:01:38+00:00","article_modified_time":"2025-05-13T09:18:57+00:00","og_image":[{"width":1250,"height":300,"url":"https:\/\/www.soroptimisteurope.org\/wp-content\/uploads\/2025\/04\/untitled-design-13-3.png","type":"image\/png"}],"author":"Virginie Racine","twitter_card":"summary_large_image","twitter_misc":{"\u00c9crit par":"Virginie Racine"},"schema":{"@context":"https:\/\/schema.org","@graph":[{"@type":"Article","@id":"https:\/\/www.soroptimisteurope.org\/awarding-the-voices-of-empowerment\/#article","isPartOf":{"@id":"https:\/\/www.soroptimisteurope.org\/awarding-the-voices-of-empowerment\/"},"author":{"name":"Virginie Racine","@id":"https:\/\/www.soroptimisteurope.org\/#\/schema\/person\/71cb5ee8dc72773ed419609bf2274619"},"headline":"R\u00e9compenser les voix de l\u2019\u00e9mancipation","datePublished":"2023-09-29T08:01:38+00:00","dateModified":"2025-05-13T09:18:57+00:00","mainEntityOfPage":{"@id":"https:\/\/www.soroptimisteurope.org\/awarding-the-voices-of-empowerment\/"},"wordCount":640,"commentCount":0,"image":{"@id":"https:\/\/www.soroptimisteurope.org\/awarding-the-voices-of-empowerment\/#primaryimage"},"thumbnailUrl":"https:\/\/www.soroptimisteurope.org\/wp-content\/uploads\/2025\/04\/untitled-design-13-3.png","articleSection":["Nouvelles"],"inLanguage":"fr-FR","potentialAction":[{"@type":"CommentAction","name":"Comment","target":["https:\/\/www.soroptimisteurope.org\/awarding-the-voices-of-empowerment\/#respond"]}]},{"@type":"WebPage","@id":"https:\/\/www.soroptimisteurope.org\/awarding-the-voices-of-empowerment\/","url":"https:\/\/www.soroptimisteurope.org\/awarding-the-voices-of-empowerment\/","name":"R\u00e9compenser les voix de l\u2019\u00e9mancipation - Soroptimist","isPartOf":{"@id":"https:\/\/www.soroptimisteurope.org\/#website"},"primaryImageOfPage":{"@id":"https:\/\/www.soroptimisteurope.org\/awarding-the-voices-of-empowerment\/#primaryimage"},"image":{"@id":"https:\/\/www.soroptimisteurope.org\/awarding-the-voices-of-empowerment\/#primaryimage"},"thumbnailUrl":"https:\/\/www.soroptimisteurope.org\/wp-content\/uploads\/2025\/04\/untitled-design-13-3.png","datePublished":"2023-09-29T08:01:38+00:00","dateModified":"2025-05-13T09:18:57+00:00","author":{"@id":"https:\/\/www.soroptimisteurope.org\/#\/schema\/person\/71cb5ee8dc72773ed419609bf2274619"},"breadcrumb":{"@id":"https:\/\/www.soroptimisteurope.org\/awarding-the-voices-of-empowerment\/#breadcrumb"},"inLanguage":"fr-FR","potentialAction":[{"@type":"ReadAction","target":["https:\/\/www.soroptimisteurope.org\/awarding-the-voices-of-empowerment\/"]}]},{"@type":"ImageObject","inLanguage":"fr-FR","@id":"https:\/\/www.soroptimisteurope.org\/awarding-the-voices-of-empowerment\/#primaryimage","url":"https:\/\/www.soroptimisteurope.org\/wp-content\/uploads\/2025\/04\/untitled-design-13-3.png","contentUrl":"https:\/\/www.soroptimisteurope.org\/wp-content\/uploads\/2025\/04\/untitled-design-13-3.png","width":1250,"height":300},{"@type":"BreadcrumbList","@id":"https:\/\/www.soroptimisteurope.org\/awarding-the-voices-of-empowerment\/#breadcrumb","itemListElement":[{"@type":"ListItem","position":1,"name":"Accueil","item":"https:\/\/www.soroptimisteurope.org\/fr\/"},{"@type":"ListItem","position":2,"name":"R\u00e9compenser les voix de l\u2019\u00e9mancipation"}]},{"@type":"WebSite","@id":"https:\/\/www.soroptimisteurope.org\/#website","url":"https:\/\/www.soroptimisteurope.org\/","name":"Soroptimist","description":"","potentialAction":[{"@type":"SearchAction","target":{"@type":"EntryPoint","urlTemplate":"https:\/\/www.soroptimisteurope.org\/?s={search_term_string}"},"query-input":{"@type":"PropertyValueSpecification","valueRequired":true,"valueName":"search_term_string"}}],"inLanguage":"fr-FR"},{"@type":"Person","@id":"https:\/\/www.soroptimisteurope.org\/#\/schema\/person\/71cb5ee8dc72773ed419609bf2274619","name":"Virginie Racine","url":"https:\/\/www.soroptimisteurope.org\/fr\/author\/adminsorop2k21\/"}]}},"_links":{"self":[{"href":"https:\/\/www.soroptimisteurope.org\/fr\/wp-json\/wp\/v2\/posts\/26538","targetHints":{"allow":["GET"]}}],"collection":[{"href":"https:\/\/www.soroptimisteurope.org\/fr\/wp-json\/wp\/v2\/posts"}],"about":[{"href":"https:\/\/www.soroptimisteurope.org\/fr\/wp-json\/wp\/v2\/types\/post"}],"author":[{"embeddable":true,"href":"https:\/\/www.soroptimisteurope.org\/fr\/wp-json\/wp\/v2\/users\/5"}],"replies":[{"embeddable":true,"href":"https:\/\/www.soroptimisteurope.org\/fr\/wp-json\/wp\/v2\/comments?post=26538"}],"version-history":[{"count":7,"href":"https:\/\/www.soroptimisteurope.org\/fr\/wp-json\/wp\/v2\/posts\/26538\/revisions"}],"predecessor-version":[{"id":41907,"href":"https:\/\/www.soroptimisteurope.org\/fr\/wp-json\/wp\/v2\/posts\/26538\/revisions\/41907"}],"wp:featuredmedia":[{"embeddable":true,"href":"https:\/\/www.soroptimisteurope.org\/fr\/wp-json\/wp\/v2\/media\/39343"}],"wp:attachment":[{"href":"https:\/\/www.soroptimisteurope.org\/fr\/wp-json\/wp\/v2\/media?parent=26538"}],"wp:term":[{"taxonomy":"category","embeddable":true,"href":"https:\/\/www.soroptimisteurope.org\/fr\/wp-json\/wp\/v2\/categories?post=26538"},{"taxonomy":"post_tag","embeddable":true,"href":"https:\/\/www.soroptimisteurope.org\/fr\/wp-json\/wp\/v2\/tags?post=26538"}],"curies":[{"name":"wp","href":"https:\/\/api.w.org\/{rel}","templated":true}]}}