{"id":26655,"date":"2023-10-27T07:33:07","date_gmt":"2023-10-27T06:33:07","guid":{"rendered":"https:\/\/www.soroptimisteurope.org\/?p=26655"},"modified":"2025-05-13T11:18:57","modified_gmt":"2025-05-13T09:18:57","slug":"bureau-du-sie-2024-2025","status":"publish","type":"post","link":"https:\/\/www.soroptimisteurope.org\/fr\/bureau-du-sie-2024-2025\/","title":{"rendered":"Bureau du SIE 2024-2025"},"content":{"rendered":"<table width=\"801\">\n<tbody>\n<tr>\n<td width=\"329\">Hafd\u00eds Karlsd\u00f3ttir<\/td>\n<td width=\"466\">Pr\u00e9sidente du SIE \/ <span style=\"font-family: inherit; font-size: inherit;\">SI Islande<\/span><\/td>\n<\/tr>\n<tr>\n<td width=\"329\">Sabine Reimann<\/td>\n<td width=\"466\">Pr\u00e9sidente \u00e9lue du SIE \/ SI Allemagne<\/td>\n<\/tr>\n<tr>\n<td width=\"329\">Carolien Demey<\/td>\n<td width=\"466\">Pr\u00e9sidente sortante du SIE \/ <span style=\"font-family: inherit; font-size: inherit;\">SI Belgique<\/span><\/td>\n<\/tr>\n<tr>\n<td width=\"329\">Maria Isabel Mendes Pereira<\/td>\n<td width=\"466\">Tr\u00e9sori\u00e8re du SIE \/ SI Portugal<\/td>\n<\/tr>\n<tr>\n<td width=\"329\">Mihaela Aquelius<\/td>\n<td width=\"466\">Secr\u00e9taire G\u00e9n\u00e9rale du SIE\/ SI Su\u00e8de<\/td>\n<\/tr>\n<tr>\n<td width=\"329\">Rita Nogueira Ramos<\/td>\n<td width=\"466\">Vice-Pr\u00e9sidente du SIE \/ SI Portugal<\/td>\n<\/tr>\n<tr>\n<td width=\"329\">Judica van Riessen<\/td>\n<td width=\"466\">Vice-Pr\u00e9sidente du SIE \/ SI Pays-Bas &#038; Suriname, Cura\u00e7ao<\/td>\n<\/tr>\n<tr>\n<td width=\"329\">Inge Scholte<\/td>\n<td width=\"466\">Directrice de Programme du SIE \/ SI Belgique<\/td>\n<\/tr>\n<tr>\n<td width=\"329\">Jitka Kratochv\u00edlov\u00e1<\/td>\n<td width=\"466\">Directrice de Programme Adjointe du SIE \/ SI R\u00e9publique tch\u00e8que<\/td>\n<\/tr>\n<tr>\n<td width=\"329\">Flavia Pozzolini<\/td>\n<td width=\"466\">Pr\u00e9sidente de la Commission des Statuts et R\u00e8glement interne du SIE \/ SI Italie<\/td>\n<\/tr>\n<tr>\n<td width=\"329\">Ina Dorfman<\/td>\n<td width=\"466\">Membre de la Commission des Statuts et R\u00e8glement interne du SIE \/ SI Danemark<\/td>\n<\/tr>\n<tr>\n<td width=\"329\">Margrit Weber-Scherrer<\/td>\n<td width=\"466\">Membre de la Commission des Statuts et R\u00e8glement interne du SIE \/ SI Suisse<\/td>\n<\/tr>\n<tr>\n<td width=\"329\">Alice Even<\/td>\n<td width=\"466\">Pr\u00e9sidente de la Commission d&rsquo;Extension du SIE \/ SI Luxembourg<\/td>\n<\/tr>\n<tr>\n<td width=\"329\">Laura Marelli<\/td>\n<td width=\"466\">Membre de la Commission d&rsquo;Extension du SIE \/ SI Italie<\/td>\n<\/tr>\n<tr>\n<td width=\"329\">Marianne Wehmeijer<\/td>\n<td width=\"466\">Membre de la Commission d&rsquo;Extension du SIE \/ SI Pays-Bas &#038; Suriname, Cura\u00e7ao<\/td>\n<\/tr>\n<tr>\n<td width=\"329\">Christina Duwe<\/td>\n<td width=\"466\">Pr\u00e9sidente de la Commission des Bourses et du Mentorat du SIE\/ SI Norv\u00e8ge<\/td>\n<\/tr>\n<tr>\n<td width=\"329\">Melek Berkem<\/td>\n<td width=\"466\">Membre de la Commission des Bourses et du Mentorat du SIE \/ SI Turquie<\/td>\n<\/tr>\n<tr>\n<td width=\"329\">Elena Savu<\/td>\n<td width=\"466\">Membre de la Commission des Bourses et du Mentorat du SIE \/ SI Roumanie<\/td>\n<\/tr>\n<tr>\n<td width=\"329\">Regine V\u00f6gele<\/td>\n<td width=\"466\">Cont\u00f4leuse des Finances du SIE \/ SI Autriche<\/td>\n<\/tr>\n<tr>\n<td width=\"329\">Regine van Tomme<\/td>\n<td width=\"466\">Responsable de la Communication du SIE \/ SI Belgique<\/td>\n<\/tr>\n<tr>\n<td width=\"329\">Gertrud \u00c5str\u00f6m<\/td>\n<td width=\"466\">Repr\u00e9sentante du SIE aupr\u00e8s du LEF \/ SI Su\u00e8de<\/td>\n<\/tr>\n<tr>\n<td width=\"329\">Claudia Deiss<\/td>\n<td width=\"466\">Repr\u00e9sentante du SIE aupr\u00e8s de l&rsquo;OSCE de Vienne \/ SI Autriche<\/td>\n<\/tr>\n<tr>\n<td width=\"329\">Anna Wszelaczy\u0144ska<\/td>\n<td width=\"466\">Repr\u00e9sentante du SIE aupr\u00e8s de l&rsquo;OSCE de Varsovie \/ SI Pologne<\/td>\n<\/tr>\n<tr>\n<td width=\"329\">Jutta Gablitzka<\/td>\n<td width=\"466\">Repr\u00e9sentante du SIE aupr\u00e8s du CdE \/ SI Allemagne<\/td>\n<\/tr>\n<tr>\n<td width=\"329\">Gerda Huisman<\/td>\n<td width=\"466\">Nomm\u00e9e sp\u00e9ciale Archiviste du SIE \/ SI Pays-Bas &#038; Suriname, Cura\u00e7ao<\/td>\n<\/tr>\n<tr>\n<td width=\"329\"><\/td>\n<td width=\"466\"><\/td>\n<\/tr>\n<\/tbody>\n<\/table>\n","protected":false},"excerpt":{"rendered":"<p>F\u00e9licitations \u00e0 tous les membres du Bureau du SIE 2024-2025, \u00e9lus lors de la r\u00e9union des Gouverneures 2023 !<\/p>\n","protected":false},"author":5,"featured_media":39356,"comment_status":"open","ping_status":"open","sticky":false,"template":"","format":"standard","meta":{"_acf_changed":false,"give_campaign_id":0,"footnotes":""},"categories":[129],"tags":[],"class_list":["post-26655","post","type-post","status-publish","format-standard","has-post-thumbnail","hentry","category-nouvelles"],"acf":{"article_photo_de_couverture":false,"article_chapeau":"<p>F\u00e9licitations \u00e0 tous les membres du Bureau du SIE 2024-2025, \u00e9lus lors de la r\u00e9union des Gouverneures 2023 !<\/p>\n","article_contenu":[{"article_titre_du_paragraphe":"","article_paragraphe":"<table width=\"801\">\n<tbody>\n<tr>\n<td width=\"329\">Hafd\u00eds Karlsd\u00f3ttir<\/td>\n<td width=\"466\">Pr\u00e9sidente du SIE \/ <span style=\"font-family: inherit; font-size: inherit;\">SI Islande<\/span><\/td>\n<\/tr>\n<tr>\n<td width=\"329\">Sabine Reimann<\/td>\n<td width=\"466\">Pr\u00e9sidente \u00e9lue du SIE \/ SI Allemagne<\/td>\n<\/tr>\n<tr>\n<td width=\"329\">Carolien Demey<\/td>\n<td width=\"466\">Pr\u00e9sidente sortante du SIE \/ <span style=\"font-family: inherit; font-size: inherit;\">SI Belgique<\/span><\/td>\n<\/tr>\n<tr>\n<td width=\"329\">Maria Isabel Mendes Pereira<\/td>\n<td width=\"466\">Tr\u00e9sori\u00e8re du SIE \/ SI Portugal<\/td>\n<\/tr>\n<tr>\n<td width=\"329\">Mihaela Aquelius<\/td>\n<td width=\"466\">Secr\u00e9taire G\u00e9n\u00e9rale du SIE\/ SI Su\u00e8de<\/td>\n<\/tr>\n<tr>\n<td width=\"329\">Rita Nogueira Ramos<\/td>\n<td width=\"466\">Vice-Pr\u00e9sidente du SIE \/ SI Portugal<\/td>\n<\/tr>\n<tr>\n<td width=\"329\">Judica van Riessen<\/td>\n<td width=\"466\">Vice-Pr\u00e9sidente du SIE \/ SI Pays-Bas &amp; Suriname, Cura\u00e7ao<\/td>\n<\/tr>\n<tr>\n<td width=\"329\">Inge Scholte<\/td>\n<td width=\"466\">Directrice de Programme du SIE \/ SI Belgique<\/td>\n<\/tr>\n<tr>\n<td width=\"329\">Jitka Kratochv\u00edlov\u00e1<\/td>\n<td width=\"466\">Directrice de Programme Adjointe du SIE \/ SI R\u00e9publique tch\u00e8que<\/td>\n<\/tr>\n<tr>\n<td width=\"329\">Flavia Pozzolini<\/td>\n<td width=\"466\">Pr\u00e9sidente de la Commission des Statuts et R\u00e8glement interne du SIE \/ SI Italie<\/td>\n<\/tr>\n<tr>\n<td width=\"329\">Ina Dorfman<\/td>\n<td width=\"466\">Membre de la Commission des Statuts et R\u00e8glement interne du SIE \/ SI Danemark<\/td>\n<\/tr>\n<tr>\n<td width=\"329\">Margrit Weber-Scherrer<\/td>\n<td width=\"466\">Membre de la Commission des Statuts et R\u00e8glement interne du SIE \/ SI Suisse<\/td>\n<\/tr>\n<tr>\n<td width=\"329\">Alice Even<\/td>\n<td width=\"466\">Pr\u00e9sidente de la Commission d&rsquo;Extension du SIE \/ SI Luxembourg<\/td>\n<\/tr>\n<tr>\n<td width=\"329\">Laura Marelli<\/td>\n<td width=\"466\">Membre de la Commission d&rsquo;Extension du SIE \/ SI Italie<\/td>\n<\/tr>\n<tr>\n<td width=\"329\">Marianne Wehmeijer<\/td>\n<td width=\"466\">Membre de la Commission d&rsquo;Extension du SIE \/ SI Pays-Bas &amp; Suriname, Cura\u00e7ao<\/td>\n<\/tr>\n<tr>\n<td width=\"329\">Christina Duwe<\/td>\n<td width=\"466\">Pr\u00e9sidente de la Commission des Bourses et du Mentorat du SIE\/ SI Norv\u00e8ge<\/td>\n<\/tr>\n<tr>\n<td width=\"329\">Melek Berkem<\/td>\n<td width=\"466\">Membre de la Commission des Bourses et du Mentorat du SIE \/ SI Turquie<\/td>\n<\/tr>\n<tr>\n<td width=\"329\">Elena Savu<\/td>\n<td width=\"466\">Membre de la Commission des Bourses et du Mentorat du SIE \/ SI Roumanie<\/td>\n<\/tr>\n<tr>\n<td width=\"329\">Regine V\u00f6gele<\/td>\n<td width=\"466\">Cont\u00f4leuse des Finances du SIE \/ SI Autriche<\/td>\n<\/tr>\n<tr>\n<td width=\"329\">Regine van Tomme<\/td>\n<td width=\"466\">Responsable de la Communication du SIE \/ SI Belgique<\/td>\n<\/tr>\n<tr>\n<td width=\"329\">Gertrud \u00c5str\u00f6m<\/td>\n<td width=\"466\">Repr\u00e9sentante du SIE aupr\u00e8s du LEF \/ SI Su\u00e8de<\/td>\n<\/tr>\n<tr>\n<td width=\"329\">Claudia Deiss<\/td>\n<td width=\"466\">Repr\u00e9sentante du SIE aupr\u00e8s de l&rsquo;OSCE de Vienne \/ SI Autriche<\/td>\n<\/tr>\n<tr>\n<td width=\"329\">Anna Wszelaczy\u0144ska<\/td>\n<td width=\"466\">Repr\u00e9sentante du SIE aupr\u00e8s de l&rsquo;OSCE de Varsovie \/ SI Pologne<\/td>\n<\/tr>\n<tr>\n<td width=\"329\">Jutta Gablitzka<\/td>\n<td width=\"466\">Repr\u00e9sentante du SIE aupr\u00e8s du CdE \/ SI Allemagne<\/td>\n<\/tr>\n<tr>\n<td width=\"329\">Gerda Huisman<\/td>\n<td width=\"466\">Nomm\u00e9e sp\u00e9ciale Archiviste du SIE \/ SI Pays-Bas &amp; Suriname, Cura\u00e7ao<\/td>\n<\/tr>\n<tr>\n<td width=\"329\"><\/td>\n<td width=\"466\"><\/td>\n<\/tr>\n<\/tbody>\n<\/table>\n","article_media_image":false,"article_media_video":""}],"article_trombinoscope":false,"article_video":"","article_evenements_sociaux":false,"article_auteur_texte":"","article_nom_contact":"","article_email_contact":"","article_numero_contact":"","article_documents":false,"article_actualites_liees":false},"yoast_head":"<!-- This site is optimized with the Yoast SEO plugin v27.4 - https:\/\/yoast.com\/product\/yoast-seo-wordpress\/ -->\n<title>Bureau du SIE 2024-2025 - Soroptimist<\/title>\n<meta name=\"robots\" content=\"index, follow, max-snippet:-1, max-image-preview:large, max-video-preview:-1\" \/>\n<link rel=\"canonical\" href=\"https:\/\/www.soroptimisteurope.org\/sie-board-2024-2025\/\" \/>\n<meta property=\"og:locale\" content=\"fr_FR\" \/>\n<meta property=\"og:type\" content=\"article\" \/>\n<meta property=\"og:title\" content=\"Bureau du SIE 2024-2025 - Soroptimist\" \/>\n<meta property=\"og:description\" content=\"F\u00e9licitations \u00e0 tous les membres du Bureau du SIE 2024-2025, \u00e9lus lors de la r\u00e9union des Gouverneures 2023 !\" \/>\n<meta property=\"og:url\" content=\"https:\/\/www.soroptimisteurope.org\/sie-board-2024-2025\/\" \/>\n<meta property=\"og:site_name\" content=\"Soroptimist\" \/>\n<meta property=\"article:published_time\" content=\"2023-10-27T06:33:07+00:00\" \/>\n<meta property=\"article:modified_time\" content=\"2025-05-13T09:18:57+00:00\" \/>\n<meta property=\"og:image\" content=\"https:\/\/www.soroptimisteurope.org\/wp-content\/uploads\/2025\/04\/sie-new-board-2024-2025-1250-x-300-px-1.png\" \/>\n\t<meta property=\"og:image:width\" content=\"1250\" \/>\n\t<meta property=\"og:image:height\" content=\"300\" \/>\n\t<meta property=\"og:image:type\" content=\"image\/png\" \/>\n<meta name=\"author\" content=\"Virginie Racine\" \/>\n<meta name=\"twitter:card\" content=\"summary_large_image\" \/>\n<meta name=\"twitter:label1\" content=\"\u00c9crit par\" \/>\n\t<meta name=\"twitter:data1\" content=\"Virginie Racine\" \/>\n<script type=\"application\/ld+json\" class=\"yoast-schema-graph\">{\"@context\":\"https:\\\/\\\/schema.org\",\"@graph\":[{\"@type\":\"Article\",\"@id\":\"https:\\\/\\\/www.soroptimisteurope.org\\\/sie-board-2024-2025\\\/#article\",\"isPartOf\":{\"@id\":\"https:\\\/\\\/www.soroptimisteurope.org\\\/sie-board-2024-2025\\\/\"},\"author\":{\"name\":\"Virginie Racine\",\"@id\":\"https:\\\/\\\/www.soroptimisteurope.org\\\/#\\\/schema\\\/person\\\/71cb5ee8dc72773ed419609bf2274619\"},\"headline\":\"Bureau du SIE 2024-2025\",\"datePublished\":\"2023-10-27T06:33:07+00:00\",\"dateModified\":\"2025-05-13T09:18:57+00:00\",\"mainEntityOfPage\":{\"@id\":\"https:\\\/\\\/www.soroptimisteurope.org\\\/sie-board-2024-2025\\\/\"},\"wordCount\":328,\"commentCount\":0,\"image\":{\"@id\":\"https:\\\/\\\/www.soroptimisteurope.org\\\/sie-board-2024-2025\\\/#primaryimage\"},\"thumbnailUrl\":\"https:\\\/\\\/www.soroptimisteurope.org\\\/wp-content\\\/uploads\\\/2025\\\/04\\\/sie-new-board-2024-2025-1250-x-300-px-1.png\",\"articleSection\":[\"Nouvelles\"],\"inLanguage\":\"fr-FR\",\"potentialAction\":[{\"@type\":\"CommentAction\",\"name\":\"Comment\",\"target\":[\"https:\\\/\\\/www.soroptimisteurope.org\\\/sie-board-2024-2025\\\/#respond\"]}]},{\"@type\":\"WebPage\",\"@id\":\"https:\\\/\\\/www.soroptimisteurope.org\\\/sie-board-2024-2025\\\/\",\"url\":\"https:\\\/\\\/www.soroptimisteurope.org\\\/sie-board-2024-2025\\\/\",\"name\":\"Bureau du SIE 2024-2025 - Soroptimist\",\"isPartOf\":{\"@id\":\"https:\\\/\\\/www.soroptimisteurope.org\\\/#website\"},\"primaryImageOfPage\":{\"@id\":\"https:\\\/\\\/www.soroptimisteurope.org\\\/sie-board-2024-2025\\\/#primaryimage\"},\"image\":{\"@id\":\"https:\\\/\\\/www.soroptimisteurope.org\\\/sie-board-2024-2025\\\/#primaryimage\"},\"thumbnailUrl\":\"https:\\\/\\\/www.soroptimisteurope.org\\\/wp-content\\\/uploads\\\/2025\\\/04\\\/sie-new-board-2024-2025-1250-x-300-px-1.png\",\"datePublished\":\"2023-10-27T06:33:07+00:00\",\"dateModified\":\"2025-05-13T09:18:57+00:00\",\"author\":{\"@id\":\"https:\\\/\\\/www.soroptimisteurope.org\\\/#\\\/schema\\\/person\\\/71cb5ee8dc72773ed419609bf2274619\"},\"breadcrumb\":{\"@id\":\"https:\\\/\\\/www.soroptimisteurope.org\\\/sie-board-2024-2025\\\/#breadcrumb\"},\"inLanguage\":\"fr-FR\",\"potentialAction\":[{\"@type\":\"ReadAction\",\"target\":[\"https:\\\/\\\/www.soroptimisteurope.org\\\/sie-board-2024-2025\\\/\"]}]},{\"@type\":\"ImageObject\",\"inLanguage\":\"fr-FR\",\"@id\":\"https:\\\/\\\/www.soroptimisteurope.org\\\/sie-board-2024-2025\\\/#primaryimage\",\"url\":\"https:\\\/\\\/www.soroptimisteurope.org\\\/wp-content\\\/uploads\\\/2025\\\/04\\\/sie-new-board-2024-2025-1250-x-300-px-1.png\",\"contentUrl\":\"https:\\\/\\\/www.soroptimisteurope.org\\\/wp-content\\\/uploads\\\/2025\\\/04\\\/sie-new-board-2024-2025-1250-x-300-px-1.png\",\"width\":1250,\"height\":300},{\"@type\":\"BreadcrumbList\",\"@id\":\"https:\\\/\\\/www.soroptimisteurope.org\\\/sie-board-2024-2025\\\/#breadcrumb\",\"itemListElement\":[{\"@type\":\"ListItem\",\"position\":1,\"name\":\"Accueil\",\"item\":\"https:\\\/\\\/www.soroptimisteurope.org\\\/fr\\\/\"},{\"@type\":\"ListItem\",\"position\":2,\"name\":\"Bureau du SIE 2024-2025\"}]},{\"@type\":\"WebSite\",\"@id\":\"https:\\\/\\\/www.soroptimisteurope.org\\\/#website\",\"url\":\"https:\\\/\\\/www.soroptimisteurope.org\\\/\",\"name\":\"Soroptimist\",\"description\":\"\",\"potentialAction\":[{\"@type\":\"SearchAction\",\"target\":{\"@type\":\"EntryPoint\",\"urlTemplate\":\"https:\\\/\\\/www.soroptimisteurope.org\\\/?s={search_term_string}\"},\"query-input\":{\"@type\":\"PropertyValueSpecification\",\"valueRequired\":true,\"valueName\":\"search_term_string\"}}],\"inLanguage\":\"fr-FR\"},{\"@type\":\"Person\",\"@id\":\"https:\\\/\\\/www.soroptimisteurope.org\\\/#\\\/schema\\\/person\\\/71cb5ee8dc72773ed419609bf2274619\",\"name\":\"Virginie Racine\",\"url\":\"https:\\\/\\\/www.soroptimisteurope.org\\\/fr\\\/author\\\/adminsorop2k21\\\/\"}]}<\/script>\n<!-- \/ Yoast SEO plugin. -->","yoast_head_json":{"title":"Bureau du SIE 2024-2025 - Soroptimist","robots":{"index":"index","follow":"follow","max-snippet":"max-snippet:-1","max-image-preview":"max-image-preview:large","max-video-preview":"max-video-preview:-1"},"canonical":"https:\/\/www.soroptimisteurope.org\/sie-board-2024-2025\/","og_locale":"fr_FR","og_type":"article","og_title":"Bureau du SIE 2024-2025 - Soroptimist","og_description":"F\u00e9licitations \u00e0 tous les membres du Bureau du SIE 2024-2025, \u00e9lus lors de la r\u00e9union des Gouverneures 2023 !","og_url":"https:\/\/www.soroptimisteurope.org\/sie-board-2024-2025\/","og_site_name":"Soroptimist","article_published_time":"2023-10-27T06:33:07+00:00","article_modified_time":"2025-05-13T09:18:57+00:00","og_image":[{"width":1250,"height":300,"url":"https:\/\/www.soroptimisteurope.org\/wp-content\/uploads\/2025\/04\/sie-new-board-2024-2025-1250-x-300-px-1.png","type":"image\/png"}],"author":"Virginie Racine","twitter_card":"summary_large_image","twitter_misc":{"\u00c9crit par":"Virginie Racine"},"schema":{"@context":"https:\/\/schema.org","@graph":[{"@type":"Article","@id":"https:\/\/www.soroptimisteurope.org\/sie-board-2024-2025\/#article","isPartOf":{"@id":"https:\/\/www.soroptimisteurope.org\/sie-board-2024-2025\/"},"author":{"name":"Virginie Racine","@id":"https:\/\/www.soroptimisteurope.org\/#\/schema\/person\/71cb5ee8dc72773ed419609bf2274619"},"headline":"Bureau du SIE 2024-2025","datePublished":"2023-10-27T06:33:07+00:00","dateModified":"2025-05-13T09:18:57+00:00","mainEntityOfPage":{"@id":"https:\/\/www.soroptimisteurope.org\/sie-board-2024-2025\/"},"wordCount":328,"commentCount":0,"image":{"@id":"https:\/\/www.soroptimisteurope.org\/sie-board-2024-2025\/#primaryimage"},"thumbnailUrl":"https:\/\/www.soroptimisteurope.org\/wp-content\/uploads\/2025\/04\/sie-new-board-2024-2025-1250-x-300-px-1.png","articleSection":["Nouvelles"],"inLanguage":"fr-FR","potentialAction":[{"@type":"CommentAction","name":"Comment","target":["https:\/\/www.soroptimisteurope.org\/sie-board-2024-2025\/#respond"]}]},{"@type":"WebPage","@id":"https:\/\/www.soroptimisteurope.org\/sie-board-2024-2025\/","url":"https:\/\/www.soroptimisteurope.org\/sie-board-2024-2025\/","name":"Bureau du SIE 2024-2025 - Soroptimist","isPartOf":{"@id":"https:\/\/www.soroptimisteurope.org\/#website"},"primaryImageOfPage":{"@id":"https:\/\/www.soroptimisteurope.org\/sie-board-2024-2025\/#primaryimage"},"image":{"@id":"https:\/\/www.soroptimisteurope.org\/sie-board-2024-2025\/#primaryimage"},"thumbnailUrl":"https:\/\/www.soroptimisteurope.org\/wp-content\/uploads\/2025\/04\/sie-new-board-2024-2025-1250-x-300-px-1.png","datePublished":"2023-10-27T06:33:07+00:00","dateModified":"2025-05-13T09:18:57+00:00","author":{"@id":"https:\/\/www.soroptimisteurope.org\/#\/schema\/person\/71cb5ee8dc72773ed419609bf2274619"},"breadcrumb":{"@id":"https:\/\/www.soroptimisteurope.org\/sie-board-2024-2025\/#breadcrumb"},"inLanguage":"fr-FR","potentialAction":[{"@type":"ReadAction","target":["https:\/\/www.soroptimisteurope.org\/sie-board-2024-2025\/"]}]},{"@type":"ImageObject","inLanguage":"fr-FR","@id":"https:\/\/www.soroptimisteurope.org\/sie-board-2024-2025\/#primaryimage","url":"https:\/\/www.soroptimisteurope.org\/wp-content\/uploads\/2025\/04\/sie-new-board-2024-2025-1250-x-300-px-1.png","contentUrl":"https:\/\/www.soroptimisteurope.org\/wp-content\/uploads\/2025\/04\/sie-new-board-2024-2025-1250-x-300-px-1.png","width":1250,"height":300},{"@type":"BreadcrumbList","@id":"https:\/\/www.soroptimisteurope.org\/sie-board-2024-2025\/#breadcrumb","itemListElement":[{"@type":"ListItem","position":1,"name":"Accueil","item":"https:\/\/www.soroptimisteurope.org\/fr\/"},{"@type":"ListItem","position":2,"name":"Bureau du SIE 2024-2025"}]},{"@type":"WebSite","@id":"https:\/\/www.soroptimisteurope.org\/#website","url":"https:\/\/www.soroptimisteurope.org\/","name":"Soroptimist","description":"","potentialAction":[{"@type":"SearchAction","target":{"@type":"EntryPoint","urlTemplate":"https:\/\/www.soroptimisteurope.org\/?s={search_term_string}"},"query-input":{"@type":"PropertyValueSpecification","valueRequired":true,"valueName":"search_term_string"}}],"inLanguage":"fr-FR"},{"@type":"Person","@id":"https:\/\/www.soroptimisteurope.org\/#\/schema\/person\/71cb5ee8dc72773ed419609bf2274619","name":"Virginie Racine","url":"https:\/\/www.soroptimisteurope.org\/fr\/author\/adminsorop2k21\/"}]}},"_links":{"self":[{"href":"https:\/\/www.soroptimisteurope.org\/fr\/wp-json\/wp\/v2\/posts\/26655","targetHints":{"allow":["GET"]}}],"collection":[{"href":"https:\/\/www.soroptimisteurope.org\/fr\/wp-json\/wp\/v2\/posts"}],"about":[{"href":"https:\/\/www.soroptimisteurope.org\/fr\/wp-json\/wp\/v2\/types\/post"}],"author":[{"embeddable":true,"href":"https:\/\/www.soroptimisteurope.org\/fr\/wp-json\/wp\/v2\/users\/5"}],"replies":[{"embeddable":true,"href":"https:\/\/www.soroptimisteurope.org\/fr\/wp-json\/wp\/v2\/comments?post=26655"}],"version-history":[{"count":2,"href":"https:\/\/www.soroptimisteurope.org\/fr\/wp-json\/wp\/v2\/posts\/26655\/revisions"}],"predecessor-version":[{"id":34514,"href":"https:\/\/www.soroptimisteurope.org\/fr\/wp-json\/wp\/v2\/posts\/26655\/revisions\/34514"}],"wp:featuredmedia":[{"embeddable":true,"href":"https:\/\/www.soroptimisteurope.org\/fr\/wp-json\/wp\/v2\/media\/39356"}],"wp:attachment":[{"href":"https:\/\/www.soroptimisteurope.org\/fr\/wp-json\/wp\/v2\/media?parent=26655"}],"wp:term":[{"taxonomy":"category","embeddable":true,"href":"https:\/\/www.soroptimisteurope.org\/fr\/wp-json\/wp\/v2\/categories?post=26655"},{"taxonomy":"post_tag","embeddable":true,"href":"https:\/\/www.soroptimisteurope.org\/fr\/wp-json\/wp\/v2\/tags?post=26655"}],"curies":[{"name":"wp","href":"https:\/\/api.w.org\/{rel}","templated":true}]}}