{"id":26670,"date":"2023-10-31T13:38:50","date_gmt":"2023-10-31T12:38:50","guid":{"rendered":"https:\/\/www.soroptimisteurope.org\/?p=26670"},"modified":"2025-05-13T11:18:57","modified_gmt":"2025-05-13T09:18:57","slug":"compte-a-rebours-pour-la-campagne-read-the-signs-de-2023","status":"publish","type":"post","link":"https:\/\/www.soroptimisteurope.org\/fr\/compte-a-rebours-pour-la-campagne-read-the-signs-de-2023\/","title":{"rendered":"Compte \u00e0 rebours pour la campagne \u00ab\u00a0READ THE SIGNS\u00a0\u00bb de\u00a02023"},"content":{"rendered":"<p>Notre plus importante campagne de l\u2019ann\u00e9e va bient\u00f4t commencer\u00a0! Dans quelques semaines seulement, nous lancerons notre contribution \u00e0 la campagne Orangez le monde des Nations Unies.<\/p>\n<p>&nbsp;<\/p>\n<p>Du 25\u00a0novembre au 10\u00a0d\u00e9cembre, des personnes s\u2019uniront partout dans le monde dans le cadre des <a href=\"https:\/\/www.unwomen.org\/fr\/what-we-do\/ending-violence-against-women\/unite\/16-days-of-activism\">16 jours d&rsquo;activisme<\/a> afin de contribuer \u00e0 la pr\u00e9vention de la violence \u00e0 l\u2019\u00e9gard des femmes et des filles.<\/p>\n<p>&nbsp;<\/p>\n<p><img fetchpriority=\"high\" decoding=\"async\" class=\"alignnone wp-image-26096\" src=\"https:\/\/www.soroptimisteurope.org\/wp-content\/uploads\/2023\/06\/banner-vaw-orange-days-2022-fr.png\" alt=\"\" width=\"648\" height=\"268\" srcset=\"https:\/\/www.soroptimisteurope.org\/wp-content\/uploads\/2023\/06\/banner-vaw-orange-days-2022-fr.png 4819w, https:\/\/www.soroptimisteurope.org\/wp-content\/uploads\/2023\/06\/banner-vaw-orange-days-2022-fr-300x124.png 300w, https:\/\/www.soroptimisteurope.org\/wp-content\/uploads\/2023\/06\/banner-vaw-orange-days-2022-fr-1024x422.png 1024w, https:\/\/www.soroptimisteurope.org\/wp-content\/uploads\/2023\/06\/banner-vaw-orange-days-2022-fr-768x316.png 768w, https:\/\/www.soroptimisteurope.org\/wp-content\/uploads\/2023\/06\/banner-vaw-orange-days-2022-fr-1536x632.png 1536w, https:\/\/www.soroptimisteurope.org\/wp-content\/uploads\/2023\/06\/banner-vaw-orange-days-2022-fr-2048x843.png 2048w\" sizes=\"(max-width: 648px) 100vw, 648px\" \/><\/p>\n<p>&nbsp;<\/p>\n<p>En tirant parti du succ\u00e8s de notre innovante campagne \u00ab\u00a0READ THE SIGNS\u00a0\u00bb (LIRE LES SIGNES) de l\u2019an dernier, qui a \u00e9t\u00e9 officiellement soutenue par ONU\u00a0Femmes, nous avons int\u00e9gr\u00e9 cette ann\u00e9e un nouvel aspect essentiel\u00a0: la sant\u00e9 mentale. Vous pouvez r\u00e9utiliser tous les documents existants pr\u00e9par\u00e9s pour la campagne de l\u2019ann\u00e9e derni\u00e8re, ainsi que six nouvelles vid\u00e9os cr\u00e9\u00e9es par notre \u00e9quipe Communication, qui sont disponibles sur l\u2019extranet. Vous trouverez plus d\u2019informations sur la campagne\u00a02023 en cliquant ici\u00a0: <a href=\"https:\/\/www.soroptimisteurope.org\/fr\/la-campagne-read-the-signs-innove-en-2023\/\">La campagne READ THE SIGNS innove en 2023<\/a>.<\/p>\n<p>&nbsp;<\/p>\n<p>Mettons encore une fois de l\u2019orange sur toute l\u2019Europe\u00a0!<\/p>\n<p>&nbsp;<\/p>\n<p>Il existe de nombreux moyens d\u2019apporter de la visibilit\u00e9 \u00e0 cette campagne et d\u2019aider les femmes et les filles affect\u00e9es par la violence bas\u00e9e sur le genre\u00a0:<\/p>\n<p>&nbsp;<\/p>\n<ul>\n<li>Le 25\u00a0novembre, des bougies sont souvent allum\u00e9es \u00e0 la m\u00e9moire des victimes ayant succomb\u00e9 \u00e0 des violences bas\u00e9es sur le genre.<\/li>\n<li>Un autre moyen efficace de soutenir la campagne est d\u2019imprimer des brochures, des cartes ou des autocollants indiquant les coordonn\u00e9es de services d\u2019assistance t\u00e9l\u00e9phonique. Ces \u00e9l\u00e9ments peuvent \u00eatre distribu\u00e9s dans votre ville, notamment dans les entreprises, les toilettes publiques, les salles de sport, les h\u00f4pitaux, les pharmacies et les cabinets dentaires.<\/li>\n<li>Vous pouvez envisager d\u2019organiser un \u00e9v\u00e9nement hybride cette ann\u00e9e, en collaboration avec un h\u00f4tel ou une entreprise, en invitant le grand public \u00e0 y assister.<\/li>\n<\/ul>\n<p>&nbsp;<\/p>\n<p>Au SIE, nous proposons le 10 d\u00e9cembre \u00e0 16 heures (heure d\u2019Europe centrale) un webinaire gratuit en anglais, au sujet des filles sur Internet et de la sant\u00e9 mentale. La journaliste, conf\u00e9renci\u00e8re et auteure su\u00e9doise Caroline Engvall partagera ses connaissances sur les crimes commis en ligne.<\/p>\n<p>&nbsp;<\/p>\n<table style=\"height: 360px;\" width=\"652\">\n<tbody>\n<tr>\n<td width=\"200\"><\/td>\n<td width=\"200\"><img decoding=\"async\" class=\"alignnone size-medium wp-image-26684\" src=\"https:\/\/www.soroptimisteurope.org\/wp-content\/uploads\/2023\/10\/picture1.png\" alt=\"\" width=\"201\" height=\"300\" srcset=\"https:\/\/www.soroptimisteurope.org\/wp-content\/uploads\/2023\/10\/picture1.png 339w, https:\/\/www.soroptimisteurope.org\/wp-content\/uploads\/2023\/10\/picture1-201x300.png 201w\" sizes=\"(max-width: 201px) 100vw, 201px\" \/><\/td>\n<td width=\"200\"><\/td>\n<\/tr>\n<\/tbody>\n<\/table>\n<p>Elle abordera notamment les tactiques utilis\u00e9es par les personnes qui s\u2019en rendent coupables, la honte que ressentent les victimes et son impact sur leur sant\u00e9 mentale, et la fa\u00e7on dont les soignants peuvent prot\u00e9ger les filles des effets psychologiques potentiels et les soutenir. Elle s\u2019appuiera sur son exp\u00e9rience en tant qu\u2019auteure de plusieurs livres au sujet de crimes commis sur des enfants aussi bien dans le monde r\u00e9el que dans le monde virtuel, et sur son travail consid\u00e9rable pour aider les filles victimes de crimes en ligne.<\/p>\n<p>&nbsp;<\/p>\n<p style=\"text-align: center;\"><a href=\"https:\/\/us06web.zoom.us\/meeting\/register\/tZYt%20d--tqz4jEtwEhfrmemt8K_1zCEC6dRsL\">S&rsquo;inscrire<\/a><\/p>\n","protected":false},"excerpt":{"rendered":"<p>Notre plus importante campagne de l\u2019ann\u00e9e va bient\u00f4t commencer\u00a0! Dans quelques semaines seulement, nous lancerons notre contribution \u00e0 la campagne Orangez le monde des Nations Unies. &nbsp; Du 25\u00a0novembre au [&hellip;]<\/p>\n","protected":false},"author":5,"featured_media":39374,"comment_status":"open","ping_status":"open","sticky":false,"template":"","format":"standard","meta":{"_acf_changed":false,"give_campaign_id":0,"footnotes":""},"categories":[106],"tags":[],"class_list":["post-26670","post","type-post","status-publish","format-standard","has-post-thumbnail","hentry","category-news"],"acf":{"article_photo_de_couverture":false,"article_chapeau":"","article_contenu":[{"article_titre_du_paragraphe":"","article_paragraphe":"<p>Notre plus importante campagne de l\u2019ann\u00e9e va bient\u00f4t commencer\u00a0! Dans quelques semaines seulement, nous lancerons notre contribution \u00e0 la campagne Orangez le monde des Nations Unies.<\/p>\n<p>&nbsp;<\/p>\n<p>Du 25\u00a0novembre au 10\u00a0d\u00e9cembre, des personnes s\u2019uniront partout dans le monde dans le cadre des <a href=\"https:\/\/www.unwomen.org\/fr\/what-we-do\/ending-violence-against-women\/unite\/16-days-of-activism\">16 jours d&rsquo;activisme<\/a> afin de contribuer \u00e0 la pr\u00e9vention de la violence \u00e0 l\u2019\u00e9gard des femmes et des filles.<\/p>\n<p>&nbsp;<\/p>\n<p><img decoding=\"async\" class=\"alignnone wp-image-26096\" src=\"http:\/\/www.soroptimisteurope.org\/wp-content\/uploads\/2023\/06\/banner-vaw-orange-days-2022-fr-300x124.png\" alt=\"\" width=\"648\" height=\"268\" srcset=\"https:\/\/www.soroptimisteurope.org\/wp-content\/uploads\/2023\/06\/banner-vaw-orange-days-2022-fr-300x124.png 300w, https:\/\/www.soroptimisteurope.org\/wp-content\/uploads\/2023\/06\/banner-vaw-orange-days-2022-fr-1024x422.png 1024w, https:\/\/www.soroptimisteurope.org\/wp-content\/uploads\/2023\/06\/banner-vaw-orange-days-2022-fr-768x316.png 768w, https:\/\/www.soroptimisteurope.org\/wp-content\/uploads\/2023\/06\/banner-vaw-orange-days-2022-fr-1536x632.png 1536w, https:\/\/www.soroptimisteurope.org\/wp-content\/uploads\/2023\/06\/banner-vaw-orange-days-2022-fr-2048x843.png 2048w\" sizes=\"(max-width: 648px) 100vw, 648px\" \/><\/p>\n<p>&nbsp;<\/p>\n<p>En tirant parti du succ\u00e8s de notre innovante campagne \u00ab\u00a0READ THE SIGNS\u00a0\u00bb (LIRE LES SIGNES) de l\u2019an dernier, qui a \u00e9t\u00e9 officiellement soutenue par ONU\u00a0Femmes, nous avons int\u00e9gr\u00e9 cette ann\u00e9e un nouvel aspect essentiel\u00a0: la sant\u00e9 mentale. Vous pouvez r\u00e9utiliser tous les documents existants pr\u00e9par\u00e9s pour la campagne de l\u2019ann\u00e9e derni\u00e8re, ainsi que six nouvelles vid\u00e9os cr\u00e9\u00e9es par notre \u00e9quipe Communication, qui sont disponibles sur l\u2019extranet. Vous trouverez plus d\u2019informations sur la campagne\u00a02023 en cliquant ici\u00a0: <a href=\"https:\/\/www.soroptimisteurope.org\/fr\/la-campagne-read-the-signs-innove-en-2023\/\">La campagne READ THE SIGNS innove en 2023<\/a>.<\/p>\n<p>&nbsp;<\/p>\n<p>Mettons encore une fois de l\u2019orange sur toute l\u2019Europe\u00a0!<\/p>\n<p>&nbsp;<\/p>\n<p>Il existe de nombreux moyens d\u2019apporter de la visibilit\u00e9 \u00e0 cette campagne et d\u2019aider les femmes et les filles affect\u00e9es par la violence bas\u00e9e sur le genre\u00a0:<\/p>\n<p>&nbsp;<\/p>\n<ul>\n<li>Le 25\u00a0novembre, des bougies sont souvent allum\u00e9es \u00e0 la m\u00e9moire des victimes ayant succomb\u00e9 \u00e0 des violences bas\u00e9es sur le genre.<\/li>\n<li>Un autre moyen efficace de soutenir la campagne est d\u2019imprimer des brochures, des cartes ou des autocollants indiquant les coordonn\u00e9es de services d\u2019assistance t\u00e9l\u00e9phonique. Ces \u00e9l\u00e9ments peuvent \u00eatre distribu\u00e9s dans votre ville, notamment dans les entreprises, les toilettes publiques, les salles de sport, les h\u00f4pitaux, les pharmacies et les cabinets dentaires.<\/li>\n<li>Vous pouvez envisager d\u2019organiser un \u00e9v\u00e9nement hybride cette ann\u00e9e, en collaboration avec un h\u00f4tel ou une entreprise, en invitant le grand public \u00e0 y assister.<\/li>\n<\/ul>\n<p>&nbsp;<\/p>\n<p>Au SIE, nous proposons le 10 d\u00e9cembre \u00e0 16 heures (heure d\u2019Europe centrale) un webinaire gratuit en anglais, au sujet des filles sur Internet et de la sant\u00e9 mentale. La journaliste, conf\u00e9renci\u00e8re et auteure su\u00e9doise Caroline Engvall partagera ses connaissances sur les crimes commis en ligne.<\/p>\n<p>&nbsp;<\/p>\n<table style=\"height: 360px;\" width=\"652\">\n<tbody>\n<tr>\n<td width=\"200\"><\/td>\n<td width=\"200\"><img loading=\"lazy\" decoding=\"async\" class=\"alignnone size-medium wp-image-26684\" src=\"http:\/\/www.soroptimisteurope.org\/wp-content\/uploads\/2023\/10\/picture1-201x300.png\" alt=\"\" width=\"201\" height=\"300\" srcset=\"https:\/\/www.soroptimisteurope.org\/wp-content\/uploads\/2023\/10\/picture1-201x300.png 201w, https:\/\/www.soroptimisteurope.org\/wp-content\/uploads\/2023\/10\/picture1.png 339w\" sizes=\"(max-width: 201px) 100vw, 201px\" \/><\/td>\n<td width=\"200\"><\/td>\n<\/tr>\n<\/tbody>\n<\/table>\n<p>Elle abordera notamment les tactiques utilis\u00e9es par les personnes qui s\u2019en rendent coupables, la honte que ressentent les victimes et son impact sur leur sant\u00e9 mentale, et la fa\u00e7on dont les soignants peuvent prot\u00e9ger les filles des effets psychologiques potentiels et les soutenir. Elle s\u2019appuiera sur son exp\u00e9rience en tant qu\u2019auteure de plusieurs livres au sujet de crimes commis sur des enfants aussi bien dans le monde r\u00e9el que dans le monde virtuel, et sur son travail consid\u00e9rable pour aider les filles victimes de crimes en ligne.<\/p>\n<p>&nbsp;<\/p>\n<p style=\"text-align: center;\"><a href=\"https:\/\/us06web.zoom.us\/meeting\/register\/tZYt%20d--tqz4jEtwEhfrmemt8K_1zCEC6dRsL\">S&rsquo;inscrire<\/a><\/p>\n","article_media_image":false,"article_media_video":""}],"article_trombinoscope":false,"article_video":"","article_evenements_sociaux":false,"article_auteur_texte":"<p>Sandra Gonzalez Sk\u00f6ld, Directrice de Programme<\/p>\n<p>Jitka Kratochv\u00edlov\u00e1, Directrice de Programme adjointe<\/p>\n","article_nom_contact":"","article_email_contact":"","article_numero_contact":"","article_documents":false,"article_actualites_liees":false},"yoast_head":"<!-- This site is optimized with the Yoast SEO plugin v27.4 - https:\/\/yoast.com\/product\/yoast-seo-wordpress\/ -->\n<title>Compte \u00e0 rebours pour la campagne \u00ab\u00a0READ THE SIGNS\u00a0\u00bb de\u00a02023 - Soroptimist<\/title>\n<meta name=\"robots\" content=\"index, follow, max-snippet:-1, max-image-preview:large, max-video-preview:-1\" \/>\n<link rel=\"canonical\" href=\"https:\/\/www.soroptimisteurope.org\/fr\/compte-a-rebours-pour-la-campagne-read-the-signs-de-2023\/\" \/>\n<meta property=\"og:locale\" content=\"fr_FR\" \/>\n<meta property=\"og:type\" content=\"article\" \/>\n<meta property=\"og:title\" content=\"Compte \u00e0 rebours pour la campagne \u00ab\u00a0READ THE SIGNS\u00a0\u00bb de\u00a02023 - Soroptimist\" \/>\n<meta property=\"og:description\" content=\"Notre plus importante campagne de l\u2019ann\u00e9e va bient\u00f4t commencer\u00a0! Dans quelques semaines seulement, nous lancerons notre contribution \u00e0 la campagne Orangez le monde des Nations Unies. &nbsp; Du 25\u00a0novembre au [&hellip;]\" \/>\n<meta property=\"og:url\" content=\"https:\/\/www.soroptimisteurope.org\/fr\/compte-a-rebours-pour-la-campagne-read-the-signs-de-2023\/\" \/>\n<meta property=\"og:site_name\" content=\"Soroptimist\" \/>\n<meta property=\"article:published_time\" content=\"2023-10-31T12:38:50+00:00\" \/>\n<meta property=\"article:modified_time\" content=\"2025-05-13T09:18:57+00:00\" \/>\n<meta property=\"og:image\" content=\"https:\/\/www.soroptimisteurope.org\/wp-content\/uploads\/2025\/04\/untitled-design-24-5.png\" \/>\n\t<meta property=\"og:image:width\" content=\"1250\" \/>\n\t<meta property=\"og:image:height\" content=\"300\" \/>\n\t<meta property=\"og:image:type\" content=\"image\/png\" \/>\n<meta name=\"author\" content=\"Virginie Racine\" \/>\n<meta name=\"twitter:card\" content=\"summary_large_image\" \/>\n<meta name=\"twitter:label1\" content=\"\u00c9crit par\" \/>\n\t<meta name=\"twitter:data1\" content=\"Virginie Racine\" \/>\n<script type=\"application\/ld+json\" class=\"yoast-schema-graph\">{\"@context\":\"https:\\\/\\\/schema.org\",\"@graph\":[{\"@type\":\"Article\",\"@id\":\"https:\\\/\\\/www.soroptimisteurope.org\\\/fr\\\/compte-a-rebours-pour-la-campagne-read-the-signs-de-2023\\\/#article\",\"isPartOf\":{\"@id\":\"https:\\\/\\\/www.soroptimisteurope.org\\\/fr\\\/compte-a-rebours-pour-la-campagne-read-the-signs-de-2023\\\/\"},\"author\":{\"name\":\"Virginie Racine\",\"@id\":\"https:\\\/\\\/www.soroptimisteurope.org\\\/#\\\/schema\\\/person\\\/71cb5ee8dc72773ed419609bf2274619\"},\"headline\":\"Compte \u00e0 rebours pour la campagne \u00ab\u00a0READ THE SIGNS\u00a0\u00bb de\u00a02023\",\"datePublished\":\"2023-10-31T12:38:50+00:00\",\"dateModified\":\"2025-05-13T09:18:57+00:00\",\"mainEntityOfPage\":{\"@id\":\"https:\\\/\\\/www.soroptimisteurope.org\\\/fr\\\/compte-a-rebours-pour-la-campagne-read-the-signs-de-2023\\\/\"},\"wordCount\":476,\"commentCount\":0,\"image\":{\"@id\":\"https:\\\/\\\/www.soroptimisteurope.org\\\/fr\\\/compte-a-rebours-pour-la-campagne-read-the-signs-de-2023\\\/#primaryimage\"},\"thumbnailUrl\":\"https:\\\/\\\/www.soroptimisteurope.org\\\/wp-content\\\/uploads\\\/2025\\\/04\\\/untitled-design-24-5.png\",\"articleSection\":[\"News\"],\"inLanguage\":\"fr-FR\",\"potentialAction\":[{\"@type\":\"CommentAction\",\"name\":\"Comment\",\"target\":[\"https:\\\/\\\/www.soroptimisteurope.org\\\/fr\\\/compte-a-rebours-pour-la-campagne-read-the-signs-de-2023\\\/#respond\"]}]},{\"@type\":\"WebPage\",\"@id\":\"https:\\\/\\\/www.soroptimisteurope.org\\\/fr\\\/compte-a-rebours-pour-la-campagne-read-the-signs-de-2023\\\/\",\"url\":\"https:\\\/\\\/www.soroptimisteurope.org\\\/fr\\\/compte-a-rebours-pour-la-campagne-read-the-signs-de-2023\\\/\",\"name\":\"Compte \u00e0 rebours pour la campagne \u00ab\u00a0READ THE SIGNS\u00a0\u00bb de\u00a02023 - Soroptimist\",\"isPartOf\":{\"@id\":\"https:\\\/\\\/www.soroptimisteurope.org\\\/#website\"},\"primaryImageOfPage\":{\"@id\":\"https:\\\/\\\/www.soroptimisteurope.org\\\/fr\\\/compte-a-rebours-pour-la-campagne-read-the-signs-de-2023\\\/#primaryimage\"},\"image\":{\"@id\":\"https:\\\/\\\/www.soroptimisteurope.org\\\/fr\\\/compte-a-rebours-pour-la-campagne-read-the-signs-de-2023\\\/#primaryimage\"},\"thumbnailUrl\":\"https:\\\/\\\/www.soroptimisteurope.org\\\/wp-content\\\/uploads\\\/2025\\\/04\\\/untitled-design-24-5.png\",\"datePublished\":\"2023-10-31T12:38:50+00:00\",\"dateModified\":\"2025-05-13T09:18:57+00:00\",\"author\":{\"@id\":\"https:\\\/\\\/www.soroptimisteurope.org\\\/#\\\/schema\\\/person\\\/71cb5ee8dc72773ed419609bf2274619\"},\"breadcrumb\":{\"@id\":\"https:\\\/\\\/www.soroptimisteurope.org\\\/fr\\\/compte-a-rebours-pour-la-campagne-read-the-signs-de-2023\\\/#breadcrumb\"},\"inLanguage\":\"fr-FR\",\"potentialAction\":[{\"@type\":\"ReadAction\",\"target\":[\"https:\\\/\\\/www.soroptimisteurope.org\\\/fr\\\/compte-a-rebours-pour-la-campagne-read-the-signs-de-2023\\\/\"]}]},{\"@type\":\"ImageObject\",\"inLanguage\":\"fr-FR\",\"@id\":\"https:\\\/\\\/www.soroptimisteurope.org\\\/fr\\\/compte-a-rebours-pour-la-campagne-read-the-signs-de-2023\\\/#primaryimage\",\"url\":\"https:\\\/\\\/www.soroptimisteurope.org\\\/wp-content\\\/uploads\\\/2025\\\/04\\\/untitled-design-24-5.png\",\"contentUrl\":\"https:\\\/\\\/www.soroptimisteurope.org\\\/wp-content\\\/uploads\\\/2025\\\/04\\\/untitled-design-24-5.png\",\"width\":1250,\"height\":300},{\"@type\":\"BreadcrumbList\",\"@id\":\"https:\\\/\\\/www.soroptimisteurope.org\\\/fr\\\/compte-a-rebours-pour-la-campagne-read-the-signs-de-2023\\\/#breadcrumb\",\"itemListElement\":[{\"@type\":\"ListItem\",\"position\":1,\"name\":\"Accueil\",\"item\":\"https:\\\/\\\/www.soroptimisteurope.org\\\/fr\\\/\"},{\"@type\":\"ListItem\",\"position\":2,\"name\":\"Compte \u00e0 rebours pour la campagne \u00ab\u00a0READ THE SIGNS\u00a0\u00bb de\u00a02023\"}]},{\"@type\":\"WebSite\",\"@id\":\"https:\\\/\\\/www.soroptimisteurope.org\\\/#website\",\"url\":\"https:\\\/\\\/www.soroptimisteurope.org\\\/\",\"name\":\"Soroptimist\",\"description\":\"\",\"potentialAction\":[{\"@type\":\"SearchAction\",\"target\":{\"@type\":\"EntryPoint\",\"urlTemplate\":\"https:\\\/\\\/www.soroptimisteurope.org\\\/?s={search_term_string}\"},\"query-input\":{\"@type\":\"PropertyValueSpecification\",\"valueRequired\":true,\"valueName\":\"search_term_string\"}}],\"inLanguage\":\"fr-FR\"},{\"@type\":\"Person\",\"@id\":\"https:\\\/\\\/www.soroptimisteurope.org\\\/#\\\/schema\\\/person\\\/71cb5ee8dc72773ed419609bf2274619\",\"name\":\"Virginie Racine\",\"url\":\"https:\\\/\\\/www.soroptimisteurope.org\\\/fr\\\/author\\\/adminsorop2k21\\\/\"}]}<\/script>\n<!-- \/ Yoast SEO plugin. -->","yoast_head_json":{"title":"Compte \u00e0 rebours pour la campagne \u00ab\u00a0READ THE SIGNS\u00a0\u00bb de\u00a02023 - Soroptimist","robots":{"index":"index","follow":"follow","max-snippet":"max-snippet:-1","max-image-preview":"max-image-preview:large","max-video-preview":"max-video-preview:-1"},"canonical":"https:\/\/www.soroptimisteurope.org\/fr\/compte-a-rebours-pour-la-campagne-read-the-signs-de-2023\/","og_locale":"fr_FR","og_type":"article","og_title":"Compte \u00e0 rebours pour la campagne \u00ab\u00a0READ THE SIGNS\u00a0\u00bb de\u00a02023 - Soroptimist","og_description":"Notre plus importante campagne de l\u2019ann\u00e9e va bient\u00f4t commencer\u00a0! Dans quelques semaines seulement, nous lancerons notre contribution \u00e0 la campagne Orangez le monde des Nations Unies. &nbsp; Du 25\u00a0novembre au [&hellip;]","og_url":"https:\/\/www.soroptimisteurope.org\/fr\/compte-a-rebours-pour-la-campagne-read-the-signs-de-2023\/","og_site_name":"Soroptimist","article_published_time":"2023-10-31T12:38:50+00:00","article_modified_time":"2025-05-13T09:18:57+00:00","og_image":[{"width":1250,"height":300,"url":"https:\/\/www.soroptimisteurope.org\/wp-content\/uploads\/2025\/04\/untitled-design-24-5.png","type":"image\/png"}],"author":"Virginie Racine","twitter_card":"summary_large_image","twitter_misc":{"\u00c9crit par":"Virginie Racine"},"schema":{"@context":"https:\/\/schema.org","@graph":[{"@type":"Article","@id":"https:\/\/www.soroptimisteurope.org\/fr\/compte-a-rebours-pour-la-campagne-read-the-signs-de-2023\/#article","isPartOf":{"@id":"https:\/\/www.soroptimisteurope.org\/fr\/compte-a-rebours-pour-la-campagne-read-the-signs-de-2023\/"},"author":{"name":"Virginie Racine","@id":"https:\/\/www.soroptimisteurope.org\/#\/schema\/person\/71cb5ee8dc72773ed419609bf2274619"},"headline":"Compte \u00e0 rebours pour la campagne \u00ab\u00a0READ THE SIGNS\u00a0\u00bb de\u00a02023","datePublished":"2023-10-31T12:38:50+00:00","dateModified":"2025-05-13T09:18:57+00:00","mainEntityOfPage":{"@id":"https:\/\/www.soroptimisteurope.org\/fr\/compte-a-rebours-pour-la-campagne-read-the-signs-de-2023\/"},"wordCount":476,"commentCount":0,"image":{"@id":"https:\/\/www.soroptimisteurope.org\/fr\/compte-a-rebours-pour-la-campagne-read-the-signs-de-2023\/#primaryimage"},"thumbnailUrl":"https:\/\/www.soroptimisteurope.org\/wp-content\/uploads\/2025\/04\/untitled-design-24-5.png","articleSection":["News"],"inLanguage":"fr-FR","potentialAction":[{"@type":"CommentAction","name":"Comment","target":["https:\/\/www.soroptimisteurope.org\/fr\/compte-a-rebours-pour-la-campagne-read-the-signs-de-2023\/#respond"]}]},{"@type":"WebPage","@id":"https:\/\/www.soroptimisteurope.org\/fr\/compte-a-rebours-pour-la-campagne-read-the-signs-de-2023\/","url":"https:\/\/www.soroptimisteurope.org\/fr\/compte-a-rebours-pour-la-campagne-read-the-signs-de-2023\/","name":"Compte \u00e0 rebours pour la campagne \u00ab\u00a0READ THE SIGNS\u00a0\u00bb de\u00a02023 - Soroptimist","isPartOf":{"@id":"https:\/\/www.soroptimisteurope.org\/#website"},"primaryImageOfPage":{"@id":"https:\/\/www.soroptimisteurope.org\/fr\/compte-a-rebours-pour-la-campagne-read-the-signs-de-2023\/#primaryimage"},"image":{"@id":"https:\/\/www.soroptimisteurope.org\/fr\/compte-a-rebours-pour-la-campagne-read-the-signs-de-2023\/#primaryimage"},"thumbnailUrl":"https:\/\/www.soroptimisteurope.org\/wp-content\/uploads\/2025\/04\/untitled-design-24-5.png","datePublished":"2023-10-31T12:38:50+00:00","dateModified":"2025-05-13T09:18:57+00:00","author":{"@id":"https:\/\/www.soroptimisteurope.org\/#\/schema\/person\/71cb5ee8dc72773ed419609bf2274619"},"breadcrumb":{"@id":"https:\/\/www.soroptimisteurope.org\/fr\/compte-a-rebours-pour-la-campagne-read-the-signs-de-2023\/#breadcrumb"},"inLanguage":"fr-FR","potentialAction":[{"@type":"ReadAction","target":["https:\/\/www.soroptimisteurope.org\/fr\/compte-a-rebours-pour-la-campagne-read-the-signs-de-2023\/"]}]},{"@type":"ImageObject","inLanguage":"fr-FR","@id":"https:\/\/www.soroptimisteurope.org\/fr\/compte-a-rebours-pour-la-campagne-read-the-signs-de-2023\/#primaryimage","url":"https:\/\/www.soroptimisteurope.org\/wp-content\/uploads\/2025\/04\/untitled-design-24-5.png","contentUrl":"https:\/\/www.soroptimisteurope.org\/wp-content\/uploads\/2025\/04\/untitled-design-24-5.png","width":1250,"height":300},{"@type":"BreadcrumbList","@id":"https:\/\/www.soroptimisteurope.org\/fr\/compte-a-rebours-pour-la-campagne-read-the-signs-de-2023\/#breadcrumb","itemListElement":[{"@type":"ListItem","position":1,"name":"Accueil","item":"https:\/\/www.soroptimisteurope.org\/fr\/"},{"@type":"ListItem","position":2,"name":"Compte \u00e0 rebours pour la campagne \u00ab\u00a0READ THE SIGNS\u00a0\u00bb de\u00a02023"}]},{"@type":"WebSite","@id":"https:\/\/www.soroptimisteurope.org\/#website","url":"https:\/\/www.soroptimisteurope.org\/","name":"Soroptimist","description":"","potentialAction":[{"@type":"SearchAction","target":{"@type":"EntryPoint","urlTemplate":"https:\/\/www.soroptimisteurope.org\/?s={search_term_string}"},"query-input":{"@type":"PropertyValueSpecification","valueRequired":true,"valueName":"search_term_string"}}],"inLanguage":"fr-FR"},{"@type":"Person","@id":"https:\/\/www.soroptimisteurope.org\/#\/schema\/person\/71cb5ee8dc72773ed419609bf2274619","name":"Virginie Racine","url":"https:\/\/www.soroptimisteurope.org\/fr\/author\/adminsorop2k21\/"}]}},"_links":{"self":[{"href":"https:\/\/www.soroptimisteurope.org\/fr\/wp-json\/wp\/v2\/posts\/26670","targetHints":{"allow":["GET"]}}],"collection":[{"href":"https:\/\/www.soroptimisteurope.org\/fr\/wp-json\/wp\/v2\/posts"}],"about":[{"href":"https:\/\/www.soroptimisteurope.org\/fr\/wp-json\/wp\/v2\/types\/post"}],"author":[{"embeddable":true,"href":"https:\/\/www.soroptimisteurope.org\/fr\/wp-json\/wp\/v2\/users\/5"}],"replies":[{"embeddable":true,"href":"https:\/\/www.soroptimisteurope.org\/fr\/wp-json\/wp\/v2\/comments?post=26670"}],"version-history":[{"count":7,"href":"https:\/\/www.soroptimisteurope.org\/fr\/wp-json\/wp\/v2\/posts\/26670\/revisions"}],"predecessor-version":[{"id":41912,"href":"https:\/\/www.soroptimisteurope.org\/fr\/wp-json\/wp\/v2\/posts\/26670\/revisions\/41912"}],"wp:featuredmedia":[{"embeddable":true,"href":"https:\/\/www.soroptimisteurope.org\/fr\/wp-json\/wp\/v2\/media\/39374"}],"wp:attachment":[{"href":"https:\/\/www.soroptimisteurope.org\/fr\/wp-json\/wp\/v2\/media?parent=26670"}],"wp:term":[{"taxonomy":"category","embeddable":true,"href":"https:\/\/www.soroptimisteurope.org\/fr\/wp-json\/wp\/v2\/categories?post=26670"},{"taxonomy":"post_tag","embeddable":true,"href":"https:\/\/www.soroptimisteurope.org\/fr\/wp-json\/wp\/v2\/tags?post=26670"}],"curies":[{"name":"wp","href":"https:\/\/api.w.org\/{rel}","templated":true}]}}