{"id":26674,"date":"2023-10-31T13:41:25","date_gmt":"2023-10-31T12:41:25","guid":{"rendered":"https:\/\/www.soroptimisteurope.org\/?p=26674"},"modified":"2025-05-13T11:18:57","modified_gmt":"2025-05-13T09:18:57","slug":"questions-reponses-avec-sabine-reimann-notre-nouvelle-presidente-elue-pour-2024-2025","status":"publish","type":"post","link":"https:\/\/www.soroptimisteurope.org\/fr\/questions-reponses-avec-sabine-reimann-notre-nouvelle-presidente-elue-pour-2024-2025\/","title":{"rendered":"Questions-r\u00e9ponses avec Sabine Reimann, notre nouvelle Pr\u00e9sidente-\u00e9lue pour\u00a02024-2025"},"content":{"rendered":"<p><strong><em>Parlez-nous de vous<\/em><\/strong><\/p>\n<p>Je suis allemande et je vis dans la ville d\u2019Essen, situ\u00e9e \u00e0 l\u2019ouest du pays. Dans ma carri\u00e8re, j\u2019ai occup\u00e9 des fonctions de management et de conseil en lien avec mes connaissances approfondies du marketing, de la gestion (je suis titulaire d\u2019un dipl\u00f4me en administration des entreprises) et des disciplines STIM. Pendant une partie importante de ma vie professionnelle, j\u2019ai occup\u00e9 le poste de Directrice g\u00e9n\u00e9rale dans un contexte international, avec des \u00e9quipes interculturelles. Mon approche et mon exp\u00e9rience sont centr\u00e9es sur la recherche d\u2019un terrain d\u2019entente, l\u2019identification des points forts des collaborateurs et l\u2019\u00e9coute active de leurs inqui\u00e9tudes. Me tenir au courant des nouveaux d\u00e9veloppements, de la recherche et de la planification strat\u00e9gique est une seconde nature pour moi. En dehors de ma vie professionnelle, j\u2019aime aller \u00e0 l\u2019op\u00e9ra, garder la forme en pratiquant la marche nordique, cuisiner et passer du temps avec mes amis.<\/p>\n<p>&nbsp;<\/p>\n<p><strong><em>Que signifie pour vous le Soroptimisme ?<\/em><\/strong><\/p>\n<p>Je suis fascin\u00e9e par l\u2019incroyable vari\u00e9t\u00e9 des comp\u00e9tences des membres du Soroptimist \u00e0 travers le monde et par leur enthousiasme. Cette diversit\u00e9 nous offre des opportunit\u00e9s fantastiques et passionnantes dans nos efforts conjoints pour atteindre l\u2019\u00e9galit\u00e9 des sexes sur la plan\u00e8te et cela est tr\u00e8s inspirant\u00a0! D\u00e8s l\u2019instant o\u00f9 je suis devenue Soroptimist en\u00a02012, j\u2019ai \u00e9t\u00e9 attir\u00e9e par l\u2019id\u00e9e de faire partie d\u2019un r\u00e9seau international. Faciliter les liens entre Soroptimist et former des \u00e9quipes aux niveaux local, r\u00e9gional et national a toujours \u00e9t\u00e9 pour moi une priorit\u00e9. Je consid\u00e8re les visions de nos fondatrices comme un puissant h\u00e9ritage qui continue d\u2019inspirer notre mission\u00a0!<\/p>\n<p>&nbsp;<\/p>\n<p><img fetchpriority=\"high\" decoding=\"async\" class=\"alignnone wp-image-26696\" src=\"https:\/\/www.soroptimisteurope.org\/wp-content\/uploads\/2023\/10\/img-9893.jpg\" alt=\"\" width=\"647\" height=\"431\" \/><\/p>\n<p>&nbsp;<\/p>\n<p><strong><em>Quelle est votre priorit\u00e9 absolue en tant que Pr\u00e9sidente du SIE pour votre p\u00e9riode biennale 2024-2025 ?<\/em><\/strong><\/p>\n<p>Le monde change \u00e0 un rythme effr\u00e9n\u00e9, souvent et bien tristement au d\u00e9triment des femmes et des filles. En cons\u00e9quence, le travail des organisations comme le Soroptimist International est devenu de plus en plus important. Gr\u00e2ce \u00e0 notre approche centr\u00e9e sur la sensibilisation, le lobbying et l\u2019action, nous sommes bien \u00e9quip\u00e9es pour faire face aux nouveaux d\u00e9fis auxquels nous sommes susceptibles d\u2019\u00eatre confront\u00e9es. Mon objectif principal est de tirer parti des forces pr\u00e9sentes dans notre r\u00e9seau de femmes exer\u00e7ant une activit\u00e9 professionnelle et d\u2019encourager la collaboration entre les membres, le Bureau du\u00a0SIE et les responsables des Unions. Ensemble, nous pouvons \u00eatre les instigatrices des n\u00e9cessaires changements au sein de la soci\u00e9t\u00e9.<\/p>\n<p>&nbsp;<\/p>\n<p>Il n\u2019y a pas de changement sans conscience. Il est vital que nous soyons conscientes des d\u00e9fis auxquels nous sommes confront\u00e9es ainsi que des solutions. Cette conscience est ce qui fait de nous de puissantes d\u00e9fenseurs des femmes et des filles dans le monde entier, pour leur permettre de v\u00e9ritablement concr\u00e9tiser leur plein potentiel individuel et collectif.<\/p>\n<p>&nbsp;<\/p>\n<hr \/>\n<p>&nbsp;<\/p>\n<p style=\"text-align: center;\">D\u00e9couvrez tous les membres de notre nouveau Bureau\u00a02024-2025 fra\u00eechement \u00e9lu, qui prendra ses fonctions le 1er\u00a0janvier\u00a02024.<\/p>\n<p>&nbsp;<\/p>\n<p style=\"text-align: center;\"><a href=\"https:\/\/www.soroptimisteurope.org\/fr\/bureau-du-sie-2024-2025\/\" target=\"_blank\" rel=\"noopener\"><strong>Le nouveau Bureau du\u00a0SIE<\/strong><\/a><\/p>\n","protected":false},"excerpt":{"rendered":"<p>Parlez-nous de vous Je suis allemande et je vis dans la ville d\u2019Essen, situ\u00e9e \u00e0 l\u2019ouest du pays. Dans ma carri\u00e8re, j\u2019ai occup\u00e9 des fonctions de management et de conseil [&hellip;]<\/p>\n","protected":false},"author":5,"featured_media":39377,"comment_status":"open","ping_status":"open","sticky":false,"template":"","format":"standard","meta":{"_acf_changed":false,"give_campaign_id":0,"footnotes":""},"categories":[106],"tags":[],"class_list":["post-26674","post","type-post","status-publish","format-standard","has-post-thumbnail","hentry","category-news"],"acf":{"article_photo_de_couverture":false,"article_chapeau":"","article_contenu":[{"article_titre_du_paragraphe":"","article_paragraphe":"<p><strong><em>Parlez-nous de vous<\/em><\/strong><\/p>\n<p>Je suis allemande et je vis dans la ville d\u2019Essen, situ\u00e9e \u00e0 l\u2019ouest du pays. Dans ma carri\u00e8re, j\u2019ai occup\u00e9 des fonctions de management et de conseil en lien avec mes connaissances approfondies du marketing, de la gestion (je suis titulaire d\u2019un dipl\u00f4me en administration des entreprises) et des disciplines STIM. Pendant une partie importante de ma vie professionnelle, j\u2019ai occup\u00e9 le poste de Directrice g\u00e9n\u00e9rale dans un contexte international, avec des \u00e9quipes interculturelles. Mon approche et mon exp\u00e9rience sont centr\u00e9es sur la recherche d\u2019un terrain d\u2019entente, l\u2019identification des points forts des collaborateurs et l\u2019\u00e9coute active de leurs inqui\u00e9tudes. Me tenir au courant des nouveaux d\u00e9veloppements, de la recherche et de la planification strat\u00e9gique est une seconde nature pour moi. En dehors de ma vie professionnelle, j\u2019aime aller \u00e0 l\u2019op\u00e9ra, garder la forme en pratiquant la marche nordique, cuisiner et passer du temps avec mes amis.<\/p>\n<p>&nbsp;<\/p>\n<p><strong><em>Que signifie pour vous le Soroptimisme ?<\/em><\/strong><\/p>\n<p>Je suis fascin\u00e9e par l\u2019incroyable vari\u00e9t\u00e9 des comp\u00e9tences des membres du Soroptimist \u00e0 travers le monde et par leur enthousiasme. Cette diversit\u00e9 nous offre des opportunit\u00e9s fantastiques et passionnantes dans nos efforts conjoints pour atteindre l\u2019\u00e9galit\u00e9 des sexes sur la plan\u00e8te et cela est tr\u00e8s inspirant\u00a0! D\u00e8s l\u2019instant o\u00f9 je suis devenue Soroptimist en\u00a02012, j\u2019ai \u00e9t\u00e9 attir\u00e9e par l\u2019id\u00e9e de faire partie d\u2019un r\u00e9seau international. Faciliter les liens entre Soroptimist et former des \u00e9quipes aux niveaux local, r\u00e9gional et national a toujours \u00e9t\u00e9 pour moi une priorit\u00e9. Je consid\u00e8re les visions de nos fondatrices comme un puissant h\u00e9ritage qui continue d\u2019inspirer notre mission\u00a0!<\/p>\n<p>&nbsp;<\/p>\n<p><img decoding=\"async\" class=\"alignnone wp-image-26696\" src=\"http:\/\/www.soroptimisteurope.org\/wp-content\/uploads\/2023\/10\/img-9893-300x200.jpg\" alt=\"\" width=\"647\" height=\"431\" srcset=\"https:\/\/www.soroptimisteurope.org\/wp-content\/uploads\/2023\/10\/img-9893-300x200.jpg 300w, https:\/\/www.soroptimisteurope.org\/wp-content\/uploads\/2023\/10\/img-9893-1024x683.jpg 1024w, https:\/\/www.soroptimisteurope.org\/wp-content\/uploads\/2023\/10\/img-9893-768x512.jpg 768w, https:\/\/www.soroptimisteurope.org\/wp-content\/uploads\/2023\/10\/img-9893-1536x1024.jpg 1536w, https:\/\/www.soroptimisteurope.org\/wp-content\/uploads\/2023\/10\/img-9893-2048x1365.jpg 2048w\" sizes=\"(max-width: 647px) 100vw, 647px\" \/><\/p>\n<p>&nbsp;<\/p>\n<p><strong><em>Quelle est votre priorit\u00e9 absolue en tant que Pr\u00e9sidente du SIE pour votre p\u00e9riode biennale 2024-2025 ?<\/em><\/strong><\/p>\n<p>Le monde change \u00e0 un rythme effr\u00e9n\u00e9, souvent et bien tristement au d\u00e9triment des femmes et des filles. En cons\u00e9quence, le travail des organisations comme le Soroptimist International est devenu de plus en plus important. Gr\u00e2ce \u00e0 notre approche centr\u00e9e sur la sensibilisation, le lobbying et l\u2019action, nous sommes bien \u00e9quip\u00e9es pour faire face aux nouveaux d\u00e9fis auxquels nous sommes susceptibles d\u2019\u00eatre confront\u00e9es. Mon objectif principal est de tirer parti des forces pr\u00e9sentes dans notre r\u00e9seau de femmes exer\u00e7ant une activit\u00e9 professionnelle et d\u2019encourager la collaboration entre les membres, le Bureau du\u00a0SIE et les responsables des Unions. Ensemble, nous pouvons \u00eatre les instigatrices des n\u00e9cessaires changements au sein de la soci\u00e9t\u00e9.<\/p>\n<p>&nbsp;<\/p>\n<p>Il n\u2019y a pas de changement sans conscience. Il est vital que nous soyons conscientes des d\u00e9fis auxquels nous sommes confront\u00e9es ainsi que des solutions. Cette conscience est ce qui fait de nous de puissantes d\u00e9fenseurs des femmes et des filles dans le monde entier, pour leur permettre de v\u00e9ritablement concr\u00e9tiser leur plein potentiel individuel et collectif.<\/p>\n<p>&nbsp;<\/p>\n<hr \/>\n<p>&nbsp;<\/p>\n<p style=\"text-align: center;\">D\u00e9couvrez tous les membres de notre nouveau Bureau\u00a02024-2025 fra\u00eechement \u00e9lu, qui prendra ses fonctions le 1er\u00a0janvier\u00a02024.<\/p>\n<p>&nbsp;<\/p>\n<p style=\"text-align: center;\"><a href=\"https:\/\/www.soroptimisteurope.org\/fr\/bureau-du-sie-2024-2025\/\" target=\"_blank\" rel=\"noopener\"><strong>Le nouveau Bureau du\u00a0SIE<\/strong><\/a><\/p>\n","article_media_image":false,"article_media_video":""}],"article_trombinoscope":false,"article_video":"","article_evenements_sociaux":false,"article_auteur_texte":"","article_nom_contact":"","article_email_contact":"","article_numero_contact":"","article_documents":false,"article_actualites_liees":false},"yoast_head":"<!-- This site is optimized with the Yoast SEO plugin v27.4 - https:\/\/yoast.com\/product\/yoast-seo-wordpress\/ -->\n<title>Questions-r\u00e9ponses avec Sabine Reimann, notre nouvelle Pr\u00e9sidente-\u00e9lue pour\u00a02024-2025 - Soroptimist<\/title>\n<meta name=\"robots\" content=\"index, follow, max-snippet:-1, max-image-preview:large, max-video-preview:-1\" \/>\n<link rel=\"canonical\" href=\"https:\/\/www.soroptimisteurope.org\/fr\/questions-reponses-avec-sabine-reimann-notre-nouvelle-presidente-elue-pour-2024-2025\/\" \/>\n<meta property=\"og:locale\" content=\"fr_FR\" \/>\n<meta property=\"og:type\" content=\"article\" \/>\n<meta property=\"og:title\" content=\"Questions-r\u00e9ponses avec Sabine Reimann, notre nouvelle Pr\u00e9sidente-\u00e9lue pour\u00a02024-2025 - Soroptimist\" \/>\n<meta property=\"og:description\" content=\"Parlez-nous de vous Je suis allemande et je vis dans la ville d\u2019Essen, situ\u00e9e \u00e0 l\u2019ouest du pays. Dans ma carri\u00e8re, j\u2019ai occup\u00e9 des fonctions de management et de conseil [&hellip;]\" \/>\n<meta property=\"og:url\" content=\"https:\/\/www.soroptimisteurope.org\/fr\/questions-reponses-avec-sabine-reimann-notre-nouvelle-presidente-elue-pour-2024-2025\/\" \/>\n<meta property=\"og:site_name\" content=\"Soroptimist\" \/>\n<meta property=\"article:published_time\" content=\"2023-10-31T12:41:25+00:00\" \/>\n<meta property=\"article:modified_time\" content=\"2025-05-13T09:18:57+00:00\" \/>\n<meta property=\"og:image\" content=\"https:\/\/www.soroptimisteurope.org\/wp-content\/uploads\/2025\/04\/untitled-design-17-1-4.png\" \/>\n\t<meta property=\"og:image:width\" content=\"1250\" \/>\n\t<meta property=\"og:image:height\" content=\"300\" \/>\n\t<meta property=\"og:image:type\" content=\"image\/png\" \/>\n<meta name=\"author\" content=\"Virginie Racine\" \/>\n<meta name=\"twitter:card\" content=\"summary_large_image\" \/>\n<meta name=\"twitter:label1\" content=\"\u00c9crit par\" \/>\n\t<meta name=\"twitter:data1\" content=\"Virginie Racine\" \/>\n<script type=\"application\/ld+json\" class=\"yoast-schema-graph\">{\"@context\":\"https:\\\/\\\/schema.org\",\"@graph\":[{\"@type\":\"Article\",\"@id\":\"https:\\\/\\\/www.soroptimisteurope.org\\\/fr\\\/questions-reponses-avec-sabine-reimann-notre-nouvelle-presidente-elue-pour-2024-2025\\\/#article\",\"isPartOf\":{\"@id\":\"https:\\\/\\\/www.soroptimisteurope.org\\\/fr\\\/questions-reponses-avec-sabine-reimann-notre-nouvelle-presidente-elue-pour-2024-2025\\\/\"},\"author\":{\"name\":\"Virginie Racine\",\"@id\":\"https:\\\/\\\/www.soroptimisteurope.org\\\/#\\\/schema\\\/person\\\/71cb5ee8dc72773ed419609bf2274619\"},\"headline\":\"Questions-r\u00e9ponses avec Sabine Reimann, notre nouvelle Pr\u00e9sidente-\u00e9lue pour\u00a02024-2025\",\"datePublished\":\"2023-10-31T12:41:25+00:00\",\"dateModified\":\"2025-05-13T09:18:57+00:00\",\"mainEntityOfPage\":{\"@id\":\"https:\\\/\\\/www.soroptimisteurope.org\\\/fr\\\/questions-reponses-avec-sabine-reimann-notre-nouvelle-presidente-elue-pour-2024-2025\\\/\"},\"wordCount\":548,\"commentCount\":0,\"image\":{\"@id\":\"https:\\\/\\\/www.soroptimisteurope.org\\\/fr\\\/questions-reponses-avec-sabine-reimann-notre-nouvelle-presidente-elue-pour-2024-2025\\\/#primaryimage\"},\"thumbnailUrl\":\"https:\\\/\\\/www.soroptimisteurope.org\\\/wp-content\\\/uploads\\\/2025\\\/04\\\/untitled-design-17-1-4.png\",\"articleSection\":[\"News\"],\"inLanguage\":\"fr-FR\",\"potentialAction\":[{\"@type\":\"CommentAction\",\"name\":\"Comment\",\"target\":[\"https:\\\/\\\/www.soroptimisteurope.org\\\/fr\\\/questions-reponses-avec-sabine-reimann-notre-nouvelle-presidente-elue-pour-2024-2025\\\/#respond\"]}]},{\"@type\":\"WebPage\",\"@id\":\"https:\\\/\\\/www.soroptimisteurope.org\\\/fr\\\/questions-reponses-avec-sabine-reimann-notre-nouvelle-presidente-elue-pour-2024-2025\\\/\",\"url\":\"https:\\\/\\\/www.soroptimisteurope.org\\\/fr\\\/questions-reponses-avec-sabine-reimann-notre-nouvelle-presidente-elue-pour-2024-2025\\\/\",\"name\":\"Questions-r\u00e9ponses avec Sabine Reimann, notre nouvelle Pr\u00e9sidente-\u00e9lue pour\u00a02024-2025 - Soroptimist\",\"isPartOf\":{\"@id\":\"https:\\\/\\\/www.soroptimisteurope.org\\\/#website\"},\"primaryImageOfPage\":{\"@id\":\"https:\\\/\\\/www.soroptimisteurope.org\\\/fr\\\/questions-reponses-avec-sabine-reimann-notre-nouvelle-presidente-elue-pour-2024-2025\\\/#primaryimage\"},\"image\":{\"@id\":\"https:\\\/\\\/www.soroptimisteurope.org\\\/fr\\\/questions-reponses-avec-sabine-reimann-notre-nouvelle-presidente-elue-pour-2024-2025\\\/#primaryimage\"},\"thumbnailUrl\":\"https:\\\/\\\/www.soroptimisteurope.org\\\/wp-content\\\/uploads\\\/2025\\\/04\\\/untitled-design-17-1-4.png\",\"datePublished\":\"2023-10-31T12:41:25+00:00\",\"dateModified\":\"2025-05-13T09:18:57+00:00\",\"author\":{\"@id\":\"https:\\\/\\\/www.soroptimisteurope.org\\\/#\\\/schema\\\/person\\\/71cb5ee8dc72773ed419609bf2274619\"},\"breadcrumb\":{\"@id\":\"https:\\\/\\\/www.soroptimisteurope.org\\\/fr\\\/questions-reponses-avec-sabine-reimann-notre-nouvelle-presidente-elue-pour-2024-2025\\\/#breadcrumb\"},\"inLanguage\":\"fr-FR\",\"potentialAction\":[{\"@type\":\"ReadAction\",\"target\":[\"https:\\\/\\\/www.soroptimisteurope.org\\\/fr\\\/questions-reponses-avec-sabine-reimann-notre-nouvelle-presidente-elue-pour-2024-2025\\\/\"]}]},{\"@type\":\"ImageObject\",\"inLanguage\":\"fr-FR\",\"@id\":\"https:\\\/\\\/www.soroptimisteurope.org\\\/fr\\\/questions-reponses-avec-sabine-reimann-notre-nouvelle-presidente-elue-pour-2024-2025\\\/#primaryimage\",\"url\":\"https:\\\/\\\/www.soroptimisteurope.org\\\/wp-content\\\/uploads\\\/2025\\\/04\\\/untitled-design-17-1-4.png\",\"contentUrl\":\"https:\\\/\\\/www.soroptimisteurope.org\\\/wp-content\\\/uploads\\\/2025\\\/04\\\/untitled-design-17-1-4.png\",\"width\":1250,\"height\":300},{\"@type\":\"BreadcrumbList\",\"@id\":\"https:\\\/\\\/www.soroptimisteurope.org\\\/fr\\\/questions-reponses-avec-sabine-reimann-notre-nouvelle-presidente-elue-pour-2024-2025\\\/#breadcrumb\",\"itemListElement\":[{\"@type\":\"ListItem\",\"position\":1,\"name\":\"Accueil\",\"item\":\"https:\\\/\\\/www.soroptimisteurope.org\\\/fr\\\/\"},{\"@type\":\"ListItem\",\"position\":2,\"name\":\"Questions-r\u00e9ponses avec Sabine Reimann, notre nouvelle Pr\u00e9sidente-\u00e9lue pour\u00a02024-2025\"}]},{\"@type\":\"WebSite\",\"@id\":\"https:\\\/\\\/www.soroptimisteurope.org\\\/#website\",\"url\":\"https:\\\/\\\/www.soroptimisteurope.org\\\/\",\"name\":\"Soroptimist\",\"description\":\"\",\"potentialAction\":[{\"@type\":\"SearchAction\",\"target\":{\"@type\":\"EntryPoint\",\"urlTemplate\":\"https:\\\/\\\/www.soroptimisteurope.org\\\/?s={search_term_string}\"},\"query-input\":{\"@type\":\"PropertyValueSpecification\",\"valueRequired\":true,\"valueName\":\"search_term_string\"}}],\"inLanguage\":\"fr-FR\"},{\"@type\":\"Person\",\"@id\":\"https:\\\/\\\/www.soroptimisteurope.org\\\/#\\\/schema\\\/person\\\/71cb5ee8dc72773ed419609bf2274619\",\"name\":\"Virginie Racine\",\"url\":\"https:\\\/\\\/www.soroptimisteurope.org\\\/fr\\\/author\\\/adminsorop2k21\\\/\"}]}<\/script>\n<!-- \/ Yoast SEO plugin. -->","yoast_head_json":{"title":"Questions-r\u00e9ponses avec Sabine Reimann, notre nouvelle Pr\u00e9sidente-\u00e9lue pour\u00a02024-2025 - Soroptimist","robots":{"index":"index","follow":"follow","max-snippet":"max-snippet:-1","max-image-preview":"max-image-preview:large","max-video-preview":"max-video-preview:-1"},"canonical":"https:\/\/www.soroptimisteurope.org\/fr\/questions-reponses-avec-sabine-reimann-notre-nouvelle-presidente-elue-pour-2024-2025\/","og_locale":"fr_FR","og_type":"article","og_title":"Questions-r\u00e9ponses avec Sabine Reimann, notre nouvelle Pr\u00e9sidente-\u00e9lue pour\u00a02024-2025 - Soroptimist","og_description":"Parlez-nous de vous Je suis allemande et je vis dans la ville d\u2019Essen, situ\u00e9e \u00e0 l\u2019ouest du pays. Dans ma carri\u00e8re, j\u2019ai occup\u00e9 des fonctions de management et de conseil [&hellip;]","og_url":"https:\/\/www.soroptimisteurope.org\/fr\/questions-reponses-avec-sabine-reimann-notre-nouvelle-presidente-elue-pour-2024-2025\/","og_site_name":"Soroptimist","article_published_time":"2023-10-31T12:41:25+00:00","article_modified_time":"2025-05-13T09:18:57+00:00","og_image":[{"width":1250,"height":300,"url":"https:\/\/www.soroptimisteurope.org\/wp-content\/uploads\/2025\/04\/untitled-design-17-1-4.png","type":"image\/png"}],"author":"Virginie Racine","twitter_card":"summary_large_image","twitter_misc":{"\u00c9crit par":"Virginie Racine"},"schema":{"@context":"https:\/\/schema.org","@graph":[{"@type":"Article","@id":"https:\/\/www.soroptimisteurope.org\/fr\/questions-reponses-avec-sabine-reimann-notre-nouvelle-presidente-elue-pour-2024-2025\/#article","isPartOf":{"@id":"https:\/\/www.soroptimisteurope.org\/fr\/questions-reponses-avec-sabine-reimann-notre-nouvelle-presidente-elue-pour-2024-2025\/"},"author":{"name":"Virginie Racine","@id":"https:\/\/www.soroptimisteurope.org\/#\/schema\/person\/71cb5ee8dc72773ed419609bf2274619"},"headline":"Questions-r\u00e9ponses avec Sabine Reimann, notre nouvelle Pr\u00e9sidente-\u00e9lue pour\u00a02024-2025","datePublished":"2023-10-31T12:41:25+00:00","dateModified":"2025-05-13T09:18:57+00:00","mainEntityOfPage":{"@id":"https:\/\/www.soroptimisteurope.org\/fr\/questions-reponses-avec-sabine-reimann-notre-nouvelle-presidente-elue-pour-2024-2025\/"},"wordCount":548,"commentCount":0,"image":{"@id":"https:\/\/www.soroptimisteurope.org\/fr\/questions-reponses-avec-sabine-reimann-notre-nouvelle-presidente-elue-pour-2024-2025\/#primaryimage"},"thumbnailUrl":"https:\/\/www.soroptimisteurope.org\/wp-content\/uploads\/2025\/04\/untitled-design-17-1-4.png","articleSection":["News"],"inLanguage":"fr-FR","potentialAction":[{"@type":"CommentAction","name":"Comment","target":["https:\/\/www.soroptimisteurope.org\/fr\/questions-reponses-avec-sabine-reimann-notre-nouvelle-presidente-elue-pour-2024-2025\/#respond"]}]},{"@type":"WebPage","@id":"https:\/\/www.soroptimisteurope.org\/fr\/questions-reponses-avec-sabine-reimann-notre-nouvelle-presidente-elue-pour-2024-2025\/","url":"https:\/\/www.soroptimisteurope.org\/fr\/questions-reponses-avec-sabine-reimann-notre-nouvelle-presidente-elue-pour-2024-2025\/","name":"Questions-r\u00e9ponses avec Sabine Reimann, notre nouvelle Pr\u00e9sidente-\u00e9lue pour\u00a02024-2025 - Soroptimist","isPartOf":{"@id":"https:\/\/www.soroptimisteurope.org\/#website"},"primaryImageOfPage":{"@id":"https:\/\/www.soroptimisteurope.org\/fr\/questions-reponses-avec-sabine-reimann-notre-nouvelle-presidente-elue-pour-2024-2025\/#primaryimage"},"image":{"@id":"https:\/\/www.soroptimisteurope.org\/fr\/questions-reponses-avec-sabine-reimann-notre-nouvelle-presidente-elue-pour-2024-2025\/#primaryimage"},"thumbnailUrl":"https:\/\/www.soroptimisteurope.org\/wp-content\/uploads\/2025\/04\/untitled-design-17-1-4.png","datePublished":"2023-10-31T12:41:25+00:00","dateModified":"2025-05-13T09:18:57+00:00","author":{"@id":"https:\/\/www.soroptimisteurope.org\/#\/schema\/person\/71cb5ee8dc72773ed419609bf2274619"},"breadcrumb":{"@id":"https:\/\/www.soroptimisteurope.org\/fr\/questions-reponses-avec-sabine-reimann-notre-nouvelle-presidente-elue-pour-2024-2025\/#breadcrumb"},"inLanguage":"fr-FR","potentialAction":[{"@type":"ReadAction","target":["https:\/\/www.soroptimisteurope.org\/fr\/questions-reponses-avec-sabine-reimann-notre-nouvelle-presidente-elue-pour-2024-2025\/"]}]},{"@type":"ImageObject","inLanguage":"fr-FR","@id":"https:\/\/www.soroptimisteurope.org\/fr\/questions-reponses-avec-sabine-reimann-notre-nouvelle-presidente-elue-pour-2024-2025\/#primaryimage","url":"https:\/\/www.soroptimisteurope.org\/wp-content\/uploads\/2025\/04\/untitled-design-17-1-4.png","contentUrl":"https:\/\/www.soroptimisteurope.org\/wp-content\/uploads\/2025\/04\/untitled-design-17-1-4.png","width":1250,"height":300},{"@type":"BreadcrumbList","@id":"https:\/\/www.soroptimisteurope.org\/fr\/questions-reponses-avec-sabine-reimann-notre-nouvelle-presidente-elue-pour-2024-2025\/#breadcrumb","itemListElement":[{"@type":"ListItem","position":1,"name":"Accueil","item":"https:\/\/www.soroptimisteurope.org\/fr\/"},{"@type":"ListItem","position":2,"name":"Questions-r\u00e9ponses avec Sabine Reimann, notre nouvelle Pr\u00e9sidente-\u00e9lue pour\u00a02024-2025"}]},{"@type":"WebSite","@id":"https:\/\/www.soroptimisteurope.org\/#website","url":"https:\/\/www.soroptimisteurope.org\/","name":"Soroptimist","description":"","potentialAction":[{"@type":"SearchAction","target":{"@type":"EntryPoint","urlTemplate":"https:\/\/www.soroptimisteurope.org\/?s={search_term_string}"},"query-input":{"@type":"PropertyValueSpecification","valueRequired":true,"valueName":"search_term_string"}}],"inLanguage":"fr-FR"},{"@type":"Person","@id":"https:\/\/www.soroptimisteurope.org\/#\/schema\/person\/71cb5ee8dc72773ed419609bf2274619","name":"Virginie Racine","url":"https:\/\/www.soroptimisteurope.org\/fr\/author\/adminsorop2k21\/"}]}},"_links":{"self":[{"href":"https:\/\/www.soroptimisteurope.org\/fr\/wp-json\/wp\/v2\/posts\/26674","targetHints":{"allow":["GET"]}}],"collection":[{"href":"https:\/\/www.soroptimisteurope.org\/fr\/wp-json\/wp\/v2\/posts"}],"about":[{"href":"https:\/\/www.soroptimisteurope.org\/fr\/wp-json\/wp\/v2\/types\/post"}],"author":[{"embeddable":true,"href":"https:\/\/www.soroptimisteurope.org\/fr\/wp-json\/wp\/v2\/users\/5"}],"replies":[{"embeddable":true,"href":"https:\/\/www.soroptimisteurope.org\/fr\/wp-json\/wp\/v2\/comments?post=26674"}],"version-history":[{"count":7,"href":"https:\/\/www.soroptimisteurope.org\/fr\/wp-json\/wp\/v2\/posts\/26674\/revisions"}],"predecessor-version":[{"id":41913,"href":"https:\/\/www.soroptimisteurope.org\/fr\/wp-json\/wp\/v2\/posts\/26674\/revisions\/41913"}],"wp:featuredmedia":[{"embeddable":true,"href":"https:\/\/www.soroptimisteurope.org\/fr\/wp-json\/wp\/v2\/media\/39377"}],"wp:attachment":[{"href":"https:\/\/www.soroptimisteurope.org\/fr\/wp-json\/wp\/v2\/media?parent=26674"}],"wp:term":[{"taxonomy":"category","embeddable":true,"href":"https:\/\/www.soroptimisteurope.org\/fr\/wp-json\/wp\/v2\/categories?post=26674"},{"taxonomy":"post_tag","embeddable":true,"href":"https:\/\/www.soroptimisteurope.org\/fr\/wp-json\/wp\/v2\/tags?post=26674"}],"curies":[{"name":"wp","href":"https:\/\/api.w.org\/{rel}","templated":true}]}}