{"id":26897,"date":"2023-12-13T08:12:09","date_gmt":"2023-12-13T07:12:09","guid":{"rendered":"https:\/\/www.soroptimisteurope.org\/?p=26897"},"modified":"2025-05-13T11:19:01","modified_gmt":"2025-05-13T09:19:01","slug":"embrasser-le-changement-regarder-a-linterieur-de-soi-et-au-dela","status":"publish","type":"post","link":"https:\/\/www.soroptimisteurope.org\/fr\/embrasser-le-changement-regarder-a-linterieur-de-soi-et-au-dela\/","title":{"rendered":"Embrasser le changement\u00a0: regarder \u00e0 l\u2019int\u00e9rieur de soi et au-del\u00e0"},"content":{"rendered":"<p>Vous \u00eates-vous jamais demand\u00e9 pourquoi ces \u00ab\u00a0messages de la Pr\u00e9sidente\u00a0\u00bb existaient, pourquoi je les ai \u00e9crits ces deux derni\u00e8res ann\u00e9es et ce qui m\u2019a pouss\u00e9e \u00e0 entrer en lien avec vous, lectrices du Trait d\u2019Union\u00a0? La r\u00e9ponse est plus simple que vous ne l\u2019imaginez\u00a0:<\/p>\n<p>&nbsp;<\/p>\n<p>C\u2019est parce que je vous ai entendues et \u00e9cout\u00e9es\u2026<\/p>\n<p>C\u2019est parce que je vous ai vues, j\u2019ai vu ce que vous avez fait, les sujets qui vous ont int\u00e9ress\u00e9es et ceux dont vous vous \u00eates d\u00e9tourn\u00e9es\u2026<\/p>\n<p>C\u2019est parce que je vous ai lues, j\u2019ai lu vos doutes, vos applaudissements, vos plaintes, vos conseils\u2026<\/p>\n<p>C\u2019est parce que je vous ai ressenties, j\u2019ai ressenti votre fiert\u00e9, votre excitation et vos frustrations.<\/p>\n<p>&nbsp;<\/p>\n<p>Ce qui nous propulse toutes vers l\u2019avant, c\u2019est ce que nous envisageons. Nous ne parlons pas avant d\u2019avoir d\u2019abord \u00e9cout\u00e9, et nous n\u2019\u00e9crivons pas avant d\u2019avoir d\u2019abord lu. Nous nous r\u00e9jouissons des nouvelles contributions et \u00ab\u00a0sommes d\u2019accord pour ne pas \u00eatre d\u2019accord\u00a0\u00bb. C\u2019est m\u00eame le premier \u00e9l\u00e9ment \u00e9nonc\u00e9 \u00e0 chaque fois que nous partageons un engagement de leadership avec un nouveau club. Nous fonctionnons en fait en suivant l\u2019une de mes devises pr\u00e9f\u00e9r\u00e9es\u00a0: \u00ab\u00a0Quand tout le monde pense la m\u00eame chose, personne ne pense vraiment.\u00a0\u00bb<\/p>\n<p>&nbsp;<\/p>\n<p>Nulle femme ne peut affirmer qu\u2019elle a toujours \u00e9t\u00e9 bien comprise, qu\u2019elle n\u2019a jamais \u00e9t\u00e9 harcel\u00e9e, qu\u2019elle n\u2019a jamais \u00e9t\u00e9 victime de comm\u00e9rages ou qu\u2019elle n\u2019a jamais donn\u00e9 une r\u00e9ponse correcte qui a \u00e9t\u00e9 d\u00e9lib\u00e9r\u00e9ment mal interpr\u00e9t\u00e9e. Je ne fais pas exception. Il est bien plus facile de supposer que de demander et de discuter, et il est temps de laisser ces attitudes derri\u00e8re nous.<\/p>\n<p>&nbsp;<\/p>\n<p><img fetchpriority=\"high\" decoding=\"async\" class=\"alignnone  wp-image-22158\" src=\"https:\/\/www.soroptimisteurope.org\/wp-content\/uploads\/2021\/10\/i7a2809-full-res-300-dpi.jpg\" alt=\"\" width=\"651\" height=\"434\" \/><\/p>\n<p>&nbsp;<\/p>\n<p>En tant que membres d\u2019une organisation regroupant des citoyennes ordinaires, nous voulons \u00eatre entendues et comprises, et participer activement aux conf\u00e9rences en nous effor\u00e7ant d\u2019obtenir plus de reconnaissance et de visibilit\u00e9 dans nos actions de lobbying en faveur des femmes et des filles. C\u2019est la raison pour laquelle nous devrions nous concentrer davantage sur le fait de rester unies. \u00c0 l\u2019approche des \u00e9lections europ\u00e9ennes, nous entrons, en tant qu\u2019organisation de femmes, dans une p\u00e9riode pleine de d\u00e9fis. Bien que nous respections notre statut d\u2019organisation apolitique, nous ne pouvons pas accepter de recul en ce qui concerne les droits des femmes. Nous ne pouvons pas ignorer les possibilit\u00e9s infinies de l\u2019IA\u00a0! Ferons-nous \u00e9cho au sentiment selon lequel l\u2019IA est de mani\u00e8re inh\u00e9rente biais\u00e9e en faveur des \u00ab\u00a0m\u00e2les blancs\u00a0\u00bb, ou allons-nous l\u2019adopter, en tirer parti et la diffuser jusqu\u2019\u00e0 ce qu\u2019elle int\u00e8gre une perspective f\u00e9minine significative\u00a0? Apr\u00e8s tout, ce n\u2019est pas avec un slogan que nous allons marquer des points. C\u2019est \u00e0 travers l\u2019action que nous affirmerons notre r\u00f4le de d\u00e9fenseurs de l\u2019autonomisation des femmes et que nous servirons d\u2019exemples quant \u00e0 la mani\u00e8re d\u2019y parvenir.<\/p>\n<p>&nbsp;<\/p>\n<p>Que ce dernier message de ma part en tant que Pr\u00e9sidente soit un appel \u00e0 \u00c9COUTER, pas seulement les questions Soroptimist, mais aussi ce qui m\u00e8ne la soci\u00e9t\u00e9, au-del\u00e0 de notre organisation. L\u2019innovation est pour moi une seconde nature et va bien au-del\u00e0 des petits r\u00e9glages et des mises \u00e0 jour. Elle implique d\u2019identifier les tendances et de saisir les opportunit\u00e9s. Je ne renoncerai jamais \u00e0 l\u2019innovation au sein de notre ch\u00e8re organisation.<\/p>\n<p>&nbsp;<\/p>\n<p>Avec un nouveau leadership aux commandes pour la prochaine p\u00e9riode biennale, soyez s\u00fbres que vous \u00eates entre de bonnes mains. Je souhaite au nouveau bureau tout le meilleur pour n\u00e9gocier les d\u00e9fis anticip\u00e9s comme les impr\u00e9vus. Comme l\u2019a dit Eleanor Roosevelt, qui soutint nos m\u00e8res fondatrices dans leurs initiatives\u00a0: \u00ab\u00a0Une femme est comme un sachet de th\u00e9\u00a0; elle devient plus forte quand elle est plong\u00e9e dans l\u2019eau chaude.\u00a0\u00bb<\/p>\n<p>&nbsp;<\/p>\n<p>Ou, comme l\u2019\u00e9nonce le proverbe de Bruges qui a fa\u00e7onn\u00e9 mon \u00e9ducation flamande, \u00ab\u00a0Plus est en vous\u00a0\u00bb\u00a0: vous avez \u00e0 l\u2019int\u00e9rieur de vous plus que vous ne le pensez et chacune d\u2019entre nous se doit d\u2019exploiter ses richesses et capacit\u00e9s cach\u00e9es et inutilis\u00e9es et de tirer le meilleur d\u2019elle-m\u00eame.<\/p>\n<p>&nbsp;<\/p>\n<p>Je vous dis chaleureusement AU REVOIR\u00a0!<\/p>\n<p>&nbsp;<\/p>\n<p><strong>Carolien Demey<\/strong><\/p>\n<p><strong>Pr\u00e9sidente du\u00a0SIE 2021-2023<\/strong><\/p>\n<p>&nbsp;<\/p>\n<hr \/>\n<p>&nbsp;<\/p>\n<p style=\"text-align: center;\">Si c\u2019est la derni\u00e8re fois que Carolien publie un message en tant que Pr\u00e9sidente, vous verrez sa vid\u00e9o d\u2019au revoir sur nos m\u00e9dias sociaux. Suivez le Soroptimist International d\u2019Europe en cliquant sur les liens ci-dessous et rejoignez-nous plus tard ce mois-ci pour c\u00e9l\u00e9brer le mandat de Pr\u00e9sidente de Carolien\u00a0!<\/p>\n<p>&nbsp;<\/p>\n<table style=\"height: 167px;\" width=\"668\">\n<tbody>\n<tr>\n<td width=\"150\"><a href=\"https:\/\/www.facebook.com\/SoroptimistInternationalofEurope\/\" target=\"_blank\" rel=\"noopener\"><img decoding=\"async\" class=\"wp-image-21063 aligncenter\" src=\"https:\/\/www.soroptimisteurope.org\/wp-content\/uploads\/2021\/06\/sans-titre-24.png\" alt=\"\" width=\"118\" height=\"118\" srcset=\"https:\/\/www.soroptimisteurope.org\/wp-content\/uploads\/2021\/06\/sans-titre-24.png 500w, https:\/\/www.soroptimisteurope.org\/wp-content\/uploads\/2021\/06\/sans-titre-24-300x300.png 300w, https:\/\/www.soroptimisteurope.org\/wp-content\/uploads\/2021\/06\/sans-titre-24-150x150.png 150w\" sizes=\"(max-width: 118px) 100vw, 118px\" \/><\/a><\/td>\n<td style=\"text-align: center;\" width=\"150\"><a href=\"https:\/\/www.instagram.com\/soroptimisteurope\/\" target=\"_blank\" rel=\"noopener\"><img decoding=\"async\" class=\"wp-image-21067 aligncenter\" src=\"https:\/\/www.soroptimisteurope.org\/wp-content\/uploads\/2021\/06\/sans-titre-26.png\" alt=\"\" width=\"118\" height=\"118\" srcset=\"https:\/\/www.soroptimisteurope.org\/wp-content\/uploads\/2021\/06\/sans-titre-26.png 500w, https:\/\/www.soroptimisteurope.org\/wp-content\/uploads\/2021\/06\/sans-titre-26-300x300.png 300w, https:\/\/www.soroptimisteurope.org\/wp-content\/uploads\/2021\/06\/sans-titre-26-150x150.png 150w\" sizes=\"(max-width: 118px) 100vw, 118px\" \/><\/a><\/td>\n<td style=\"text-align: center;\" width=\"150\"><a href=\"https:\/\/www.linkedin.com\/in\/soroptimisteurope\/\" target=\"_blank\" rel=\"noopener\"><img loading=\"lazy\" decoding=\"async\" class=\"wp-image-21065 aligncenter\" src=\"https:\/\/www.soroptimisteurope.org\/wp-content\/uploads\/2021\/06\/sans-titre-27.png\" alt=\"\" width=\"118\" height=\"118\" srcset=\"https:\/\/www.soroptimisteurope.org\/wp-content\/uploads\/2021\/06\/sans-titre-27.png 500w, https:\/\/www.soroptimisteurope.org\/wp-content\/uploads\/2021\/06\/sans-titre-27-300x300.png 300w, https:\/\/www.soroptimisteurope.org\/wp-content\/uploads\/2021\/06\/sans-titre-27-150x150.png 150w\" sizes=\"(max-width: 118px) 100vw, 118px\" \/><\/a><\/td>\n<td style=\"text-align: center;\" width=\"150\"><a href=\"https:\/\/twitter.com\/SIEurope\" target=\"_blank\" rel=\"noopener\"><img loading=\"lazy\" decoding=\"async\" class=\"wp-image-21069 aligncenter\" src=\"https:\/\/www.soroptimisteurope.org\/wp-content\/uploads\/2021\/06\/sans-titre-25.png\" alt=\"\" width=\"118\" height=\"118\" srcset=\"https:\/\/www.soroptimisteurope.org\/wp-content\/uploads\/2021\/06\/sans-titre-25.png 500w, https:\/\/www.soroptimisteurope.org\/wp-content\/uploads\/2021\/06\/sans-titre-25-300x300.png 300w, https:\/\/www.soroptimisteurope.org\/wp-content\/uploads\/2021\/06\/sans-titre-25-150x150.png 150w\" sizes=\"(max-width: 118px) 100vw, 118px\" \/><\/a><\/td>\n<\/tr>\n<\/tbody>\n<\/table>\n","protected":false},"excerpt":{"rendered":"<p>Vous \u00eates-vous jamais demand\u00e9 pourquoi ces \u00ab\u00a0messages de la Pr\u00e9sidente\u00a0\u00bb existaient, pourquoi je les ai \u00e9crits ces deux derni\u00e8res ann\u00e9es et ce qui m\u2019a pouss\u00e9e \u00e0 entrer en lien avec [&hellip;]<\/p>\n","protected":false},"author":5,"featured_media":39418,"comment_status":"open","ping_status":"open","sticky":false,"template":"","format":"standard","meta":{"_acf_changed":false,"give_campaign_id":0,"footnotes":""},"categories":[129],"tags":[],"class_list":["post-26897","post","type-post","status-publish","format-standard","has-post-thumbnail","hentry","category-nouvelles"],"acf":{"article_photo_de_couverture":{"ID":26903,"id":26903,"title":"Untitled design (18)","filename":"untitled-design-18.png","filesize":500180,"url":"https:\/\/www.soroptimisteurope.org\/wp-content\/uploads\/2023\/12\/untitled-design-18.png","link":"https:\/\/www.soroptimisteurope.org\/fr\/untitled-design-18-3\/","alt":"","author":"3","description":"","caption":"","name":"untitled-design-18-3","status":"inherit","uploaded_to":0,"date":"2023-12-12 15:54:20","modified":"2023-12-12 15:54:20","menu_order":0,"mime_type":"image\/png","type":"image","subtype":"png","icon":"https:\/\/www.soroptimisteurope.org\/wp-content\/plugins\/media-library-assistant\/images\/crystal\/image.png","width":1250,"height":300,"sizes":{"thumbnail":"https:\/\/www.soroptimisteurope.org\/wp-content\/uploads\/2023\/12\/untitled-design-18-150x150.png","thumbnail-width":150,"thumbnail-height":150,"medium":"https:\/\/www.soroptimisteurope.org\/wp-content\/uploads\/2023\/12\/untitled-design-18-300x72.png","medium-width":300,"medium-height":72,"medium_large":"https:\/\/www.soroptimisteurope.org\/wp-content\/uploads\/2023\/12\/untitled-design-18-768x184.png","medium_large-width":768,"medium_large-height":184,"large":"https:\/\/www.soroptimisteurope.org\/wp-content\/uploads\/2023\/12\/untitled-design-18-1024x246.png","large-width":800,"large-height":192,"1536x1536":"https:\/\/www.soroptimisteurope.org\/wp-content\/uploads\/2023\/12\/untitled-design-18.png","1536x1536-width":1250,"1536x1536-height":300,"2048x2048":"https:\/\/www.soroptimisteurope.org\/wp-content\/uploads\/2023\/12\/untitled-design-18.png","2048x2048-width":1250,"2048x2048-height":300}},"article_chapeau":"","article_contenu":[{"article_titre_du_paragraphe":"","article_paragraphe":"<p>Vous \u00eates-vous jamais demand\u00e9 pourquoi ces \u00ab\u00a0messages de la Pr\u00e9sidente\u00a0\u00bb existaient, pourquoi je les ai \u00e9crits ces deux derni\u00e8res ann\u00e9es et ce qui m\u2019a pouss\u00e9e \u00e0 entrer en lien avec vous, lectrices du Trait d\u2019Union\u00a0? La r\u00e9ponse est plus simple que vous ne l\u2019imaginez\u00a0:<\/p>\n<p>&nbsp;<\/p>\n<p>C\u2019est parce que je vous ai entendues et \u00e9cout\u00e9es\u2026<\/p>\n<p>C\u2019est parce que je vous ai vues, j\u2019ai vu ce que vous avez fait, les sujets qui vous ont int\u00e9ress\u00e9es et ceux dont vous vous \u00eates d\u00e9tourn\u00e9es\u2026<\/p>\n<p>C\u2019est parce que je vous ai lues, j\u2019ai lu vos doutes, vos applaudissements, vos plaintes, vos conseils\u2026<\/p>\n<p>C\u2019est parce que je vous ai ressenties, j\u2019ai ressenti votre fiert\u00e9, votre excitation et vos frustrations.<\/p>\n<p>&nbsp;<\/p>\n<p>Ce qui nous propulse toutes vers l\u2019avant, c\u2019est ce que nous envisageons. Nous ne parlons pas avant d\u2019avoir d\u2019abord \u00e9cout\u00e9, et nous n\u2019\u00e9crivons pas avant d\u2019avoir d\u2019abord lu. Nous nous r\u00e9jouissons des nouvelles contributions et \u00ab\u00a0sommes d\u2019accord pour ne pas \u00eatre d\u2019accord\u00a0\u00bb. C\u2019est m\u00eame le premier \u00e9l\u00e9ment \u00e9nonc\u00e9 \u00e0 chaque fois que nous partageons un engagement de leadership avec un nouveau club. Nous fonctionnons en fait en suivant l\u2019une de mes devises pr\u00e9f\u00e9r\u00e9es\u00a0: \u00ab\u00a0Quand tout le monde pense la m\u00eame chose, personne ne pense vraiment.\u00a0\u00bb<\/p>\n<p>&nbsp;<\/p>\n<p>Nulle femme ne peut affirmer qu\u2019elle a toujours \u00e9t\u00e9 bien comprise, qu\u2019elle n\u2019a jamais \u00e9t\u00e9 harcel\u00e9e, qu\u2019elle n\u2019a jamais \u00e9t\u00e9 victime de comm\u00e9rages ou qu\u2019elle n\u2019a jamais donn\u00e9 une r\u00e9ponse correcte qui a \u00e9t\u00e9 d\u00e9lib\u00e9r\u00e9ment mal interpr\u00e9t\u00e9e. Je ne fais pas exception. Il est bien plus facile de supposer que de demander et de discuter, et il est temps de laisser ces attitudes derri\u00e8re nous.<\/p>\n<p>&nbsp;<\/p>\n<p><img loading=\"lazy\" decoding=\"async\" class=\"alignnone  wp-image-22158\" src=\"http:\/\/www.soroptimisteurope.org\/wp-content\/uploads\/2021\/10\/i7a2809-full-res-300-dpi-300x200.jpg\" alt=\"\" width=\"651\" height=\"434\" \/><\/p>\n<p>&nbsp;<\/p>\n<p>En tant que membres d\u2019une organisation regroupant des citoyennes ordinaires, nous voulons \u00eatre entendues et comprises, et participer activement aux conf\u00e9rences en nous effor\u00e7ant d\u2019obtenir plus de reconnaissance et de visibilit\u00e9 dans nos actions de lobbying en faveur des femmes et des filles. C\u2019est la raison pour laquelle nous devrions nous concentrer davantage sur le fait de rester unies. \u00c0 l\u2019approche des \u00e9lections europ\u00e9ennes, nous entrons, en tant qu\u2019organisation de femmes, dans une p\u00e9riode pleine de d\u00e9fis. Bien que nous respections notre statut d\u2019organisation apolitique, nous ne pouvons pas accepter de recul en ce qui concerne les droits des femmes. Nous ne pouvons pas ignorer les possibilit\u00e9s infinies de l\u2019IA\u00a0! Ferons-nous \u00e9cho au sentiment selon lequel l\u2019IA est de mani\u00e8re inh\u00e9rente biais\u00e9e en faveur des \u00ab\u00a0m\u00e2les blancs\u00a0\u00bb, ou allons-nous l\u2019adopter, en tirer parti et la diffuser jusqu\u2019\u00e0 ce qu\u2019elle int\u00e8gre une perspective f\u00e9minine significative\u00a0? Apr\u00e8s tout, ce n\u2019est pas avec un slogan que nous allons marquer des points. C\u2019est \u00e0 travers l\u2019action que nous affirmerons notre r\u00f4le de d\u00e9fenseurs de l\u2019autonomisation des femmes et que nous servirons d\u2019exemples quant \u00e0 la mani\u00e8re d\u2019y parvenir.<\/p>\n<p>&nbsp;<\/p>\n<p>Que ce dernier message de ma part en tant que Pr\u00e9sidente soit un appel \u00e0 \u00c9COUTER, pas seulement les questions Soroptimist, mais aussi ce qui m\u00e8ne la soci\u00e9t\u00e9, au-del\u00e0 de notre organisation. L\u2019innovation est pour moi une seconde nature et va bien au-del\u00e0 des petits r\u00e9glages et des mises \u00e0 jour. Elle implique d\u2019identifier les tendances et de saisir les opportunit\u00e9s. Je ne renoncerai jamais \u00e0 l\u2019innovation au sein de notre ch\u00e8re organisation.<\/p>\n<p>&nbsp;<\/p>\n<p>Avec un nouveau leadership aux commandes pour la prochaine p\u00e9riode biennale, soyez s\u00fbres que vous \u00eates entre de bonnes mains. Je souhaite au nouveau bureau tout le meilleur pour n\u00e9gocier les d\u00e9fis anticip\u00e9s comme les impr\u00e9vus. Comme l\u2019a dit Eleanor Roosevelt, qui soutint nos m\u00e8res fondatrices dans leurs initiatives\u00a0: \u00ab\u00a0Une femme est comme un sachet de th\u00e9\u00a0; elle devient plus forte quand elle est plong\u00e9e dans l\u2019eau chaude.\u00a0\u00bb<\/p>\n<p>&nbsp;<\/p>\n<p>Ou, comme l\u2019\u00e9nonce le proverbe de Bruges qui a fa\u00e7onn\u00e9 mon \u00e9ducation flamande, \u00ab\u00a0Plus est en vous\u00a0\u00bb\u00a0: vous avez \u00e0 l\u2019int\u00e9rieur de vous plus que vous ne le pensez et chacune d\u2019entre nous se doit d\u2019exploiter ses richesses et capacit\u00e9s cach\u00e9es et inutilis\u00e9es et de tirer le meilleur d\u2019elle-m\u00eame.<\/p>\n<p>&nbsp;<\/p>\n<p>Je vous dis chaleureusement AU REVOIR\u00a0!<\/p>\n<p>&nbsp;<\/p>\n<p><strong>Carolien Demey<\/strong><\/p>\n<p><strong>Pr\u00e9sidente du\u00a0SIE 2021-2023<\/strong><\/p>\n<p>&nbsp;<\/p>\n<hr \/>\n<p>&nbsp;<\/p>\n<p style=\"text-align: center;\">Si c\u2019est la derni\u00e8re fois que Carolien publie un message en tant que Pr\u00e9sidente, vous verrez sa vid\u00e9o d\u2019au revoir sur nos m\u00e9dias sociaux. Suivez le Soroptimist International d\u2019Europe en cliquant sur les liens ci-dessous et rejoignez-nous plus tard ce mois-ci pour c\u00e9l\u00e9brer le mandat de Pr\u00e9sidente de Carolien\u00a0!<\/p>\n<p>&nbsp;<\/p>\n<table style=\"height: 167px;\" width=\"668\">\n<tbody>\n<tr>\n<td width=\"150\"><a href=\"https:\/\/www.facebook.com\/SoroptimistInternationalofEurope\/\" target=\"_blank\" rel=\"noopener\"><img loading=\"lazy\" decoding=\"async\" class=\"wp-image-21063 aligncenter\" src=\"http:\/\/www.soroptimisteurope.org\/wp-content\/uploads\/2021\/06\/sans-titre-24-300x300.png\" alt=\"\" width=\"118\" height=\"118\" srcset=\"https:\/\/www.soroptimisteurope.org\/wp-content\/uploads\/2021\/06\/sans-titre-24-300x300.png 300w, https:\/\/www.soroptimisteurope.org\/wp-content\/uploads\/2021\/06\/sans-titre-24-150x150.png 150w, https:\/\/www.soroptimisteurope.org\/wp-content\/uploads\/2021\/06\/sans-titre-24.png 500w\" sizes=\"(max-width: 118px) 100vw, 118px\" \/><\/a><\/td>\n<td style=\"text-align: center;\" width=\"150\"><a href=\"https:\/\/www.instagram.com\/soroptimisteurope\/\" target=\"_blank\" rel=\"noopener\"><img loading=\"lazy\" decoding=\"async\" class=\"wp-image-21067 aligncenter\" src=\"http:\/\/www.soroptimisteurope.org\/wp-content\/uploads\/2021\/06\/sans-titre-26-300x300.png\" alt=\"\" width=\"118\" height=\"118\" srcset=\"https:\/\/www.soroptimisteurope.org\/wp-content\/uploads\/2021\/06\/sans-titre-26-300x300.png 300w, https:\/\/www.soroptimisteurope.org\/wp-content\/uploads\/2021\/06\/sans-titre-26-150x150.png 150w, https:\/\/www.soroptimisteurope.org\/wp-content\/uploads\/2021\/06\/sans-titre-26.png 500w\" sizes=\"(max-width: 118px) 100vw, 118px\" \/><\/a><\/td>\n<td style=\"text-align: center;\" width=\"150\"><a href=\"https:\/\/www.linkedin.com\/in\/soroptimisteurope\/\" target=\"_blank\" rel=\"noopener\"><img loading=\"lazy\" decoding=\"async\" class=\"wp-image-21065 aligncenter\" src=\"http:\/\/www.soroptimisteurope.org\/wp-content\/uploads\/2021\/06\/sans-titre-27-300x300.png\" alt=\"\" width=\"118\" height=\"118\" srcset=\"https:\/\/www.soroptimisteurope.org\/wp-content\/uploads\/2021\/06\/sans-titre-27-300x300.png 300w, https:\/\/www.soroptimisteurope.org\/wp-content\/uploads\/2021\/06\/sans-titre-27-150x150.png 150w, https:\/\/www.soroptimisteurope.org\/wp-content\/uploads\/2021\/06\/sans-titre-27.png 500w\" sizes=\"(max-width: 118px) 100vw, 118px\" \/><\/a><\/td>\n<td style=\"text-align: center;\" width=\"150\"><a href=\"https:\/\/twitter.com\/SIEurope\" target=\"_blank\" rel=\"noopener\"><img loading=\"lazy\" decoding=\"async\" class=\"wp-image-21069 aligncenter\" src=\"http:\/\/www.soroptimisteurope.org\/wp-content\/uploads\/2021\/06\/sans-titre-25-300x300.png\" alt=\"\" width=\"118\" height=\"118\" srcset=\"https:\/\/www.soroptimisteurope.org\/wp-content\/uploads\/2021\/06\/sans-titre-25-300x300.png 300w, https:\/\/www.soroptimisteurope.org\/wp-content\/uploads\/2021\/06\/sans-titre-25-150x150.png 150w, https:\/\/www.soroptimisteurope.org\/wp-content\/uploads\/2021\/06\/sans-titre-25.png 500w\" sizes=\"(max-width: 118px) 100vw, 118px\" \/><\/a><\/td>\n<\/tr>\n<\/tbody>\n<\/table>\n","article_media_image":false,"article_media_video":""}],"article_trombinoscope":false,"article_video":"","article_evenements_sociaux":false,"article_auteur_texte":"","article_nom_contact":"","article_email_contact":"","article_numero_contact":"","article_documents":false,"article_actualites_liees":false},"yoast_head":"<!-- This site is optimized with the Yoast SEO plugin v27.4 - https:\/\/yoast.com\/product\/yoast-seo-wordpress\/ -->\n<title>Embrasser le changement\u00a0: regarder \u00e0 l\u2019int\u00e9rieur de soi et au-del\u00e0 - Soroptimist<\/title>\n<meta name=\"robots\" content=\"index, follow, max-snippet:-1, max-image-preview:large, max-video-preview:-1\" \/>\n<link rel=\"canonical\" href=\"https:\/\/www.soroptimisteurope.org\/embracing-change-looking-inside-and-beyond\/\" \/>\n<meta property=\"og:locale\" content=\"fr_FR\" \/>\n<meta property=\"og:type\" content=\"article\" \/>\n<meta property=\"og:title\" content=\"Embrasser le changement\u00a0: regarder \u00e0 l\u2019int\u00e9rieur de soi et au-del\u00e0 - Soroptimist\" \/>\n<meta property=\"og:description\" content=\"Vous \u00eates-vous jamais demand\u00e9 pourquoi ces \u00ab\u00a0messages de la Pr\u00e9sidente\u00a0\u00bb existaient, pourquoi je les ai \u00e9crits ces deux derni\u00e8res ann\u00e9es et ce qui m\u2019a pouss\u00e9e \u00e0 entrer en lien avec [&hellip;]\" \/>\n<meta property=\"og:url\" content=\"https:\/\/www.soroptimisteurope.org\/embracing-change-looking-inside-and-beyond\/\" \/>\n<meta property=\"og:site_name\" content=\"Soroptimist\" \/>\n<meta property=\"article:published_time\" content=\"2023-12-13T07:12:09+00:00\" \/>\n<meta property=\"article:modified_time\" content=\"2025-05-13T09:19:01+00:00\" \/>\n<meta property=\"og:image\" content=\"https:\/\/www.soroptimisteurope.org\/wp-content\/uploads\/2025\/04\/untitled-design-18-8.png\" \/>\n\t<meta property=\"og:image:width\" content=\"1250\" \/>\n\t<meta property=\"og:image:height\" content=\"300\" \/>\n\t<meta property=\"og:image:type\" content=\"image\/png\" \/>\n<meta name=\"author\" content=\"Virginie Racine\" \/>\n<meta name=\"twitter:card\" content=\"summary_large_image\" \/>\n<meta name=\"twitter:label1\" content=\"\u00c9crit par\" \/>\n\t<meta name=\"twitter:data1\" content=\"Virginie Racine\" \/>\n<script type=\"application\/ld+json\" class=\"yoast-schema-graph\">{\"@context\":\"https:\\\/\\\/schema.org\",\"@graph\":[{\"@type\":\"Article\",\"@id\":\"https:\\\/\\\/www.soroptimisteurope.org\\\/embracing-change-looking-inside-and-beyond\\\/#article\",\"isPartOf\":{\"@id\":\"https:\\\/\\\/www.soroptimisteurope.org\\\/embracing-change-looking-inside-and-beyond\\\/\"},\"author\":{\"name\":\"Virginie Racine\",\"@id\":\"https:\\\/\\\/www.soroptimisteurope.org\\\/#\\\/schema\\\/person\\\/71cb5ee8dc72773ed419609bf2274619\"},\"headline\":\"Embrasser le changement\u00a0: regarder \u00e0 l\u2019int\u00e9rieur de soi et au-del\u00e0\",\"datePublished\":\"2023-12-13T07:12:09+00:00\",\"dateModified\":\"2025-05-13T09:19:01+00:00\",\"mainEntityOfPage\":{\"@id\":\"https:\\\/\\\/www.soroptimisteurope.org\\\/embracing-change-looking-inside-and-beyond\\\/\"},\"wordCount\":840,\"commentCount\":0,\"image\":{\"@id\":\"https:\\\/\\\/www.soroptimisteurope.org\\\/embracing-change-looking-inside-and-beyond\\\/#primaryimage\"},\"thumbnailUrl\":\"https:\\\/\\\/www.soroptimisteurope.org\\\/wp-content\\\/uploads\\\/2025\\\/04\\\/untitled-design-18-8.png\",\"articleSection\":[\"Nouvelles\"],\"inLanguage\":\"fr-FR\",\"potentialAction\":[{\"@type\":\"CommentAction\",\"name\":\"Comment\",\"target\":[\"https:\\\/\\\/www.soroptimisteurope.org\\\/embracing-change-looking-inside-and-beyond\\\/#respond\"]}]},{\"@type\":\"WebPage\",\"@id\":\"https:\\\/\\\/www.soroptimisteurope.org\\\/embracing-change-looking-inside-and-beyond\\\/\",\"url\":\"https:\\\/\\\/www.soroptimisteurope.org\\\/embracing-change-looking-inside-and-beyond\\\/\",\"name\":\"Embrasser le changement\u00a0: regarder \u00e0 l\u2019int\u00e9rieur de soi et au-del\u00e0 - Soroptimist\",\"isPartOf\":{\"@id\":\"https:\\\/\\\/www.soroptimisteurope.org\\\/#website\"},\"primaryImageOfPage\":{\"@id\":\"https:\\\/\\\/www.soroptimisteurope.org\\\/embracing-change-looking-inside-and-beyond\\\/#primaryimage\"},\"image\":{\"@id\":\"https:\\\/\\\/www.soroptimisteurope.org\\\/embracing-change-looking-inside-and-beyond\\\/#primaryimage\"},\"thumbnailUrl\":\"https:\\\/\\\/www.soroptimisteurope.org\\\/wp-content\\\/uploads\\\/2025\\\/04\\\/untitled-design-18-8.png\",\"datePublished\":\"2023-12-13T07:12:09+00:00\",\"dateModified\":\"2025-05-13T09:19:01+00:00\",\"author\":{\"@id\":\"https:\\\/\\\/www.soroptimisteurope.org\\\/#\\\/schema\\\/person\\\/71cb5ee8dc72773ed419609bf2274619\"},\"breadcrumb\":{\"@id\":\"https:\\\/\\\/www.soroptimisteurope.org\\\/embracing-change-looking-inside-and-beyond\\\/#breadcrumb\"},\"inLanguage\":\"fr-FR\",\"potentialAction\":[{\"@type\":\"ReadAction\",\"target\":[\"https:\\\/\\\/www.soroptimisteurope.org\\\/embracing-change-looking-inside-and-beyond\\\/\"]}]},{\"@type\":\"ImageObject\",\"inLanguage\":\"fr-FR\",\"@id\":\"https:\\\/\\\/www.soroptimisteurope.org\\\/embracing-change-looking-inside-and-beyond\\\/#primaryimage\",\"url\":\"https:\\\/\\\/www.soroptimisteurope.org\\\/wp-content\\\/uploads\\\/2025\\\/04\\\/untitled-design-18-8.png\",\"contentUrl\":\"https:\\\/\\\/www.soroptimisteurope.org\\\/wp-content\\\/uploads\\\/2025\\\/04\\\/untitled-design-18-8.png\",\"width\":1250,\"height\":300},{\"@type\":\"BreadcrumbList\",\"@id\":\"https:\\\/\\\/www.soroptimisteurope.org\\\/embracing-change-looking-inside-and-beyond\\\/#breadcrumb\",\"itemListElement\":[{\"@type\":\"ListItem\",\"position\":1,\"name\":\"Accueil\",\"item\":\"https:\\\/\\\/www.soroptimisteurope.org\\\/fr\\\/\"},{\"@type\":\"ListItem\",\"position\":2,\"name\":\"Embrasser le changement\u00a0: regarder \u00e0 l\u2019int\u00e9rieur de soi et au-del\u00e0\"}]},{\"@type\":\"WebSite\",\"@id\":\"https:\\\/\\\/www.soroptimisteurope.org\\\/#website\",\"url\":\"https:\\\/\\\/www.soroptimisteurope.org\\\/\",\"name\":\"Soroptimist\",\"description\":\"\",\"potentialAction\":[{\"@type\":\"SearchAction\",\"target\":{\"@type\":\"EntryPoint\",\"urlTemplate\":\"https:\\\/\\\/www.soroptimisteurope.org\\\/?s={search_term_string}\"},\"query-input\":{\"@type\":\"PropertyValueSpecification\",\"valueRequired\":true,\"valueName\":\"search_term_string\"}}],\"inLanguage\":\"fr-FR\"},{\"@type\":\"Person\",\"@id\":\"https:\\\/\\\/www.soroptimisteurope.org\\\/#\\\/schema\\\/person\\\/71cb5ee8dc72773ed419609bf2274619\",\"name\":\"Virginie Racine\",\"url\":\"https:\\\/\\\/www.soroptimisteurope.org\\\/fr\\\/author\\\/adminsorop2k21\\\/\"}]}<\/script>\n<!-- \/ Yoast SEO plugin. -->","yoast_head_json":{"title":"Embrasser le changement\u00a0: regarder \u00e0 l\u2019int\u00e9rieur de soi et au-del\u00e0 - Soroptimist","robots":{"index":"index","follow":"follow","max-snippet":"max-snippet:-1","max-image-preview":"max-image-preview:large","max-video-preview":"max-video-preview:-1"},"canonical":"https:\/\/www.soroptimisteurope.org\/embracing-change-looking-inside-and-beyond\/","og_locale":"fr_FR","og_type":"article","og_title":"Embrasser le changement\u00a0: regarder \u00e0 l\u2019int\u00e9rieur de soi et au-del\u00e0 - Soroptimist","og_description":"Vous \u00eates-vous jamais demand\u00e9 pourquoi ces \u00ab\u00a0messages de la Pr\u00e9sidente\u00a0\u00bb existaient, pourquoi je les ai \u00e9crits ces deux derni\u00e8res ann\u00e9es et ce qui m\u2019a pouss\u00e9e \u00e0 entrer en lien avec [&hellip;]","og_url":"https:\/\/www.soroptimisteurope.org\/embracing-change-looking-inside-and-beyond\/","og_site_name":"Soroptimist","article_published_time":"2023-12-13T07:12:09+00:00","article_modified_time":"2025-05-13T09:19:01+00:00","og_image":[{"width":1250,"height":300,"url":"https:\/\/www.soroptimisteurope.org\/wp-content\/uploads\/2025\/04\/untitled-design-18-8.png","type":"image\/png"}],"author":"Virginie Racine","twitter_card":"summary_large_image","twitter_misc":{"\u00c9crit par":"Virginie Racine"},"schema":{"@context":"https:\/\/schema.org","@graph":[{"@type":"Article","@id":"https:\/\/www.soroptimisteurope.org\/embracing-change-looking-inside-and-beyond\/#article","isPartOf":{"@id":"https:\/\/www.soroptimisteurope.org\/embracing-change-looking-inside-and-beyond\/"},"author":{"name":"Virginie Racine","@id":"https:\/\/www.soroptimisteurope.org\/#\/schema\/person\/71cb5ee8dc72773ed419609bf2274619"},"headline":"Embrasser le changement\u00a0: regarder \u00e0 l\u2019int\u00e9rieur de soi et au-del\u00e0","datePublished":"2023-12-13T07:12:09+00:00","dateModified":"2025-05-13T09:19:01+00:00","mainEntityOfPage":{"@id":"https:\/\/www.soroptimisteurope.org\/embracing-change-looking-inside-and-beyond\/"},"wordCount":840,"commentCount":0,"image":{"@id":"https:\/\/www.soroptimisteurope.org\/embracing-change-looking-inside-and-beyond\/#primaryimage"},"thumbnailUrl":"https:\/\/www.soroptimisteurope.org\/wp-content\/uploads\/2025\/04\/untitled-design-18-8.png","articleSection":["Nouvelles"],"inLanguage":"fr-FR","potentialAction":[{"@type":"CommentAction","name":"Comment","target":["https:\/\/www.soroptimisteurope.org\/embracing-change-looking-inside-and-beyond\/#respond"]}]},{"@type":"WebPage","@id":"https:\/\/www.soroptimisteurope.org\/embracing-change-looking-inside-and-beyond\/","url":"https:\/\/www.soroptimisteurope.org\/embracing-change-looking-inside-and-beyond\/","name":"Embrasser le changement\u00a0: regarder \u00e0 l\u2019int\u00e9rieur de soi et au-del\u00e0 - Soroptimist","isPartOf":{"@id":"https:\/\/www.soroptimisteurope.org\/#website"},"primaryImageOfPage":{"@id":"https:\/\/www.soroptimisteurope.org\/embracing-change-looking-inside-and-beyond\/#primaryimage"},"image":{"@id":"https:\/\/www.soroptimisteurope.org\/embracing-change-looking-inside-and-beyond\/#primaryimage"},"thumbnailUrl":"https:\/\/www.soroptimisteurope.org\/wp-content\/uploads\/2025\/04\/untitled-design-18-8.png","datePublished":"2023-12-13T07:12:09+00:00","dateModified":"2025-05-13T09:19:01+00:00","author":{"@id":"https:\/\/www.soroptimisteurope.org\/#\/schema\/person\/71cb5ee8dc72773ed419609bf2274619"},"breadcrumb":{"@id":"https:\/\/www.soroptimisteurope.org\/embracing-change-looking-inside-and-beyond\/#breadcrumb"},"inLanguage":"fr-FR","potentialAction":[{"@type":"ReadAction","target":["https:\/\/www.soroptimisteurope.org\/embracing-change-looking-inside-and-beyond\/"]}]},{"@type":"ImageObject","inLanguage":"fr-FR","@id":"https:\/\/www.soroptimisteurope.org\/embracing-change-looking-inside-and-beyond\/#primaryimage","url":"https:\/\/www.soroptimisteurope.org\/wp-content\/uploads\/2025\/04\/untitled-design-18-8.png","contentUrl":"https:\/\/www.soroptimisteurope.org\/wp-content\/uploads\/2025\/04\/untitled-design-18-8.png","width":1250,"height":300},{"@type":"BreadcrumbList","@id":"https:\/\/www.soroptimisteurope.org\/embracing-change-looking-inside-and-beyond\/#breadcrumb","itemListElement":[{"@type":"ListItem","position":1,"name":"Accueil","item":"https:\/\/www.soroptimisteurope.org\/fr\/"},{"@type":"ListItem","position":2,"name":"Embrasser le changement\u00a0: regarder \u00e0 l\u2019int\u00e9rieur de soi et au-del\u00e0"}]},{"@type":"WebSite","@id":"https:\/\/www.soroptimisteurope.org\/#website","url":"https:\/\/www.soroptimisteurope.org\/","name":"Soroptimist","description":"","potentialAction":[{"@type":"SearchAction","target":{"@type":"EntryPoint","urlTemplate":"https:\/\/www.soroptimisteurope.org\/?s={search_term_string}"},"query-input":{"@type":"PropertyValueSpecification","valueRequired":true,"valueName":"search_term_string"}}],"inLanguage":"fr-FR"},{"@type":"Person","@id":"https:\/\/www.soroptimisteurope.org\/#\/schema\/person\/71cb5ee8dc72773ed419609bf2274619","name":"Virginie Racine","url":"https:\/\/www.soroptimisteurope.org\/fr\/author\/adminsorop2k21\/"}]}},"_links":{"self":[{"href":"https:\/\/www.soroptimisteurope.org\/fr\/wp-json\/wp\/v2\/posts\/26897","targetHints":{"allow":["GET"]}}],"collection":[{"href":"https:\/\/www.soroptimisteurope.org\/fr\/wp-json\/wp\/v2\/posts"}],"about":[{"href":"https:\/\/www.soroptimisteurope.org\/fr\/wp-json\/wp\/v2\/types\/post"}],"author":[{"embeddable":true,"href":"https:\/\/www.soroptimisteurope.org\/fr\/wp-json\/wp\/v2\/users\/5"}],"replies":[{"embeddable":true,"href":"https:\/\/www.soroptimisteurope.org\/fr\/wp-json\/wp\/v2\/comments?post=26897"}],"version-history":[{"count":7,"href":"https:\/\/www.soroptimisteurope.org\/fr\/wp-json\/wp\/v2\/posts\/26897\/revisions"}],"predecessor-version":[{"id":41919,"href":"https:\/\/www.soroptimisteurope.org\/fr\/wp-json\/wp\/v2\/posts\/26897\/revisions\/41919"}],"wp:featuredmedia":[{"embeddable":true,"href":"https:\/\/www.soroptimisteurope.org\/fr\/wp-json\/wp\/v2\/media\/39418"}],"wp:attachment":[{"href":"https:\/\/www.soroptimisteurope.org\/fr\/wp-json\/wp\/v2\/media?parent=26897"}],"wp:term":[{"taxonomy":"category","embeddable":true,"href":"https:\/\/www.soroptimisteurope.org\/fr\/wp-json\/wp\/v2\/categories?post=26897"},{"taxonomy":"post_tag","embeddable":true,"href":"https:\/\/www.soroptimisteurope.org\/fr\/wp-json\/wp\/v2\/tags?post=26897"}],"curies":[{"name":"wp","href":"https:\/\/api.w.org\/{rel}","templated":true}]}}