{"id":3398,"date":"2016-11-15T09:22:00","date_gmt":"2016-11-15T08:22:00","guid":{"rendered":"http:\/\/www.soroptimisteurope.org\/fr\/?p=3398"},"modified":"2025-05-13T11:15:39","modified_gmt":"2025-05-13T09:15:39","slug":"3398","status":"publish","type":"post","link":"https:\/\/www.soroptimisteurope.org\/fr\/3398\/","title":{"rendered":"INSCRIVEZ-VOUS AU 21\u00e8me CONGRES SIE (Florence, Italie)"},"content":{"rendered":"<p>Le 21\u00e8me Congr\u00e8s du Soroptimist International d&rsquo;Europe se tiendra \u00e0 Florence (Italie) du 14 au 16 juillet 2017.<\/p>\n<p>Toutes les informations sur le programme et les inscriptions sont sur le <a href=\"http:\/\/www.Soroptimistflorence2017.com\" target=\"_blank\">site internet du Congr\u00e8s<\/a>.<\/p>\n<p>&nbsp;<\/p>\n<div class=\"image-wrapper\"><img decoding=\"async\" src=\"https:\/\/www.soroptimisteurope.org\/wp-content\/uploads\/2016\/11\/21-congress-florence.jpg\" alt=\"21_congress_florence\"><\/div>\n","protected":false},"excerpt":{"rendered":"<p>21\u00e8me Cong\u00e8rs du Soroptimist International d&rsquo;Europe \u00e0 Florence, Italie<\/p>\n","protected":false},"author":5,"featured_media":35705,"comment_status":"open","ping_status":"open","sticky":false,"template":"","format":"standard","meta":{"_acf_changed":false,"give_campaign_id":0,"footnotes":""},"categories":[],"tags":[],"class_list":["post-3398","post","type-post","status-publish","format-standard","has-post-thumbnail","hentry"],"acf":{"article_photo_de_couverture":false,"article_chapeau":"<p>21\u00e8me Cong\u00e8rs du Soroptimist International d'Europe \u00e0 Florence, Italie<\/p>\n","article_contenu":[{"article_titre_du_paragraphe":"","article_paragraphe":"<p>Le 21\u00e8me Congr\u00e8s du Soroptimist International d&rsquo;Europe se tiendra \u00e0 Florence (Italie) du 14 au 16 juillet 2017.<\/p>\n<p>Toutes les informations sur le programme et les inscriptions sont sur le <a href=\"http:\/\/www.Soroptimistflorence2017.com\" target=\"_blank\">site internet du Congr\u00e8s<\/a>.<\/p>\n<p>&nbsp;<\/p>\n","article_media_image":{"ID":3399,"id":3399,"title":"21_congress_florence","filename":"21-congress-florence.jpg","filesize":19617,"url":"https:\/\/www.soroptimisteurope.org\/wp-content\/uploads\/2016\/11\/21-congress-florence.jpg","link":"https:\/\/www.soroptimisteurope.org\/fr\/21_congress_florence\/","alt":"","author":"2","description":"","caption":"","name":"21_congress_florence","status":"inherit","uploaded_to":0,"date":"2016-11-15 08:14:22","modified":"2016-11-15 13:13:22","menu_order":0,"mime_type":"image\/jpeg","type":"image","subtype":"jpeg","icon":"https:\/\/www.soroptimisteurope.org\/wp-content\/plugins\/media-library-assistant\/images\/crystal\/image.png","width":450,"height":299,"sizes":{"thumbnail":"https:\/\/www.soroptimisteurope.org\/wp-content\/uploads\/2016\/11\/21-congress-florence-150x150.jpg","thumbnail-width":150,"thumbnail-height":150,"medium":"https:\/\/www.soroptimisteurope.org\/wp-content\/uploads\/2016\/11\/21-congress-florence-300x199.jpg","medium-width":300,"medium-height":199,"medium_large":"https:\/\/www.soroptimisteurope.org\/wp-content\/uploads\/2016\/11\/21-congress-florence.jpg","medium_large-width":450,"medium_large-height":299,"large":"https:\/\/www.soroptimisteurope.org\/wp-content\/uploads\/2016\/11\/21-congress-florence.jpg","large-width":450,"large-height":299,"1536x1536":"https:\/\/www.soroptimisteurope.org\/wp-content\/uploads\/2016\/11\/21-congress-florence.jpg","1536x1536-width":450,"1536x1536-height":299,"2048x2048":"https:\/\/www.soroptimisteurope.org\/wp-content\/uploads\/2016\/11\/21-congress-florence.jpg","2048x2048-width":450,"2048x2048-height":299}},"article_media_video":""}],"article_trombinoscope":false,"article_video":"","article_evenements_sociaux":false,"article_auteur_texte":"","article_nom_contact":"","article_email_contact":"","article_numero_contact":"","article_documents":false,"article_actualites_liees":false},"yoast_head":"<!-- This site is optimized with the Yoast SEO plugin v27.4 - https:\/\/yoast.com\/product\/yoast-seo-wordpress\/ -->\n<title>INSCRIVEZ-VOUS AU 21\u00e8me CONGRES SIE (Florence, Italie) - Soroptimist<\/title>\n<meta name=\"robots\" content=\"index, follow, max-snippet:-1, max-image-preview:large, max-video-preview:-1\" \/>\n<link rel=\"canonical\" href=\"https:\/\/www.soroptimisteurope.org\/3398\/\" \/>\n<meta property=\"og:locale\" content=\"fr_FR\" \/>\n<meta property=\"og:type\" content=\"article\" \/>\n<meta property=\"og:title\" content=\"INSCRIVEZ-VOUS AU 21\u00e8me CONGRES SIE (Florence, Italie) - Soroptimist\" \/>\n<meta property=\"og:description\" content=\"21\u00e8me Cong\u00e8rs du Soroptimist International d&#039;Europe \u00e0 Florence, Italie\" \/>\n<meta property=\"og:url\" content=\"https:\/\/www.soroptimisteurope.org\/3398\/\" \/>\n<meta property=\"og:site_name\" content=\"Soroptimist\" \/>\n<meta property=\"article:published_time\" content=\"2016-11-15T08:22:00+00:00\" \/>\n<meta property=\"article:modified_time\" content=\"2025-05-13T09:15:39+00:00\" \/>\n<meta property=\"og:image\" content=\"https:\/\/www.soroptimisteurope.org\/wp-content\/uploads\/2025\/04\/florence-duomo-italy-01.jpg\" \/>\n\t<meta property=\"og:image:width\" content=\"1200\" \/>\n\t<meta property=\"og:image:height\" content=\"780\" \/>\n\t<meta property=\"og:image:type\" content=\"image\/jpeg\" \/>\n<meta name=\"author\" content=\"Virginie Racine\" \/>\n<meta name=\"twitter:card\" content=\"summary_large_image\" \/>\n<meta name=\"twitter:label1\" content=\"\u00c9crit par\" \/>\n\t<meta name=\"twitter:data1\" content=\"Virginie Racine\" \/>\n<script type=\"application\/ld+json\" class=\"yoast-schema-graph\">{\"@context\":\"https:\\\/\\\/schema.org\",\"@graph\":[{\"@type\":\"Article\",\"@id\":\"https:\\\/\\\/www.soroptimisteurope.org\\\/3398\\\/#article\",\"isPartOf\":{\"@id\":\"https:\\\/\\\/www.soroptimisteurope.org\\\/3398\\\/\"},\"author\":{\"name\":\"Virginie Racine\",\"@id\":\"https:\\\/\\\/www.soroptimisteurope.org\\\/#\\\/schema\\\/person\\\/71cb5ee8dc72773ed419609bf2274619\"},\"headline\":\"INSCRIVEZ-VOUS AU 21\u00e8me CONGRES SIE (Florence, Italie)\",\"datePublished\":\"2016-11-15T08:22:00+00:00\",\"dateModified\":\"2025-05-13T09:15:39+00:00\",\"mainEntityOfPage\":{\"@id\":\"https:\\\/\\\/www.soroptimisteurope.org\\\/3398\\\/\"},\"wordCount\":41,\"commentCount\":0,\"image\":{\"@id\":\"https:\\\/\\\/www.soroptimisteurope.org\\\/3398\\\/#primaryimage\"},\"thumbnailUrl\":\"https:\\\/\\\/www.soroptimisteurope.org\\\/wp-content\\\/uploads\\\/2025\\\/04\\\/florence-duomo-italy-01.jpg\",\"inLanguage\":\"fr-FR\",\"potentialAction\":[{\"@type\":\"CommentAction\",\"name\":\"Comment\",\"target\":[\"https:\\\/\\\/www.soroptimisteurope.org\\\/3398\\\/#respond\"]}]},{\"@type\":\"WebPage\",\"@id\":\"https:\\\/\\\/www.soroptimisteurope.org\\\/3398\\\/\",\"url\":\"https:\\\/\\\/www.soroptimisteurope.org\\\/3398\\\/\",\"name\":\"INSCRIVEZ-VOUS AU 21\u00e8me CONGRES SIE (Florence, Italie) - Soroptimist\",\"isPartOf\":{\"@id\":\"https:\\\/\\\/www.soroptimisteurope.org\\\/#website\"},\"primaryImageOfPage\":{\"@id\":\"https:\\\/\\\/www.soroptimisteurope.org\\\/3398\\\/#primaryimage\"},\"image\":{\"@id\":\"https:\\\/\\\/www.soroptimisteurope.org\\\/3398\\\/#primaryimage\"},\"thumbnailUrl\":\"https:\\\/\\\/www.soroptimisteurope.org\\\/wp-content\\\/uploads\\\/2025\\\/04\\\/florence-duomo-italy-01.jpg\",\"datePublished\":\"2016-11-15T08:22:00+00:00\",\"dateModified\":\"2025-05-13T09:15:39+00:00\",\"author\":{\"@id\":\"https:\\\/\\\/www.soroptimisteurope.org\\\/#\\\/schema\\\/person\\\/71cb5ee8dc72773ed419609bf2274619\"},\"breadcrumb\":{\"@id\":\"https:\\\/\\\/www.soroptimisteurope.org\\\/3398\\\/#breadcrumb\"},\"inLanguage\":\"fr-FR\",\"potentialAction\":[{\"@type\":\"ReadAction\",\"target\":[\"https:\\\/\\\/www.soroptimisteurope.org\\\/3398\\\/\"]}]},{\"@type\":\"ImageObject\",\"inLanguage\":\"fr-FR\",\"@id\":\"https:\\\/\\\/www.soroptimisteurope.org\\\/3398\\\/#primaryimage\",\"url\":\"https:\\\/\\\/www.soroptimisteurope.org\\\/wp-content\\\/uploads\\\/2025\\\/04\\\/florence-duomo-italy-01.jpg\",\"contentUrl\":\"https:\\\/\\\/www.soroptimisteurope.org\\\/wp-content\\\/uploads\\\/2025\\\/04\\\/florence-duomo-italy-01.jpg\",\"width\":1200,\"height\":780},{\"@type\":\"BreadcrumbList\",\"@id\":\"https:\\\/\\\/www.soroptimisteurope.org\\\/3398\\\/#breadcrumb\",\"itemListElement\":[{\"@type\":\"ListItem\",\"position\":1,\"name\":\"Accueil\",\"item\":\"https:\\\/\\\/www.soroptimisteurope.org\\\/fr\\\/\"},{\"@type\":\"ListItem\",\"position\":2,\"name\":\"INSCRIVEZ-VOUS AU 21\u00e8me CONGRES SIE (Florence, Italie)\"}]},{\"@type\":\"WebSite\",\"@id\":\"https:\\\/\\\/www.soroptimisteurope.org\\\/#website\",\"url\":\"https:\\\/\\\/www.soroptimisteurope.org\\\/\",\"name\":\"Soroptimist\",\"description\":\"\",\"potentialAction\":[{\"@type\":\"SearchAction\",\"target\":{\"@type\":\"EntryPoint\",\"urlTemplate\":\"https:\\\/\\\/www.soroptimisteurope.org\\\/?s={search_term_string}\"},\"query-input\":{\"@type\":\"PropertyValueSpecification\",\"valueRequired\":true,\"valueName\":\"search_term_string\"}}],\"inLanguage\":\"fr-FR\"},{\"@type\":\"Person\",\"@id\":\"https:\\\/\\\/www.soroptimisteurope.org\\\/#\\\/schema\\\/person\\\/71cb5ee8dc72773ed419609bf2274619\",\"name\":\"Virginie Racine\",\"url\":\"https:\\\/\\\/www.soroptimisteurope.org\\\/fr\\\/author\\\/adminsorop2k21\\\/\"}]}<\/script>\n<!-- \/ Yoast SEO plugin. -->","yoast_head_json":{"title":"INSCRIVEZ-VOUS AU 21\u00e8me CONGRES SIE (Florence, Italie) - Soroptimist","robots":{"index":"index","follow":"follow","max-snippet":"max-snippet:-1","max-image-preview":"max-image-preview:large","max-video-preview":"max-video-preview:-1"},"canonical":"https:\/\/www.soroptimisteurope.org\/3398\/","og_locale":"fr_FR","og_type":"article","og_title":"INSCRIVEZ-VOUS AU 21\u00e8me CONGRES SIE (Florence, Italie) - Soroptimist","og_description":"21\u00e8me Cong\u00e8rs du Soroptimist International d'Europe \u00e0 Florence, Italie","og_url":"https:\/\/www.soroptimisteurope.org\/3398\/","og_site_name":"Soroptimist","article_published_time":"2016-11-15T08:22:00+00:00","article_modified_time":"2025-05-13T09:15:39+00:00","og_image":[{"width":1200,"height":780,"url":"https:\/\/www.soroptimisteurope.org\/wp-content\/uploads\/2025\/04\/florence-duomo-italy-01.jpg","type":"image\/jpeg"}],"author":"Virginie Racine","twitter_card":"summary_large_image","twitter_misc":{"\u00c9crit par":"Virginie Racine"},"schema":{"@context":"https:\/\/schema.org","@graph":[{"@type":"Article","@id":"https:\/\/www.soroptimisteurope.org\/3398\/#article","isPartOf":{"@id":"https:\/\/www.soroptimisteurope.org\/3398\/"},"author":{"name":"Virginie Racine","@id":"https:\/\/www.soroptimisteurope.org\/#\/schema\/person\/71cb5ee8dc72773ed419609bf2274619"},"headline":"INSCRIVEZ-VOUS AU 21\u00e8me CONGRES SIE (Florence, Italie)","datePublished":"2016-11-15T08:22:00+00:00","dateModified":"2025-05-13T09:15:39+00:00","mainEntityOfPage":{"@id":"https:\/\/www.soroptimisteurope.org\/3398\/"},"wordCount":41,"commentCount":0,"image":{"@id":"https:\/\/www.soroptimisteurope.org\/3398\/#primaryimage"},"thumbnailUrl":"https:\/\/www.soroptimisteurope.org\/wp-content\/uploads\/2025\/04\/florence-duomo-italy-01.jpg","inLanguage":"fr-FR","potentialAction":[{"@type":"CommentAction","name":"Comment","target":["https:\/\/www.soroptimisteurope.org\/3398\/#respond"]}]},{"@type":"WebPage","@id":"https:\/\/www.soroptimisteurope.org\/3398\/","url":"https:\/\/www.soroptimisteurope.org\/3398\/","name":"INSCRIVEZ-VOUS AU 21\u00e8me CONGRES SIE (Florence, Italie) - Soroptimist","isPartOf":{"@id":"https:\/\/www.soroptimisteurope.org\/#website"},"primaryImageOfPage":{"@id":"https:\/\/www.soroptimisteurope.org\/3398\/#primaryimage"},"image":{"@id":"https:\/\/www.soroptimisteurope.org\/3398\/#primaryimage"},"thumbnailUrl":"https:\/\/www.soroptimisteurope.org\/wp-content\/uploads\/2025\/04\/florence-duomo-italy-01.jpg","datePublished":"2016-11-15T08:22:00+00:00","dateModified":"2025-05-13T09:15:39+00:00","author":{"@id":"https:\/\/www.soroptimisteurope.org\/#\/schema\/person\/71cb5ee8dc72773ed419609bf2274619"},"breadcrumb":{"@id":"https:\/\/www.soroptimisteurope.org\/3398\/#breadcrumb"},"inLanguage":"fr-FR","potentialAction":[{"@type":"ReadAction","target":["https:\/\/www.soroptimisteurope.org\/3398\/"]}]},{"@type":"ImageObject","inLanguage":"fr-FR","@id":"https:\/\/www.soroptimisteurope.org\/3398\/#primaryimage","url":"https:\/\/www.soroptimisteurope.org\/wp-content\/uploads\/2025\/04\/florence-duomo-italy-01.jpg","contentUrl":"https:\/\/www.soroptimisteurope.org\/wp-content\/uploads\/2025\/04\/florence-duomo-italy-01.jpg","width":1200,"height":780},{"@type":"BreadcrumbList","@id":"https:\/\/www.soroptimisteurope.org\/3398\/#breadcrumb","itemListElement":[{"@type":"ListItem","position":1,"name":"Accueil","item":"https:\/\/www.soroptimisteurope.org\/fr\/"},{"@type":"ListItem","position":2,"name":"INSCRIVEZ-VOUS AU 21\u00e8me CONGRES SIE (Florence, Italie)"}]},{"@type":"WebSite","@id":"https:\/\/www.soroptimisteurope.org\/#website","url":"https:\/\/www.soroptimisteurope.org\/","name":"Soroptimist","description":"","potentialAction":[{"@type":"SearchAction","target":{"@type":"EntryPoint","urlTemplate":"https:\/\/www.soroptimisteurope.org\/?s={search_term_string}"},"query-input":{"@type":"PropertyValueSpecification","valueRequired":true,"valueName":"search_term_string"}}],"inLanguage":"fr-FR"},{"@type":"Person","@id":"https:\/\/www.soroptimisteurope.org\/#\/schema\/person\/71cb5ee8dc72773ed419609bf2274619","name":"Virginie Racine","url":"https:\/\/www.soroptimisteurope.org\/fr\/author\/adminsorop2k21\/"}]}},"_links":{"self":[{"href":"https:\/\/www.soroptimisteurope.org\/fr\/wp-json\/wp\/v2\/posts\/3398","targetHints":{"allow":["GET"]}}],"collection":[{"href":"https:\/\/www.soroptimisteurope.org\/fr\/wp-json\/wp\/v2\/posts"}],"about":[{"href":"https:\/\/www.soroptimisteurope.org\/fr\/wp-json\/wp\/v2\/types\/post"}],"author":[{"embeddable":true,"href":"https:\/\/www.soroptimisteurope.org\/fr\/wp-json\/wp\/v2\/users\/5"}],"replies":[{"embeddable":true,"href":"https:\/\/www.soroptimisteurope.org\/fr\/wp-json\/wp\/v2\/comments?post=3398"}],"version-history":[{"count":6,"href":"https:\/\/www.soroptimisteurope.org\/fr\/wp-json\/wp\/v2\/posts\/3398\/revisions"}],"predecessor-version":[{"id":39760,"href":"https:\/\/www.soroptimisteurope.org\/fr\/wp-json\/wp\/v2\/posts\/3398\/revisions\/39760"}],"wp:featuredmedia":[{"embeddable":true,"href":"https:\/\/www.soroptimisteurope.org\/fr\/wp-json\/wp\/v2\/media\/35705"}],"wp:attachment":[{"href":"https:\/\/www.soroptimisteurope.org\/fr\/wp-json\/wp\/v2\/media?parent=3398"}],"wp:term":[{"taxonomy":"category","embeddable":true,"href":"https:\/\/www.soroptimisteurope.org\/fr\/wp-json\/wp\/v2\/categories?post=3398"},{"taxonomy":"post_tag","embeddable":true,"href":"https:\/\/www.soroptimisteurope.org\/fr\/wp-json\/wp\/v2\/tags?post=3398"}],"curies":[{"name":"wp","href":"https:\/\/api.w.org\/{rel}","templated":true}]}}