{"id":4380,"date":"2016-11-09T08:57:21","date_gmt":"2016-11-09T07:57:21","guid":{"rendered":"http:\/\/www.soroptimisteurope.org\/fr\/our-statements\/"},"modified":"2025-11-25T14:49:24","modified_gmt":"2025-11-25T13:49:24","slug":"our-statements","status":"publish","type":"post","link":"https:\/\/www.soroptimisteurope.org\/fr\/our-statements\/","title":{"rendered":"Nos d\u00e9clarations"},"content":{"rendered":"<p>Nos d\u00e9clarations visent \u00e0 amener sur le devant de la sc\u00e8ne les probl\u00e9matiques concernant les femmes \u00e0 travers l&rsquo;Europe, le Moyen-Orient et les Cara\u00efbes. Par ailleurs, elles visent \u00e0 faire partager \u00e0 l\u2019\u00e9chelle internationale les exp\u00e9riences et les meilleures pratiques identifi\u00e9es par les Soroptimist au travers de leur travail sans rel\u00e2che pour l&rsquo;am\u00e9lioration de la vie des femmes et des filles.<\/p>\n<p>&nbsp;<\/p>\n<p><em><strong>Nous vous invitons \u00e0 t\u00e9l\u00e9charger et \u00e0 distribuer au plus grand nombre nos d\u00e9clarations.<\/strong><\/em><\/p>\n<p>&nbsp;<\/p>\n<p><a href=\"https:\/\/www.soroptimisteurope.org\/wp-content\/uploads\/2016\/11\/sie-letter-on-the-eu-directive-3-feb-2024-fr.pdf\" target=\"_blank\" rel=\"noopener\">Soroptimist International d&rsquo;Europe sur l&rsquo;inclusion du viol dans la directive europ\u00e9enne sur la violence \u00e0 l&rsquo;\u00e9gard des femmes et la violence domestique et son adoption rapide &#8211; 3 f\u00e9vrier 2024<\/a><\/p>\n<p>&nbsp;<\/p>\n<p><a href=\"https:\/\/www.soroptimisteurope.org\/wp-content\/uploads\/2016\/11\/2nd-statement-ukraine-march-2022-fr.pdf\" target=\"_blank\" rel=\"noopener\">Soroptimist International d&rsquo;Europe &#8211; D\u00e9claration sur la situation des r\u00e9fugi\u00e9es ukrainiennes &#8211; 16 mars 2022<\/a><\/p>\n<p>&nbsp;<\/p>\n<p><a href=\"https:\/\/www.soroptimisteurope.org\/wp-content\/uploads\/2016\/11\/statement-women-in-the-conflict-zone-in-ukraine-fr-final.pdf\" target=\"_blank\" rel=\"noopener\">Soroptimist International d&rsquo;Europe &#8211; D\u00e9claration sur la situation des femmes en Ukraine &#8211; 25 f\u00e9vrier 2022<\/a><\/p>\n<p>&nbsp;<\/p>\n<p><a href=\"https:\/\/www.soroptimisteurope.org\/wp-content\/uploads\/2016\/11\/sie-statement-on-afghanistan-fr-final.pdf\" target=\"_blank\" rel=\"noopener\">Soroptimist International d&rsquo;Europe &#8211; D\u00e9claration sur l&rsquo;Afghanistan &#8211; 6 septembre 2021<\/a><\/p>\n<p>&nbsp;<\/p>\n<p><a href=\"https:\/\/www.soroptimisteurope.org\/wp-content\/uploads\/2021\/05\/eu-consultation-letter-fr-final.pdf\" target=\"_blank\" rel=\"noopener\">Soroptimist International d&rsquo;Europe &#8211; Expos\u00e9 de position suite \u00e0 la consultation de l&rsquo;Union europ\u00e9enne &#8211; 14 mai 2021<\/a><\/p>\n<p>&nbsp;<\/p>\n<p><a href=\"https:\/\/www.soroptimisteurope.org\/fr\/sante-reproductive-et-droits-des-femmes\/\" target=\"_blank\" rel=\"noopener\">Soroptimist International d&rsquo;Europe &#8211; D\u00e9claration sur la sant\u00e9 reproductive et le droit des femmes &#8211; 13 novembre 2020<\/a><\/p>\n<p>&nbsp;<\/p>\n<p><a href=\"https:\/\/www.soroptimisteurope.org\/fr\/convention-distanbul-combat-la-violence-contre-les-femmes\/\" target=\"_blank\" rel=\"noopener\">Soroptimist International d&rsquo;Europe &#8211; D\u00e9claration sur la Convention d&rsquo;Istanbul &#8211; 31 juillet 2020<\/a><\/p>\n<p>&nbsp;<\/p>\n<p><a href=\"https:\/\/www.soroptimisteurope.org\/wp-content\/uploads\/2018\/02\/fgm-statement-2018-fr.pdf\">Soroptimist International d&rsquo;Europe &#8211; D\u00e9claration \u00e0 l&rsquo;occasion de la journ\u00e9e internationale de la tol\u00e9rance z\u00e9ro \u00e0 l&rsquo;\u00e9gard des mutilations g\u00e9nitales f\u00e9minines &#8211; le 6 f\u00e9vrier 2018<\/a><\/p>\n<p>&nbsp;<\/p>\n<p><a href=\"https:\/\/www.soroptimisteurope.org\/wp-content\/uploads\/2016\/11\/eu-anti-trafficking-day-final-fr.pdf\" target=\"_blank\" rel=\"noopener\">Soroptimist International d&rsquo;Europe &#8211; D\u00e9claration \u00e0 l&rsquo;occasion de la journ\u00e9e europ\u00e9enne de lutte contre la traite d\u2019\u00eatres humains &#8211; 18 octobre 2017<\/a><\/p>\n<p>&nbsp;<\/p>\n<p><a href=\"https:\/\/extranet.soroptimisteurope.org\/download\/downloads\/file\/download\/1065\">Soroptimist International d&rsquo;Europe &#8211; D\u00e9claration \u00e0 l&rsquo;occasion de Journ\u00e9e Internationale de la Femme &#8211; 8 mars 2017<\/a><\/p>\n<p>&nbsp;<\/p>\n<p><a href=\"https:\/\/www.soroptimisteurope.org\/wp-content\/uploads\/2017\/03\/fgm-statement-2017-fr.pdf\" target=\"_blank\" rel=\"noopener\">Soroptimist International d&rsquo;Europe &#8211;\u00a0D\u00e9claration \u00e0 l&rsquo;occasion de la Journ\u00e9e internationale de la tol\u00e9rance z\u00e9ro \u00e0 l&rsquo;\u00e9gard des mutilations g\u00e9nitales f\u00e9minines &#8211;\u00a06 f\u00e9vrier 2017<\/a><\/p>\n<p>&nbsp;<\/p>\n<p><a href=\"https:\/\/www.soroptimisteurope.org\/wp-content\/uploads\/2016\/11\/international-womens-day-8-march-2016-fr.pdf\" target=\"_blank\" rel=\"noopener\">Soroptimist International d&rsquo;Europe &#8211; D\u00e9claration \u00e0 l&rsquo;occasion de Journ\u00e9e Internationale de la Femme &#8211; 8 mars 2016<\/a><\/p>\n<p>&nbsp;<\/p>\n<p><a href=\"https:\/\/www.soroptimisteurope.org\/wp-content\/uploads\/2016\/11\/zero-discrimination-day-2016-fr.pdf\" target=\"_blank\" rel=\"noopener\">Soroptimist International d&rsquo;Europe &#8211; D\u00e9claration \u00e0 l&rsquo;occasion de Journ\u00e9e Z\u00e9ro Discriminatation &#8211; 1 mars 2016<\/a><\/p>\n<p>&nbsp;<\/p>\n<p><a href=\"https:\/\/www.soroptimisteurope.org\/wp-content\/uploads\/2016\/11\/sie-statement-zero-tolerance-to-female-genital-mutilation-2016-fr.pdf\" target=\"_blank\" rel=\"noopener\">Soroptimist International d&rsquo;Europe &#8211; D\u00e9claration \u00e0 l&rsquo;occasion de la Journ\u00e9e internationale de la tol\u00e9rance z\u00e9ro \u00e0 l&rsquo;\u00e9gard des mutilations g\u00e9nitales f\u00e9minines &#8211; 6 f\u00e9vrier 2016<\/a><\/p>\n<p>&nbsp;<\/p>\n<p><a href=\"https:\/\/www.soroptimisteurope.org\/wp-content\/uploads\/2016\/11\/international-day-of-peace-on-the-21th-september-2015-fr-v1.pdf\" target=\"_blank\" rel=\"noopener\">Soroptimist International d&rsquo;Europe &#8211; D\u00e9claration \u00e0 l&rsquo;occasion de la Journ\u00e9e Internationale de la Paix &#8211; 21 septembre 2015<\/a><\/p>\n<p>&nbsp;<\/p>\n<p><a href=\"https:\/\/www.soroptimisteurope.org\/wp-content\/uploads\/2016\/11\/international-womens-day-8-march-2015-fr.pdf\" target=\"_blank\" rel=\"noopener\">Soroptimist International d&rsquo;Europe &#8211; D\u00e9claration \u00e0 l&rsquo;occasion de la Journ\u00e9e Internationale de la Femme &#8211; 8 mars 2015<\/a><\/p>\n<p>&nbsp;<\/p>\n<p><a href=\"https:\/\/www.soroptimisteurope.org\/wp-content\/uploads\/2016\/11\/soroptimist-international-speech-at-unesco-anne-simon-8-sept-2014-fr.pdf\" target=\"_blank\" rel=\"noopener\">Soroptimist International d&rsquo;Europe &#8211; Discours \u00e0 l&rsquo;occasion de la Journ\u00e9e mondiale de l&rsquo;alphabetisation &#8211; 8 septembre 2014<\/a><\/p>\n<p>&nbsp;<\/p>\n<p><a href=\"https:\/\/www.soroptimisteurope.org\/wp-content\/uploads\/2016\/11\/soroptimist-international-of-europe-statement-on-the-occasion-of-international-womens-day-2014-fr.pdf\" target=\"_blank\" rel=\"noopener\">Soroptimist International d&rsquo;Europe &#8211; D\u00e9claration \u00e0 l&rsquo;occasion de la Journ\u00e9e Internationale de la Femme &#8211; 8 mars 2014<\/a><\/p>\n<p>&nbsp;<\/p>\n<p><a href=\"https:\/\/www.soroptimisteurope.org\/wp-content\/uploads\/2016\/11\/soroptimist-international-of-europe-statement-on-the-occasion-of-the-international-day-for-the-elimination-of-violence-against-women-25-nov-2013-fr.pdf\" target=\"_blank\" rel=\"noopener\">Soroptimist International d&rsquo;Europe &#8211; D\u00e9claration \u00e0 l&rsquo;occasion de la Journ\u00e9e internationale pour l&rsquo;\u00e9limination de la violence \u00e0 l&rsquo;\u00e9gard des femmes &#8211; 25 novembre 2013<\/a><\/p>\n<p>&nbsp;<\/p>\n<p><a href=\"https:\/\/www.soroptimisteurope.org\/wp-content\/uploads\/2016\/11\/soroptimist-international-of-europe-statement-on-climate-change-and-human-rights-nov-2013-fr.pdf\" target=\"_blank\" rel=\"noopener\">Soroptimist International d&rsquo;Europe &#8211; D\u00e9claration sur le changment climatique et les droits de l&rsquo;Homme &#8211; novembre 2013<\/a><\/p>\n<p>&nbsp;<\/p>\n<p><a href=\"https:\/\/www.soroptimisteurope.org\/wp-content\/uploads\/2016\/11\/soroptimist-international-of-europe-statement-on-the-occasion-of-european-anti-trafficking-day-18-oct-2013-fr-pdf.pdf\" target=\"_blank\" rel=\"noopener\">Soroptimist International d&rsquo;Europe &#8211; D\u00e9claration \u00e0 l&rsquo;occasion de la Journ\u00e9e europ\u00e9enne de lutte contre la traite des \u00eatres humains &#8211; 18 octobre 2013<\/a><\/p>\n<p>&nbsp;<\/p>\n<p>&nbsp;<\/p>\n<p><em><strong>Vous trouverez ci-dessous quelques D\u00e9clarations de Soroptimist International \u00ab\u00a0Where We Stand\u00a0\u00bb (en anglais) :<\/strong><\/em><\/p>\n<p>&nbsp;<\/p>\n<p><a href=\"https:\/\/www.soroptimisteurope.org\/wp-content\/uploads\/2016\/11\/si-wws-access-to-education.pdf\" target=\"_blank\" rel=\"noopener\">Soroptimist International &#8211; D\u00e9claration sur l&rsquo;acc\u00e8s \u00e0 l&rsquo;\u00e9ducation<\/a><\/p>\n<p>&nbsp;<\/p>\n<p><a href=\"https:\/\/www.soroptimisteurope.org\/wp-content\/uploads\/2016\/11\/si-wws-gender-based-violence.pdf\" target=\"_blank\" rel=\"noopener\">Soroptimist International &#8211; D\u00e9claration sur la violence bas\u00e9e sur le genre<\/a><\/p>\n<p>&nbsp;<\/p>\n<p><a href=\"https:\/\/www.soroptimisteurope.org\/wp-content\/uploads\/2016\/11\/human-trafficking-wwspp-october-2024-final-approved-fr.pdf\" target=\"_blank\" rel=\"noopener\">Soroptimist International &#8211; D\u00e9claration sur la traite d&rsquo;\u00eatres humains<\/a><\/p>\n<p>&nbsp;<\/p>\n<p><a href=\"https:\/\/www.soroptimisteurope.org\/wp-content\/uploads\/2016\/11\/si-wws-womens-economic-empowerment.pdf\" target=\"_blank\" rel=\"noopener\">Soroptimist International &#8211; D\u00e9claration sur l&rsquo;autonomisation \u00e9conomique des femmes<\/a><\/p>\n<p>&nbsp;<\/p>\n<p><em><strong>Si vous souhaitez lire d&rsquo;avantage de D\u00e9clarations du SI, veuillez cliquer <a href=\"https:\/\/www.soroptimistinternational.org\/members-area\/si-statements\/\" target=\"_blank\" rel=\"noopener\">ici<\/a>.<\/strong><\/em><\/p>\n","protected":false},"excerpt":{"rendered":"<p>Soroptimist International d&rsquo;Europe fait r\u00e9guli\u00e8rement des d\u00e9clarations au nom de ses 30 150 membres sur des questions qui concernent les femmes et les filles.<\/p>\n","protected":false},"author":5,"featured_media":35752,"comment_status":"closed","ping_status":"closed","sticky":false,"template":"","format":"standard","meta":{"_acf_changed":false,"give_campaign_id":0,"footnotes":""},"categories":[120],"tags":[190],"class_list":["post-4380","post","type-post","status-publish","format-standard","has-post-thumbnail","hentry","category-advocacy-fr","tag-advocacy-fr"],"acf":{"article_contenu":[{"article_titre_du_paragraphe":"","article_paragraphe":"<p>Nos d\u00e9clarations visent \u00e0 amener sur le devant de la sc\u00e8ne les probl\u00e9matiques concernant les femmes \u00e0 travers l&rsquo;Europe, le Moyen-Orient et les Cara\u00efbes. Par ailleurs, elles visent \u00e0 faire partager \u00e0 l\u2019\u00e9chelle internationale les exp\u00e9riences et les meilleures pratiques identifi\u00e9es par les Soroptimist au travers de leur travail sans rel\u00e2che pour l&rsquo;am\u00e9lioration de la vie des femmes et des filles.<\/p>\n<p>&nbsp;<\/p>\n<p><em><strong>Nous vous invitons \u00e0 t\u00e9l\u00e9charger et \u00e0 distribuer au plus grand nombre nos d\u00e9clarations.<\/strong><\/em><\/p>\n<p>&nbsp;<\/p>\n<p><a href=\"https:\/\/www.soroptimisteurope.org\/wp-content\/uploads\/2016\/11\/sie-letter-on-the-eu-directive-3-feb-2024-fr.pdf\" target=\"_blank\" rel=\"noopener\">Soroptimist International d&rsquo;Europe sur l&rsquo;inclusion du viol dans la directive europ\u00e9enne sur la violence \u00e0 l&rsquo;\u00e9gard des femmes et la violence domestique et son adoption rapide &#8211; 3 f\u00e9vrier 2024<\/a><\/p>\n<p>&nbsp;<\/p>\n<p><a href=\"https:\/\/www.soroptimisteurope.org\/wp-content\/uploads\/2016\/11\/2nd-statement-ukraine-march-2022-fr.pdf\" target=\"_blank\" rel=\"noopener\">Soroptimist International d&rsquo;Europe &#8211; D\u00e9claration sur la situation des r\u00e9fugi\u00e9es ukrainiennes &#8211; 16 mars 2022<\/a><\/p>\n<p>&nbsp;<\/p>\n<p><a href=\"https:\/\/www.soroptimisteurope.org\/wp-content\/uploads\/2016\/11\/statement-women-in-the-conflict-zone-in-ukraine-fr-final.pdf\" target=\"_blank\" rel=\"noopener\">Soroptimist International d&rsquo;Europe &#8211; D\u00e9claration sur la situation des femmes en Ukraine &#8211; 25 f\u00e9vrier 2022<\/a><\/p>\n<p>&nbsp;<\/p>\n<p><a href=\"https:\/\/www.soroptimisteurope.org\/wp-content\/uploads\/2016\/11\/sie-statement-on-afghanistan-fr-final.pdf\" target=\"_blank\" rel=\"noopener\">Soroptimist International d&rsquo;Europe &#8211; D\u00e9claration sur l&rsquo;Afghanistan &#8211; 6 septembre 2021<\/a><\/p>\n<p>&nbsp;<\/p>\n<p><a href=\"https:\/\/www.soroptimisteurope.org\/wp-content\/uploads\/2021\/05\/eu-consultation-letter-fr-final.pdf\" target=\"_blank\" rel=\"noopener\">Soroptimist International d&rsquo;Europe &#8211; Expos\u00e9 de position suite \u00e0 la consultation de l&rsquo;Union europ\u00e9enne &#8211; 14 mai 2021<\/a><\/p>\n<p>&nbsp;<\/p>\n<p><a href=\"http:\/\/www.soroptimisteurope.org\/fr\/sante-reproductive-et-droits-des-femmes\/\" target=\"_blank\" rel=\"noopener\">Soroptimist International d&rsquo;Europe &#8211; D\u00e9claration sur la sant\u00e9 reproductive et le droit des femmes &#8211; 13 novembre 2020<\/a><\/p>\n<p>&nbsp;<\/p>\n<p><a href=\"http:\/\/www.soroptimisteurope.org\/fr\/convention-distanbul-combat-la-violence-contre-les-femmes\/\" target=\"_blank\" rel=\"noopener\">Soroptimist International d&rsquo;Europe &#8211; D\u00e9claration sur la Convention d&rsquo;Istanbul &#8211; 31 juillet 2020<\/a><\/p>\n<p>&nbsp;<\/p>\n<p><a href=\"http:\/\/www.soroptimisteurope.org\/wp-content\/uploads\/2018\/02\/fgm-statement-2018-fr.pdf\">Soroptimist International d&rsquo;Europe &#8211; D\u00e9claration \u00e0 l&rsquo;occasion de la journ\u00e9e internationale de la tol\u00e9rance z\u00e9ro \u00e0 l&rsquo;\u00e9gard des mutilations g\u00e9nitales f\u00e9minines &#8211; le 6 f\u00e9vrier 2018<\/a><\/p>\n<p>&nbsp;<\/p>\n<p><a href=\"http:\/\/www.soroptimisteurope.org\/wp-content\/uploads\/2016\/11\/eu-anti-trafficking-day-final-fr.pdf\" target=\"_blank\" rel=\"noopener\">Soroptimist International d&rsquo;Europe &#8211; D\u00e9claration \u00e0 l&rsquo;occasion de la journ\u00e9e europ\u00e9enne de lutte contre la traite d\u2019\u00eatres humains &#8211; 18 octobre 2017<\/a><\/p>\n<p>&nbsp;<\/p>\n<p><a href=\"https:\/\/extranet.soroptimisteurope.org\/download\/downloads\/file\/download\/1065\">Soroptimist International d&rsquo;Europe &#8211; D\u00e9claration \u00e0 l&rsquo;occasion de Journ\u00e9e Internationale de la Femme &#8211; 8 mars 2017<\/a><\/p>\n<p>&nbsp;<\/p>\n<p><a href=\"http:\/\/www.soroptimisteurope.org\/wp-content\/uploads\/2017\/03\/fgm-statement-2017-fr.pdf\" target=\"_blank\" rel=\"noopener\">Soroptimist International d&rsquo;Europe &#8211;\u00a0D\u00e9claration \u00e0 l&rsquo;occasion de la Journ\u00e9e internationale de la tol\u00e9rance z\u00e9ro \u00e0 l&rsquo;\u00e9gard des mutilations g\u00e9nitales f\u00e9minines &#8211;\u00a06 f\u00e9vrier 2017<\/a><\/p>\n<p>&nbsp;<\/p>\n<p><a href=\"http:\/\/www.soroptimisteurope.org\/wp-content\/uploads\/2016\/11\/international-womens-day-8-march-2016-fr.pdf\" target=\"_blank\" rel=\"noopener\">Soroptimist International d&rsquo;Europe &#8211; D\u00e9claration \u00e0 l&rsquo;occasion de Journ\u00e9e Internationale de la Femme &#8211; 8 mars 2016<\/a><\/p>\n<p>&nbsp;<\/p>\n<p><a href=\"http:\/\/www.soroptimisteurope.org\/wp-content\/uploads\/2016\/11\/zero-discrimination-day-2016-fr.pdf\" target=\"_blank\" rel=\"noopener\">Soroptimist International d&rsquo;Europe &#8211; D\u00e9claration \u00e0 l&rsquo;occasion de Journ\u00e9e Z\u00e9ro Discriminatation &#8211; 1 mars 2016<\/a><\/p>\n<p>&nbsp;<\/p>\n<p><a href=\"http:\/\/www.soroptimisteurope.org\/wp-content\/uploads\/2016\/11\/sie-statement-zero-tolerance-to-female-genital-mutilation-2016-fr.pdf\" target=\"_blank\" rel=\"noopener\">Soroptimist International d&rsquo;Europe &#8211; D\u00e9claration \u00e0 l&rsquo;occasion de la Journ\u00e9e internationale de la tol\u00e9rance z\u00e9ro \u00e0 l&rsquo;\u00e9gard des mutilations g\u00e9nitales f\u00e9minines &#8211; 6 f\u00e9vrier 2016<\/a><\/p>\n<p>&nbsp;<\/p>\n<p><a href=\"http:\/\/www.soroptimisteurope.org\/wp-content\/uploads\/2016\/11\/international-day-of-peace-on-the-21th-september-2015-fr-v1.pdf\" target=\"_blank\" rel=\"noopener\">Soroptimist International d&rsquo;Europe &#8211; D\u00e9claration \u00e0 l&rsquo;occasion de la Journ\u00e9e Internationale de la Paix &#8211; 21 septembre 2015<\/a><\/p>\n<p>&nbsp;<\/p>\n<p><a href=\"http:\/\/www.soroptimisteurope.org\/wp-content\/uploads\/2016\/11\/international-womens-day-8-march-2015-fr.pdf\" target=\"_blank\" rel=\"noopener\">Soroptimist International d&rsquo;Europe &#8211; D\u00e9claration \u00e0 l&rsquo;occasion de la Journ\u00e9e Internationale de la Femme &#8211; 8 mars 2015<\/a><\/p>\n<p>&nbsp;<\/p>\n<p><a href=\"http:\/\/www.soroptimisteurope.org\/wp-content\/uploads\/2016\/11\/soroptimist-international-speech-at-unesco-anne-simon-8-sept-2014-fr.pdf\" target=\"_blank\" rel=\"noopener\">Soroptimist International d&rsquo;Europe &#8211; Discours \u00e0 l&rsquo;occasion de la Journ\u00e9e mondiale de l&rsquo;alphabetisation &#8211; 8 septembre 2014<\/a><\/p>\n<p>&nbsp;<\/p>\n<p><a href=\"http:\/\/www.soroptimisteurope.org\/wp-content\/uploads\/2016\/11\/soroptimist-international-of-europe-statement-on-the-occasion-of-international-womens-day-2014-fr.pdf\" target=\"_blank\" rel=\"noopener\">Soroptimist International d&rsquo;Europe &#8211; D\u00e9claration \u00e0 l&rsquo;occasion de la Journ\u00e9e Internationale de la Femme &#8211; 8 mars 2014<\/a><\/p>\n<p>&nbsp;<\/p>\n<p><a href=\"http:\/\/www.soroptimisteurope.org\/wp-content\/uploads\/2016\/11\/soroptimist-international-of-europe-statement-on-the-occasion-of-the-international-day-for-the-elimination-of-violence-against-women-25-nov-2013-fr.pdf\" target=\"_blank\" rel=\"noopener\">Soroptimist International d&rsquo;Europe &#8211; D\u00e9claration \u00e0 l&rsquo;occasion de la Journ\u00e9e internationale pour l&rsquo;\u00e9limination de la violence \u00e0 l&rsquo;\u00e9gard des femmes &#8211; 25 novembre 2013<\/a><\/p>\n<p>&nbsp;<\/p>\n<p><a href=\"http:\/\/www.soroptimisteurope.org\/wp-content\/uploads\/2016\/11\/soroptimist-international-of-europe-statement-on-climate-change-and-human-rights-nov-2013-fr.pdf\" target=\"_blank\" rel=\"noopener\">Soroptimist International d&rsquo;Europe &#8211; D\u00e9claration sur le changment climatique et les droits de l&rsquo;Homme &#8211; novembre 2013<\/a><\/p>\n<p>&nbsp;<\/p>\n<p><a href=\"http:\/\/www.soroptimisteurope.org\/wp-content\/uploads\/2016\/11\/soroptimist-international-of-europe-statement-on-the-occasion-of-european-anti-trafficking-day-18-oct-2013-fr-pdf.pdf\" target=\"_blank\" rel=\"noopener\">Soroptimist International d&rsquo;Europe &#8211; D\u00e9claration \u00e0 l&rsquo;occasion de la Journ\u00e9e europ\u00e9enne de lutte contre la traite des \u00eatres humains &#8211; 18 octobre 2013<\/a><\/p>\n<p>&nbsp;<\/p>\n<p>&nbsp;<\/p>\n<p><em><strong>Vous trouverez ci-dessous quelques D\u00e9clarations de Soroptimist International \u00ab\u00a0Where We Stand\u00a0\u00bb (en anglais) :<\/strong><\/em><\/p>\n<p>&nbsp;<\/p>\n<p><a href=\"https:\/\/www.soroptimisteurope.org\/wp-content\/uploads\/2016\/11\/si-wws-access-to-education.pdf\" target=\"_blank\" rel=\"noopener\">Soroptimist International &#8211; D\u00e9claration sur l&rsquo;acc\u00e8s \u00e0 l&rsquo;\u00e9ducation<\/a><\/p>\n<p>&nbsp;<\/p>\n<p><a href=\"https:\/\/www.soroptimisteurope.org\/wp-content\/uploads\/2016\/11\/si-wws-gender-based-violence.pdf\" target=\"_blank\" rel=\"noopener\">Soroptimist International &#8211; D\u00e9claration sur la violence bas\u00e9e sur le genre<\/a><\/p>\n<p>&nbsp;<\/p>\n<p><a href=\"https:\/\/www.soroptimisteurope.org\/wp-content\/uploads\/2016\/11\/human-trafficking-wwspp-october-2024-final-approved-fr.pdf\" target=\"_blank\" rel=\"noopener\">Soroptimist International &#8211; D\u00e9claration sur la traite d&rsquo;\u00eatres humains<\/a><\/p>\n<p>&nbsp;<\/p>\n<p><a href=\"https:\/\/www.soroptimisteurope.org\/wp-content\/uploads\/2016\/11\/si-wws-womens-economic-empowerment.pdf\" target=\"_blank\" rel=\"noopener\">Soroptimist International &#8211; D\u00e9claration sur l&rsquo;autonomisation \u00e9conomique des femmes<\/a><\/p>\n<p>&nbsp;<\/p>\n<p><em><strong>Si vous souhaitez lire d&rsquo;avantage de D\u00e9clarations du SI, veuillez cliquer <a href=\"https:\/\/www.soroptimistinternational.org\/members-area\/si-statements\/\" target=\"_blank\" rel=\"noopener\">ici<\/a>.<\/strong><\/em><\/p>\n","article_media_image":false,"article_media_video":""}],"article_evenements_sociaux":false,"article_auteur_texte":"","article_video":"","article_trombinoscope":false,"article_nom_contact":"","article_chapeau":"<p>Soroptimist International d'Europe fait r\u00e9guli\u00e8rement des d\u00e9clarations au nom de ses 30 150 membres sur des questions qui concernent les femmes et les filles.<\/p>\n","article_actualites_liees":false,"article_documents":false,"article_numero_contact":"","article_email_contact":"","article_photo_de_couverture":false},"yoast_head":"<!-- This site is optimized with the Yoast SEO plugin v27.4 - https:\/\/yoast.com\/product\/yoast-seo-wordpress\/ -->\n<title>Nos d\u00e9clarations - Soroptimist<\/title>\n<meta name=\"robots\" content=\"index, follow, max-snippet:-1, max-image-preview:large, max-video-preview:-1\" \/>\n<link rel=\"canonical\" href=\"https:\/\/www.soroptimisteurope.org\/fr\/our-statements\/\" \/>\n<meta property=\"og:locale\" content=\"fr_FR\" \/>\n<meta property=\"og:type\" content=\"article\" \/>\n<meta property=\"og:title\" content=\"Nos d\u00e9clarations - Soroptimist\" \/>\n<meta property=\"og:description\" content=\"Soroptimist International d&#039;Europe fait r\u00e9guli\u00e8rement des d\u00e9clarations au nom de ses 30 150 membres sur des questions qui concernent les femmes et les filles.\" \/>\n<meta property=\"og:url\" content=\"https:\/\/www.soroptimisteurope.org\/fr\/our-statements\/\" \/>\n<meta property=\"og:site_name\" content=\"Soroptimist\" \/>\n<meta property=\"article:published_time\" content=\"2016-11-09T07:57:21+00:00\" \/>\n<meta property=\"article:modified_time\" content=\"2025-11-25T13:49:24+00:00\" \/>\n<meta property=\"og:image\" content=\"https:\/\/www.soroptimisteurope.org\/wp-content\/uploads\/2025\/04\/un-conference-2.jpg\" \/>\n\t<meta property=\"og:image:width\" content=\"1024\" \/>\n\t<meta property=\"og:image:height\" content=\"682\" \/>\n\t<meta property=\"og:image:type\" content=\"image\/jpeg\" \/>\n<meta name=\"author\" content=\"Virginie Racine\" \/>\n<meta name=\"twitter:card\" content=\"summary_large_image\" \/>\n<meta name=\"twitter:label1\" content=\"\u00c9crit par\" \/>\n\t<meta name=\"twitter:data1\" content=\"Virginie Racine\" \/>\n<script type=\"application\/ld+json\" class=\"yoast-schema-graph\">{\"@context\":\"https:\\\/\\\/schema.org\",\"@graph\":[{\"@type\":\"Article\",\"@id\":\"https:\\\/\\\/www.soroptimisteurope.org\\\/fr\\\/our-statements\\\/#article\",\"isPartOf\":{\"@id\":\"https:\\\/\\\/www.soroptimisteurope.org\\\/fr\\\/our-statements\\\/\"},\"author\":{\"name\":\"Virginie Racine\",\"@id\":\"https:\\\/\\\/www.soroptimisteurope.org\\\/#\\\/schema\\\/person\\\/71cb5ee8dc72773ed419609bf2274619\"},\"headline\":\"Nos d\u00e9clarations\",\"datePublished\":\"2016-11-09T07:57:21+00:00\",\"dateModified\":\"2025-11-25T13:49:24+00:00\",\"mainEntityOfPage\":{\"@id\":\"https:\\\/\\\/www.soroptimisteurope.org\\\/fr\\\/our-statements\\\/\"},\"wordCount\":634,\"image\":{\"@id\":\"https:\\\/\\\/www.soroptimisteurope.org\\\/fr\\\/our-statements\\\/#primaryimage\"},\"thumbnailUrl\":\"https:\\\/\\\/www.soroptimisteurope.org\\\/wp-content\\\/uploads\\\/2025\\\/04\\\/un-conference-2.jpg\",\"keywords\":[\"Advocacy\"],\"articleSection\":[\"Advocacy\"],\"inLanguage\":\"fr-FR\"},{\"@type\":\"WebPage\",\"@id\":\"https:\\\/\\\/www.soroptimisteurope.org\\\/fr\\\/our-statements\\\/\",\"url\":\"https:\\\/\\\/www.soroptimisteurope.org\\\/fr\\\/our-statements\\\/\",\"name\":\"Nos d\u00e9clarations - Soroptimist\",\"isPartOf\":{\"@id\":\"https:\\\/\\\/www.soroptimisteurope.org\\\/#website\"},\"primaryImageOfPage\":{\"@id\":\"https:\\\/\\\/www.soroptimisteurope.org\\\/fr\\\/our-statements\\\/#primaryimage\"},\"image\":{\"@id\":\"https:\\\/\\\/www.soroptimisteurope.org\\\/fr\\\/our-statements\\\/#primaryimage\"},\"thumbnailUrl\":\"https:\\\/\\\/www.soroptimisteurope.org\\\/wp-content\\\/uploads\\\/2025\\\/04\\\/un-conference-2.jpg\",\"datePublished\":\"2016-11-09T07:57:21+00:00\",\"dateModified\":\"2025-11-25T13:49:24+00:00\",\"author\":{\"@id\":\"https:\\\/\\\/www.soroptimisteurope.org\\\/#\\\/schema\\\/person\\\/71cb5ee8dc72773ed419609bf2274619\"},\"breadcrumb\":{\"@id\":\"https:\\\/\\\/www.soroptimisteurope.org\\\/fr\\\/our-statements\\\/#breadcrumb\"},\"inLanguage\":\"fr-FR\",\"potentialAction\":[{\"@type\":\"ReadAction\",\"target\":[\"https:\\\/\\\/www.soroptimisteurope.org\\\/fr\\\/our-statements\\\/\"]}]},{\"@type\":\"ImageObject\",\"inLanguage\":\"fr-FR\",\"@id\":\"https:\\\/\\\/www.soroptimisteurope.org\\\/fr\\\/our-statements\\\/#primaryimage\",\"url\":\"https:\\\/\\\/www.soroptimisteurope.org\\\/wp-content\\\/uploads\\\/2025\\\/04\\\/un-conference-2.jpg\",\"contentUrl\":\"https:\\\/\\\/www.soroptimisteurope.org\\\/wp-content\\\/uploads\\\/2025\\\/04\\\/un-conference-2.jpg\",\"width\":1024,\"height\":682},{\"@type\":\"BreadcrumbList\",\"@id\":\"https:\\\/\\\/www.soroptimisteurope.org\\\/fr\\\/our-statements\\\/#breadcrumb\",\"itemListElement\":[{\"@type\":\"ListItem\",\"position\":1,\"name\":\"Accueil\",\"item\":\"https:\\\/\\\/www.soroptimisteurope.org\\\/fr\\\/\"},{\"@type\":\"ListItem\",\"position\":2,\"name\":\"Nos d\u00e9clarations\"}]},{\"@type\":\"WebSite\",\"@id\":\"https:\\\/\\\/www.soroptimisteurope.org\\\/#website\",\"url\":\"https:\\\/\\\/www.soroptimisteurope.org\\\/\",\"name\":\"Soroptimist\",\"description\":\"\",\"potentialAction\":[{\"@type\":\"SearchAction\",\"target\":{\"@type\":\"EntryPoint\",\"urlTemplate\":\"https:\\\/\\\/www.soroptimisteurope.org\\\/?s={search_term_string}\"},\"query-input\":{\"@type\":\"PropertyValueSpecification\",\"valueRequired\":true,\"valueName\":\"search_term_string\"}}],\"inLanguage\":\"fr-FR\"},{\"@type\":\"Person\",\"@id\":\"https:\\\/\\\/www.soroptimisteurope.org\\\/#\\\/schema\\\/person\\\/71cb5ee8dc72773ed419609bf2274619\",\"name\":\"Virginie Racine\",\"url\":\"https:\\\/\\\/www.soroptimisteurope.org\\\/fr\\\/author\\\/adminsorop2k21\\\/\"}]}<\/script>\n<!-- \/ Yoast SEO plugin. -->","yoast_head_json":{"title":"Nos d\u00e9clarations - Soroptimist","robots":{"index":"index","follow":"follow","max-snippet":"max-snippet:-1","max-image-preview":"max-image-preview:large","max-video-preview":"max-video-preview:-1"},"canonical":"https:\/\/www.soroptimisteurope.org\/fr\/our-statements\/","og_locale":"fr_FR","og_type":"article","og_title":"Nos d\u00e9clarations - Soroptimist","og_description":"Soroptimist International d'Europe fait r\u00e9guli\u00e8rement des d\u00e9clarations au nom de ses 30 150 membres sur des questions qui concernent les femmes et les filles.","og_url":"https:\/\/www.soroptimisteurope.org\/fr\/our-statements\/","og_site_name":"Soroptimist","article_published_time":"2016-11-09T07:57:21+00:00","article_modified_time":"2025-11-25T13:49:24+00:00","og_image":[{"width":1024,"height":682,"url":"https:\/\/www.soroptimisteurope.org\/wp-content\/uploads\/2025\/04\/un-conference-2.jpg","type":"image\/jpeg"}],"author":"Virginie Racine","twitter_card":"summary_large_image","twitter_misc":{"\u00c9crit par":"Virginie Racine"},"schema":{"@context":"https:\/\/schema.org","@graph":[{"@type":"Article","@id":"https:\/\/www.soroptimisteurope.org\/fr\/our-statements\/#article","isPartOf":{"@id":"https:\/\/www.soroptimisteurope.org\/fr\/our-statements\/"},"author":{"name":"Virginie Racine","@id":"https:\/\/www.soroptimisteurope.org\/#\/schema\/person\/71cb5ee8dc72773ed419609bf2274619"},"headline":"Nos d\u00e9clarations","datePublished":"2016-11-09T07:57:21+00:00","dateModified":"2025-11-25T13:49:24+00:00","mainEntityOfPage":{"@id":"https:\/\/www.soroptimisteurope.org\/fr\/our-statements\/"},"wordCount":634,"image":{"@id":"https:\/\/www.soroptimisteurope.org\/fr\/our-statements\/#primaryimage"},"thumbnailUrl":"https:\/\/www.soroptimisteurope.org\/wp-content\/uploads\/2025\/04\/un-conference-2.jpg","keywords":["Advocacy"],"articleSection":["Advocacy"],"inLanguage":"fr-FR"},{"@type":"WebPage","@id":"https:\/\/www.soroptimisteurope.org\/fr\/our-statements\/","url":"https:\/\/www.soroptimisteurope.org\/fr\/our-statements\/","name":"Nos d\u00e9clarations - Soroptimist","isPartOf":{"@id":"https:\/\/www.soroptimisteurope.org\/#website"},"primaryImageOfPage":{"@id":"https:\/\/www.soroptimisteurope.org\/fr\/our-statements\/#primaryimage"},"image":{"@id":"https:\/\/www.soroptimisteurope.org\/fr\/our-statements\/#primaryimage"},"thumbnailUrl":"https:\/\/www.soroptimisteurope.org\/wp-content\/uploads\/2025\/04\/un-conference-2.jpg","datePublished":"2016-11-09T07:57:21+00:00","dateModified":"2025-11-25T13:49:24+00:00","author":{"@id":"https:\/\/www.soroptimisteurope.org\/#\/schema\/person\/71cb5ee8dc72773ed419609bf2274619"},"breadcrumb":{"@id":"https:\/\/www.soroptimisteurope.org\/fr\/our-statements\/#breadcrumb"},"inLanguage":"fr-FR","potentialAction":[{"@type":"ReadAction","target":["https:\/\/www.soroptimisteurope.org\/fr\/our-statements\/"]}]},{"@type":"ImageObject","inLanguage":"fr-FR","@id":"https:\/\/www.soroptimisteurope.org\/fr\/our-statements\/#primaryimage","url":"https:\/\/www.soroptimisteurope.org\/wp-content\/uploads\/2025\/04\/un-conference-2.jpg","contentUrl":"https:\/\/www.soroptimisteurope.org\/wp-content\/uploads\/2025\/04\/un-conference-2.jpg","width":1024,"height":682},{"@type":"BreadcrumbList","@id":"https:\/\/www.soroptimisteurope.org\/fr\/our-statements\/#breadcrumb","itemListElement":[{"@type":"ListItem","position":1,"name":"Accueil","item":"https:\/\/www.soroptimisteurope.org\/fr\/"},{"@type":"ListItem","position":2,"name":"Nos d\u00e9clarations"}]},{"@type":"WebSite","@id":"https:\/\/www.soroptimisteurope.org\/#website","url":"https:\/\/www.soroptimisteurope.org\/","name":"Soroptimist","description":"","potentialAction":[{"@type":"SearchAction","target":{"@type":"EntryPoint","urlTemplate":"https:\/\/www.soroptimisteurope.org\/?s={search_term_string}"},"query-input":{"@type":"PropertyValueSpecification","valueRequired":true,"valueName":"search_term_string"}}],"inLanguage":"fr-FR"},{"@type":"Person","@id":"https:\/\/www.soroptimisteurope.org\/#\/schema\/person\/71cb5ee8dc72773ed419609bf2274619","name":"Virginie Racine","url":"https:\/\/www.soroptimisteurope.org\/fr\/author\/adminsorop2k21\/"}]}},"_links":{"self":[{"href":"https:\/\/www.soroptimisteurope.org\/fr\/wp-json\/wp\/v2\/posts\/4380","targetHints":{"allow":["GET"]}}],"collection":[{"href":"https:\/\/www.soroptimisteurope.org\/fr\/wp-json\/wp\/v2\/posts"}],"about":[{"href":"https:\/\/www.soroptimisteurope.org\/fr\/wp-json\/wp\/v2\/types\/post"}],"author":[{"embeddable":true,"href":"https:\/\/www.soroptimisteurope.org\/fr\/wp-json\/wp\/v2\/users\/5"}],"replies":[{"embeddable":true,"href":"https:\/\/www.soroptimisteurope.org\/fr\/wp-json\/wp\/v2\/comments?post=4380"}],"version-history":[{"count":3,"href":"https:\/\/www.soroptimisteurope.org\/fr\/wp-json\/wp\/v2\/posts\/4380\/revisions"}],"predecessor-version":[{"id":41403,"href":"https:\/\/www.soroptimisteurope.org\/fr\/wp-json\/wp\/v2\/posts\/4380\/revisions\/41403"}],"wp:featuredmedia":[{"embeddable":true,"href":"https:\/\/www.soroptimisteurope.org\/fr\/wp-json\/wp\/v2\/media\/35752"}],"wp:attachment":[{"href":"https:\/\/www.soroptimisteurope.org\/fr\/wp-json\/wp\/v2\/media?parent=4380"}],"wp:term":[{"taxonomy":"category","embeddable":true,"href":"https:\/\/www.soroptimisteurope.org\/fr\/wp-json\/wp\/v2\/categories?post=4380"},{"taxonomy":"post_tag","embeddable":true,"href":"https:\/\/www.soroptimisteurope.org\/fr\/wp-json\/wp\/v2\/tags?post=4380"}],"curies":[{"name":"wp","href":"https:\/\/api.w.org\/{rel}","templated":true}]}}