{"id":4856,"date":"2016-11-25T10:20:35","date_gmt":"2016-11-25T09:20:35","guid":{"rendered":"http:\/\/www.soroptimisteurope.org\/fr\/orange-the-soroptimist-world-with-16-days-of-activism\/"},"modified":"2025-11-25T14:49:24","modified_gmt":"2025-11-25T13:49:24","slug":"orange-the-soroptimist-world-with-16-days-of-activism","status":"publish","type":"post","link":"https:\/\/www.soroptimisteurope.org\/fr\/orange-the-soroptimist-world-with-16-days-of-activism\/","title":{"rendered":"Le Monde Soroptimist tout en orange durant les 16 jours d\u2019activisme"},"content":{"rendered":"<h3><\/h3>\n<p>Au cours des jours suivants jusqu\u2019au 10 d\u00e9cembre, Journ\u00e9e Internationale des droits de l\u2019homme, les Nations Unies, les ONG \u00a0et les femmes du monde \u00a0attireront l\u2019attention sur cette violation des droits humains en relevant l\u2019appel de M. Ban Ki Moon, Secr\u00e9taire G\u00e9n\u00e9ral des Nations Unies\u00a0pour \u00ab\u00a0UN MONDE\u00a0 ORANGE\u00a0\u00bb.<\/p>\n<p><img fetchpriority=\"high\" decoding=\"async\" class=\"alignnone size-medium wp-image-4740\" src=\"https:\/\/www.soroptimisteurope.org\/wp-content\/uploads\/2016\/11\/news-violence-against-women-and-girls.jpg\" alt=\"news_violence_against_women_and_girls\" width=\"300\" height=\"200\" srcset=\"https:\/\/www.soroptimisteurope.org\/wp-content\/uploads\/2016\/11\/news-violence-against-women-and-girls.jpg 545w, https:\/\/www.soroptimisteurope.org\/wp-content\/uploads\/2016\/11\/news-violence-against-women-and-girls-300x200.jpg 300w\" sizes=\"(max-width: 300px) 100vw, 300px\" \/><\/p>\n<p>Avec une femme sur trois dans le monde victime \u00a0de maltraitance \u00a0physique \u00a0ou sexuelle, \u00a0la violence\u00a0 fond\u00e9e sur le genre continue d\u2019\u00eatre une pand\u00e9mie mondiale. Pendant ces 16 jours d\u2019activisme, Soroptimist International d\u2019Europe utilisera la couleur orange afin de montrer notre \u00a0indignation \u00a0\u00e0 \u00a0la violence dirig\u00e9e envers les femmes et les filles et notre espoir d\u2019un avenir meilleur.\u00a0 Nous allons, entre autres, \u00a0colorier notre site internet en orange\u00a0 et poster un calendrier sp\u00e9cial Soroptimist International Europe avec des images, des actions et des messages pertinents. Ainsi, nous vous remercions\u00a0 de consulter \u00a0r\u00e9guli\u00e8rement notre site internet\u00a0 afin de vous tenir inform\u00e9es de toutes les nouvelles et de toutes les initiatives.<\/p>\n<p>&nbsp;<\/p>\n<p>Bien s\u00fbr, plus nous ferons de diffusions colori\u00e9es en orange, plus grand \u00a0sera notre impact\u00a0; \u00a0par la suite, nous invitons nos Unions, nos\u00a0 Clubs et\u00a0 nos membres \u00e0 rejoindre la campagne. Vous pouvez choisir de poster sur Facebook\u00a0 des messages\u00a0 en orange ou de colorier en orange le site internet de votre Union et de votre club. Pour atteindre une plus large audience, nous vous sugg\u00e9rons de demander \u00e0 votre communaut\u00e9 \u00a0locale de mettre en orange les rues, les \u00e9coles ou les monuments. Laissez votre imagination vous inspirer\u00a0!\u00a0 Par exemple, notre\u00a0 club Soroptimist du Kowe\u00eft a sollicit\u00e9 pr\u00e9alablement une autorisation pour illuminer le Minist\u00e8re de l\u2019Information en orange et illuminer aussi le logo de Soroptimist International.<\/p>\n<p>&nbsp;<\/p>\n<p>Ce sera vraiment l\u2019occasion pour les Soroptimist de rappeler au monde que la violence contre les femmes et les filles est une cons\u00e9quence de l\u2019in\u00e9galit\u00e9 et de la discrimination. En mobilisant\u00a0 les femmes de tous\u00a0 horizons et de toutes cultures et en promouvant une plus grande sensibilisation du public, nous pouvons et devons mettre fin \u00e0 la violence. Et rappelez vous\u00a0: Les 16 jours se terminent\u00a0 par la c\u00e9l\u00e9bration du jour auquel nous nous r\u00e9f\u00e9rons\u00a0: le 10 DECEMBRE qui est la Journ\u00e9e de Soroptimist International \u00ab le \u00a0SI DAY\u00a0\u00bb.<\/p>\n<p>&nbsp;<\/p>\n<p><em>En participant activement \u00e0 la \u00ab\u00a0campagne orange\u00a0\u00bb nous pouvons aussi d\u00e9montrer combien nous sommes fi\u00e8res d\u2019appartenir \u00e0 cette\u00a0 formidable organisation\u00a0!<\/em><\/p>\n<p>&nbsp;<\/p>\n","protected":false},"excerpt":{"rendered":"<p>C\u2019est le 25 novembre, Journ\u00e9e internationale des Nations Unies pour l\u2019\u00e9limination des violences \u00e0 l\u2019\u00e9gard des femmes, que commence  la campagne annuelle des 16 jours d\u2019activisme pour accro\u00eetre la sensibilisation du public sur la violence bas\u00e9e sur le genre.<\/p>\n","protected":false},"author":5,"featured_media":35759,"comment_status":"closed","ping_status":"closed","sticky":false,"template":"","format":"standard","meta":{"_acf_changed":false,"give_campaign_id":0,"footnotes":""},"categories":[120],"tags":[190],"class_list":["post-4856","post","type-post","status-publish","format-standard","has-post-thumbnail","hentry","category-advocacy-fr","tag-advocacy-fr"],"acf":{"article_actualites_liees":false,"article_documents":false,"article_numero_contact":"","article_email_contact":"","article_nom_contact":"","article_auteur_texte":"<p><span class=\"name\">Maria Elisabetta de Franciscis<\/span><\/p>\n","article_evenements_sociaux":false,"article_video":"","article_trombinoscope":[{"trombi_image":{"ID":4697,"id":4697,"title":"portrait_elisabetta","filename":"portrait-elisabetta-e1500903843878.jpg","filesize":17379,"url":"https:\/\/www.soroptimisteurope.org\/wp-content\/uploads\/2016\/11\/portrait-elisabetta-e1500903843878.jpg","link":"https:\/\/www.soroptimisteurope.org\/fr\/portrait_elisabetta\/","alt":"","author":"2","description":"","caption":"","name":"portrait_elisabetta","status":"inherit","uploaded_to":0,"date":"2016-11-25 08:36:47","modified":"2017-07-24 13:45:02","menu_order":0,"mime_type":"image\/jpeg","type":"image","subtype":"jpeg","icon":"https:\/\/www.soroptimisteurope.org\/wp-content\/plugins\/media-library-assistant\/images\/crystal\/image.png","width":352,"height":314,"sizes":{"thumbnail":"https:\/\/www.soroptimisteurope.org\/wp-content\/uploads\/2016\/11\/portrait-elisabetta-150x150.jpg","thumbnail-width":150,"thumbnail-height":150,"medium":"https:\/\/www.soroptimisteurope.org\/wp-content\/uploads\/2016\/11\/portrait-elisabetta-300x268.jpg","medium-width":300,"medium-height":268,"medium_large":"https:\/\/www.soroptimisteurope.org\/wp-content\/uploads\/2016\/11\/portrait-elisabetta-e1500903843878.jpg","medium_large-width":352,"medium_large-height":314,"large":"https:\/\/www.soroptimisteurope.org\/wp-content\/uploads\/2016\/11\/portrait-elisabetta-e1500903843878.jpg","large-width":352,"large-height":314,"1536x1536":"https:\/\/www.soroptimisteurope.org\/wp-content\/uploads\/2016\/11\/portrait-elisabetta-e1500903843878.jpg","1536x1536-width":352,"1536x1536-height":314,"2048x2048":"https:\/\/www.soroptimisteurope.org\/wp-content\/uploads\/2016\/11\/portrait-elisabetta-e1500903843878.jpg","2048x2048-width":352,"2048x2048-height":314}},"trombi_titre":"President SIE 2015-2017","trombi_nom":"Maria Elisabetta de Franciscis","trombi_club":"","trombi_membre_depuis":"","trombi_email":"","trombi_bio":""}],"article_contenu":[{"article_titre_du_paragraphe":"","article_paragraphe":"<h3><\/h3>\n<p>Au cours des jours suivants jusqu\u2019au 10 d\u00e9cembre, Journ\u00e9e Internationale des droits de l\u2019homme, les Nations Unies, les ONG \u00a0et les femmes du monde \u00a0attireront l\u2019attention sur cette violation des droits humains en relevant l\u2019appel de M. Ban Ki Moon, Secr\u00e9taire G\u00e9n\u00e9ral des Nations Unies\u00a0pour \u00ab\u00a0UN MONDE\u00a0 ORANGE\u00a0\u00bb.<\/p>\n<p><img decoding=\"async\" class=\"alignnone size-medium wp-image-4740\" src=\"https:\/\/www.soroptimisteurope.org\/wp-content\/uploads\/2016\/11\/news-violence-against-women-and-girls-300x200.jpg\" alt=\"news_violence_against_women_and_girls\" width=\"300\" height=\"200\" srcset=\"https:\/\/www.soroptimisteurope.org\/wp-content\/uploads\/2016\/11\/news-violence-against-women-and-girls-300x200.jpg 300w, https:\/\/www.soroptimisteurope.org\/wp-content\/uploads\/2016\/11\/news-violence-against-women-and-girls.jpg 545w\" sizes=\"(max-width: 300px) 100vw, 300px\" \/><\/p>\n<p>Avec une femme sur trois dans le monde victime \u00a0de maltraitance \u00a0physique \u00a0ou sexuelle, \u00a0la violence\u00a0 fond\u00e9e sur le genre continue d\u2019\u00eatre une pand\u00e9mie mondiale. Pendant ces 16 jours d\u2019activisme, Soroptimist International d\u2019Europe utilisera la couleur orange afin de montrer notre \u00a0indignation \u00a0\u00e0 \u00a0la violence dirig\u00e9e envers les femmes et les filles et notre espoir d\u2019un avenir meilleur.\u00a0 Nous allons, entre autres, \u00a0colorier notre site internet en orange\u00a0 et poster un calendrier sp\u00e9cial Soroptimist International Europe avec des images, des actions et des messages pertinents. Ainsi, nous vous remercions\u00a0 de consulter \u00a0r\u00e9guli\u00e8rement notre site internet\u00a0 afin de vous tenir inform\u00e9es de toutes les nouvelles et de toutes les initiatives.<\/p>\n<p>&nbsp;<\/p>\n<p>Bien s\u00fbr, plus nous ferons de diffusions colori\u00e9es en orange, plus grand \u00a0sera notre impact\u00a0; \u00a0par la suite, nous invitons nos Unions, nos\u00a0 Clubs et\u00a0 nos membres \u00e0 rejoindre la campagne. Vous pouvez choisir de poster sur Facebook\u00a0 des messages\u00a0 en orange ou de colorier en orange le site internet de votre Union et de votre club. Pour atteindre une plus large audience, nous vous sugg\u00e9rons de demander \u00e0 votre communaut\u00e9 \u00a0locale de mettre en orange les rues, les \u00e9coles ou les monuments. Laissez votre imagination vous inspirer\u00a0!\u00a0 Par exemple, notre\u00a0 club Soroptimist du Kowe\u00eft a sollicit\u00e9 pr\u00e9alablement une autorisation pour illuminer le Minist\u00e8re de l\u2019Information en orange et illuminer aussi le logo de Soroptimist International.<\/p>\n<p>&nbsp;<\/p>\n<p>Ce sera vraiment l\u2019occasion pour les Soroptimist de rappeler au monde que la violence contre les femmes et les filles est une cons\u00e9quence de l\u2019in\u00e9galit\u00e9 et de la discrimination. En mobilisant\u00a0 les femmes de tous\u00a0 horizons et de toutes cultures et en promouvant une plus grande sensibilisation du public, nous pouvons et devons mettre fin \u00e0 la violence. Et rappelez vous\u00a0: Les 16 jours se terminent\u00a0 par la c\u00e9l\u00e9bration du jour auquel nous nous r\u00e9f\u00e9rons\u00a0: le 10 DECEMBRE qui est la Journ\u00e9e de Soroptimist International \u00ab le \u00a0SI DAY\u00a0\u00bb.<\/p>\n<p>&nbsp;<\/p>\n<p><em>En participant activement \u00e0 la \u00ab\u00a0campagne orange\u00a0\u00bb nous pouvons aussi d\u00e9montrer combien nous sommes fi\u00e8res d\u2019appartenir \u00e0 cette\u00a0 formidable organisation\u00a0!<\/em><\/p>\n<p>&nbsp;<\/p>\n","article_media_image":false,"article_media_video":""}],"article_chapeau":"<p>C\u2019est le 25 novembre, Journ\u00e9e internationale des Nations Unies pour l\u2019\u00e9limination des violences \u00e0 l\u2019\u00e9gard des femmes, que commence  la campagne annuelle des 16 jours d\u2019activisme pour accro\u00eetre la sensibilisation du public sur la violence bas\u00e9e sur le genre.<\/p>\n","article_photo_de_couverture":false},"yoast_head":"<!-- This site is optimized with the Yoast SEO plugin v27.4 - https:\/\/yoast.com\/product\/yoast-seo-wordpress\/ -->\n<title>Le Monde Soroptimist tout en orange durant les 16 jours d\u2019activisme - Soroptimist<\/title>\n<meta name=\"robots\" content=\"index, follow, max-snippet:-1, max-image-preview:large, max-video-preview:-1\" \/>\n<link rel=\"canonical\" href=\"https:\/\/www.soroptimisteurope.org\/fr\/orange-the-soroptimist-world-with-16-days-of-activism\/\" \/>\n<meta property=\"og:locale\" content=\"fr_FR\" \/>\n<meta property=\"og:type\" content=\"article\" \/>\n<meta property=\"og:title\" content=\"Le Monde Soroptimist tout en orange durant les 16 jours d\u2019activisme - Soroptimist\" \/>\n<meta property=\"og:description\" content=\"C\u2019est le 25 novembre, Journ\u00e9e internationale des Nations Unies pour l\u2019\u00e9limination des violences \u00e0 l\u2019\u00e9gard des femmes, que commence la campagne annuelle des 16 jours d\u2019activisme pour accro\u00eetre la sensibilisation du public sur la violence bas\u00e9e sur le genre.\" \/>\n<meta property=\"og:url\" content=\"https:\/\/www.soroptimisteurope.org\/fr\/orange-the-soroptimist-world-with-16-days-of-activism\/\" \/>\n<meta property=\"og:site_name\" content=\"Soroptimist\" \/>\n<meta property=\"article:published_time\" content=\"2016-11-25T09:20:35+00:00\" \/>\n<meta property=\"article:modified_time\" content=\"2025-11-25T13:49:24+00:00\" \/>\n<meta property=\"og:image\" content=\"https:\/\/www.soroptimisteurope.org\/wp-content\/uploads\/2025\/04\/news-orange-header1-1.jpg\" \/>\n\t<meta property=\"og:image:width\" content=\"1652\" \/>\n\t<meta property=\"og:image:height\" content=\"530\" \/>\n\t<meta property=\"og:image:type\" content=\"image\/jpeg\" \/>\n<meta name=\"author\" content=\"Virginie Racine\" \/>\n<meta name=\"twitter:card\" content=\"summary_large_image\" \/>\n<meta name=\"twitter:label1\" content=\"\u00c9crit par\" \/>\n\t<meta name=\"twitter:data1\" content=\"Virginie Racine\" \/>\n\t<meta name=\"twitter:label2\" content=\"Dur\u00e9e de lecture estim\u00e9e\" \/>\n\t<meta name=\"twitter:data2\" content=\"2 minutes\" \/>\n<script type=\"application\/ld+json\" class=\"yoast-schema-graph\">{\"@context\":\"https:\\\/\\\/schema.org\",\"@graph\":[{\"@type\":\"Article\",\"@id\":\"https:\\\/\\\/www.soroptimisteurope.org\\\/fr\\\/orange-the-soroptimist-world-with-16-days-of-activism\\\/#article\",\"isPartOf\":{\"@id\":\"https:\\\/\\\/www.soroptimisteurope.org\\\/fr\\\/orange-the-soroptimist-world-with-16-days-of-activism\\\/\"},\"author\":{\"name\":\"Virginie Racine\",\"@id\":\"https:\\\/\\\/www.soroptimisteurope.org\\\/#\\\/schema\\\/person\\\/71cb5ee8dc72773ed419609bf2274619\"},\"headline\":\"Le Monde Soroptimist tout en orange durant les 16 jours d\u2019activisme\",\"datePublished\":\"2016-11-25T09:20:35+00:00\",\"dateModified\":\"2025-11-25T13:49:24+00:00\",\"mainEntityOfPage\":{\"@id\":\"https:\\\/\\\/www.soroptimisteurope.org\\\/fr\\\/orange-the-soroptimist-world-with-16-days-of-activism\\\/\"},\"wordCount\":426,\"image\":{\"@id\":\"https:\\\/\\\/www.soroptimisteurope.org\\\/fr\\\/orange-the-soroptimist-world-with-16-days-of-activism\\\/#primaryimage\"},\"thumbnailUrl\":\"https:\\\/\\\/www.soroptimisteurope.org\\\/wp-content\\\/uploads\\\/2025\\\/04\\\/news-orange-header1-1.jpg\",\"keywords\":[\"Advocacy\"],\"articleSection\":[\"Advocacy\"],\"inLanguage\":\"fr-FR\"},{\"@type\":\"WebPage\",\"@id\":\"https:\\\/\\\/www.soroptimisteurope.org\\\/fr\\\/orange-the-soroptimist-world-with-16-days-of-activism\\\/\",\"url\":\"https:\\\/\\\/www.soroptimisteurope.org\\\/fr\\\/orange-the-soroptimist-world-with-16-days-of-activism\\\/\",\"name\":\"Le Monde Soroptimist tout en orange durant les 16 jours d\u2019activisme - Soroptimist\",\"isPartOf\":{\"@id\":\"https:\\\/\\\/www.soroptimisteurope.org\\\/#website\"},\"primaryImageOfPage\":{\"@id\":\"https:\\\/\\\/www.soroptimisteurope.org\\\/fr\\\/orange-the-soroptimist-world-with-16-days-of-activism\\\/#primaryimage\"},\"image\":{\"@id\":\"https:\\\/\\\/www.soroptimisteurope.org\\\/fr\\\/orange-the-soroptimist-world-with-16-days-of-activism\\\/#primaryimage\"},\"thumbnailUrl\":\"https:\\\/\\\/www.soroptimisteurope.org\\\/wp-content\\\/uploads\\\/2025\\\/04\\\/news-orange-header1-1.jpg\",\"datePublished\":\"2016-11-25T09:20:35+00:00\",\"dateModified\":\"2025-11-25T13:49:24+00:00\",\"author\":{\"@id\":\"https:\\\/\\\/www.soroptimisteurope.org\\\/#\\\/schema\\\/person\\\/71cb5ee8dc72773ed419609bf2274619\"},\"breadcrumb\":{\"@id\":\"https:\\\/\\\/www.soroptimisteurope.org\\\/fr\\\/orange-the-soroptimist-world-with-16-days-of-activism\\\/#breadcrumb\"},\"inLanguage\":\"fr-FR\",\"potentialAction\":[{\"@type\":\"ReadAction\",\"target\":[\"https:\\\/\\\/www.soroptimisteurope.org\\\/fr\\\/orange-the-soroptimist-world-with-16-days-of-activism\\\/\"]}]},{\"@type\":\"ImageObject\",\"inLanguage\":\"fr-FR\",\"@id\":\"https:\\\/\\\/www.soroptimisteurope.org\\\/fr\\\/orange-the-soroptimist-world-with-16-days-of-activism\\\/#primaryimage\",\"url\":\"https:\\\/\\\/www.soroptimisteurope.org\\\/wp-content\\\/uploads\\\/2025\\\/04\\\/news-orange-header1-1.jpg\",\"contentUrl\":\"https:\\\/\\\/www.soroptimisteurope.org\\\/wp-content\\\/uploads\\\/2025\\\/04\\\/news-orange-header1-1.jpg\",\"width\":1652,\"height\":530},{\"@type\":\"BreadcrumbList\",\"@id\":\"https:\\\/\\\/www.soroptimisteurope.org\\\/fr\\\/orange-the-soroptimist-world-with-16-days-of-activism\\\/#breadcrumb\",\"itemListElement\":[{\"@type\":\"ListItem\",\"position\":1,\"name\":\"Accueil\",\"item\":\"https:\\\/\\\/www.soroptimisteurope.org\\\/fr\\\/\"},{\"@type\":\"ListItem\",\"position\":2,\"name\":\"Le Monde Soroptimist tout en orange durant les 16 jours d\u2019activisme\"}]},{\"@type\":\"WebSite\",\"@id\":\"https:\\\/\\\/www.soroptimisteurope.org\\\/#website\",\"url\":\"https:\\\/\\\/www.soroptimisteurope.org\\\/\",\"name\":\"Soroptimist\",\"description\":\"\",\"potentialAction\":[{\"@type\":\"SearchAction\",\"target\":{\"@type\":\"EntryPoint\",\"urlTemplate\":\"https:\\\/\\\/www.soroptimisteurope.org\\\/?s={search_term_string}\"},\"query-input\":{\"@type\":\"PropertyValueSpecification\",\"valueRequired\":true,\"valueName\":\"search_term_string\"}}],\"inLanguage\":\"fr-FR\"},{\"@type\":\"Person\",\"@id\":\"https:\\\/\\\/www.soroptimisteurope.org\\\/#\\\/schema\\\/person\\\/71cb5ee8dc72773ed419609bf2274619\",\"name\":\"Virginie Racine\",\"url\":\"https:\\\/\\\/www.soroptimisteurope.org\\\/fr\\\/author\\\/adminsorop2k21\\\/\"}]}<\/script>\n<!-- \/ Yoast SEO plugin. -->","yoast_head_json":{"title":"Le Monde Soroptimist tout en orange durant les 16 jours d\u2019activisme - Soroptimist","robots":{"index":"index","follow":"follow","max-snippet":"max-snippet:-1","max-image-preview":"max-image-preview:large","max-video-preview":"max-video-preview:-1"},"canonical":"https:\/\/www.soroptimisteurope.org\/fr\/orange-the-soroptimist-world-with-16-days-of-activism\/","og_locale":"fr_FR","og_type":"article","og_title":"Le Monde Soroptimist tout en orange durant les 16 jours d\u2019activisme - Soroptimist","og_description":"C\u2019est le 25 novembre, Journ\u00e9e internationale des Nations Unies pour l\u2019\u00e9limination des violences \u00e0 l\u2019\u00e9gard des femmes, que commence la campagne annuelle des 16 jours d\u2019activisme pour accro\u00eetre la sensibilisation du public sur la violence bas\u00e9e sur le genre.","og_url":"https:\/\/www.soroptimisteurope.org\/fr\/orange-the-soroptimist-world-with-16-days-of-activism\/","og_site_name":"Soroptimist","article_published_time":"2016-11-25T09:20:35+00:00","article_modified_time":"2025-11-25T13:49:24+00:00","og_image":[{"width":1652,"height":530,"url":"https:\/\/www.soroptimisteurope.org\/wp-content\/uploads\/2025\/04\/news-orange-header1-1.jpg","type":"image\/jpeg"}],"author":"Virginie Racine","twitter_card":"summary_large_image","twitter_misc":{"\u00c9crit par":"Virginie Racine","Dur\u00e9e de lecture estim\u00e9e":"2 minutes"},"schema":{"@context":"https:\/\/schema.org","@graph":[{"@type":"Article","@id":"https:\/\/www.soroptimisteurope.org\/fr\/orange-the-soroptimist-world-with-16-days-of-activism\/#article","isPartOf":{"@id":"https:\/\/www.soroptimisteurope.org\/fr\/orange-the-soroptimist-world-with-16-days-of-activism\/"},"author":{"name":"Virginie Racine","@id":"https:\/\/www.soroptimisteurope.org\/#\/schema\/person\/71cb5ee8dc72773ed419609bf2274619"},"headline":"Le Monde Soroptimist tout en orange durant les 16 jours d\u2019activisme","datePublished":"2016-11-25T09:20:35+00:00","dateModified":"2025-11-25T13:49:24+00:00","mainEntityOfPage":{"@id":"https:\/\/www.soroptimisteurope.org\/fr\/orange-the-soroptimist-world-with-16-days-of-activism\/"},"wordCount":426,"image":{"@id":"https:\/\/www.soroptimisteurope.org\/fr\/orange-the-soroptimist-world-with-16-days-of-activism\/#primaryimage"},"thumbnailUrl":"https:\/\/www.soroptimisteurope.org\/wp-content\/uploads\/2025\/04\/news-orange-header1-1.jpg","keywords":["Advocacy"],"articleSection":["Advocacy"],"inLanguage":"fr-FR"},{"@type":"WebPage","@id":"https:\/\/www.soroptimisteurope.org\/fr\/orange-the-soroptimist-world-with-16-days-of-activism\/","url":"https:\/\/www.soroptimisteurope.org\/fr\/orange-the-soroptimist-world-with-16-days-of-activism\/","name":"Le Monde Soroptimist tout en orange durant les 16 jours d\u2019activisme - Soroptimist","isPartOf":{"@id":"https:\/\/www.soroptimisteurope.org\/#website"},"primaryImageOfPage":{"@id":"https:\/\/www.soroptimisteurope.org\/fr\/orange-the-soroptimist-world-with-16-days-of-activism\/#primaryimage"},"image":{"@id":"https:\/\/www.soroptimisteurope.org\/fr\/orange-the-soroptimist-world-with-16-days-of-activism\/#primaryimage"},"thumbnailUrl":"https:\/\/www.soroptimisteurope.org\/wp-content\/uploads\/2025\/04\/news-orange-header1-1.jpg","datePublished":"2016-11-25T09:20:35+00:00","dateModified":"2025-11-25T13:49:24+00:00","author":{"@id":"https:\/\/www.soroptimisteurope.org\/#\/schema\/person\/71cb5ee8dc72773ed419609bf2274619"},"breadcrumb":{"@id":"https:\/\/www.soroptimisteurope.org\/fr\/orange-the-soroptimist-world-with-16-days-of-activism\/#breadcrumb"},"inLanguage":"fr-FR","potentialAction":[{"@type":"ReadAction","target":["https:\/\/www.soroptimisteurope.org\/fr\/orange-the-soroptimist-world-with-16-days-of-activism\/"]}]},{"@type":"ImageObject","inLanguage":"fr-FR","@id":"https:\/\/www.soroptimisteurope.org\/fr\/orange-the-soroptimist-world-with-16-days-of-activism\/#primaryimage","url":"https:\/\/www.soroptimisteurope.org\/wp-content\/uploads\/2025\/04\/news-orange-header1-1.jpg","contentUrl":"https:\/\/www.soroptimisteurope.org\/wp-content\/uploads\/2025\/04\/news-orange-header1-1.jpg","width":1652,"height":530},{"@type":"BreadcrumbList","@id":"https:\/\/www.soroptimisteurope.org\/fr\/orange-the-soroptimist-world-with-16-days-of-activism\/#breadcrumb","itemListElement":[{"@type":"ListItem","position":1,"name":"Accueil","item":"https:\/\/www.soroptimisteurope.org\/fr\/"},{"@type":"ListItem","position":2,"name":"Le Monde Soroptimist tout en orange durant les 16 jours d\u2019activisme"}]},{"@type":"WebSite","@id":"https:\/\/www.soroptimisteurope.org\/#website","url":"https:\/\/www.soroptimisteurope.org\/","name":"Soroptimist","description":"","potentialAction":[{"@type":"SearchAction","target":{"@type":"EntryPoint","urlTemplate":"https:\/\/www.soroptimisteurope.org\/?s={search_term_string}"},"query-input":{"@type":"PropertyValueSpecification","valueRequired":true,"valueName":"search_term_string"}}],"inLanguage":"fr-FR"},{"@type":"Person","@id":"https:\/\/www.soroptimisteurope.org\/#\/schema\/person\/71cb5ee8dc72773ed419609bf2274619","name":"Virginie Racine","url":"https:\/\/www.soroptimisteurope.org\/fr\/author\/adminsorop2k21\/"}]}},"_links":{"self":[{"href":"https:\/\/www.soroptimisteurope.org\/fr\/wp-json\/wp\/v2\/posts\/4856","targetHints":{"allow":["GET"]}}],"collection":[{"href":"https:\/\/www.soroptimisteurope.org\/fr\/wp-json\/wp\/v2\/posts"}],"about":[{"href":"https:\/\/www.soroptimisteurope.org\/fr\/wp-json\/wp\/v2\/types\/post"}],"author":[{"embeddable":true,"href":"https:\/\/www.soroptimisteurope.org\/fr\/wp-json\/wp\/v2\/users\/5"}],"replies":[{"embeddable":true,"href":"https:\/\/www.soroptimisteurope.org\/fr\/wp-json\/wp\/v2\/comments?post=4856"}],"version-history":[{"count":5,"href":"https:\/\/www.soroptimisteurope.org\/fr\/wp-json\/wp\/v2\/posts\/4856\/revisions"}],"predecessor-version":[{"id":39770,"href":"https:\/\/www.soroptimisteurope.org\/fr\/wp-json\/wp\/v2\/posts\/4856\/revisions\/39770"}],"wp:featuredmedia":[{"embeddable":true,"href":"https:\/\/www.soroptimisteurope.org\/fr\/wp-json\/wp\/v2\/media\/35759"}],"wp:attachment":[{"href":"https:\/\/www.soroptimisteurope.org\/fr\/wp-json\/wp\/v2\/media?parent=4856"}],"wp:term":[{"taxonomy":"category","embeddable":true,"href":"https:\/\/www.soroptimisteurope.org\/fr\/wp-json\/wp\/v2\/categories?post=4856"},{"taxonomy":"post_tag","embeddable":true,"href":"https:\/\/www.soroptimisteurope.org\/fr\/wp-json\/wp\/v2\/tags?post=4856"}],"curies":[{"name":"wp","href":"https:\/\/api.w.org\/{rel}","templated":true}]}}