{"id":51406,"date":"2025-10-29T14:00:56","date_gmt":"2025-10-29T13:00:56","guid":{"rendered":"https:\/\/www.soroptimisteurope.org\/?p=51406"},"modified":"2025-11-25T14:49:03","modified_gmt":"2025-11-25T13:49:03","slug":"les-soroptimist-deurope-unies-pour-la-paix-et-la-dignite-humaine","status":"publish","type":"post","link":"https:\/\/www.soroptimisteurope.org\/fr\/les-soroptimist-deurope-unies-pour-la-paix-et-la-dignite-humaine\/","title":{"rendered":"Les Soroptimist d\u2019Europe unies pour la paix et la dignit\u00e9 humaine"},"content":{"rendered":"\t\t<div data-elementor-type=\"wp-post\" data-elementor-id=\"51406\" class=\"elementor elementor-51406 elementor-51396\" data-elementor-post-type=\"post\">\n\t\t\t\t<div class=\"elementor-element elementor-element-e14d791 e-flex e-con-boxed e-con e-parent\" data-id=\"e14d791\" data-element_type=\"container\" data-e-type=\"container\">\n\t\t\t\t\t<div class=\"e-con-inner\">\n\t\t\t\t<div class=\"elementor-element elementor-element-ea72ae7 elementor-widget elementor-widget-text-editor\" data-id=\"ea72ae7\" data-element_type=\"widget\" data-e-type=\"widget\" data-widget_type=\"text-editor.default\">\n\t\t\t\t<div class=\"elementor-widget-container\">\n\t\t\t\t\t\t\t\t\t<p>Partout en Europe, les Soroptimist se sont r\u00e9unies le 21 septembre pour c\u00e9l\u00e9brer la Journ\u00e9e internationale de la paix, sous le th\u00e8me soroptimist \u00ab La paix a besoin des femmes \u00bb. Avec d\u00e9termination et solidarit\u00e9, les membres ont transform\u00e9 cet appel mondial en actions concr\u00e8tes, adressant leur d\u00e9claration aux responsables politiques de l\u2019Union europ\u00e9enne et aux institutions internationales de d\u00e9fense des droits humains. <\/p><p>\u00c0 travers des initiatives cr\u00e9atives et un engagement communautaire, les Soroptimist ont mis en lumi\u00e8re le r\u00f4le essentiel des femmes dans la promotion de la paix et la protection de la dignit\u00e9 humaine. Voici deux exemples inspirants : <\/p>\t\t\t\t\t\t\t\t<\/div>\n\t\t\t\t<\/div>\n\t\t\t\t\t<\/div>\n\t\t\t\t<\/div>\n\t\t<div class=\"elementor-element elementor-element-76230af e-flex e-con-boxed e-con e-parent\" data-id=\"76230af\" data-element_type=\"container\" data-e-type=\"container\">\n\t\t\t\t\t<div class=\"e-con-inner\">\n\t\t\t\t<div class=\"elementor-element elementor-element-2a59264 elementor-widget elementor-widget-heading\" data-id=\"2a59264\" data-element_type=\"widget\" data-e-type=\"widget\" data-widget_type=\"heading.default\">\n\t\t\t\t<div class=\"elementor-widget-container\">\n\t\t\t\t\t<h4 class=\"elementor-heading-title elementor-size-default\">Les Pays-Bas : \"SOS - Soutenons nos soeurs\"<\/h4>\t\t\t\t<\/div>\n\t\t\t\t<\/div>\n\t\t\t\t\t<\/div>\n\t\t\t\t<\/div>\n\t\t<div class=\"elementor-element elementor-element-51154e0 e-flex e-con-boxed e-con e-parent\" data-id=\"51154e0\" data-element_type=\"container\" data-e-type=\"container\">\n\t\t\t\t\t<div class=\"e-con-inner\">\n\t\t\t\t<div class=\"elementor-element elementor-element-d219261 elementor-widget elementor-widget-text-editor\" data-id=\"d219261\" data-element_type=\"widget\" data-e-type=\"widget\" data-widget_type=\"text-editor.default\">\n\t\t\t\t<div class=\"elementor-widget-container\">\n\t\t\t\t\t\t\t\t\t<p>Aux <strong>Pays-Bas<\/strong>, les Soroptimist se sont unies sous la banni\u00e8re \u00ab <strong>SOS \u2013 Soutenons nos s\u0153urs<\/strong> \u00bb (SOS \u2013 Support Our Sisters). Les clubs du pays se sont rassembl\u00e9s, en silence et en pr\u00e9sence, pour exprimer leur solidarit\u00e9 envers les femmes vivant dans la peur, confront\u00e9es \u00e0 la violence sexuelle li\u00e9e aux conflits ou luttant pour survivre au c\u0153ur de la guerre.<\/p><p>De Amsterdam \u00e0 Zwolle, le message de paix s\u2019est exprim\u00e9 \u00e0 travers des lectures de po\u00e9sie et des discussions ouvertes sur la gu\u00e9rison et la r\u00e9silience. \u00c0 Scheveningen, les Soroptimist se sont retrouv\u00e9es pr\u00e8s de la statue de l\u2019\u00e9pouse du p\u00eacheur, qui regarde la mer dans l\u2019attente du retour de ses proches, symbole de toutes les femmes qui esp\u00e8rent la paix. \u00c0 Zeist, la th\u00e9rapeute Nadja Vos a abord\u00e9 le th\u00e8me du traumatisme interg\u00e9n\u00e9rationnel li\u00e9 \u00e0 la guerre, tandis qu\u2019\u00e0 Zwolle, les membres ont rencontr\u00e9 des femmes ayant fui la violence pour partager leurs r\u00e9cits de survie et leur vision de la paix.  <\/p><p>La campagne des Soroptimist n\u00e9erlandaises portait une conviction claire :<strong> l\u00e0 o\u00f9 r\u00e8gne la violence, les femmes savent reconstruire ; ensemble, elles peuvent instaurer la paix.<\/strong><\/p>\t\t\t\t\t\t\t\t<\/div>\n\t\t\t\t<\/div>\n\t\t\t\t\t<\/div>\n\t\t\t\t<\/div>\n\t\t<div class=\"elementor-element elementor-element-9092759 e-flex e-con-boxed e-con e-parent\" data-id=\"9092759\" data-element_type=\"container\" data-e-type=\"container\">\n\t\t\t\t\t<div class=\"e-con-inner\">\n\t\t\t\t<div class=\"elementor-element elementor-element-4b5c4fc elementor-widget elementor-widget-video\" data-id=\"4b5c4fc\" data-element_type=\"widget\" data-e-type=\"widget\" data-settings=\"{&quot;youtube_url&quot;:&quot;https:\\\/\\\/www.youtube.com\\\/watch?v=jl8Hp-2tLmo&quot;,&quot;cc_load_policy&quot;:&quot;yes&quot;,&quot;video_type&quot;:&quot;youtube&quot;,&quot;controls&quot;:&quot;yes&quot;}\" data-widget_type=\"video.default\">\n\t\t\t\t<div class=\"elementor-widget-container\">\n\t\t\t\t\t\t\t<div class=\"elementor-wrapper elementor-open-inline\">\n\t\t\t<div class=\"elementor-video\"><\/div>\t\t<\/div>\n\t\t\t\t\t\t<\/div>\n\t\t\t\t<\/div>\n\t\t\t\t\t<\/div>\n\t\t\t\t<\/div>\n\t\t<div class=\"elementor-element elementor-element-173ed03 e-flex e-con-boxed e-con e-parent\" data-id=\"173ed03\" data-element_type=\"container\" data-e-type=\"container\">\n\t\t\t\t\t<div class=\"e-con-inner\">\n\t\t\t\t<div class=\"elementor-element elementor-element-844e8ac elementor-widget-divider--view-line elementor-widget elementor-widget-divider\" data-id=\"844e8ac\" data-element_type=\"widget\" data-e-type=\"widget\" data-widget_type=\"divider.default\">\n\t\t\t\t<div class=\"elementor-widget-container\">\n\t\t\t\t\t\t\t<div class=\"elementor-divider\">\n\t\t\t<span class=\"elementor-divider-separator\">\n\t\t\t\t\t\t<\/span>\n\t\t<\/div>\n\t\t\t\t\t\t<\/div>\n\t\t\t\t<\/div>\n\t\t\t\t\t<\/div>\n\t\t\t\t<\/div>\n\t\t<div class=\"elementor-element elementor-element-940debc e-flex e-con-boxed e-con e-parent\" data-id=\"940debc\" data-element_type=\"container\" data-e-type=\"container\">\n\t\t\t\t\t<div class=\"e-con-inner\">\n\t\t\t\t<div class=\"elementor-element elementor-element-ac01c29 elementor-widget elementor-widget-heading\" data-id=\"ac01c29\" data-element_type=\"widget\" data-e-type=\"widget\" data-widget_type=\"heading.default\">\n\t\t\t\t<div class=\"elementor-widget-container\">\n\t\t\t\t\t<h4 class=\"elementor-heading-title elementor-size-default\">Pologne : \"La paix commence avec moi\"<\/h4>\t\t\t\t<\/div>\n\t\t\t\t<\/div>\n\t\t\t\t\t<\/div>\n\t\t\t\t<\/div>\n\t\t<div class=\"elementor-element elementor-element-4287068 e-flex e-con-boxed e-con e-parent\" data-id=\"4287068\" data-element_type=\"container\" data-e-type=\"container\">\n\t\t\t\t\t<div class=\"e-con-inner\">\n\t\t<div class=\"elementor-element elementor-element-78840b6 e-con-full e-flex e-con e-child\" data-id=\"78840b6\" data-element_type=\"container\" data-e-type=\"container\">\n\t\t\t\t<div class=\"elementor-element elementor-element-33e39f4 elementor-widget elementor-widget-text-editor\" data-id=\"33e39f4\" data-element_type=\"widget\" data-e-type=\"widget\" data-widget_type=\"text-editor.default\">\n\t\t\t\t<div class=\"elementor-widget-container\">\n\t\t\t\t\t\t\t\t\t<p>En <strong>Pologne<\/strong>, les Soroptimist ont lanc\u00e9 la campagne \u00ab La paix commence avec moi \u00bb (Peace Starts With Me), diffusant des messages de paix \u00e0 travers tout le pays.<\/p><p>D\u00e8s le 10 septembre, les clubs ont partag\u00e9 chaque jour sur les r\u00e9seaux sociaux des citations inspirantes de femmes et d\u2019hommes, invitant \u00e0 la r\u00e9flexion et au dialogue. <\/p><p>Les membres ont cr\u00e9\u00e9 des colombes en papier portant le message \u00ab La paix commence avec moi parce que\u2026 \u00bb, qu\u2019elles ont plac\u00e9es dans des espaces publics pour inspirer les passants. Elles ont \u00e9galement offert des pins en forme de colombe de la paix \u00e0 des personnalit\u00e9s, organis\u00e9 un concours et une exposition d\u2019art pour enfants, et tenu des discussions en club sur la mani\u00e8re dont la paix na\u00eet de nos actions quotidiennes et de nos paroles. <\/p>\t\t\t\t\t\t\t\t<\/div>\n\t\t\t\t<\/div>\n\t\t\t\t<\/div>\n\t\t<div class=\"elementor-element elementor-element-f2fabf9 e-con-full e-flex e-con e-child\" data-id=\"f2fabf9\" data-element_type=\"container\" data-e-type=\"container\">\n\t\t\t\t<div class=\"elementor-element elementor-element-015c3a4 elementor-widget elementor-widget-image\" data-id=\"015c3a4\" data-element_type=\"widget\" data-e-type=\"widget\" data-widget_type=\"image.default\">\n\t\t\t\t<div class=\"elementor-widget-container\">\n\t\t\t\t\t\t\t\t\t\t\t\t\t\t\t<img decoding=\"async\" src=\"https:\/\/www.soroptimisteurope.org\/wp-content\/uploads\/elementor\/thumbs\/Peace-Poland-rdx1v5swr5rt4m7p2yfftim2y0fw0ggjqm2xtp9fhc.jpg\" title=\"Peace Poland\" alt=\"Peace Poland\" loading=\"lazy\" \/>\t\t\t\t\t\t\t\t\t\t\t\t\t\t\t<\/div>\n\t\t\t\t<\/div>\n\t\t\t\t<\/div>\n\t\t\t\t\t<\/div>\n\t\t\t\t<\/div>\n\t\t<div class=\"elementor-element elementor-element-cdedcac e-flex e-con-boxed e-con e-parent\" data-id=\"cdedcac\" data-element_type=\"container\" data-e-type=\"container\">\n\t\t\t\t\t<div class=\"e-con-inner\">\n\t\t\t\t<div class=\"elementor-element elementor-element-b898886 elementor-widget elementor-widget-heading\" data-id=\"b898886\" data-element_type=\"widget\" data-e-type=\"widget\" data-widget_type=\"heading.default\">\n\t\t\t\t<div class=\"elementor-widget-container\">\n\t\t\t\t\t<h4 class=\"elementor-heading-title elementor-size-default\">Les femmes en premi\u00e8re ligne pour la paix<\/h4>\t\t\t\t<\/div>\n\t\t\t\t<\/div>\n\t\t\t\t\t<\/div>\n\t\t\t\t<\/div>\n\t\t<div class=\"elementor-element elementor-element-acb487d e-flex e-con-boxed e-con e-parent\" data-id=\"acb487d\" data-element_type=\"container\" data-e-type=\"container\">\n\t\t\t\t\t<div class=\"e-con-inner\">\n\t\t\t\t<div class=\"elementor-element elementor-element-71de363 elementor-widget elementor-widget-text-editor\" data-id=\"71de363\" data-element_type=\"widget\" data-e-type=\"widget\" data-widget_type=\"text-editor.default\">\n\t\t\t\t<div class=\"elementor-widget-container\">\n\t\t\t\t\t\t\t\t\t<p>Ces campagnes illustrent la force, la cr\u00e9ativit\u00e9 et la compassion des Soroptimist unies pour la paix. Ensemble, elles d\u00e9montrent une v\u00e9rit\u00e9 simple mais puissante : <strong>lorsque les femmes s\u2019unissent, leurs voix peuvent changer le monde.<\/strong><\/p>\t\t\t\t\t\t\t\t<\/div>\n\t\t\t\t<\/div>\n\t\t\t\t\t<\/div>\n\t\t\t\t<\/div>\n\t\t<div class=\"elementor-element elementor-element-600aa87 e-flex e-con-boxed e-con e-parent\" data-id=\"600aa87\" data-element_type=\"container\" data-e-type=\"container\">\n\t\t\t\t\t<div class=\"e-con-inner\">\n\t\t\t\t<div class=\"elementor-element elementor-element-f4cce77 elementor-widget-divider--view-line elementor-widget elementor-widget-divider\" data-id=\"f4cce77\" data-element_type=\"widget\" data-e-type=\"widget\" data-widget_type=\"divider.default\">\n\t\t\t\t<div class=\"elementor-widget-container\">\n\t\t\t\t\t\t\t<div class=\"elementor-divider\">\n\t\t\t<span class=\"elementor-divider-separator\">\n\t\t\t\t\t\t<\/span>\n\t\t<\/div>\n\t\t\t\t\t\t<\/div>\n\t\t\t\t<\/div>\n\t\t\t\t\t<\/div>\n\t\t\t\t<\/div>\n\t\t<div class=\"elementor-element elementor-element-c1bca28 e-flex e-con-boxed e-con e-parent\" data-id=\"c1bca28\" data-element_type=\"container\" data-e-type=\"container\">\n\t\t\t\t\t<div class=\"e-con-inner\">\n\t\t\t\t<div class=\"elementor-element elementor-element-053eab1 elementor-widget elementor-widget-text-editor\" data-id=\"053eab1\" data-element_type=\"widget\" data-e-type=\"widget\" data-widget_type=\"text-editor.default\">\n\t\t\t\t<div class=\"elementor-widget-container\">\n\t\t\t\t\t\t\t\t\t<p style=\"text-align: right;\">Rita Nogueira Ramos<\/p><p style=\"text-align: right;\">Vice-Pr\u00e9sidente Lobbying du SIE 2024-2025<\/p>\t\t\t\t\t\t\t\t<\/div>\n\t\t\t\t<\/div>\n\t\t\t\t\t<\/div>\n\t\t\t\t<\/div>\n\t\t\t\t<\/div>\n\t\t","protected":false},"excerpt":{"rendered":"<p>Journ\u00e9e internationale de la paix \u2013 21 septembre 2025<\/p>\n","protected":false},"author":3,"featured_media":51481,"comment_status":"closed","ping_status":"closed","sticky":false,"template":"","format":"standard","meta":{"_acf_changed":false,"give_campaign_id":0,"footnotes":""},"categories":[120,129],"tags":[190],"class_list":["post-51406","post","type-post","status-publish","format-standard","has-post-thumbnail","hentry","category-advocacy-fr","category-nouvelles","tag-advocacy-fr"],"acf":{"article_actualites_liees":false,"article_documents":false,"article_email_contact":"","article_evenements_sociaux":false,"article_nom_contact":"","article_numero_contact":"","article_photo_de_couverture":false,"article_trombinoscope":false,"article_chapeau":"","article_contenu":false,"article_video":"","article_auteur_texte":""},"yoast_head":"<!-- This site is optimized with the Yoast SEO plugin v27.5 - https:\/\/yoast.com\/product\/yoast-seo-wordpress\/ -->\n<title>Les Soroptimist d\u2019Europe unies pour la paix et la dignit\u00e9 humaine - Soroptimist<\/title>\n<meta name=\"description\" content=\"Les Soroptimist d\u2019Europe unies pour la paix et la dignit\u00e9 humaine, mettant en lumi\u00e8re le r\u00f4le essentiel des femmes dans la construction de la paix.\" \/>\n<meta name=\"robots\" content=\"index, follow, max-snippet:-1, max-image-preview:large, max-video-preview:-1\" \/>\n<link rel=\"canonical\" href=\"https:\/\/www.soroptimisteurope.org\/fr\/les-soroptimist-deurope-unies-pour-la-paix-et-la-dignite-humaine\/\" \/>\n<meta property=\"og:locale\" content=\"fr_FR\" \/>\n<meta property=\"og:type\" content=\"article\" \/>\n<meta property=\"og:title\" content=\"Les Soroptimist d\u2019Europe unies pour la paix et la dignit\u00e9 humaine - Soroptimist\" \/>\n<meta property=\"og:description\" content=\"Les Soroptimist d\u2019Europe unies pour la paix et la dignit\u00e9 humaine, mettant en lumi\u00e8re le r\u00f4le essentiel des femmes dans la construction de la paix.\" \/>\n<meta property=\"og:url\" content=\"https:\/\/www.soroptimisteurope.org\/fr\/les-soroptimist-deurope-unies-pour-la-paix-et-la-dignite-humaine\/\" \/>\n<meta property=\"og:site_name\" content=\"Soroptimist\" \/>\n<meta property=\"article:published_time\" content=\"2025-10-29T13:00:56+00:00\" \/>\n<meta property=\"article:modified_time\" content=\"2025-11-25T13:49:03+00:00\" \/>\n<meta property=\"og:image\" content=\"https:\/\/www.soroptimisteurope.org\/wp-content\/uploads\/2025\/10\/SIE-Peace-Day-2025-Facebook-FR-2.png\" \/>\n\t<meta property=\"og:image:width\" content=\"2400\" \/>\n\t<meta property=\"og:image:height\" content=\"1260\" \/>\n\t<meta property=\"og:image:type\" content=\"image\/png\" \/>\n<meta name=\"author\" content=\"Soroptimist\" \/>\n<meta name=\"twitter:card\" content=\"summary_large_image\" \/>\n<meta name=\"twitter:label1\" content=\"\u00c9crit par\" \/>\n\t<meta name=\"twitter:data1\" content=\"Soroptimist\" \/>\n\t<meta name=\"twitter:label2\" content=\"Dur\u00e9e de lecture estim\u00e9e\" \/>\n\t<meta name=\"twitter:data2\" content=\"3 minutes\" \/>\n<script type=\"application\/ld+json\" class=\"yoast-schema-graph\">{\"@context\":\"https:\\\/\\\/schema.org\",\"@graph\":[{\"@type\":\"Article\",\"@id\":\"https:\\\/\\\/www.soroptimisteurope.org\\\/fr\\\/les-soroptimist-deurope-unies-pour-la-paix-et-la-dignite-humaine\\\/#article\",\"isPartOf\":{\"@id\":\"https:\\\/\\\/www.soroptimisteurope.org\\\/fr\\\/les-soroptimist-deurope-unies-pour-la-paix-et-la-dignite-humaine\\\/\"},\"author\":{\"name\":\"Soroptimist\",\"@id\":\"https:\\\/\\\/www.soroptimisteurope.org\\\/#\\\/schema\\\/person\\\/704fb842a150c870ec736ee629ee7e24\"},\"headline\":\"Les Soroptimist d\u2019Europe unies pour la paix et la dignit\u00e9 humaine\",\"datePublished\":\"2025-10-29T13:00:56+00:00\",\"dateModified\":\"2025-11-25T13:49:03+00:00\",\"mainEntityOfPage\":{\"@id\":\"https:\\\/\\\/www.soroptimisteurope.org\\\/fr\\\/les-soroptimist-deurope-unies-pour-la-paix-et-la-dignite-humaine\\\/\"},\"wordCount\":539,\"image\":{\"@id\":\"https:\\\/\\\/www.soroptimisteurope.org\\\/fr\\\/les-soroptimist-deurope-unies-pour-la-paix-et-la-dignite-humaine\\\/#primaryimage\"},\"thumbnailUrl\":\"https:\\\/\\\/www.soroptimisteurope.org\\\/wp-content\\\/uploads\\\/2025\\\/10\\\/SIE-Peace-Day-2025-Facebook-FR-2.png\",\"keywords\":[\"Advocacy\"],\"articleSection\":[\"Advocacy\",\"Nouvelles\"],\"inLanguage\":\"fr-FR\"},{\"@type\":\"WebPage\",\"@id\":\"https:\\\/\\\/www.soroptimisteurope.org\\\/fr\\\/les-soroptimist-deurope-unies-pour-la-paix-et-la-dignite-humaine\\\/\",\"url\":\"https:\\\/\\\/www.soroptimisteurope.org\\\/fr\\\/les-soroptimist-deurope-unies-pour-la-paix-et-la-dignite-humaine\\\/\",\"name\":\"Les Soroptimist d\u2019Europe unies pour la paix et la dignit\u00e9 humaine - Soroptimist\",\"isPartOf\":{\"@id\":\"https:\\\/\\\/www.soroptimisteurope.org\\\/#website\"},\"primaryImageOfPage\":{\"@id\":\"https:\\\/\\\/www.soroptimisteurope.org\\\/fr\\\/les-soroptimist-deurope-unies-pour-la-paix-et-la-dignite-humaine\\\/#primaryimage\"},\"image\":{\"@id\":\"https:\\\/\\\/www.soroptimisteurope.org\\\/fr\\\/les-soroptimist-deurope-unies-pour-la-paix-et-la-dignite-humaine\\\/#primaryimage\"},\"thumbnailUrl\":\"https:\\\/\\\/www.soroptimisteurope.org\\\/wp-content\\\/uploads\\\/2025\\\/10\\\/SIE-Peace-Day-2025-Facebook-FR-2.png\",\"datePublished\":\"2025-10-29T13:00:56+00:00\",\"dateModified\":\"2025-11-25T13:49:03+00:00\",\"author\":{\"@id\":\"https:\\\/\\\/www.soroptimisteurope.org\\\/#\\\/schema\\\/person\\\/704fb842a150c870ec736ee629ee7e24\"},\"description\":\"Les Soroptimist d\u2019Europe unies pour la paix et la dignit\u00e9 humaine, mettant en lumi\u00e8re le r\u00f4le essentiel des femmes dans la construction de la paix.\",\"breadcrumb\":{\"@id\":\"https:\\\/\\\/www.soroptimisteurope.org\\\/fr\\\/les-soroptimist-deurope-unies-pour-la-paix-et-la-dignite-humaine\\\/#breadcrumb\"},\"inLanguage\":\"fr-FR\",\"potentialAction\":[{\"@type\":\"ReadAction\",\"target\":[\"https:\\\/\\\/www.soroptimisteurope.org\\\/fr\\\/les-soroptimist-deurope-unies-pour-la-paix-et-la-dignite-humaine\\\/\"]}]},{\"@type\":\"ImageObject\",\"inLanguage\":\"fr-FR\",\"@id\":\"https:\\\/\\\/www.soroptimisteurope.org\\\/fr\\\/les-soroptimist-deurope-unies-pour-la-paix-et-la-dignite-humaine\\\/#primaryimage\",\"url\":\"https:\\\/\\\/www.soroptimisteurope.org\\\/wp-content\\\/uploads\\\/2025\\\/10\\\/SIE-Peace-Day-2025-Facebook-FR-2.png\",\"contentUrl\":\"https:\\\/\\\/www.soroptimisteurope.org\\\/wp-content\\\/uploads\\\/2025\\\/10\\\/SIE-Peace-Day-2025-Facebook-FR-2.png\",\"width\":2400,\"height\":1260},{\"@type\":\"BreadcrumbList\",\"@id\":\"https:\\\/\\\/www.soroptimisteurope.org\\\/fr\\\/les-soroptimist-deurope-unies-pour-la-paix-et-la-dignite-humaine\\\/#breadcrumb\",\"itemListElement\":[{\"@type\":\"ListItem\",\"position\":1,\"name\":\"Accueil\",\"item\":\"https:\\\/\\\/www.soroptimisteurope.org\\\/fr\\\/accueil\\\/\"},{\"@type\":\"ListItem\",\"position\":2,\"name\":\"Les Soroptimist d\u2019Europe unies pour la paix et la dignit\u00e9 humaine\"}]},{\"@type\":\"WebSite\",\"@id\":\"https:\\\/\\\/www.soroptimisteurope.org\\\/#website\",\"url\":\"https:\\\/\\\/www.soroptimisteurope.org\\\/\",\"name\":\"Soroptimist\",\"description\":\"\",\"potentialAction\":[{\"@type\":\"SearchAction\",\"target\":{\"@type\":\"EntryPoint\",\"urlTemplate\":\"https:\\\/\\\/www.soroptimisteurope.org\\\/?s={search_term_string}\"},\"query-input\":{\"@type\":\"PropertyValueSpecification\",\"valueRequired\":true,\"valueName\":\"search_term_string\"}}],\"inLanguage\":\"fr-FR\"},{\"@type\":\"Person\",\"@id\":\"https:\\\/\\\/www.soroptimisteurope.org\\\/#\\\/schema\\\/person\\\/704fb842a150c870ec736ee629ee7e24\",\"name\":\"Soroptimist\",\"url\":\"https:\\\/\\\/www.soroptimisteurope.org\\\/fr\\\/author\\\/soropadmin2\\\/\"}]}<\/script>\n<!-- \/ Yoast SEO plugin. -->","yoast_head_json":{"title":"Les Soroptimist d\u2019Europe unies pour la paix et la dignit\u00e9 humaine - Soroptimist","description":"Les Soroptimist d\u2019Europe unies pour la paix et la dignit\u00e9 humaine, mettant en lumi\u00e8re le r\u00f4le essentiel des femmes dans la construction de la paix.","robots":{"index":"index","follow":"follow","max-snippet":"max-snippet:-1","max-image-preview":"max-image-preview:large","max-video-preview":"max-video-preview:-1"},"canonical":"https:\/\/www.soroptimisteurope.org\/fr\/les-soroptimist-deurope-unies-pour-la-paix-et-la-dignite-humaine\/","og_locale":"fr_FR","og_type":"article","og_title":"Les Soroptimist d\u2019Europe unies pour la paix et la dignit\u00e9 humaine - Soroptimist","og_description":"Les Soroptimist d\u2019Europe unies pour la paix et la dignit\u00e9 humaine, mettant en lumi\u00e8re le r\u00f4le essentiel des femmes dans la construction de la paix.","og_url":"https:\/\/www.soroptimisteurope.org\/fr\/les-soroptimist-deurope-unies-pour-la-paix-et-la-dignite-humaine\/","og_site_name":"Soroptimist","article_published_time":"2025-10-29T13:00:56+00:00","article_modified_time":"2025-11-25T13:49:03+00:00","og_image":[{"width":2400,"height":1260,"url":"https:\/\/www.soroptimisteurope.org\/wp-content\/uploads\/2025\/10\/SIE-Peace-Day-2025-Facebook-FR-2.png","type":"image\/png"}],"author":"Soroptimist","twitter_card":"summary_large_image","twitter_misc":{"\u00c9crit par":"Soroptimist","Dur\u00e9e de lecture estim\u00e9e":"3 minutes"},"schema":{"@context":"https:\/\/schema.org","@graph":[{"@type":"Article","@id":"https:\/\/www.soroptimisteurope.org\/fr\/les-soroptimist-deurope-unies-pour-la-paix-et-la-dignite-humaine\/#article","isPartOf":{"@id":"https:\/\/www.soroptimisteurope.org\/fr\/les-soroptimist-deurope-unies-pour-la-paix-et-la-dignite-humaine\/"},"author":{"name":"Soroptimist","@id":"https:\/\/www.soroptimisteurope.org\/#\/schema\/person\/704fb842a150c870ec736ee629ee7e24"},"headline":"Les Soroptimist d\u2019Europe unies pour la paix et la dignit\u00e9 humaine","datePublished":"2025-10-29T13:00:56+00:00","dateModified":"2025-11-25T13:49:03+00:00","mainEntityOfPage":{"@id":"https:\/\/www.soroptimisteurope.org\/fr\/les-soroptimist-deurope-unies-pour-la-paix-et-la-dignite-humaine\/"},"wordCount":539,"image":{"@id":"https:\/\/www.soroptimisteurope.org\/fr\/les-soroptimist-deurope-unies-pour-la-paix-et-la-dignite-humaine\/#primaryimage"},"thumbnailUrl":"https:\/\/www.soroptimisteurope.org\/wp-content\/uploads\/2025\/10\/SIE-Peace-Day-2025-Facebook-FR-2.png","keywords":["Advocacy"],"articleSection":["Advocacy","Nouvelles"],"inLanguage":"fr-FR"},{"@type":"WebPage","@id":"https:\/\/www.soroptimisteurope.org\/fr\/les-soroptimist-deurope-unies-pour-la-paix-et-la-dignite-humaine\/","url":"https:\/\/www.soroptimisteurope.org\/fr\/les-soroptimist-deurope-unies-pour-la-paix-et-la-dignite-humaine\/","name":"Les Soroptimist d\u2019Europe unies pour la paix et la dignit\u00e9 humaine - Soroptimist","isPartOf":{"@id":"https:\/\/www.soroptimisteurope.org\/#website"},"primaryImageOfPage":{"@id":"https:\/\/www.soroptimisteurope.org\/fr\/les-soroptimist-deurope-unies-pour-la-paix-et-la-dignite-humaine\/#primaryimage"},"image":{"@id":"https:\/\/www.soroptimisteurope.org\/fr\/les-soroptimist-deurope-unies-pour-la-paix-et-la-dignite-humaine\/#primaryimage"},"thumbnailUrl":"https:\/\/www.soroptimisteurope.org\/wp-content\/uploads\/2025\/10\/SIE-Peace-Day-2025-Facebook-FR-2.png","datePublished":"2025-10-29T13:00:56+00:00","dateModified":"2025-11-25T13:49:03+00:00","author":{"@id":"https:\/\/www.soroptimisteurope.org\/#\/schema\/person\/704fb842a150c870ec736ee629ee7e24"},"description":"Les Soroptimist d\u2019Europe unies pour la paix et la dignit\u00e9 humaine, mettant en lumi\u00e8re le r\u00f4le essentiel des femmes dans la construction de la paix.","breadcrumb":{"@id":"https:\/\/www.soroptimisteurope.org\/fr\/les-soroptimist-deurope-unies-pour-la-paix-et-la-dignite-humaine\/#breadcrumb"},"inLanguage":"fr-FR","potentialAction":[{"@type":"ReadAction","target":["https:\/\/www.soroptimisteurope.org\/fr\/les-soroptimist-deurope-unies-pour-la-paix-et-la-dignite-humaine\/"]}]},{"@type":"ImageObject","inLanguage":"fr-FR","@id":"https:\/\/www.soroptimisteurope.org\/fr\/les-soroptimist-deurope-unies-pour-la-paix-et-la-dignite-humaine\/#primaryimage","url":"https:\/\/www.soroptimisteurope.org\/wp-content\/uploads\/2025\/10\/SIE-Peace-Day-2025-Facebook-FR-2.png","contentUrl":"https:\/\/www.soroptimisteurope.org\/wp-content\/uploads\/2025\/10\/SIE-Peace-Day-2025-Facebook-FR-2.png","width":2400,"height":1260},{"@type":"BreadcrumbList","@id":"https:\/\/www.soroptimisteurope.org\/fr\/les-soroptimist-deurope-unies-pour-la-paix-et-la-dignite-humaine\/#breadcrumb","itemListElement":[{"@type":"ListItem","position":1,"name":"Accueil","item":"https:\/\/www.soroptimisteurope.org\/fr\/accueil\/"},{"@type":"ListItem","position":2,"name":"Les Soroptimist d\u2019Europe unies pour la paix et la dignit\u00e9 humaine"}]},{"@type":"WebSite","@id":"https:\/\/www.soroptimisteurope.org\/#website","url":"https:\/\/www.soroptimisteurope.org\/","name":"Soroptimist","description":"","potentialAction":[{"@type":"SearchAction","target":{"@type":"EntryPoint","urlTemplate":"https:\/\/www.soroptimisteurope.org\/?s={search_term_string}"},"query-input":{"@type":"PropertyValueSpecification","valueRequired":true,"valueName":"search_term_string"}}],"inLanguage":"fr-FR"},{"@type":"Person","@id":"https:\/\/www.soroptimisteurope.org\/#\/schema\/person\/704fb842a150c870ec736ee629ee7e24","name":"Soroptimist","url":"https:\/\/www.soroptimisteurope.org\/fr\/author\/soropadmin2\/"}]}},"_links":{"self":[{"href":"https:\/\/www.soroptimisteurope.org\/fr\/wp-json\/wp\/v2\/posts\/51406","targetHints":{"allow":["GET"]}}],"collection":[{"href":"https:\/\/www.soroptimisteurope.org\/fr\/wp-json\/wp\/v2\/posts"}],"about":[{"href":"https:\/\/www.soroptimisteurope.org\/fr\/wp-json\/wp\/v2\/types\/post"}],"author":[{"embeddable":true,"href":"https:\/\/www.soroptimisteurope.org\/fr\/wp-json\/wp\/v2\/users\/3"}],"replies":[{"embeddable":true,"href":"https:\/\/www.soroptimisteurope.org\/fr\/wp-json\/wp\/v2\/comments?post=51406"}],"version-history":[{"count":8,"href":"https:\/\/www.soroptimisteurope.org\/fr\/wp-json\/wp\/v2\/posts\/51406\/revisions"}],"predecessor-version":[{"id":51464,"href":"https:\/\/www.soroptimisteurope.org\/fr\/wp-json\/wp\/v2\/posts\/51406\/revisions\/51464"}],"wp:featuredmedia":[{"embeddable":true,"href":"https:\/\/www.soroptimisteurope.org\/fr\/wp-json\/wp\/v2\/media\/51481"}],"wp:attachment":[{"href":"https:\/\/www.soroptimisteurope.org\/fr\/wp-json\/wp\/v2\/media?parent=51406"}],"wp:term":[{"taxonomy":"category","embeddable":true,"href":"https:\/\/www.soroptimisteurope.org\/fr\/wp-json\/wp\/v2\/categories?post=51406"},{"taxonomy":"post_tag","embeddable":true,"href":"https:\/\/www.soroptimisteurope.org\/fr\/wp-json\/wp\/v2\/tags?post=51406"}],"curies":[{"name":"wp","href":"https:\/\/api.w.org\/{rel}","templated":true}]}}