{"id":51927,"date":"2025-12-23T11:18:57","date_gmt":"2025-12-23T10:18:57","guid":{"rendered":"https:\/\/www.soroptimisteurope.org\/le-fonds-deducation-norvegien-2026-2027\/"},"modified":"2025-12-23T11:18:58","modified_gmt":"2025-12-23T10:18:58","slug":"le-fonds-deducation-norvegien-2026-2027","status":"publish","type":"post","link":"https:\/\/www.soroptimisteurope.org\/fr\/le-fonds-deducation-norvegien-2026-2027\/","title":{"rendered":"Le Fonds d&rsquo;Education norv\u00e9gien 2026-2027"},"content":{"rendered":"\t\t<div data-elementor-type=\"wp-post\" data-elementor-id=\"51927\" class=\"elementor elementor-51927 elementor-51910\" data-elementor-post-type=\"post\">\n\t\t\t\t<div class=\"elementor-element elementor-element-51b6de71 e-flex e-con-boxed e-con e-parent\" data-id=\"51b6de71\" data-element_type=\"container\" data-e-type=\"container\">\n\t\t\t\t\t<div class=\"e-con-inner\">\n\t\t\t\t\t<\/div>\n\t\t\t\t<\/div>\n\t\t<div class=\"elementor-element elementor-element-f128f46 e-flex e-con-boxed e-con e-parent\" data-id=\"f128f46\" data-element_type=\"container\" data-e-type=\"container\">\n\t\t\t\t\t<div class=\"e-con-inner\">\n\t\t\t\t<div class=\"elementor-element elementor-element-201e80d elementor-widget elementor-widget-text-editor\" data-id=\"201e80d\" data-element_type=\"widget\" data-e-type=\"widget\" data-widget_type=\"text-editor.default\">\n\t\t\t\t<div class=\"elementor-widget-container\">\n\t\t\t\t\t\t\t\t\t<p style=\"text-align: left;\">La Fondation pour l&rsquo;\u00e9ducation de l&rsquo;Union Soroptimist de Norv\u00e8ge a \u00e9t\u00e9 cr\u00e9\u00e9e en 1985. Le fonds soutient l&rsquo;\u00e9ducation des femmes dans les pays en d\u00e9veloppement. Le fonds vise \u00e0 soutenir financi\u00e8rement l&rsquo;\u00e9ducation et la formation des femmes, en donnant la priorit\u00e9 \u00e0 celles qui manquent de ressources.   <\/p><p>Les candidatures n\u00e9cessitent des recommandations de clubs soroptimist (SIAF ou SIE).<\/p><p><strong>Invitation<\/strong><\/p><p>Les clubs des pays \u00e9ligibles sont invit\u00e9s \u00e0 poser leur candidature pour l&rsquo;ann\u00e9e acad\u00e9mique 2026\/2027.<\/p><p><strong>D\u00e9lai de soumission : 15 f\u00e9vrier 2026<\/strong><\/p><p>Envoyez votre candidature \u00e0 : <strong>utdanningsfond@soroptimistnorway.no<\/strong><\/p><p><img fetchpriority=\"high\" decoding=\"async\" class=\"alignnone size-medium wp-image-51912\" src=\"https:\/\/www.soroptimisteurope.org\/wp-content\/uploads\/2025\/12\/Farida-Ahamada_agronom-225x300.jpeg\" alt=\"\" width=\"225\" height=\"300\" srcset=\"https:\/\/www.soroptimisteurope.org\/wp-content\/uploads\/2025\/12\/Farida-Ahamada_agronom-225x300.jpeg 225w, https:\/\/www.soroptimisteurope.org\/wp-content\/uploads\/2025\/12\/Farida-Ahamada_agronom-768x1024.jpeg 768w, https:\/\/www.soroptimisteurope.org\/wp-content\/uploads\/2025\/12\/Farida-Ahamada_agronom.jpeg 960w\" sizes=\"(max-width: 225px) 100vw, 225px\" \/> <\/p><h6 style=\"text-align: left;\"><em>Depuis 1990, le fonds a attribu\u00e9 1 535 bourses, repr\u00e9sent\u00e9es ici par la pr\u00e9sidente Yvette Derason du SI Toliara, \u00e0 Madagascar, et l&rsquo;\u00e9tudiante en agriculture Farida Ahamada.<\/em><\/h6>\t\t\t\t\t\t\t\t<\/div>\n\t\t\t\t<\/div>\n\t\t\t\t\t<\/div>\n\t\t\t\t<\/div>\n\t\t\t\t<\/div>\n\t\t","protected":false},"excerpt":{"rendered":"<p>La Fondation pour l&rsquo;\u00e9ducation de l&rsquo;Union Soroptimist de Norv\u00e8ge a \u00e9t\u00e9 cr\u00e9\u00e9e en 1985. Le fonds soutient l&rsquo;\u00e9ducation des femmes dans les pays en d\u00e9veloppement. Le fonds vise \u00e0 soutenir [&hellip;]<\/p>\n","protected":false},"author":5,"featured_media":22272,"comment_status":"closed","ping_status":"open","sticky":false,"template":"","format":"standard","meta":{"_acf_changed":false,"give_campaign_id":0,"footnotes":""},"categories":[129],"tags":[],"class_list":["post-51927","post","type-post","status-publish","format-standard","has-post-thumbnail","hentry","category-nouvelles"],"acf":{"article_photo_de_couverture":"50597","article_chapeau":null,"article_contenu":"1","article_trombinoscope":"","article_video":null,"article_evenements_sociaux":"","article_auteur_texte":"Ellen Wiik, The Norwegian Education Fund\/Member of the Board","article_nom_contact":"","article_email_contact":"","article_numero_contact":"","article_documents":"","article_actualites_liees":""},"yoast_head":"<!-- This site is optimized with the Yoast SEO plugin v27.5 - https:\/\/yoast.com\/product\/yoast-seo-wordpress\/ -->\n<title>Le Fonds d&#039;Education norv\u00e9gien 2026-2027 - Soroptimist<\/title>\n<meta name=\"robots\" content=\"index, follow, max-snippet:-1, max-image-preview:large, max-video-preview:-1\" \/>\n<link rel=\"canonical\" href=\"https:\/\/www.soroptimisteurope.org\/fr\/le-fonds-deducation-norvegien-2026-2027\/\" \/>\n<meta property=\"og:locale\" content=\"fr_FR\" \/>\n<meta property=\"og:type\" content=\"article\" \/>\n<meta property=\"og:title\" content=\"Le Fonds d&#039;Education norv\u00e9gien 2026-2027 - Soroptimist\" \/>\n<meta property=\"og:description\" content=\"La Fondation pour l&rsquo;\u00e9ducation de l&rsquo;Union Soroptimist de Norv\u00e8ge a \u00e9t\u00e9 cr\u00e9\u00e9e en 1985. Le fonds soutient l&rsquo;\u00e9ducation des femmes dans les pays en d\u00e9veloppement. Le fonds vise \u00e0 soutenir [&hellip;]\" \/>\n<meta property=\"og:url\" content=\"https:\/\/www.soroptimisteurope.org\/fr\/le-fonds-deducation-norvegien-2026-2027\/\" \/>\n<meta property=\"og:site_name\" content=\"Soroptimist\" \/>\n<meta property=\"article:published_time\" content=\"2025-12-23T10:18:57+00:00\" \/>\n<meta property=\"article:modified_time\" content=\"2025-12-23T10:18:58+00:00\" \/>\n<meta property=\"og:image\" content=\"https:\/\/www.soroptimisteurope.org\/wp-content\/uploads\/2021\/11\/norwegian-grant.jpg\" \/>\n\t<meta property=\"og:image:width\" content=\"1128\" \/>\n\t<meta property=\"og:image:height\" content=\"344\" \/>\n\t<meta property=\"og:image:type\" content=\"image\/jpeg\" \/>\n<meta name=\"author\" content=\"Virginie Racine\" \/>\n<meta name=\"twitter:card\" content=\"summary_large_image\" \/>\n<meta name=\"twitter:label1\" content=\"\u00c9crit par\" \/>\n\t<meta name=\"twitter:data1\" content=\"Virginie Racine\" \/>\n\t<meta name=\"twitter:label2\" content=\"Dur\u00e9e de lecture estim\u00e9e\" \/>\n\t<meta name=\"twitter:data2\" content=\"1 minute\" \/>\n<script type=\"application\/ld+json\" class=\"yoast-schema-graph\">{\"@context\":\"https:\\\/\\\/schema.org\",\"@graph\":[{\"@type\":\"Article\",\"@id\":\"https:\\\/\\\/www.soroptimisteurope.org\\\/fr\\\/le-fonds-deducation-norvegien-2026-2027\\\/#article\",\"isPartOf\":{\"@id\":\"https:\\\/\\\/www.soroptimisteurope.org\\\/fr\\\/le-fonds-deducation-norvegien-2026-2027\\\/\"},\"author\":{\"name\":\"Virginie Racine\",\"@id\":\"https:\\\/\\\/www.soroptimisteurope.org\\\/#\\\/schema\\\/person\\\/71cb5ee8dc72773ed419609bf2274619\"},\"headline\":\"Le Fonds d&rsquo;Education norv\u00e9gien 2026-2027\",\"datePublished\":\"2025-12-23T10:18:57+00:00\",\"dateModified\":\"2025-12-23T10:18:58+00:00\",\"mainEntityOfPage\":{\"@id\":\"https:\\\/\\\/www.soroptimisteurope.org\\\/fr\\\/le-fonds-deducation-norvegien-2026-2027\\\/\"},\"wordCount\":128,\"image\":{\"@id\":\"https:\\\/\\\/www.soroptimisteurope.org\\\/fr\\\/le-fonds-deducation-norvegien-2026-2027\\\/#primaryimage\"},\"thumbnailUrl\":\"https:\\\/\\\/www.soroptimisteurope.org\\\/wp-content\\\/uploads\\\/2021\\\/11\\\/norwegian-grant.jpg\",\"articleSection\":[\"Nouvelles\"],\"inLanguage\":\"fr-FR\"},{\"@type\":\"WebPage\",\"@id\":\"https:\\\/\\\/www.soroptimisteurope.org\\\/fr\\\/le-fonds-deducation-norvegien-2026-2027\\\/\",\"url\":\"https:\\\/\\\/www.soroptimisteurope.org\\\/fr\\\/le-fonds-deducation-norvegien-2026-2027\\\/\",\"name\":\"Le Fonds d'Education norv\u00e9gien 2026-2027 - Soroptimist\",\"isPartOf\":{\"@id\":\"https:\\\/\\\/www.soroptimisteurope.org\\\/#website\"},\"primaryImageOfPage\":{\"@id\":\"https:\\\/\\\/www.soroptimisteurope.org\\\/fr\\\/le-fonds-deducation-norvegien-2026-2027\\\/#primaryimage\"},\"image\":{\"@id\":\"https:\\\/\\\/www.soroptimisteurope.org\\\/fr\\\/le-fonds-deducation-norvegien-2026-2027\\\/#primaryimage\"},\"thumbnailUrl\":\"https:\\\/\\\/www.soroptimisteurope.org\\\/wp-content\\\/uploads\\\/2021\\\/11\\\/norwegian-grant.jpg\",\"datePublished\":\"2025-12-23T10:18:57+00:00\",\"dateModified\":\"2025-12-23T10:18:58+00:00\",\"author\":{\"@id\":\"https:\\\/\\\/www.soroptimisteurope.org\\\/#\\\/schema\\\/person\\\/71cb5ee8dc72773ed419609bf2274619\"},\"breadcrumb\":{\"@id\":\"https:\\\/\\\/www.soroptimisteurope.org\\\/fr\\\/le-fonds-deducation-norvegien-2026-2027\\\/#breadcrumb\"},\"inLanguage\":\"fr-FR\",\"potentialAction\":[{\"@type\":\"ReadAction\",\"target\":[\"https:\\\/\\\/www.soroptimisteurope.org\\\/fr\\\/le-fonds-deducation-norvegien-2026-2027\\\/\"]}]},{\"@type\":\"ImageObject\",\"inLanguage\":\"fr-FR\",\"@id\":\"https:\\\/\\\/www.soroptimisteurope.org\\\/fr\\\/le-fonds-deducation-norvegien-2026-2027\\\/#primaryimage\",\"url\":\"https:\\\/\\\/www.soroptimisteurope.org\\\/wp-content\\\/uploads\\\/2021\\\/11\\\/norwegian-grant.jpg\",\"contentUrl\":\"https:\\\/\\\/www.soroptimisteurope.org\\\/wp-content\\\/uploads\\\/2021\\\/11\\\/norwegian-grant.jpg\",\"width\":1128,\"height\":344},{\"@type\":\"BreadcrumbList\",\"@id\":\"https:\\\/\\\/www.soroptimisteurope.org\\\/fr\\\/le-fonds-deducation-norvegien-2026-2027\\\/#breadcrumb\",\"itemListElement\":[{\"@type\":\"ListItem\",\"position\":1,\"name\":\"Accueil\",\"item\":\"https:\\\/\\\/www.soroptimisteurope.org\\\/fr\\\/accueil\\\/\"},{\"@type\":\"ListItem\",\"position\":2,\"name\":\"Le Fonds d&rsquo;Education norv\u00e9gien 2026-2027\"}]},{\"@type\":\"WebSite\",\"@id\":\"https:\\\/\\\/www.soroptimisteurope.org\\\/#website\",\"url\":\"https:\\\/\\\/www.soroptimisteurope.org\\\/\",\"name\":\"Soroptimist\",\"description\":\"\",\"potentialAction\":[{\"@type\":\"SearchAction\",\"target\":{\"@type\":\"EntryPoint\",\"urlTemplate\":\"https:\\\/\\\/www.soroptimisteurope.org\\\/?s={search_term_string}\"},\"query-input\":{\"@type\":\"PropertyValueSpecification\",\"valueRequired\":true,\"valueName\":\"search_term_string\"}}],\"inLanguage\":\"fr-FR\"},{\"@type\":\"Person\",\"@id\":\"https:\\\/\\\/www.soroptimisteurope.org\\\/#\\\/schema\\\/person\\\/71cb5ee8dc72773ed419609bf2274619\",\"name\":\"Virginie Racine\",\"url\":\"https:\\\/\\\/www.soroptimisteurope.org\\\/fr\\\/author\\\/adminsorop2k21\\\/\"}]}<\/script>\n<!-- \/ Yoast SEO plugin. -->","yoast_head_json":{"title":"Le Fonds d'Education norv\u00e9gien 2026-2027 - Soroptimist","robots":{"index":"index","follow":"follow","max-snippet":"max-snippet:-1","max-image-preview":"max-image-preview:large","max-video-preview":"max-video-preview:-1"},"canonical":"https:\/\/www.soroptimisteurope.org\/fr\/le-fonds-deducation-norvegien-2026-2027\/","og_locale":"fr_FR","og_type":"article","og_title":"Le Fonds d'Education norv\u00e9gien 2026-2027 - Soroptimist","og_description":"La Fondation pour l&rsquo;\u00e9ducation de l&rsquo;Union Soroptimist de Norv\u00e8ge a \u00e9t\u00e9 cr\u00e9\u00e9e en 1985. Le fonds soutient l&rsquo;\u00e9ducation des femmes dans les pays en d\u00e9veloppement. Le fonds vise \u00e0 soutenir [&hellip;]","og_url":"https:\/\/www.soroptimisteurope.org\/fr\/le-fonds-deducation-norvegien-2026-2027\/","og_site_name":"Soroptimist","article_published_time":"2025-12-23T10:18:57+00:00","article_modified_time":"2025-12-23T10:18:58+00:00","og_image":[{"width":1128,"height":344,"url":"https:\/\/www.soroptimisteurope.org\/wp-content\/uploads\/2021\/11\/norwegian-grant.jpg","type":"image\/jpeg"}],"author":"Virginie Racine","twitter_card":"summary_large_image","twitter_misc":{"\u00c9crit par":"Virginie Racine","Dur\u00e9e de lecture estim\u00e9e":"1 minute"},"schema":{"@context":"https:\/\/schema.org","@graph":[{"@type":"Article","@id":"https:\/\/www.soroptimisteurope.org\/fr\/le-fonds-deducation-norvegien-2026-2027\/#article","isPartOf":{"@id":"https:\/\/www.soroptimisteurope.org\/fr\/le-fonds-deducation-norvegien-2026-2027\/"},"author":{"name":"Virginie Racine","@id":"https:\/\/www.soroptimisteurope.org\/#\/schema\/person\/71cb5ee8dc72773ed419609bf2274619"},"headline":"Le Fonds d&rsquo;Education norv\u00e9gien 2026-2027","datePublished":"2025-12-23T10:18:57+00:00","dateModified":"2025-12-23T10:18:58+00:00","mainEntityOfPage":{"@id":"https:\/\/www.soroptimisteurope.org\/fr\/le-fonds-deducation-norvegien-2026-2027\/"},"wordCount":128,"image":{"@id":"https:\/\/www.soroptimisteurope.org\/fr\/le-fonds-deducation-norvegien-2026-2027\/#primaryimage"},"thumbnailUrl":"https:\/\/www.soroptimisteurope.org\/wp-content\/uploads\/2021\/11\/norwegian-grant.jpg","articleSection":["Nouvelles"],"inLanguage":"fr-FR"},{"@type":"WebPage","@id":"https:\/\/www.soroptimisteurope.org\/fr\/le-fonds-deducation-norvegien-2026-2027\/","url":"https:\/\/www.soroptimisteurope.org\/fr\/le-fonds-deducation-norvegien-2026-2027\/","name":"Le Fonds d'Education norv\u00e9gien 2026-2027 - Soroptimist","isPartOf":{"@id":"https:\/\/www.soroptimisteurope.org\/#website"},"primaryImageOfPage":{"@id":"https:\/\/www.soroptimisteurope.org\/fr\/le-fonds-deducation-norvegien-2026-2027\/#primaryimage"},"image":{"@id":"https:\/\/www.soroptimisteurope.org\/fr\/le-fonds-deducation-norvegien-2026-2027\/#primaryimage"},"thumbnailUrl":"https:\/\/www.soroptimisteurope.org\/wp-content\/uploads\/2021\/11\/norwegian-grant.jpg","datePublished":"2025-12-23T10:18:57+00:00","dateModified":"2025-12-23T10:18:58+00:00","author":{"@id":"https:\/\/www.soroptimisteurope.org\/#\/schema\/person\/71cb5ee8dc72773ed419609bf2274619"},"breadcrumb":{"@id":"https:\/\/www.soroptimisteurope.org\/fr\/le-fonds-deducation-norvegien-2026-2027\/#breadcrumb"},"inLanguage":"fr-FR","potentialAction":[{"@type":"ReadAction","target":["https:\/\/www.soroptimisteurope.org\/fr\/le-fonds-deducation-norvegien-2026-2027\/"]}]},{"@type":"ImageObject","inLanguage":"fr-FR","@id":"https:\/\/www.soroptimisteurope.org\/fr\/le-fonds-deducation-norvegien-2026-2027\/#primaryimage","url":"https:\/\/www.soroptimisteurope.org\/wp-content\/uploads\/2021\/11\/norwegian-grant.jpg","contentUrl":"https:\/\/www.soroptimisteurope.org\/wp-content\/uploads\/2021\/11\/norwegian-grant.jpg","width":1128,"height":344},{"@type":"BreadcrumbList","@id":"https:\/\/www.soroptimisteurope.org\/fr\/le-fonds-deducation-norvegien-2026-2027\/#breadcrumb","itemListElement":[{"@type":"ListItem","position":1,"name":"Accueil","item":"https:\/\/www.soroptimisteurope.org\/fr\/accueil\/"},{"@type":"ListItem","position":2,"name":"Le Fonds d&rsquo;Education norv\u00e9gien 2026-2027"}]},{"@type":"WebSite","@id":"https:\/\/www.soroptimisteurope.org\/#website","url":"https:\/\/www.soroptimisteurope.org\/","name":"Soroptimist","description":"","potentialAction":[{"@type":"SearchAction","target":{"@type":"EntryPoint","urlTemplate":"https:\/\/www.soroptimisteurope.org\/?s={search_term_string}"},"query-input":{"@type":"PropertyValueSpecification","valueRequired":true,"valueName":"search_term_string"}}],"inLanguage":"fr-FR"},{"@type":"Person","@id":"https:\/\/www.soroptimisteurope.org\/#\/schema\/person\/71cb5ee8dc72773ed419609bf2274619","name":"Virginie Racine","url":"https:\/\/www.soroptimisteurope.org\/fr\/author\/adminsorop2k21\/"}]}},"_links":{"self":[{"href":"https:\/\/www.soroptimisteurope.org\/fr\/wp-json\/wp\/v2\/posts\/51927","targetHints":{"allow":["GET"]}}],"collection":[{"href":"https:\/\/www.soroptimisteurope.org\/fr\/wp-json\/wp\/v2\/posts"}],"about":[{"href":"https:\/\/www.soroptimisteurope.org\/fr\/wp-json\/wp\/v2\/types\/post"}],"author":[{"embeddable":true,"href":"https:\/\/www.soroptimisteurope.org\/fr\/wp-json\/wp\/v2\/users\/5"}],"replies":[{"embeddable":true,"href":"https:\/\/www.soroptimisteurope.org\/fr\/wp-json\/wp\/v2\/comments?post=51927"}],"version-history":[{"count":1,"href":"https:\/\/www.soroptimisteurope.org\/fr\/wp-json\/wp\/v2\/posts\/51927\/revisions"}],"predecessor-version":[{"id":51929,"href":"https:\/\/www.soroptimisteurope.org\/fr\/wp-json\/wp\/v2\/posts\/51927\/revisions\/51929"}],"wp:featuredmedia":[{"embeddable":true,"href":"https:\/\/www.soroptimisteurope.org\/fr\/wp-json\/wp\/v2\/media\/22272"}],"wp:attachment":[{"href":"https:\/\/www.soroptimisteurope.org\/fr\/wp-json\/wp\/v2\/media?parent=51927"}],"wp:term":[{"taxonomy":"category","embeddable":true,"href":"https:\/\/www.soroptimisteurope.org\/fr\/wp-json\/wp\/v2\/categories?post=51927"},{"taxonomy":"post_tag","embeddable":true,"href":"https:\/\/www.soroptimisteurope.org\/fr\/wp-json\/wp\/v2\/tags?post=51927"}],"curies":[{"name":"wp","href":"https:\/\/api.w.org\/{rel}","templated":true}]}}