{"id":52509,"date":"2026-03-03T10:18:17","date_gmt":"2026-03-03T09:18:17","guid":{"rendered":"https:\/\/www.soroptimisteurope.org\/?p=52509"},"modified":"2026-03-03T10:18:19","modified_gmt":"2026-03-03T09:18:19","slug":"rencontrez-inge-scholte-directrice-de-programme-du-sie","status":"publish","type":"post","link":"https:\/\/www.soroptimisteurope.org\/fr\/rencontrez-inge-scholte-directrice-de-programme-du-sie\/","title":{"rendered":"Rencontrez Inge Scholte, Directrice de Programme du SIE"},"content":{"rendered":"\t\t<div data-elementor-type=\"wp-post\" data-elementor-id=\"52509\" class=\"elementor elementor-52509 elementor-52473\" data-elementor-post-type=\"post\">\n\t\t\t\t<div class=\"elementor-element elementor-element-da18931 e-flex e-con-boxed e-con e-parent\" data-id=\"da18931\" data-element_type=\"container\" data-e-type=\"container\">\n\t\t\t\t\t<div class=\"e-con-inner\">\n\t\t\t\t<div class=\"elementor-element elementor-element-788537f elementor-widget elementor-widget-heading\" data-id=\"788537f\" data-element_type=\"widget\" data-e-type=\"widget\" data-widget_type=\"heading.default\">\n\t\t\t\t<div class=\"elementor-widget-container\">\n\t\t\t\t\t<h2 class=\"elementor-heading-title elementor-size-default\">\u00ab Arr\u00eatez de d\u00e9cider \u00e0 la place des femmes.<br>Commencez \u00e0 leur cr\u00e9er des opportunit\u00e9s. \u00bb<\/h2>\t\t\t\t<\/div>\n\t\t\t\t<\/div>\n\t\t\t\t<div class=\"elementor-element elementor-element-0f50050 elementor-widget elementor-widget-text-editor\" data-id=\"0f50050\" data-element_type=\"widget\" data-e-type=\"widget\" data-widget_type=\"text-editor.default\">\n\t\t\t\t<div class=\"elementor-widget-container\">\n\t\t\t\t\t\t\t\t\t<p> <\/p><p><strong><em>Quelle est votre motivation personnelle pour si\u00e9ger au Bureau du SIE pour 2026\/27 ?<\/em><\/strong><\/p><p>Ayant grandi avec trois fr\u00e8res, l&rsquo;\u00e9galit\u00e9 m&rsquo;importe depuis mon plus jeune \u00e2ge. Au fil des ans, j&rsquo;ai occup\u00e9 tous les postes au sein du Soroptimist : pr\u00e9sidente de club, pr\u00e9sidente d&rsquo;Extension d&rsquo;Union , pr\u00e9sidente d&rsquo;Union, et maintenant, pour un deuxi\u00e8me mandat de deux ans, Directrice de Programme SIE. J&rsquo;appr\u00e9cie \u00e9norm\u00e9ment ce r\u00f4le, car il me permet de constater l&rsquo;impact r\u00e9el de nos projets \u00e0 travers l&rsquo;Europe.  <\/p><p>L&rsquo;\u00e9galit\u00e9 a fa\u00e7onn\u00e9 mon parcours, et \u00e0 travers chaque fonction que j&rsquo;ai occup\u00e9e au sein du Soroptimist, j&rsquo;ai essay\u00e9 de mettre cette conviction en pratique, en ouvrant des portes afin que les femmes et les filles aient la confiance, les opportunit\u00e9s et la libert\u00e9 n\u00e9cessaires pour fa\u00e7onner leur propre avenir.<\/p><p><em><strong>Quelle est votre vision pour un monde meilleur ?<\/strong><\/em><\/p><p>Pour moi, un monde meilleur est un monde o\u00f9 les femmes et les filles ont les m\u00eames chances et la confiance n\u00e9cessaire pour d\u00e9cider de leur propre chemin. Nous devons continuer \u00e0 renforcer la pr\u00e9vention, la sensibilisation et la visibilit\u00e9, et veiller \u00e0 ce que nos projets soient en ad\u00e9quation avec notre mission. Mon objectif est de rendre notre impact mesurable et clairement visible au niveau europ\u00e9en.  <\/p><p><strong><em>Que faites-vous pour rester motiv\u00e9e dans votre travail ? Comment g\u00e9rez-vous les d\u00e9fis ou les d\u00e9ceptions ? <\/em><\/strong><\/p><p>Le travail d&rsquo;\u00e9quipe. Sans h\u00e9sitation. J&rsquo;ai le privil\u00e8ge de travailler avec une \u00e9quipe de Programme exceptionnelle, des coll\u00e8gues d\u00e9vou\u00e9es au sein du Bureau et le meilleur personnel au Secr\u00e9tariat Permanent du SIE. La collaboration, le soutien mutuel et le sens commun de l&rsquo;objectif sont incroyablement stimulants.   <\/p><p>Je suis \u00e9galement tr\u00e8s motiv\u00e9e par l&rsquo;opportunit\u00e9 de mettre en avant et de faire conna\u00eetre les projets remarquables men\u00e9s au niveau des clubs, de l&rsquo;Union et de l&rsquo;Europe. Rendre notre impact visible, veiller \u00e0 ce que notre travail soit reconnu et appr\u00e9ci\u00e9 \u00e0 sa juste valeur, voil\u00e0 ce qui me motive profond\u00e9ment. <\/p>\t\t\t\t\t\t\t\t<\/div>\n\t\t\t\t<\/div>\n\t\t\t\t\t<\/div>\n\t\t\t\t<\/div>\n\t\t<div class=\"elementor-element elementor-element-1eaaf04 e-grid e-con-boxed e-con e-parent\" data-id=\"1eaaf04\" data-element_type=\"container\" data-e-type=\"container\">\n\t\t\t\t\t<div class=\"e-con-inner\">\n\t\t\t\t<div class=\"elementor-element elementor-element-15fb6da elementor-widget elementor-widget-image\" data-id=\"15fb6da\" data-element_type=\"widget\" data-e-type=\"widget\" data-widget_type=\"image.default\">\n\t\t\t\t<div class=\"elementor-widget-container\">\n\t\t\t\t\t\t\t\t\t\t\t\t<figure class=\"wp-caption\">\n\t\t\t\t\t\t\t\t\t\t<img fetchpriority=\"high\" decoding=\"async\" width=\"335\" height=\"362\" src=\"https:\/\/www.soroptimisteurope.org\/wp-content\/uploads\/2026\/02\/Picture-GM-2025-BPA-Belgium.png\" class=\"attachment-large size-large wp-image-52505\" alt=\"\" srcset=\"https:\/\/www.soroptimisteurope.org\/wp-content\/uploads\/2026\/02\/Picture-GM-2025-BPA-Belgium.png 335w, https:\/\/www.soroptimisteurope.org\/wp-content\/uploads\/2026\/02\/Picture-GM-2025-BPA-Belgium-278x300.png 278w\" sizes=\"(max-width: 335px) 100vw, 335px\" \/>\t\t\t\t\t\t\t\t\t\t\t<figcaption class=\"widget-image-caption wp-caption-text\">A la R\u00e9union des Gouverneures 2025 (Cracovie, Pologne)<\/figcaption>\n\t\t\t\t\t\t\t\t\t\t<\/figure>\n\t\t\t\t\t\t\t\t\t<\/div>\n\t\t\t\t<\/div>\n\t\t\t\t<div class=\"elementor-element elementor-element-8d094bc elementor-widget elementor-widget-image\" data-id=\"8d094bc\" data-element_type=\"widget\" data-e-type=\"widget\" data-widget_type=\"image.default\">\n\t\t\t\t<div class=\"elementor-widget-container\">\n\t\t\t\t\t\t\t\t\t\t\t\t<figure class=\"wp-caption\">\n\t\t\t\t\t\t\t\t\t\t<img decoding=\"async\" width=\"768\" height=\"512\" src=\"https:\/\/www.soroptimisteurope.org\/wp-content\/uploads\/2026\/02\/Picture-Inge-moderator-club-event-nov-2025-768x512.jpeg\" class=\"attachment-medium_large size-medium_large wp-image-52506\" alt=\"\" srcset=\"https:\/\/www.soroptimisteurope.org\/wp-content\/uploads\/2026\/02\/Picture-Inge-moderator-club-event-nov-2025-768x512.jpeg 768w, https:\/\/www.soroptimisteurope.org\/wp-content\/uploads\/2026\/02\/Picture-Inge-moderator-club-event-nov-2025-300x200.jpeg 300w, https:\/\/www.soroptimisteurope.org\/wp-content\/uploads\/2026\/02\/Picture-Inge-moderator-club-event-nov-2025-1024x682.jpeg 1024w, https:\/\/www.soroptimisteurope.org\/wp-content\/uploads\/2026\/02\/Picture-Inge-moderator-club-event-nov-2025-1536x1023.jpeg 1536w, https:\/\/www.soroptimisteurope.org\/wp-content\/uploads\/2026\/02\/Picture-Inge-moderator-club-event-nov-2025.jpeg 1600w\" sizes=\"(max-width: 768px) 100vw, 768px\" \/>\t\t\t\t\t\t\t\t\t\t\t<figcaption class=\"widget-image-caption wp-caption-text\">Mod\u00e9ration lors d'un \u00e9v\u00e8nement organis\u00e9 par le club SI Knokke-Oostkust (Belgique)<\/figcaption>\n\t\t\t\t\t\t\t\t\t\t<\/figure>\n\t\t\t\t\t\t\t\t\t<\/div>\n\t\t\t\t<\/div>\n\t\t\t\t\t<\/div>\n\t\t\t\t<\/div>\n\t\t<div class=\"elementor-element elementor-element-e2c7e11 e-flex e-con-boxed e-con e-parent\" data-id=\"e2c7e11\" data-element_type=\"container\" data-e-type=\"container\">\n\t\t\t\t\t<div class=\"e-con-inner\">\n\t\t\t\t<div class=\"elementor-element elementor-element-f7c0098 elementor-widget elementor-widget-text-editor\" data-id=\"f7c0098\" data-element_type=\"widget\" data-e-type=\"widget\" data-widget_type=\"text-editor.default\">\n\t\t\t\t<div class=\"elementor-widget-container\">\n\t\t\t\t\t\t\t\t\t<p>J&rsquo;aimerais ajouter que l&rsquo;un des moments les plus sp\u00e9ciaux de chaque ann\u00e9e est la c\u00e9r\u00e9monie de remise des Prix des Meilleures Pratiques lors de notre R\u00e9union annuelle des Gouverneures. Il est extr\u00eamement \u00e9mouvant d&rsquo;\u00eatre t\u00e9moin de l&rsquo;\u00e9motion qui envahit les clubs lorsqu&rsquo;ils sont r\u00e9compens\u00e9s pour leur d\u00e9vouement et leur travail acharn\u00e9. Ces moments vont au-del\u00e0 de la simple remise de certificats : ils c\u00e9l\u00e8brent l&rsquo;engagement, la compassion et l&rsquo;impact mesurable. Ces prix nous permettent non seulement d&rsquo;honorer l&rsquo;excellence, mais aussi de montrer comment les Soroptimist apportent une contribution concr\u00e8te et positive.   <\/p><p><strong><em>Que fait votre pays pour soutenir et autonomiser les femmes ?<\/em><\/strong><\/p><p>La Belgique dispose d&rsquo;une l\u00e9gislation solide en mati\u00e8re d&rsquo;\u00e9galit\u00e9 et de plans d&rsquo;action nationaux contre la violence sexiste. En ratifiant la Convention d&rsquo;Istanbul, notre pays s&rsquo;est engag\u00e9 \u00e0 am\u00e9liorer la pr\u00e9vention et la protection, mais il reste toujours du travail \u00e0 accomplir pour que les politiques aient un impact concret dans la vie quotidienne. <\/p><p><strong><em>Parlez-nous de votre club Soroptimist ! De quels projets \u00eates-vous le plus fi\u00e8res ? <\/em><\/strong><\/p><p>Mon club est fortement int\u00e9gr\u00e9 dans la communaut\u00e9 locale et se concentre sur des projets concrets. Une \u00e9tape importante a \u00e9t\u00e9 l&rsquo;organisation, pour la premi\u00e8re fois dans ma ville natale, d&rsquo;une soir\u00e9e d&rsquo;information sur la violence sexiste. En collaboration avec d&rsquo;autres organisations de femmes, nous avons r\u00e9uni des professionnels, notamment un policier, un psychologue et d&rsquo;autres experts, afin d&rsquo;expliquer comment la violence se manifeste, comment les victimes peuvent demander de l&rsquo;aide et quels sont les syst\u00e8mes de soutien existants. J&rsquo;ai eu le privil\u00e8ge d&rsquo;animer cette soir\u00e9e.   <\/p><p>C&rsquo;\u00e9tait la premi\u00e8re fois que ce sujet \u00e9tait ouvertement inscrit \u00e0 l&rsquo;ordre du jour local. En cr\u00e9ant un espace s\u00fbr pour l&rsquo;information et le dialogue, nous avons contribu\u00e9 \u00e0 briser le silence et \u00e0 sensibiliser notre communaut\u00e9. C&rsquo;est ainsi que commence l&rsquo;autonomisation : en informant, en mettant en relation et en donnant aux gens les connaissances n\u00e9cessaires pour agir.  <\/p>\t\t\t\t\t\t\t\t<\/div>\n\t\t\t\t<\/div>\n\t\t\t\t\t<\/div>\n\t\t\t\t<\/div>\n\t\t<div class=\"elementor-element elementor-element-8a46dbd e-flex e-con-boxed e-con e-parent\" data-id=\"8a46dbd\" data-element_type=\"container\" data-e-type=\"container\">\n\t\t\t\t\t<div class=\"e-con-inner\">\n\t\t\t\t<div class=\"elementor-element elementor-element-a94f7ea elementor-widget elementor-widget-image\" data-id=\"a94f7ea\" data-element_type=\"widget\" data-e-type=\"widget\" data-widget_type=\"image.default\">\n\t\t\t\t<div class=\"elementor-widget-container\">\n\t\t\t\t\t\t\t\t\t\t\t\t<figure class=\"wp-caption\">\n\t\t\t\t\t\t\t\t\t\t<img decoding=\"async\" width=\"768\" height=\"576\" src=\"https:\/\/www.soroptimisteurope.org\/wp-content\/uploads\/2026\/02\/Picture-Sea-orange-sky-Knokke-768x576.jpeg\" class=\"attachment-medium_large size-medium_large wp-image-52507\" alt=\"\" srcset=\"https:\/\/www.soroptimisteurope.org\/wp-content\/uploads\/2026\/02\/Picture-Sea-orange-sky-Knokke-768x576.jpeg 768w, https:\/\/www.soroptimisteurope.org\/wp-content\/uploads\/2026\/02\/Picture-Sea-orange-sky-Knokke-300x225.jpeg 300w, https:\/\/www.soroptimisteurope.org\/wp-content\/uploads\/2026\/02\/Picture-Sea-orange-sky-Knokke-1024x768.jpeg 1024w, https:\/\/www.soroptimisteurope.org\/wp-content\/uploads\/2026\/02\/Picture-Sea-orange-sky-Knokke-1536x1152.jpeg 1536w, https:\/\/www.soroptimisteurope.org\/wp-content\/uploads\/2026\/02\/Picture-Sea-orange-sky-Knokke.jpeg 2048w\" sizes=\"(max-width: 768px) 100vw, 768px\" \/>\t\t\t\t\t\t\t\t\t\t\t<figcaption class=\"widget-image-caption wp-caption-text\">Knokke (Belgique)<\/figcaption>\n\t\t\t\t\t\t\t\t\t\t<\/figure>\n\t\t\t\t\t\t\t\t\t<\/div>\n\t\t\t\t<\/div>\n\t\t\t\t\t<\/div>\n\t\t\t\t<\/div>\n\t\t\t\t<\/div>\n\t\t","protected":false},"excerpt":{"rendered":"<p>\u00ab Arr\u00eatez de d\u00e9cider \u00e0 la place des femmes.Commencez \u00e0 leur cr\u00e9er des opportunit\u00e9s. \u00bb Quelle est votre motivation personnelle pour si\u00e9ger au Bureau du SIE pour 2026\/27 ? Ayant [&hellip;]<\/p>\n","protected":false},"author":3,"featured_media":52508,"comment_status":"closed","ping_status":"closed","sticky":false,"template":"","format":"standard","meta":{"_acf_changed":false,"give_campaign_id":0,"footnotes":""},"categories":[129],"tags":[],"class_list":["post-52509","post","type-post","status-publish","format-standard","has-post-thumbnail","hentry","category-nouvelles"],"acf":{"article_actualites_liees":false,"article_documents":false,"article_email_contact":"","article_evenements_sociaux":false,"article_nom_contact":"","article_numero_contact":"","article_photo_de_couverture":false,"article_trombinoscope":false,"article_chapeau":"","article_contenu":false,"article_video":"","article_auteur_texte":""},"yoast_head":"<!-- This site is optimized with the Yoast SEO plugin v27.4 - https:\/\/yoast.com\/product\/yoast-seo-wordpress\/ -->\n<title>Rencontrez Inge Scholte, Directrice de Programme du SIE - Soroptimist<\/title>\n<meta name=\"robots\" content=\"index, follow, max-snippet:-1, max-image-preview:large, max-video-preview:-1\" \/>\n<link rel=\"canonical\" href=\"https:\/\/www.soroptimisteurope.org\/fr\/rencontrez-inge-scholte-directrice-de-programme-du-sie\/\" \/>\n<meta property=\"og:locale\" content=\"fr_FR\" \/>\n<meta property=\"og:type\" content=\"article\" \/>\n<meta property=\"og:title\" content=\"Rencontrez Inge Scholte, Directrice de Programme du SIE - Soroptimist\" \/>\n<meta property=\"og:description\" content=\"\u00ab Arr\u00eatez de d\u00e9cider \u00e0 la place des femmes.Commencez \u00e0 leur cr\u00e9er des opportunit\u00e9s. \u00bb Quelle est votre motivation personnelle pour si\u00e9ger au Bureau du SIE pour 2026\/27 ? Ayant [&hellip;]\" \/>\n<meta property=\"og:url\" content=\"https:\/\/www.soroptimisteurope.org\/fr\/rencontrez-inge-scholte-directrice-de-programme-du-sie\/\" \/>\n<meta property=\"og:site_name\" content=\"Soroptimist\" \/>\n<meta property=\"article:published_time\" content=\"2026-03-03T09:18:17+00:00\" \/>\n<meta property=\"article:modified_time\" content=\"2026-03-03T09:18:19+00:00\" \/>\n<meta property=\"og:image\" content=\"https:\/\/www.soroptimisteurope.org\/wp-content\/uploads\/2026\/02\/Picture-Inge-Board-interview-2026-e1772528403320.jpg\" \/>\n\t<meta property=\"og:image:width\" content=\"467\" \/>\n\t<meta property=\"og:image:height\" content=\"467\" \/>\n\t<meta property=\"og:image:type\" content=\"image\/jpeg\" \/>\n<meta name=\"author\" content=\"Soroptimist\" \/>\n<meta name=\"twitter:card\" content=\"summary_large_image\" \/>\n<meta name=\"twitter:label1\" content=\"\u00c9crit par\" \/>\n\t<meta name=\"twitter:data1\" content=\"Soroptimist\" \/>\n\t<meta name=\"twitter:label2\" content=\"Dur\u00e9e de lecture estim\u00e9e\" \/>\n\t<meta name=\"twitter:data2\" content=\"4 minutes\" \/>\n<script type=\"application\/ld+json\" class=\"yoast-schema-graph\">{\"@context\":\"https:\\\/\\\/schema.org\",\"@graph\":[{\"@type\":\"Article\",\"@id\":\"https:\\\/\\\/www.soroptimisteurope.org\\\/fr\\\/rencontrez-inge-scholte-directrice-de-programme-du-sie\\\/#article\",\"isPartOf\":{\"@id\":\"https:\\\/\\\/www.soroptimisteurope.org\\\/fr\\\/rencontrez-inge-scholte-directrice-de-programme-du-sie\\\/\"},\"author\":{\"name\":\"Soroptimist\",\"@id\":\"https:\\\/\\\/www.soroptimisteurope.org\\\/#\\\/schema\\\/person\\\/704fb842a150c870ec736ee629ee7e24\"},\"headline\":\"Rencontrez Inge Scholte, Directrice de Programme du SIE\",\"datePublished\":\"2026-03-03T09:18:17+00:00\",\"dateModified\":\"2026-03-03T09:18:19+00:00\",\"mainEntityOfPage\":{\"@id\":\"https:\\\/\\\/www.soroptimisteurope.org\\\/fr\\\/rencontrez-inge-scholte-directrice-de-programme-du-sie\\\/\"},\"wordCount\":773,\"image\":{\"@id\":\"https:\\\/\\\/www.soroptimisteurope.org\\\/fr\\\/rencontrez-inge-scholte-directrice-de-programme-du-sie\\\/#primaryimage\"},\"thumbnailUrl\":\"https:\\\/\\\/www.soroptimisteurope.org\\\/wp-content\\\/uploads\\\/2026\\\/02\\\/Picture-Inge-Board-interview-2026-e1772528403320.jpg\",\"articleSection\":[\"Nouvelles\"],\"inLanguage\":\"fr-FR\"},{\"@type\":\"WebPage\",\"@id\":\"https:\\\/\\\/www.soroptimisteurope.org\\\/fr\\\/rencontrez-inge-scholte-directrice-de-programme-du-sie\\\/\",\"url\":\"https:\\\/\\\/www.soroptimisteurope.org\\\/fr\\\/rencontrez-inge-scholte-directrice-de-programme-du-sie\\\/\",\"name\":\"Rencontrez Inge Scholte, Directrice de Programme du SIE - Soroptimist\",\"isPartOf\":{\"@id\":\"https:\\\/\\\/www.soroptimisteurope.org\\\/#website\"},\"primaryImageOfPage\":{\"@id\":\"https:\\\/\\\/www.soroptimisteurope.org\\\/fr\\\/rencontrez-inge-scholte-directrice-de-programme-du-sie\\\/#primaryimage\"},\"image\":{\"@id\":\"https:\\\/\\\/www.soroptimisteurope.org\\\/fr\\\/rencontrez-inge-scholte-directrice-de-programme-du-sie\\\/#primaryimage\"},\"thumbnailUrl\":\"https:\\\/\\\/www.soroptimisteurope.org\\\/wp-content\\\/uploads\\\/2026\\\/02\\\/Picture-Inge-Board-interview-2026-e1772528403320.jpg\",\"datePublished\":\"2026-03-03T09:18:17+00:00\",\"dateModified\":\"2026-03-03T09:18:19+00:00\",\"author\":{\"@id\":\"https:\\\/\\\/www.soroptimisteurope.org\\\/#\\\/schema\\\/person\\\/704fb842a150c870ec736ee629ee7e24\"},\"breadcrumb\":{\"@id\":\"https:\\\/\\\/www.soroptimisteurope.org\\\/fr\\\/rencontrez-inge-scholte-directrice-de-programme-du-sie\\\/#breadcrumb\"},\"inLanguage\":\"fr-FR\",\"potentialAction\":[{\"@type\":\"ReadAction\",\"target\":[\"https:\\\/\\\/www.soroptimisteurope.org\\\/fr\\\/rencontrez-inge-scholte-directrice-de-programme-du-sie\\\/\"]}]},{\"@type\":\"ImageObject\",\"inLanguage\":\"fr-FR\",\"@id\":\"https:\\\/\\\/www.soroptimisteurope.org\\\/fr\\\/rencontrez-inge-scholte-directrice-de-programme-du-sie\\\/#primaryimage\",\"url\":\"https:\\\/\\\/www.soroptimisteurope.org\\\/wp-content\\\/uploads\\\/2026\\\/02\\\/Picture-Inge-Board-interview-2026-e1772528403320.jpg\",\"contentUrl\":\"https:\\\/\\\/www.soroptimisteurope.org\\\/wp-content\\\/uploads\\\/2026\\\/02\\\/Picture-Inge-Board-interview-2026-e1772528403320.jpg\",\"width\":467,\"height\":467},{\"@type\":\"BreadcrumbList\",\"@id\":\"https:\\\/\\\/www.soroptimisteurope.org\\\/fr\\\/rencontrez-inge-scholte-directrice-de-programme-du-sie\\\/#breadcrumb\",\"itemListElement\":[{\"@type\":\"ListItem\",\"position\":1,\"name\":\"Accueil\",\"item\":\"https:\\\/\\\/www.soroptimisteurope.org\\\/fr\\\/\"},{\"@type\":\"ListItem\",\"position\":2,\"name\":\"Rencontrez Inge Scholte, Directrice de Programme du SIE\"}]},{\"@type\":\"WebSite\",\"@id\":\"https:\\\/\\\/www.soroptimisteurope.org\\\/#website\",\"url\":\"https:\\\/\\\/www.soroptimisteurope.org\\\/\",\"name\":\"Soroptimist\",\"description\":\"\",\"potentialAction\":[{\"@type\":\"SearchAction\",\"target\":{\"@type\":\"EntryPoint\",\"urlTemplate\":\"https:\\\/\\\/www.soroptimisteurope.org\\\/?s={search_term_string}\"},\"query-input\":{\"@type\":\"PropertyValueSpecification\",\"valueRequired\":true,\"valueName\":\"search_term_string\"}}],\"inLanguage\":\"fr-FR\"},{\"@type\":\"Person\",\"@id\":\"https:\\\/\\\/www.soroptimisteurope.org\\\/#\\\/schema\\\/person\\\/704fb842a150c870ec736ee629ee7e24\",\"name\":\"Soroptimist\",\"url\":\"https:\\\/\\\/www.soroptimisteurope.org\\\/fr\\\/author\\\/soropadmin2\\\/\"}]}<\/script>\n<!-- \/ Yoast SEO plugin. -->","yoast_head_json":{"title":"Rencontrez Inge Scholte, Directrice de Programme du SIE - Soroptimist","robots":{"index":"index","follow":"follow","max-snippet":"max-snippet:-1","max-image-preview":"max-image-preview:large","max-video-preview":"max-video-preview:-1"},"canonical":"https:\/\/www.soroptimisteurope.org\/fr\/rencontrez-inge-scholte-directrice-de-programme-du-sie\/","og_locale":"fr_FR","og_type":"article","og_title":"Rencontrez Inge Scholte, Directrice de Programme du SIE - Soroptimist","og_description":"\u00ab Arr\u00eatez de d\u00e9cider \u00e0 la place des femmes.Commencez \u00e0 leur cr\u00e9er des opportunit\u00e9s. \u00bb Quelle est votre motivation personnelle pour si\u00e9ger au Bureau du SIE pour 2026\/27 ? Ayant [&hellip;]","og_url":"https:\/\/www.soroptimisteurope.org\/fr\/rencontrez-inge-scholte-directrice-de-programme-du-sie\/","og_site_name":"Soroptimist","article_published_time":"2026-03-03T09:18:17+00:00","article_modified_time":"2026-03-03T09:18:19+00:00","og_image":[{"width":467,"height":467,"url":"https:\/\/www.soroptimisteurope.org\/wp-content\/uploads\/2026\/02\/Picture-Inge-Board-interview-2026-e1772528403320.jpg","type":"image\/jpeg"}],"author":"Soroptimist","twitter_card":"summary_large_image","twitter_misc":{"\u00c9crit par":"Soroptimist","Dur\u00e9e de lecture estim\u00e9e":"4 minutes"},"schema":{"@context":"https:\/\/schema.org","@graph":[{"@type":"Article","@id":"https:\/\/www.soroptimisteurope.org\/fr\/rencontrez-inge-scholte-directrice-de-programme-du-sie\/#article","isPartOf":{"@id":"https:\/\/www.soroptimisteurope.org\/fr\/rencontrez-inge-scholte-directrice-de-programme-du-sie\/"},"author":{"name":"Soroptimist","@id":"https:\/\/www.soroptimisteurope.org\/#\/schema\/person\/704fb842a150c870ec736ee629ee7e24"},"headline":"Rencontrez Inge Scholte, Directrice de Programme du SIE","datePublished":"2026-03-03T09:18:17+00:00","dateModified":"2026-03-03T09:18:19+00:00","mainEntityOfPage":{"@id":"https:\/\/www.soroptimisteurope.org\/fr\/rencontrez-inge-scholte-directrice-de-programme-du-sie\/"},"wordCount":773,"image":{"@id":"https:\/\/www.soroptimisteurope.org\/fr\/rencontrez-inge-scholte-directrice-de-programme-du-sie\/#primaryimage"},"thumbnailUrl":"https:\/\/www.soroptimisteurope.org\/wp-content\/uploads\/2026\/02\/Picture-Inge-Board-interview-2026-e1772528403320.jpg","articleSection":["Nouvelles"],"inLanguage":"fr-FR"},{"@type":"WebPage","@id":"https:\/\/www.soroptimisteurope.org\/fr\/rencontrez-inge-scholte-directrice-de-programme-du-sie\/","url":"https:\/\/www.soroptimisteurope.org\/fr\/rencontrez-inge-scholte-directrice-de-programme-du-sie\/","name":"Rencontrez Inge Scholte, Directrice de Programme du SIE - Soroptimist","isPartOf":{"@id":"https:\/\/www.soroptimisteurope.org\/#website"},"primaryImageOfPage":{"@id":"https:\/\/www.soroptimisteurope.org\/fr\/rencontrez-inge-scholte-directrice-de-programme-du-sie\/#primaryimage"},"image":{"@id":"https:\/\/www.soroptimisteurope.org\/fr\/rencontrez-inge-scholte-directrice-de-programme-du-sie\/#primaryimage"},"thumbnailUrl":"https:\/\/www.soroptimisteurope.org\/wp-content\/uploads\/2026\/02\/Picture-Inge-Board-interview-2026-e1772528403320.jpg","datePublished":"2026-03-03T09:18:17+00:00","dateModified":"2026-03-03T09:18:19+00:00","author":{"@id":"https:\/\/www.soroptimisteurope.org\/#\/schema\/person\/704fb842a150c870ec736ee629ee7e24"},"breadcrumb":{"@id":"https:\/\/www.soroptimisteurope.org\/fr\/rencontrez-inge-scholte-directrice-de-programme-du-sie\/#breadcrumb"},"inLanguage":"fr-FR","potentialAction":[{"@type":"ReadAction","target":["https:\/\/www.soroptimisteurope.org\/fr\/rencontrez-inge-scholte-directrice-de-programme-du-sie\/"]}]},{"@type":"ImageObject","inLanguage":"fr-FR","@id":"https:\/\/www.soroptimisteurope.org\/fr\/rencontrez-inge-scholte-directrice-de-programme-du-sie\/#primaryimage","url":"https:\/\/www.soroptimisteurope.org\/wp-content\/uploads\/2026\/02\/Picture-Inge-Board-interview-2026-e1772528403320.jpg","contentUrl":"https:\/\/www.soroptimisteurope.org\/wp-content\/uploads\/2026\/02\/Picture-Inge-Board-interview-2026-e1772528403320.jpg","width":467,"height":467},{"@type":"BreadcrumbList","@id":"https:\/\/www.soroptimisteurope.org\/fr\/rencontrez-inge-scholte-directrice-de-programme-du-sie\/#breadcrumb","itemListElement":[{"@type":"ListItem","position":1,"name":"Accueil","item":"https:\/\/www.soroptimisteurope.org\/fr\/"},{"@type":"ListItem","position":2,"name":"Rencontrez Inge Scholte, Directrice de Programme du SIE"}]},{"@type":"WebSite","@id":"https:\/\/www.soroptimisteurope.org\/#website","url":"https:\/\/www.soroptimisteurope.org\/","name":"Soroptimist","description":"","potentialAction":[{"@type":"SearchAction","target":{"@type":"EntryPoint","urlTemplate":"https:\/\/www.soroptimisteurope.org\/?s={search_term_string}"},"query-input":{"@type":"PropertyValueSpecification","valueRequired":true,"valueName":"search_term_string"}}],"inLanguage":"fr-FR"},{"@type":"Person","@id":"https:\/\/www.soroptimisteurope.org\/#\/schema\/person\/704fb842a150c870ec736ee629ee7e24","name":"Soroptimist","url":"https:\/\/www.soroptimisteurope.org\/fr\/author\/soropadmin2\/"}]}},"_links":{"self":[{"href":"https:\/\/www.soroptimisteurope.org\/fr\/wp-json\/wp\/v2\/posts\/52509","targetHints":{"allow":["GET"]}}],"collection":[{"href":"https:\/\/www.soroptimisteurope.org\/fr\/wp-json\/wp\/v2\/posts"}],"about":[{"href":"https:\/\/www.soroptimisteurope.org\/fr\/wp-json\/wp\/v2\/types\/post"}],"author":[{"embeddable":true,"href":"https:\/\/www.soroptimisteurope.org\/fr\/wp-json\/wp\/v2\/users\/3"}],"replies":[{"embeddable":true,"href":"https:\/\/www.soroptimisteurope.org\/fr\/wp-json\/wp\/v2\/comments?post=52509"}],"version-history":[{"count":1,"href":"https:\/\/www.soroptimisteurope.org\/fr\/wp-json\/wp\/v2\/posts\/52509\/revisions"}],"predecessor-version":[{"id":52511,"href":"https:\/\/www.soroptimisteurope.org\/fr\/wp-json\/wp\/v2\/posts\/52509\/revisions\/52511"}],"wp:featuredmedia":[{"embeddable":true,"href":"https:\/\/www.soroptimisteurope.org\/fr\/wp-json\/wp\/v2\/media\/52508"}],"wp:attachment":[{"href":"https:\/\/www.soroptimisteurope.org\/fr\/wp-json\/wp\/v2\/media?parent=52509"}],"wp:term":[{"taxonomy":"category","embeddable":true,"href":"https:\/\/www.soroptimisteurope.org\/fr\/wp-json\/wp\/v2\/categories?post=52509"},{"taxonomy":"post_tag","embeddable":true,"href":"https:\/\/www.soroptimisteurope.org\/fr\/wp-json\/wp\/v2\/tags?post=52509"}],"curies":[{"name":"wp","href":"https:\/\/api.w.org\/{rel}","templated":true}]}}