{"id":52790,"date":"2026-03-25T09:40:50","date_gmt":"2026-03-25T08:40:50","guid":{"rendered":"https:\/\/www.soroptimisteurope.org\/?p=52790"},"modified":"2026-03-25T09:40:52","modified_gmt":"2026-03-25T08:40:52","slug":"soroptimist-international-deurope-a-la-csw70-unies-pour-les-droits-des-femmes","status":"publish","type":"post","link":"https:\/\/www.soroptimisteurope.org\/fr\/soroptimist-international-deurope-a-la-csw70-unies-pour-les-droits-des-femmes\/","title":{"rendered":"Soroptimist International d\u2019Europe \u00e0 la CSW70 : Unies pour les droits des femmes"},"content":{"rendered":"\t\t<div data-elementor-type=\"wp-post\" data-elementor-id=\"52790\" class=\"elementor elementor-52790 elementor-52781\" data-elementor-post-type=\"post\">\n\t\t\t\t<div class=\"elementor-element elementor-element-22a5295 e-flex e-con-boxed e-con e-parent\" data-id=\"22a5295\" data-element_type=\"container\" data-e-type=\"container\">\n\t\t\t\t\t<div class=\"e-con-inner\">\n\t\t\t\t<div class=\"elementor-element elementor-element-f5f80e8 elementor-widget elementor-widget-heading\" data-id=\"f5f80e8\" data-element_type=\"widget\" data-e-type=\"widget\" data-widget_type=\"heading.default\">\n\t\t\t\t<div class=\"elementor-widget-container\">\n\t\t\t\t\t<h2 class=\"elementor-heading-title elementor-size-default\">Une pr\u00e9sence forte \u00e0 New York<\/h2>\t\t\t\t<\/div>\n\t\t\t\t<\/div>\n\t\t\t\t\t<\/div>\n\t\t\t\t<\/div>\n\t\t<div class=\"elementor-element elementor-element-9cc8a85 e-flex e-con-boxed e-con e-parent\" data-id=\"9cc8a85\" data-element_type=\"container\" data-e-type=\"container\">\n\t\t\t\t\t<div class=\"e-con-inner\">\n\t\t\t\t<div class=\"elementor-element elementor-element-a829c40 elementor-widget elementor-widget-text-editor\" data-id=\"a829c40\" data-element_type=\"widget\" data-e-type=\"widget\" data-widget_type=\"text-editor.default\">\n\t\t\t\t<div class=\"elementor-widget-container\">\n\t\t\t\t\t\t\t\t\t<p>Soroptimist International d\u2019Europe \u00e9tait fortement repr\u00e9sent\u00e9e \u00e0 la CSW70 \u00e0 New York, o\u00f9 notre d\u00e9l\u00e9gation a particip\u00e9 activement aux discussions et aux efforts de lobbying tout au long de la session, et a organis\u00e9 des \u00e9v\u00e9nements parall\u00e8les.<\/p>\t\t\t\t\t\t\t\t<\/div>\n\t\t\t\t<\/div>\n\t\t\t\t\t<\/div>\n\t\t\t\t<\/div>\n\t\t<div class=\"elementor-element elementor-element-ec56e0f e-flex e-con-boxed e-con e-parent\" data-id=\"ec56e0f\" data-element_type=\"container\" data-e-type=\"container\">\n\t\t\t\t\t<div class=\"e-con-inner\">\n\t\t\t\t<div class=\"elementor-element elementor-element-4420954 elementor-widget elementor-widget-heading\" data-id=\"4420954\" data-element_type=\"widget\" data-e-type=\"widget\" data-widget_type=\"heading.default\">\n\t\t\t\t<div class=\"elementor-widget-container\">\n\t\t\t\t\t<h2 class=\"elementor-heading-title elementor-size-default\">La force de l'esprit d'\u00e9quipe<\/h2>\t\t\t\t<\/div>\n\t\t\t\t<\/div>\n\t\t\t\t\t<\/div>\n\t\t\t\t<\/div>\n\t\t<div class=\"elementor-element elementor-element-89a4687 e-flex e-con-boxed e-con e-parent\" data-id=\"89a4687\" data-element_type=\"container\" data-e-type=\"container\">\n\t\t\t\t\t<div class=\"e-con-inner\">\n\t\t\t\t<div class=\"elementor-element elementor-element-133c8cb elementor-widget elementor-widget-text-editor\" data-id=\"133c8cb\" data-element_type=\"widget\" data-e-type=\"widget\" data-widget_type=\"text-editor.default\">\n\t\t\t\t<div class=\"elementor-widget-container\">\n\t\t\t\t\t\t\t\t\t<p>Ce qui a le plus marqu\u00e9, c&rsquo;est le remarquable esprit d&rsquo;\u00e9quipe qui nous a anim\u00e9es. Nous formions un groupe tr\u00e8s engag\u00e9 et solidaire, nous r\u00e9unissant presque chaque soir pour faire le point sur la journ\u00e9e, \u00e9changer nos impressions et r\u00e9fl\u00e9chir aux d\u00e9veloppements cl\u00e9s. Ces \u00e9changes quotidiens constituaient une nouveaut\u00e9 et se sont r\u00e9v\u00e9l\u00e9s extr\u00eamement pr\u00e9cieux, renfor\u00e7ant \u00e0 la fois notre compr\u00e9hension commune et notre coh\u00e9sion.  <\/p><p>Je tiens \u00e0 exprimer ma sinc\u00e8re gratitude \u00e0 toutes les membres de la d\u00e9l\u00e9gation. Comme il est d&rsquo;usage pour la CSW, la participation exige un engagement personnel consid\u00e9rable, chaque participante prenant en charge ses propres frais. Cela rend le niveau d&rsquo;implication, de d\u00e9vouement et de professionnalisme dont chacune a fait preuve encore plus remarquable.  <\/p>\t\t\t\t\t\t\t\t<\/div>\n\t\t\t\t<\/div>\n\t\t\t\t\t<\/div>\n\t\t\t\t<\/div>\n\t\t<div class=\"elementor-element elementor-element-4240423 e-flex e-con-boxed e-con e-parent\" data-id=\"4240423\" data-element_type=\"container\" data-e-type=\"container\">\n\t\t\t\t\t<div class=\"e-con-inner\">\n\t\t\t\t<div class=\"elementor-element elementor-element-7fbbdf6 elementor-widget elementor-widget-image\" data-id=\"7fbbdf6\" data-element_type=\"widget\" data-e-type=\"widget\" data-widget_type=\"image.default\">\n\t\t\t\t<div class=\"elementor-widget-container\">\n\t\t\t\t\t\t\t\t\t\t\t\t<figure class=\"wp-caption\">\n\t\t\t\t\t\t\t\t\t\t<img fetchpriority=\"high\" decoding=\"async\" width=\"768\" height=\"527\" src=\"https:\/\/www.soroptimisteurope.org\/wp-content\/uploads\/2026\/03\/CSW70-SIE-Delegation--768x527.jpg\" class=\"attachment-medium_large size-medium_large wp-image-52737\" alt=\"\" srcset=\"https:\/\/www.soroptimisteurope.org\/wp-content\/uploads\/2026\/03\/CSW70-SIE-Delegation--768x527.jpg 768w, https:\/\/www.soroptimisteurope.org\/wp-content\/uploads\/2026\/03\/CSW70-SIE-Delegation--300x206.jpg 300w, https:\/\/www.soroptimisteurope.org\/wp-content\/uploads\/2026\/03\/CSW70-SIE-Delegation--1024x703.jpg 1024w, https:\/\/www.soroptimisteurope.org\/wp-content\/uploads\/2026\/03\/CSW70-SIE-Delegation-.jpg 1270w\" sizes=\"(max-width: 768px) 100vw, 768px\" \/>\t\t\t\t\t\t\t\t\t\t\t<figcaption class=\"widget-image-caption wp-caption-text\">Une partie de la d\u00e9l\u00e9gation du SIE \u00e0 la CSW70 au si\u00e8ge de l'ONU, New York<\/figcaption>\n\t\t\t\t\t\t\t\t\t\t<\/figure>\n\t\t\t\t\t\t\t\t\t<\/div>\n\t\t\t\t<\/div>\n\t\t\t\t<div class=\"elementor-element elementor-element-a7116b7 elementor-widget elementor-widget-heading\" data-id=\"a7116b7\" data-element_type=\"widget\" data-e-type=\"widget\" data-widget_type=\"heading.default\">\n\t\t\t\t<div class=\"elementor-widget-container\">\n\t\t\t\t\t<h2 class=\"elementor-heading-title elementor-size-default\">Un contexte en mutation pour les droits des femmes<\/h2>\t\t\t\t<\/div>\n\t\t\t\t<\/div>\n\t\t\t\t\t<\/div>\n\t\t\t\t<\/div>\n\t\t<div class=\"elementor-element elementor-element-8b8cdab e-flex e-con-boxed e-con e-parent\" data-id=\"8b8cdab\" data-element_type=\"container\" data-e-type=\"container\">\n\t\t\t\t\t<div class=\"e-con-inner\">\n\t\t\t\t<div class=\"elementor-element elementor-element-77201a8 elementor-widget elementor-widget-text-editor\" data-id=\"77201a8\" data-element_type=\"widget\" data-e-type=\"widget\" data-widget_type=\"text-editor.default\">\n\t\t\t\t<div class=\"elementor-widget-container\">\n\t\t\t\t\t\t\t\t\t<p>Dans le m\u00eame temps, les enseignements tir\u00e9s de la CSW70 suscitent de vives inqui\u00e9tudes. Nous avons observ\u00e9 une r\u00e9sistance organis\u00e9e et strat\u00e9giquement financ\u00e9e contre les droits des femmes, rappelant que les avanc\u00e9es en mati\u00e8re d&rsquo;\u00e9galit\u00e9 de genre ne peuvent \u00eatre consid\u00e9r\u00e9es comme acquises. <\/p><p>Particuli\u00e8rement pr\u00e9occupant a \u00e9t\u00e9 le changement survenu lors de l&rsquo;adoption des Conclusions concert\u00e9es. Contrairement aux ann\u00e9es pr\u00e9c\u00e9dentes, elles n&rsquo;ont pas \u00e9t\u00e9 adopt\u00e9es par consensus, mais ont n\u00e9cessit\u00e9 un vote. Les \u00c9tats-Unis ont cherch\u00e9 \u00e0 rouvrir et \u00e0 affaiblir des formulations de longue date, y compris des termes \u00e9tablis il y a plus de trente ans.  <\/p><p>Ces d\u00e9veloppements montrent clairement que le paysage politique mondial en mati\u00e8re de droits des femmes a consid\u00e9rablement \u00e9volu\u00e9. Dans ce contexte, le r\u00f4le de la soci\u00e9t\u00e9 civile est plus important que jamais, tout comme l&rsquo;est notre r\u00e9ponse collective. <\/p>\t\t\t\t\t\t\t\t<\/div>\n\t\t\t\t<\/div>\n\t\t\t\t\t<\/div>\n\t\t\t\t<\/div>\n\t\t<div class=\"elementor-element elementor-element-78ec836 e-flex e-con-boxed e-con e-parent\" data-id=\"78ec836\" data-element_type=\"container\" data-e-type=\"container\">\n\t\t\t\t\t<div class=\"e-con-inner\">\n\t\t\t\t<div class=\"elementor-element elementor-element-561fc4b elementor-widget elementor-widget-heading\" data-id=\"561fc4b\" data-element_type=\"widget\" data-e-type=\"widget\" data-widget_type=\"heading.default\">\n\t\t\t\t<div class=\"elementor-widget-container\">\n\t\t\t\t\t<h2 class=\"elementor-heading-title elementor-size-default\">L'heure d'agir, c'est maintenant<\/h2>\t\t\t\t<\/div>\n\t\t\t\t<\/div>\n\t\t\t\t\t<\/div>\n\t\t\t\t<\/div>\n\t\t<div class=\"elementor-element elementor-element-761b70f e-flex e-con-boxed e-con e-parent\" data-id=\"761b70f\" data-element_type=\"container\" data-e-type=\"container\">\n\t\t\t\t\t<div class=\"e-con-inner\">\n\t\t\t\t<div class=\"elementor-element elementor-element-3ecc77e elementor-widget elementor-widget-text-editor\" data-id=\"3ecc77e\" data-element_type=\"widget\" data-e-type=\"widget\" data-widget_type=\"text-editor.default\">\n\t\t\t\t<div class=\"elementor-widget-container\">\n\t\t\t\t\t\t\t\t\t<p>Nous devons d\u00e9sormais rester engag\u00e9es, inform\u00e9es et actives. Dans un premier temps, le SIE organisera une session Zoom centrale en anglais pour partager les principaux enseignements de la CSW. La d\u00e9l\u00e9gation continuera \u00e0 se r\u00e9unir r\u00e9guli\u00e8rement pour approfondir ces sujets. Nous appelons toutes les Unions \u00e0 s&rsquo;en emparer en organisant des discussions de suivi dans les langues nationales avec leurs coordinatrices de lobbying et en ancrant ces enjeux dans leurs contextes locaux.   <\/p><p>L&rsquo;heure est venue de nous unir, de prendre la parole et d&rsquo;agir.<\/p>\t\t\t\t\t\t\t\t<\/div>\n\t\t\t\t<\/div>\n\t\t\t\t\t<\/div>\n\t\t\t\t<\/div>\n\t\t<div class=\"elementor-element elementor-element-6b86052 e-flex e-con-boxed e-con e-parent\" data-id=\"6b86052\" data-element_type=\"container\" data-e-type=\"container\">\n\t\t\t\t\t<div class=\"e-con-inner\">\n\t\t\t\t<div class=\"elementor-element elementor-element-c9ac583 elementor-widget-divider--view-line elementor-widget elementor-widget-divider\" data-id=\"c9ac583\" data-element_type=\"widget\" data-e-type=\"widget\" data-widget_type=\"divider.default\">\n\t\t\t\t<div class=\"elementor-widget-container\">\n\t\t\t\t\t\t\t<div class=\"elementor-divider\">\n\t\t\t<span class=\"elementor-divider-separator\">\n\t\t\t\t\t\t<\/span>\n\t\t<\/div>\n\t\t\t\t\t\t<\/div>\n\t\t\t\t<\/div>\n\t\t\t\t\t<\/div>\n\t\t\t\t<\/div>\n\t\t<div class=\"elementor-element elementor-element-1f92716 e-flex e-con-boxed e-con e-parent\" data-id=\"1f92716\" data-element_type=\"container\" data-e-type=\"container\">\n\t\t\t\t\t<div class=\"e-con-inner\">\n\t\t\t\t<div class=\"elementor-element elementor-element-184f621 elementor-widget elementor-widget-text-editor\" data-id=\"184f621\" data-element_type=\"widget\" data-e-type=\"widget\" data-widget_type=\"text-editor.default\">\n\t\t\t\t<div class=\"elementor-widget-container\">\n\t\t\t\t\t\t\t\t\t<p><strong>Sabine Reimann,<\/strong><\/p><p><strong>Pr\u00e9sidente du SIE 2026-2027<\/strong><\/p>\t\t\t\t\t\t\t\t<\/div>\n\t\t\t\t<\/div>\n\t\t\t\t\t<\/div>\n\t\t\t\t<\/div>\n\t\t\t\t<\/div>\n\t\t","protected":false},"excerpt":{"rendered":"<p>Une pr\u00e9sence forte \u00e0 New York Soroptimist International d\u2019Europe \u00e9tait fortement repr\u00e9sent\u00e9e \u00e0 la CSW70 \u00e0 New York, o\u00f9 notre d\u00e9l\u00e9gation a particip\u00e9 activement aux discussions et aux efforts de [&hellip;]<\/p>\n","protected":false},"author":3,"featured_media":52789,"comment_status":"closed","ping_status":"closed","sticky":false,"template":"","format":"standard","meta":{"_acf_changed":false,"give_campaign_id":0,"footnotes":""},"categories":[120,129],"tags":[],"class_list":["post-52790","post","type-post","status-publish","format-standard","has-post-thumbnail","hentry","category-advocacy-fr","category-nouvelles"],"acf":{"article_actualites_liees":false,"article_documents":false,"article_email_contact":"","article_evenements_sociaux":false,"article_nom_contact":"","article_numero_contact":"","article_photo_de_couverture":false,"article_trombinoscope":false,"article_chapeau":"","article_contenu":false,"article_video":"","article_auteur_texte":""},"yoast_head":"<!-- This site is optimized with the Yoast SEO plugin v27.4 - https:\/\/yoast.com\/product\/yoast-seo-wordpress\/ -->\n<title>Soroptimist International d\u2019Europe \u00e0 la CSW70 : Unies pour les droits des femmes - Soroptimist<\/title>\n<meta name=\"robots\" content=\"index, follow, max-snippet:-1, max-image-preview:large, max-video-preview:-1\" \/>\n<link rel=\"canonical\" href=\"https:\/\/www.soroptimisteurope.org\/fr\/soroptimist-international-deurope-a-la-csw70-unies-pour-les-droits-des-femmes\/\" \/>\n<meta property=\"og:locale\" content=\"fr_FR\" \/>\n<meta property=\"og:type\" content=\"article\" \/>\n<meta property=\"og:title\" content=\"Soroptimist International d\u2019Europe \u00e0 la CSW70 : Unies pour les droits des femmes - Soroptimist\" \/>\n<meta property=\"og:description\" content=\"Une pr\u00e9sence forte \u00e0 New York Soroptimist International d\u2019Europe \u00e9tait fortement repr\u00e9sent\u00e9e \u00e0 la CSW70 \u00e0 New York, o\u00f9 notre d\u00e9l\u00e9gation a particip\u00e9 activement aux discussions et aux efforts de [&hellip;]\" \/>\n<meta property=\"og:url\" content=\"https:\/\/www.soroptimisteurope.org\/fr\/soroptimist-international-deurope-a-la-csw70-unies-pour-les-droits-des-femmes\/\" \/>\n<meta property=\"og:site_name\" content=\"Soroptimist\" \/>\n<meta property=\"article:published_time\" content=\"2026-03-25T08:40:50+00:00\" \/>\n<meta property=\"article:modified_time\" content=\"2026-03-25T08:40:52+00:00\" \/>\n<meta property=\"og:image\" content=\"https:\/\/www.soroptimisteurope.org\/wp-content\/uploads\/2026\/03\/MU-March-CSW70-scaled.jpg\" \/>\n\t<meta property=\"og:image:width\" content=\"2560\" \/>\n\t<meta property=\"og:image:height\" content=\"1356\" \/>\n\t<meta property=\"og:image:type\" content=\"image\/jpeg\" \/>\n<meta name=\"author\" content=\"Soroptimist\" \/>\n<meta name=\"twitter:card\" content=\"summary_large_image\" \/>\n<meta name=\"twitter:label1\" content=\"\u00c9crit par\" \/>\n\t<meta name=\"twitter:data1\" content=\"Soroptimist\" \/>\n\t<meta name=\"twitter:label2\" content=\"Dur\u00e9e de lecture estim\u00e9e\" \/>\n\t<meta name=\"twitter:data2\" content=\"1 minute\" \/>\n<script type=\"application\/ld+json\" class=\"yoast-schema-graph\">{\"@context\":\"https:\\\/\\\/schema.org\",\"@graph\":[{\"@type\":\"Article\",\"@id\":\"https:\\\/\\\/www.soroptimisteurope.org\\\/fr\\\/soroptimist-international-deurope-a-la-csw70-unies-pour-les-droits-des-femmes\\\/#article\",\"isPartOf\":{\"@id\":\"https:\\\/\\\/www.soroptimisteurope.org\\\/fr\\\/soroptimist-international-deurope-a-la-csw70-unies-pour-les-droits-des-femmes\\\/\"},\"author\":{\"name\":\"Soroptimist\",\"@id\":\"https:\\\/\\\/www.soroptimisteurope.org\\\/#\\\/schema\\\/person\\\/704fb842a150c870ec736ee629ee7e24\"},\"headline\":\"Soroptimist International d\u2019Europe \u00e0 la CSW70 : Unies pour les droits des femmes\",\"datePublished\":\"2026-03-25T08:40:50+00:00\",\"dateModified\":\"2026-03-25T08:40:52+00:00\",\"mainEntityOfPage\":{\"@id\":\"https:\\\/\\\/www.soroptimisteurope.org\\\/fr\\\/soroptimist-international-deurope-a-la-csw70-unies-pour-les-droits-des-femmes\\\/\"},\"wordCount\":506,\"image\":{\"@id\":\"https:\\\/\\\/www.soroptimisteurope.org\\\/fr\\\/soroptimist-international-deurope-a-la-csw70-unies-pour-les-droits-des-femmes\\\/#primaryimage\"},\"thumbnailUrl\":\"https:\\\/\\\/www.soroptimisteurope.org\\\/wp-content\\\/uploads\\\/2026\\\/03\\\/MU-March-CSW70-scaled.jpg\",\"articleSection\":[\"Advocacy\",\"Nouvelles\"],\"inLanguage\":\"fr-FR\"},{\"@type\":\"WebPage\",\"@id\":\"https:\\\/\\\/www.soroptimisteurope.org\\\/fr\\\/soroptimist-international-deurope-a-la-csw70-unies-pour-les-droits-des-femmes\\\/\",\"url\":\"https:\\\/\\\/www.soroptimisteurope.org\\\/fr\\\/soroptimist-international-deurope-a-la-csw70-unies-pour-les-droits-des-femmes\\\/\",\"name\":\"Soroptimist International d\u2019Europe \u00e0 la CSW70 : Unies pour les droits des femmes - Soroptimist\",\"isPartOf\":{\"@id\":\"https:\\\/\\\/www.soroptimisteurope.org\\\/#website\"},\"primaryImageOfPage\":{\"@id\":\"https:\\\/\\\/www.soroptimisteurope.org\\\/fr\\\/soroptimist-international-deurope-a-la-csw70-unies-pour-les-droits-des-femmes\\\/#primaryimage\"},\"image\":{\"@id\":\"https:\\\/\\\/www.soroptimisteurope.org\\\/fr\\\/soroptimist-international-deurope-a-la-csw70-unies-pour-les-droits-des-femmes\\\/#primaryimage\"},\"thumbnailUrl\":\"https:\\\/\\\/www.soroptimisteurope.org\\\/wp-content\\\/uploads\\\/2026\\\/03\\\/MU-March-CSW70-scaled.jpg\",\"datePublished\":\"2026-03-25T08:40:50+00:00\",\"dateModified\":\"2026-03-25T08:40:52+00:00\",\"author\":{\"@id\":\"https:\\\/\\\/www.soroptimisteurope.org\\\/#\\\/schema\\\/person\\\/704fb842a150c870ec736ee629ee7e24\"},\"breadcrumb\":{\"@id\":\"https:\\\/\\\/www.soroptimisteurope.org\\\/fr\\\/soroptimist-international-deurope-a-la-csw70-unies-pour-les-droits-des-femmes\\\/#breadcrumb\"},\"inLanguage\":\"fr-FR\",\"potentialAction\":[{\"@type\":\"ReadAction\",\"target\":[\"https:\\\/\\\/www.soroptimisteurope.org\\\/fr\\\/soroptimist-international-deurope-a-la-csw70-unies-pour-les-droits-des-femmes\\\/\"]}]},{\"@type\":\"ImageObject\",\"inLanguage\":\"fr-FR\",\"@id\":\"https:\\\/\\\/www.soroptimisteurope.org\\\/fr\\\/soroptimist-international-deurope-a-la-csw70-unies-pour-les-droits-des-femmes\\\/#primaryimage\",\"url\":\"https:\\\/\\\/www.soroptimisteurope.org\\\/wp-content\\\/uploads\\\/2026\\\/03\\\/MU-March-CSW70-scaled.jpg\",\"contentUrl\":\"https:\\\/\\\/www.soroptimisteurope.org\\\/wp-content\\\/uploads\\\/2026\\\/03\\\/MU-March-CSW70-scaled.jpg\",\"width\":2560,\"height\":1356},{\"@type\":\"BreadcrumbList\",\"@id\":\"https:\\\/\\\/www.soroptimisteurope.org\\\/fr\\\/soroptimist-international-deurope-a-la-csw70-unies-pour-les-droits-des-femmes\\\/#breadcrumb\",\"itemListElement\":[{\"@type\":\"ListItem\",\"position\":1,\"name\":\"Accueil\",\"item\":\"https:\\\/\\\/www.soroptimisteurope.org\\\/fr\\\/\"},{\"@type\":\"ListItem\",\"position\":2,\"name\":\"Soroptimist International d\u2019Europe \u00e0 la CSW70 : Unies pour les droits des femmes\"}]},{\"@type\":\"WebSite\",\"@id\":\"https:\\\/\\\/www.soroptimisteurope.org\\\/#website\",\"url\":\"https:\\\/\\\/www.soroptimisteurope.org\\\/\",\"name\":\"Soroptimist\",\"description\":\"\",\"potentialAction\":[{\"@type\":\"SearchAction\",\"target\":{\"@type\":\"EntryPoint\",\"urlTemplate\":\"https:\\\/\\\/www.soroptimisteurope.org\\\/?s={search_term_string}\"},\"query-input\":{\"@type\":\"PropertyValueSpecification\",\"valueRequired\":true,\"valueName\":\"search_term_string\"}}],\"inLanguage\":\"fr-FR\"},{\"@type\":\"Person\",\"@id\":\"https:\\\/\\\/www.soroptimisteurope.org\\\/#\\\/schema\\\/person\\\/704fb842a150c870ec736ee629ee7e24\",\"name\":\"Soroptimist\",\"url\":\"https:\\\/\\\/www.soroptimisteurope.org\\\/fr\\\/author\\\/soropadmin2\\\/\"}]}<\/script>\n<!-- \/ Yoast SEO plugin. -->","yoast_head_json":{"title":"Soroptimist International d\u2019Europe \u00e0 la CSW70 : Unies pour les droits des femmes - Soroptimist","robots":{"index":"index","follow":"follow","max-snippet":"max-snippet:-1","max-image-preview":"max-image-preview:large","max-video-preview":"max-video-preview:-1"},"canonical":"https:\/\/www.soroptimisteurope.org\/fr\/soroptimist-international-deurope-a-la-csw70-unies-pour-les-droits-des-femmes\/","og_locale":"fr_FR","og_type":"article","og_title":"Soroptimist International d\u2019Europe \u00e0 la CSW70 : Unies pour les droits des femmes - Soroptimist","og_description":"Une pr\u00e9sence forte \u00e0 New York Soroptimist International d\u2019Europe \u00e9tait fortement repr\u00e9sent\u00e9e \u00e0 la CSW70 \u00e0 New York, o\u00f9 notre d\u00e9l\u00e9gation a particip\u00e9 activement aux discussions et aux efforts de [&hellip;]","og_url":"https:\/\/www.soroptimisteurope.org\/fr\/soroptimist-international-deurope-a-la-csw70-unies-pour-les-droits-des-femmes\/","og_site_name":"Soroptimist","article_published_time":"2026-03-25T08:40:50+00:00","article_modified_time":"2026-03-25T08:40:52+00:00","og_image":[{"width":2560,"height":1356,"url":"https:\/\/www.soroptimisteurope.org\/wp-content\/uploads\/2026\/03\/MU-March-CSW70-scaled.jpg","type":"image\/jpeg"}],"author":"Soroptimist","twitter_card":"summary_large_image","twitter_misc":{"\u00c9crit par":"Soroptimist","Dur\u00e9e de lecture estim\u00e9e":"1 minute"},"schema":{"@context":"https:\/\/schema.org","@graph":[{"@type":"Article","@id":"https:\/\/www.soroptimisteurope.org\/fr\/soroptimist-international-deurope-a-la-csw70-unies-pour-les-droits-des-femmes\/#article","isPartOf":{"@id":"https:\/\/www.soroptimisteurope.org\/fr\/soroptimist-international-deurope-a-la-csw70-unies-pour-les-droits-des-femmes\/"},"author":{"name":"Soroptimist","@id":"https:\/\/www.soroptimisteurope.org\/#\/schema\/person\/704fb842a150c870ec736ee629ee7e24"},"headline":"Soroptimist International d\u2019Europe \u00e0 la CSW70 : Unies pour les droits des femmes","datePublished":"2026-03-25T08:40:50+00:00","dateModified":"2026-03-25T08:40:52+00:00","mainEntityOfPage":{"@id":"https:\/\/www.soroptimisteurope.org\/fr\/soroptimist-international-deurope-a-la-csw70-unies-pour-les-droits-des-femmes\/"},"wordCount":506,"image":{"@id":"https:\/\/www.soroptimisteurope.org\/fr\/soroptimist-international-deurope-a-la-csw70-unies-pour-les-droits-des-femmes\/#primaryimage"},"thumbnailUrl":"https:\/\/www.soroptimisteurope.org\/wp-content\/uploads\/2026\/03\/MU-March-CSW70-scaled.jpg","articleSection":["Advocacy","Nouvelles"],"inLanguage":"fr-FR"},{"@type":"WebPage","@id":"https:\/\/www.soroptimisteurope.org\/fr\/soroptimist-international-deurope-a-la-csw70-unies-pour-les-droits-des-femmes\/","url":"https:\/\/www.soroptimisteurope.org\/fr\/soroptimist-international-deurope-a-la-csw70-unies-pour-les-droits-des-femmes\/","name":"Soroptimist International d\u2019Europe \u00e0 la CSW70 : Unies pour les droits des femmes - Soroptimist","isPartOf":{"@id":"https:\/\/www.soroptimisteurope.org\/#website"},"primaryImageOfPage":{"@id":"https:\/\/www.soroptimisteurope.org\/fr\/soroptimist-international-deurope-a-la-csw70-unies-pour-les-droits-des-femmes\/#primaryimage"},"image":{"@id":"https:\/\/www.soroptimisteurope.org\/fr\/soroptimist-international-deurope-a-la-csw70-unies-pour-les-droits-des-femmes\/#primaryimage"},"thumbnailUrl":"https:\/\/www.soroptimisteurope.org\/wp-content\/uploads\/2026\/03\/MU-March-CSW70-scaled.jpg","datePublished":"2026-03-25T08:40:50+00:00","dateModified":"2026-03-25T08:40:52+00:00","author":{"@id":"https:\/\/www.soroptimisteurope.org\/#\/schema\/person\/704fb842a150c870ec736ee629ee7e24"},"breadcrumb":{"@id":"https:\/\/www.soroptimisteurope.org\/fr\/soroptimist-international-deurope-a-la-csw70-unies-pour-les-droits-des-femmes\/#breadcrumb"},"inLanguage":"fr-FR","potentialAction":[{"@type":"ReadAction","target":["https:\/\/www.soroptimisteurope.org\/fr\/soroptimist-international-deurope-a-la-csw70-unies-pour-les-droits-des-femmes\/"]}]},{"@type":"ImageObject","inLanguage":"fr-FR","@id":"https:\/\/www.soroptimisteurope.org\/fr\/soroptimist-international-deurope-a-la-csw70-unies-pour-les-droits-des-femmes\/#primaryimage","url":"https:\/\/www.soroptimisteurope.org\/wp-content\/uploads\/2026\/03\/MU-March-CSW70-scaled.jpg","contentUrl":"https:\/\/www.soroptimisteurope.org\/wp-content\/uploads\/2026\/03\/MU-March-CSW70-scaled.jpg","width":2560,"height":1356},{"@type":"BreadcrumbList","@id":"https:\/\/www.soroptimisteurope.org\/fr\/soroptimist-international-deurope-a-la-csw70-unies-pour-les-droits-des-femmes\/#breadcrumb","itemListElement":[{"@type":"ListItem","position":1,"name":"Accueil","item":"https:\/\/www.soroptimisteurope.org\/fr\/"},{"@type":"ListItem","position":2,"name":"Soroptimist International d\u2019Europe \u00e0 la CSW70 : Unies pour les droits des femmes"}]},{"@type":"WebSite","@id":"https:\/\/www.soroptimisteurope.org\/#website","url":"https:\/\/www.soroptimisteurope.org\/","name":"Soroptimist","description":"","potentialAction":[{"@type":"SearchAction","target":{"@type":"EntryPoint","urlTemplate":"https:\/\/www.soroptimisteurope.org\/?s={search_term_string}"},"query-input":{"@type":"PropertyValueSpecification","valueRequired":true,"valueName":"search_term_string"}}],"inLanguage":"fr-FR"},{"@type":"Person","@id":"https:\/\/www.soroptimisteurope.org\/#\/schema\/person\/704fb842a150c870ec736ee629ee7e24","name":"Soroptimist","url":"https:\/\/www.soroptimisteurope.org\/fr\/author\/soropadmin2\/"}]}},"_links":{"self":[{"href":"https:\/\/www.soroptimisteurope.org\/fr\/wp-json\/wp\/v2\/posts\/52790","targetHints":{"allow":["GET"]}}],"collection":[{"href":"https:\/\/www.soroptimisteurope.org\/fr\/wp-json\/wp\/v2\/posts"}],"about":[{"href":"https:\/\/www.soroptimisteurope.org\/fr\/wp-json\/wp\/v2\/types\/post"}],"author":[{"embeddable":true,"href":"https:\/\/www.soroptimisteurope.org\/fr\/wp-json\/wp\/v2\/users\/3"}],"replies":[{"embeddable":true,"href":"https:\/\/www.soroptimisteurope.org\/fr\/wp-json\/wp\/v2\/comments?post=52790"}],"version-history":[{"count":1,"href":"https:\/\/www.soroptimisteurope.org\/fr\/wp-json\/wp\/v2\/posts\/52790\/revisions"}],"predecessor-version":[{"id":52791,"href":"https:\/\/www.soroptimisteurope.org\/fr\/wp-json\/wp\/v2\/posts\/52790\/revisions\/52791"}],"wp:featuredmedia":[{"embeddable":true,"href":"https:\/\/www.soroptimisteurope.org\/fr\/wp-json\/wp\/v2\/media\/52789"}],"wp:attachment":[{"href":"https:\/\/www.soroptimisteurope.org\/fr\/wp-json\/wp\/v2\/media?parent=52790"}],"wp:term":[{"taxonomy":"category","embeddable":true,"href":"https:\/\/www.soroptimisteurope.org\/fr\/wp-json\/wp\/v2\/categories?post=52790"},{"taxonomy":"post_tag","embeddable":true,"href":"https:\/\/www.soroptimisteurope.org\/fr\/wp-json\/wp\/v2\/tags?post=52790"}],"curies":[{"name":"wp","href":"https:\/\/api.w.org\/{rel}","templated":true}]}}