{"id":53097,"date":"2026-04-29T08:55:30","date_gmt":"2026-04-29T06:55:30","guid":{"rendered":"https:\/\/www.soroptimisteurope.org\/?p=53097"},"modified":"2026-04-29T09:35:13","modified_gmt":"2026-04-29T07:35:13","slug":"du-tabou-a-lecran-les-soroptimist-soutiennent-un-film-sur-la-sante-des-femmes","status":"publish","type":"post","link":"https:\/\/www.soroptimisteurope.org\/fr\/du-tabou-a-lecran-les-soroptimist-soutiennent-un-film-sur-la-sante-des-femmes\/","title":{"rendered":"Du tabou \u00e0 l&rsquo;\u00e9cran : les Soroptimist soutiennent un film sur la sant\u00e9 des femmes"},"content":{"rendered":"\t\t<div data-elementor-type=\"wp-post\" data-elementor-id=\"53097\" class=\"elementor elementor-53097 elementor-53061\" data-elementor-post-type=\"post\">\n\t\t\t\t<div class=\"elementor-element elementor-element-84fe01b e-flex e-con-boxed e-con e-parent\" data-id=\"84fe01b\" data-element_type=\"container\" data-e-type=\"container\">\n\t\t\t\t\t<div class=\"e-con-inner\">\n\t\t\t\t<div class=\"elementor-element elementor-element-50634fd elementor-widget elementor-widget-text-editor\" data-id=\"50634fd\" data-element_type=\"widget\" data-e-type=\"widget\" data-widget_type=\"text-editor.default\">\n\t\t\t\t<div class=\"elementor-widget-container\">\n\t\t\t\t\t\t\t\t\t<p>Avez-vous d\u00e9j\u00e0 entendu parler du lichen scl\u00e9reux ? Cette affection, qui touche environ une femme sur cinquante, demeure encore trop souvent mal diagnostiqu\u00e9e, mal comprise et pass\u00e9e sous silence. <\/p><p>Une jeune \u00e9quipe de cin\u00e9ma bas\u00e9e \u00e0 Munich, en collaboration avec des Soroptimistes du monde entier, s&rsquo;efforce de changer cela. \u00ab An Itch to Scratch \u00bb est un court-m\u00e9trage qui raconte l\u2019histoire de Heidi, une enseignante de maternelle de 23 ans qui lutte en silence contre des d\u00e9mangeaisons vulvaires s\u00e9v\u00e8res et persistantes. Craignant ce que cela pourrait signifier, elle cache ses sympt\u00f4mes, \u00e0 l\u2019image de nombreuses femmes confront\u00e9es \u00e0 cette affection. Le film suit son parcours \u00e9motionnel, professionnel et m\u00e9dical, mettant en lumi\u00e8re un sujet tr\u00e8s r\u00e9pandu mais tabou.<br>Traduit avec DeepL.com (version gratuite)  <\/p><p>\u00ab Briser le silence avant qu\u2019il ne vous brise \u00bb, d\u00e9clare la r\u00e9alisatrice Louise Zenker, qui a d\u00e9velopp\u00e9 ce projet \u00e0 la prestigieuse <em>Hochschule f\u00fcr Fernsehen und Film<\/em> de Munich. S\u2019appuyant sur sa propre exp\u00e9rience du lichen scl\u00e9reux, elle dirige une \u00e9quipe presque enti\u00e8rement f\u00e9minine. Le film allie clart\u00e9, humour et un m\u00e9lange de genres inattendu et b\u00e9n\u00e9ficie d\u00e9j\u00e0 du soutien de la Soci\u00e9t\u00e9 allemande de dermatologie, de la Soci\u00e9t\u00e9 suisse du lichen scl\u00e9reux avec la Soroptimist Bettina Fischer, ainsi que de l\u2019\u00e9quipe SI STAR du SI Club de Mayence.  <\/p>\t\t\t\t\t\t\t\t<\/div>\n\t\t\t\t<\/div>\n\t\t\t\t\t<\/div>\n\t\t\t\t<\/div>\n\t\t<div class=\"elementor-element elementor-element-200312c e-grid e-con-boxed e-con e-parent\" data-id=\"200312c\" data-element_type=\"container\" data-e-type=\"container\">\n\t\t\t\t\t<div class=\"e-con-inner\">\n\t\t\t\t<div class=\"elementor-element elementor-element-a6df8c5 elementor-widget elementor-widget-image\" data-id=\"a6df8c5\" data-element_type=\"widget\" data-e-type=\"widget\" data-widget_type=\"image.default\">\n\t\t\t\t<div class=\"elementor-widget-container\">\n\t\t\t\t\t\t\t\t\t\t\t\t\t\t\t<img fetchpriority=\"high\" decoding=\"async\" width=\"800\" height=\"521\" src=\"https:\/\/www.soroptimisteurope.org\/wp-content\/uploads\/2026\/04\/AITS_34-1024x667.jpg\" class=\"attachment-large size-large wp-image-53064\" alt=\"\" srcset=\"https:\/\/www.soroptimisteurope.org\/wp-content\/uploads\/2026\/04\/AITS_34-1024x667.jpg 1024w, https:\/\/www.soroptimisteurope.org\/wp-content\/uploads\/2026\/04\/AITS_34-300x195.jpg 300w, https:\/\/www.soroptimisteurope.org\/wp-content\/uploads\/2026\/04\/AITS_34-768x500.jpg 768w, https:\/\/www.soroptimisteurope.org\/wp-content\/uploads\/2026\/04\/AITS_34-1536x1000.jpg 1536w, https:\/\/www.soroptimisteurope.org\/wp-content\/uploads\/2026\/04\/AITS_34-2048x1334.jpg 2048w\" sizes=\"(max-width: 800px) 100vw, 800px\" \/>\t\t\t\t\t\t\t\t\t\t\t\t\t\t\t<\/div>\n\t\t\t\t<\/div>\n\t\t\t\t<div class=\"elementor-element elementor-element-de4f952 elementor-widget elementor-widget-image\" data-id=\"de4f952\" data-element_type=\"widget\" data-e-type=\"widget\" data-widget_type=\"image.default\">\n\t\t\t\t<div class=\"elementor-widget-container\">\n\t\t\t\t\t\t\t\t\t\t\t\t\t\t\t<img decoding=\"async\" width=\"800\" height=\"534\" src=\"https:\/\/www.soroptimisteurope.org\/wp-content\/uploads\/2026\/04\/AITS_32-1024x683.jpg\" class=\"attachment-large size-large wp-image-53065\" alt=\"\" srcset=\"https:\/\/www.soroptimisteurope.org\/wp-content\/uploads\/2026\/04\/AITS_32-1024x683.jpg 1024w, https:\/\/www.soroptimisteurope.org\/wp-content\/uploads\/2026\/04\/AITS_32-300x200.jpg 300w, https:\/\/www.soroptimisteurope.org\/wp-content\/uploads\/2026\/04\/AITS_32-768x512.jpg 768w, https:\/\/www.soroptimisteurope.org\/wp-content\/uploads\/2026\/04\/AITS_32-1536x1024.jpg 1536w, https:\/\/www.soroptimisteurope.org\/wp-content\/uploads\/2026\/04\/AITS_32-2048x1365.jpg 2048w\" sizes=\"(max-width: 800px) 100vw, 800px\" \/>\t\t\t\t\t\t\t\t\t\t\t\t\t\t\t<\/div>\n\t\t\t\t<\/div>\n\t\t\t\t\t<\/div>\n\t\t\t\t<\/div>\n\t\t<div class=\"elementor-element elementor-element-7ffd167 e-flex e-con-boxed e-con e-parent\" data-id=\"7ffd167\" data-element_type=\"container\" data-e-type=\"container\">\n\t\t\t\t\t<div class=\"e-con-inner\">\n\t\t\t\t<div class=\"elementor-element elementor-element-1b3a88b elementor-widget elementor-widget-text-editor\" data-id=\"1b3a88b\" data-element_type=\"widget\" data-e-type=\"widget\" data-widget_type=\"text-editor.default\">\n\t\t\t\t<div class=\"elementor-widget-container\">\n\t\t\t\t\t\t\t\t\t<p>Depuis 2015, le SI Club de Mayence soutient les r\u00e9alisatrices \u00e0 travers le SI STAR Film Award, d\u00e9cern\u00e9 tous les deux ans \u00e0 la Berlinale. Dot\u00e9e de 22 000 \u20ac (\u00e9dition 2026) et repr\u00e9sentant un volume de projet total d\u2019environ 30 000 \u20ac, financ\u00e9 par 33 clubs SI allemands et soutenu par l\u2019actrice et productrice Veronica Ferres, cette initiative est devenue une plateforme reconnue dans l\u2019industrie cin\u00e9matographique allemande. <\/p><p>\u00ab An Itch to Scratch \u00bb est le deuxi\u00e8me film en production soutenu directement par le SI Club de Mayence, avec une contribution de 2 500 \u20ac attribu\u00e9e lors du gala SI STAR 2026 afin de financer une version internationale.<\/p><p>Actuellement en post-production, le film sera prochainement pr\u00e9sent\u00e9 lors de congr\u00e8s m\u00e9dicaux, de festivals internationaux et en salle de cin\u00e9ma, contribuant ainsi \u00e0 briser le silence autour d\u2019une maladie qui touche bien trop de personnes tout en restant encore largement m\u00e9connue.<\/p>\t\t\t\t\t\t\t\t<\/div>\n\t\t\t\t<\/div>\n\t\t\t\t\t<\/div>\n\t\t\t\t<\/div>\n\t\t<div class=\"elementor-element elementor-element-80afe7a e-flex e-con-boxed e-con e-parent\" data-id=\"80afe7a\" data-element_type=\"container\" data-e-type=\"container\">\n\t\t\t\t\t<div class=\"e-con-inner\">\n\t\t\t\t<div class=\"elementor-element elementor-element-94425f2 elementor-widget-divider--view-line elementor-widget elementor-widget-divider\" data-id=\"94425f2\" data-element_type=\"widget\" data-e-type=\"widget\" data-widget_type=\"divider.default\">\n\t\t\t\t<div class=\"elementor-widget-container\">\n\t\t\t\t\t\t\t<div class=\"elementor-divider\">\n\t\t\t<span class=\"elementor-divider-separator\">\n\t\t\t\t\t\t<\/span>\n\t\t<\/div>\n\t\t\t\t\t\t<\/div>\n\t\t\t\t<\/div>\n\t\t\t\t\t<\/div>\n\t\t\t\t<\/div>\n\t\t<div class=\"elementor-element elementor-element-39565cb e-flex e-con-boxed e-con e-parent\" data-id=\"39565cb\" data-element_type=\"container\" data-e-type=\"container\">\n\t\t\t\t\t<div class=\"e-con-inner\">\n\t\t\t\t<div class=\"elementor-element elementor-element-06d7de0 elementor-widget elementor-widget-text-editor\" data-id=\"06d7de0\" data-element_type=\"widget\" data-e-type=\"widget\" data-widget_type=\"text-editor.default\">\n\t\t\t\t<div class=\"elementor-widget-container\">\n\t\t\t\t\t\t\t\t\t<p style=\"text-align: right;\"><strong>Par Susanne Becker von Dadelsen<\/strong><\/p><p style=\"text-align: right;\"><strong>Responsable Communication du SIE 2026-2027<\/strong><\/p>\t\t\t\t\t\t\t\t<\/div>\n\t\t\t\t<\/div>\n\t\t\t\t\t<\/div>\n\t\t\t\t<\/div>\n\t\t\t\t<\/div>\n\t\t","protected":false},"excerpt":{"rendered":"<p>Une nouvelle initiative en mati\u00e8re de sant\u00e9 du Club SI Mainz (Allemagne)<\/p>\n","protected":false},"author":3,"featured_media":53075,"comment_status":"closed","ping_status":"closed","sticky":false,"template":"","format":"standard","meta":{"_acf_changed":false,"give_campaign_id":0,"footnotes":""},"categories":[122,129],"tags":[],"class_list":["post-53097","post","type-post","status-publish","format-standard","has-post-thumbnail","hentry","category-sante-et-securite-alimentaire","category-nouvelles"],"acf":{"article_actualites_liees":false,"article_documents":false,"article_email_contact":"","article_evenements_sociaux":false,"article_nom_contact":"","article_numero_contact":"","article_photo_de_couverture":false,"article_trombinoscope":false,"article_chapeau":"","article_contenu":false,"article_video":"","article_auteur_texte":""},"yoast_head":"<!-- This site is optimized with the Yoast SEO plugin v27.5 - https:\/\/yoast.com\/product\/yoast-seo-wordpress\/ -->\n<title>Du tabou \u00e0 l&#039;\u00e9cran : les Soroptimist soutiennent un film sur la sant\u00e9 des femmes - Soroptimist<\/title>\n<meta name=\"robots\" content=\"index, follow, max-snippet:-1, max-image-preview:large, max-video-preview:-1\" \/>\n<link rel=\"canonical\" href=\"https:\/\/www.soroptimisteurope.org\/fr\/du-tabou-a-lecran-les-soroptimist-soutiennent-un-film-sur-la-sante-des-femmes\/\" \/>\n<meta property=\"og:locale\" content=\"fr_FR\" \/>\n<meta property=\"og:type\" content=\"article\" \/>\n<meta property=\"og:title\" content=\"Du tabou \u00e0 l&#039;\u00e9cran : les Soroptimist soutiennent un film sur la sant\u00e9 des femmes - Soroptimist\" \/>\n<meta property=\"og:description\" content=\"Une nouvelle initiative en mati\u00e8re de sant\u00e9 du Club SI Mainz (Allemagne)\" \/>\n<meta property=\"og:url\" content=\"https:\/\/www.soroptimisteurope.org\/fr\/du-tabou-a-lecran-les-soroptimist-soutiennent-un-film-sur-la-sante-des-femmes\/\" \/>\n<meta property=\"og:site_name\" content=\"Soroptimist\" \/>\n<meta property=\"article:published_time\" content=\"2026-04-29T06:55:30+00:00\" \/>\n<meta property=\"article:modified_time\" content=\"2026-04-29T07:35:13+00:00\" \/>\n<meta property=\"og:image\" content=\"https:\/\/www.soroptimisteurope.org\/wp-content\/uploads\/2026\/04\/SI-Mainz-1-scaled.jpg\" \/>\n\t<meta property=\"og:image:width\" content=\"2560\" \/>\n\t<meta property=\"og:image:height\" content=\"1920\" \/>\n\t<meta property=\"og:image:type\" content=\"image\/jpeg\" \/>\n<meta name=\"author\" content=\"Soroptimist\" \/>\n<meta name=\"twitter:card\" content=\"summary_large_image\" \/>\n<meta name=\"twitter:label1\" content=\"\u00c9crit par\" \/>\n\t<meta name=\"twitter:data1\" content=\"Soroptimist\" \/>\n\t<meta name=\"twitter:label2\" content=\"Dur\u00e9e de lecture estim\u00e9e\" \/>\n\t<meta name=\"twitter:data2\" content=\"3 minutes\" \/>\n<script type=\"application\/ld+json\" class=\"yoast-schema-graph\">{\"@context\":\"https:\\\/\\\/schema.org\",\"@graph\":[{\"@type\":\"Article\",\"@id\":\"https:\\\/\\\/www.soroptimisteurope.org\\\/fr\\\/du-tabou-a-lecran-les-soroptimist-soutiennent-un-film-sur-la-sante-des-femmes\\\/#article\",\"isPartOf\":{\"@id\":\"https:\\\/\\\/www.soroptimisteurope.org\\\/fr\\\/du-tabou-a-lecran-les-soroptimist-soutiennent-un-film-sur-la-sante-des-femmes\\\/\"},\"author\":{\"name\":\"Soroptimist\",\"@id\":\"https:\\\/\\\/www.soroptimisteurope.org\\\/#\\\/schema\\\/person\\\/704fb842a150c870ec736ee629ee7e24\"},\"headline\":\"Du tabou \u00e0 l&rsquo;\u00e9cran : les Soroptimist soutiennent un film sur la sant\u00e9 des femmes\",\"datePublished\":\"2026-04-29T06:55:30+00:00\",\"dateModified\":\"2026-04-29T07:35:13+00:00\",\"mainEntityOfPage\":{\"@id\":\"https:\\\/\\\/www.soroptimisteurope.org\\\/fr\\\/du-tabou-a-lecran-les-soroptimist-soutiennent-un-film-sur-la-sante-des-femmes\\\/\"},\"wordCount\":412,\"image\":{\"@id\":\"https:\\\/\\\/www.soroptimisteurope.org\\\/fr\\\/du-tabou-a-lecran-les-soroptimist-soutiennent-un-film-sur-la-sante-des-femmes\\\/#primaryimage\"},\"thumbnailUrl\":\"https:\\\/\\\/www.soroptimisteurope.org\\\/wp-content\\\/uploads\\\/2026\\\/04\\\/SI-Mainz-1-scaled.jpg\",\"articleSection\":[\"Sant\u00e9 et s\u00e9curit\u00e9 alimentaire\",\"Nouvelles\"],\"inLanguage\":\"fr-FR\"},{\"@type\":\"WebPage\",\"@id\":\"https:\\\/\\\/www.soroptimisteurope.org\\\/fr\\\/du-tabou-a-lecran-les-soroptimist-soutiennent-un-film-sur-la-sante-des-femmes\\\/\",\"url\":\"https:\\\/\\\/www.soroptimisteurope.org\\\/fr\\\/du-tabou-a-lecran-les-soroptimist-soutiennent-un-film-sur-la-sante-des-femmes\\\/\",\"name\":\"Du tabou \u00e0 l'\u00e9cran : les Soroptimist soutiennent un film sur la sant\u00e9 des femmes - Soroptimist\",\"isPartOf\":{\"@id\":\"https:\\\/\\\/www.soroptimisteurope.org\\\/#website\"},\"primaryImageOfPage\":{\"@id\":\"https:\\\/\\\/www.soroptimisteurope.org\\\/fr\\\/du-tabou-a-lecran-les-soroptimist-soutiennent-un-film-sur-la-sante-des-femmes\\\/#primaryimage\"},\"image\":{\"@id\":\"https:\\\/\\\/www.soroptimisteurope.org\\\/fr\\\/du-tabou-a-lecran-les-soroptimist-soutiennent-un-film-sur-la-sante-des-femmes\\\/#primaryimage\"},\"thumbnailUrl\":\"https:\\\/\\\/www.soroptimisteurope.org\\\/wp-content\\\/uploads\\\/2026\\\/04\\\/SI-Mainz-1-scaled.jpg\",\"datePublished\":\"2026-04-29T06:55:30+00:00\",\"dateModified\":\"2026-04-29T07:35:13+00:00\",\"author\":{\"@id\":\"https:\\\/\\\/www.soroptimisteurope.org\\\/#\\\/schema\\\/person\\\/704fb842a150c870ec736ee629ee7e24\"},\"breadcrumb\":{\"@id\":\"https:\\\/\\\/www.soroptimisteurope.org\\\/fr\\\/du-tabou-a-lecran-les-soroptimist-soutiennent-un-film-sur-la-sante-des-femmes\\\/#breadcrumb\"},\"inLanguage\":\"fr-FR\",\"potentialAction\":[{\"@type\":\"ReadAction\",\"target\":[\"https:\\\/\\\/www.soroptimisteurope.org\\\/fr\\\/du-tabou-a-lecran-les-soroptimist-soutiennent-un-film-sur-la-sante-des-femmes\\\/\"]}]},{\"@type\":\"ImageObject\",\"inLanguage\":\"fr-FR\",\"@id\":\"https:\\\/\\\/www.soroptimisteurope.org\\\/fr\\\/du-tabou-a-lecran-les-soroptimist-soutiennent-un-film-sur-la-sante-des-femmes\\\/#primaryimage\",\"url\":\"https:\\\/\\\/www.soroptimisteurope.org\\\/wp-content\\\/uploads\\\/2026\\\/04\\\/SI-Mainz-1-scaled.jpg\",\"contentUrl\":\"https:\\\/\\\/www.soroptimisteurope.org\\\/wp-content\\\/uploads\\\/2026\\\/04\\\/SI-Mainz-1-scaled.jpg\",\"width\":2560,\"height\":1920},{\"@type\":\"BreadcrumbList\",\"@id\":\"https:\\\/\\\/www.soroptimisteurope.org\\\/fr\\\/du-tabou-a-lecran-les-soroptimist-soutiennent-un-film-sur-la-sante-des-femmes\\\/#breadcrumb\",\"itemListElement\":[{\"@type\":\"ListItem\",\"position\":1,\"name\":\"Accueil\",\"item\":\"https:\\\/\\\/www.soroptimisteurope.org\\\/fr\\\/accueil\\\/\"},{\"@type\":\"ListItem\",\"position\":2,\"name\":\"Du tabou \u00e0 l&rsquo;\u00e9cran : les Soroptimist soutiennent un film sur la sant\u00e9 des femmes\"}]},{\"@type\":\"WebSite\",\"@id\":\"https:\\\/\\\/www.soroptimisteurope.org\\\/#website\",\"url\":\"https:\\\/\\\/www.soroptimisteurope.org\\\/\",\"name\":\"Soroptimist\",\"description\":\"\",\"potentialAction\":[{\"@type\":\"SearchAction\",\"target\":{\"@type\":\"EntryPoint\",\"urlTemplate\":\"https:\\\/\\\/www.soroptimisteurope.org\\\/?s={search_term_string}\"},\"query-input\":{\"@type\":\"PropertyValueSpecification\",\"valueRequired\":true,\"valueName\":\"search_term_string\"}}],\"inLanguage\":\"fr-FR\"},{\"@type\":\"Person\",\"@id\":\"https:\\\/\\\/www.soroptimisteurope.org\\\/#\\\/schema\\\/person\\\/704fb842a150c870ec736ee629ee7e24\",\"name\":\"Soroptimist\",\"url\":\"https:\\\/\\\/www.soroptimisteurope.org\\\/fr\\\/author\\\/soropadmin2\\\/\"}]}<\/script>\n<!-- \/ Yoast SEO plugin. -->","yoast_head_json":{"title":"Du tabou \u00e0 l'\u00e9cran : les Soroptimist soutiennent un film sur la sant\u00e9 des femmes - Soroptimist","robots":{"index":"index","follow":"follow","max-snippet":"max-snippet:-1","max-image-preview":"max-image-preview:large","max-video-preview":"max-video-preview:-1"},"canonical":"https:\/\/www.soroptimisteurope.org\/fr\/du-tabou-a-lecran-les-soroptimist-soutiennent-un-film-sur-la-sante-des-femmes\/","og_locale":"fr_FR","og_type":"article","og_title":"Du tabou \u00e0 l'\u00e9cran : les Soroptimist soutiennent un film sur la sant\u00e9 des femmes - Soroptimist","og_description":"Une nouvelle initiative en mati\u00e8re de sant\u00e9 du Club SI Mainz (Allemagne)","og_url":"https:\/\/www.soroptimisteurope.org\/fr\/du-tabou-a-lecran-les-soroptimist-soutiennent-un-film-sur-la-sante-des-femmes\/","og_site_name":"Soroptimist","article_published_time":"2026-04-29T06:55:30+00:00","article_modified_time":"2026-04-29T07:35:13+00:00","og_image":[{"width":2560,"height":1920,"url":"https:\/\/www.soroptimisteurope.org\/wp-content\/uploads\/2026\/04\/SI-Mainz-1-scaled.jpg","type":"image\/jpeg"}],"author":"Soroptimist","twitter_card":"summary_large_image","twitter_misc":{"\u00c9crit par":"Soroptimist","Dur\u00e9e de lecture estim\u00e9e":"3 minutes"},"schema":{"@context":"https:\/\/schema.org","@graph":[{"@type":"Article","@id":"https:\/\/www.soroptimisteurope.org\/fr\/du-tabou-a-lecran-les-soroptimist-soutiennent-un-film-sur-la-sante-des-femmes\/#article","isPartOf":{"@id":"https:\/\/www.soroptimisteurope.org\/fr\/du-tabou-a-lecran-les-soroptimist-soutiennent-un-film-sur-la-sante-des-femmes\/"},"author":{"name":"Soroptimist","@id":"https:\/\/www.soroptimisteurope.org\/#\/schema\/person\/704fb842a150c870ec736ee629ee7e24"},"headline":"Du tabou \u00e0 l&rsquo;\u00e9cran : les Soroptimist soutiennent un film sur la sant\u00e9 des femmes","datePublished":"2026-04-29T06:55:30+00:00","dateModified":"2026-04-29T07:35:13+00:00","mainEntityOfPage":{"@id":"https:\/\/www.soroptimisteurope.org\/fr\/du-tabou-a-lecran-les-soroptimist-soutiennent-un-film-sur-la-sante-des-femmes\/"},"wordCount":412,"image":{"@id":"https:\/\/www.soroptimisteurope.org\/fr\/du-tabou-a-lecran-les-soroptimist-soutiennent-un-film-sur-la-sante-des-femmes\/#primaryimage"},"thumbnailUrl":"https:\/\/www.soroptimisteurope.org\/wp-content\/uploads\/2026\/04\/SI-Mainz-1-scaled.jpg","articleSection":["Sant\u00e9 et s\u00e9curit\u00e9 alimentaire","Nouvelles"],"inLanguage":"fr-FR"},{"@type":"WebPage","@id":"https:\/\/www.soroptimisteurope.org\/fr\/du-tabou-a-lecran-les-soroptimist-soutiennent-un-film-sur-la-sante-des-femmes\/","url":"https:\/\/www.soroptimisteurope.org\/fr\/du-tabou-a-lecran-les-soroptimist-soutiennent-un-film-sur-la-sante-des-femmes\/","name":"Du tabou \u00e0 l'\u00e9cran : les Soroptimist soutiennent un film sur la sant\u00e9 des femmes - Soroptimist","isPartOf":{"@id":"https:\/\/www.soroptimisteurope.org\/#website"},"primaryImageOfPage":{"@id":"https:\/\/www.soroptimisteurope.org\/fr\/du-tabou-a-lecran-les-soroptimist-soutiennent-un-film-sur-la-sante-des-femmes\/#primaryimage"},"image":{"@id":"https:\/\/www.soroptimisteurope.org\/fr\/du-tabou-a-lecran-les-soroptimist-soutiennent-un-film-sur-la-sante-des-femmes\/#primaryimage"},"thumbnailUrl":"https:\/\/www.soroptimisteurope.org\/wp-content\/uploads\/2026\/04\/SI-Mainz-1-scaled.jpg","datePublished":"2026-04-29T06:55:30+00:00","dateModified":"2026-04-29T07:35:13+00:00","author":{"@id":"https:\/\/www.soroptimisteurope.org\/#\/schema\/person\/704fb842a150c870ec736ee629ee7e24"},"breadcrumb":{"@id":"https:\/\/www.soroptimisteurope.org\/fr\/du-tabou-a-lecran-les-soroptimist-soutiennent-un-film-sur-la-sante-des-femmes\/#breadcrumb"},"inLanguage":"fr-FR","potentialAction":[{"@type":"ReadAction","target":["https:\/\/www.soroptimisteurope.org\/fr\/du-tabou-a-lecran-les-soroptimist-soutiennent-un-film-sur-la-sante-des-femmes\/"]}]},{"@type":"ImageObject","inLanguage":"fr-FR","@id":"https:\/\/www.soroptimisteurope.org\/fr\/du-tabou-a-lecran-les-soroptimist-soutiennent-un-film-sur-la-sante-des-femmes\/#primaryimage","url":"https:\/\/www.soroptimisteurope.org\/wp-content\/uploads\/2026\/04\/SI-Mainz-1-scaled.jpg","contentUrl":"https:\/\/www.soroptimisteurope.org\/wp-content\/uploads\/2026\/04\/SI-Mainz-1-scaled.jpg","width":2560,"height":1920},{"@type":"BreadcrumbList","@id":"https:\/\/www.soroptimisteurope.org\/fr\/du-tabou-a-lecran-les-soroptimist-soutiennent-un-film-sur-la-sante-des-femmes\/#breadcrumb","itemListElement":[{"@type":"ListItem","position":1,"name":"Accueil","item":"https:\/\/www.soroptimisteurope.org\/fr\/accueil\/"},{"@type":"ListItem","position":2,"name":"Du tabou \u00e0 l&rsquo;\u00e9cran : les Soroptimist soutiennent un film sur la sant\u00e9 des femmes"}]},{"@type":"WebSite","@id":"https:\/\/www.soroptimisteurope.org\/#website","url":"https:\/\/www.soroptimisteurope.org\/","name":"Soroptimist","description":"","potentialAction":[{"@type":"SearchAction","target":{"@type":"EntryPoint","urlTemplate":"https:\/\/www.soroptimisteurope.org\/?s={search_term_string}"},"query-input":{"@type":"PropertyValueSpecification","valueRequired":true,"valueName":"search_term_string"}}],"inLanguage":"fr-FR"},{"@type":"Person","@id":"https:\/\/www.soroptimisteurope.org\/#\/schema\/person\/704fb842a150c870ec736ee629ee7e24","name":"Soroptimist","url":"https:\/\/www.soroptimisteurope.org\/fr\/author\/soropadmin2\/"}]}},"_links":{"self":[{"href":"https:\/\/www.soroptimisteurope.org\/fr\/wp-json\/wp\/v2\/posts\/53097","targetHints":{"allow":["GET"]}}],"collection":[{"href":"https:\/\/www.soroptimisteurope.org\/fr\/wp-json\/wp\/v2\/posts"}],"about":[{"href":"https:\/\/www.soroptimisteurope.org\/fr\/wp-json\/wp\/v2\/types\/post"}],"author":[{"embeddable":true,"href":"https:\/\/www.soroptimisteurope.org\/fr\/wp-json\/wp\/v2\/users\/3"}],"replies":[{"embeddable":true,"href":"https:\/\/www.soroptimisteurope.org\/fr\/wp-json\/wp\/v2\/comments?post=53097"}],"version-history":[{"count":3,"href":"https:\/\/www.soroptimisteurope.org\/fr\/wp-json\/wp\/v2\/posts\/53097\/revisions"}],"predecessor-version":[{"id":53322,"href":"https:\/\/www.soroptimisteurope.org\/fr\/wp-json\/wp\/v2\/posts\/53097\/revisions\/53322"}],"wp:featuredmedia":[{"embeddable":true,"href":"https:\/\/www.soroptimisteurope.org\/fr\/wp-json\/wp\/v2\/media\/53075"}],"wp:attachment":[{"href":"https:\/\/www.soroptimisteurope.org\/fr\/wp-json\/wp\/v2\/media?parent=53097"}],"wp:term":[{"taxonomy":"category","embeddable":true,"href":"https:\/\/www.soroptimisteurope.org\/fr\/wp-json\/wp\/v2\/categories?post=53097"},{"taxonomy":"post_tag","embeddable":true,"href":"https:\/\/www.soroptimisteurope.org\/fr\/wp-json\/wp\/v2\/tags?post=53097"}],"curies":[{"name":"wp","href":"https:\/\/api.w.org\/{rel}","templated":true}]}}