{"id":54105,"date":"2026-09-06T09:00:00","date_gmt":"2026-09-06T07:00:00","guid":{"rendered":"https:\/\/www.soroptimisteurope.org\/?p=54105"},"modified":"2026-08-31T15:35:01","modified_gmt":"2026-08-31T13:35:01","slug":"rencontrez-rita-chiappa-membre-de-la-commission-des-bourses-du-mentorat-et-de-lacademie-du-leadership-du-sie","status":"publish","type":"post","link":"https:\/\/www.soroptimisteurope.org\/fr\/rencontrez-rita-chiappa-membre-de-la-commission-des-bourses-du-mentorat-et-de-lacademie-du-leadership-du-sie\/","title":{"rendered":"Rencontrez Rita Chiappa, membre de la Commission des Bourses, du Mentorat et de l&rsquo;Acad\u00e9mie du Leadership du SIE"},"content":{"rendered":"\t\t<div data-elementor-type=\"wp-post\" data-elementor-id=\"54105\" class=\"elementor elementor-54105 elementor-54046\" data-elementor-post-type=\"post\">\n\t\t\t\t<div class=\"elementor-element elementor-element-c1750da e-flex e-con-boxed e-con e-parent\" data-id=\"c1750da\" data-element_type=\"container\" data-e-type=\"container\">\n\t\t\t\t\t<div class=\"e-con-inner\">\n\t\t\t\t<div class=\"elementor-element elementor-element-4efffea elementor-widget elementor-widget-heading\" data-id=\"4efffea\" data-element_type=\"widget\" data-e-type=\"widget\" data-widget_type=\"heading.default\">\n\t\t\t\t<div class=\"elementor-widget-container\">\n\t\t\t\t\t<h2 class=\"elementor-heading-title elementor-size-default\">\u00ab R\u00e9v\u00e9ler son potentiel. Lever les barri\u00e8res. La laisser ouvrir la voie. \u00bb<\/h2>\t\t\t\t<\/div>\n\t\t\t\t<\/div>\n\t\t\t\t\t<\/div>\n\t\t\t\t<\/div>\n\t\t<div class=\"elementor-element elementor-element-d45b1a3 e-flex e-con-boxed e-con e-parent\" data-id=\"d45b1a3\" data-element_type=\"container\" data-e-type=\"container\">\n\t\t\t\t\t<div class=\"e-con-inner\">\n\t\t\t\t<div class=\"elementor-element elementor-element-90085b2 elementor-widget-divider--view-line elementor-widget elementor-widget-divider\" data-id=\"90085b2\" data-element_type=\"widget\" data-e-type=\"widget\" data-widget_type=\"divider.default\">\n\t\t\t\t<div class=\"elementor-widget-container\">\n\t\t\t\t\t\t\t<div class=\"elementor-divider\">\n\t\t\t<span class=\"elementor-divider-separator\">\n\t\t\t\t\t\t<\/span>\n\t\t<\/div>\n\t\t\t\t\t\t<\/div>\n\t\t\t\t<\/div>\n\t\t\t\t\t<\/div>\n\t\t\t\t<\/div>\n\t\t<div class=\"elementor-element elementor-element-66c7e37 e-flex e-con-boxed e-con e-parent\" data-id=\"66c7e37\" data-element_type=\"container\" data-e-type=\"container\">\n\t\t\t\t\t<div class=\"e-con-inner\">\n\t\t\t\t<div class=\"elementor-element elementor-element-a9fb255 elementor-widget elementor-widget-heading\" data-id=\"a9fb255\" data-element_type=\"widget\" data-e-type=\"widget\" data-widget_type=\"heading.default\">\n\t\t\t\t<div class=\"elementor-widget-container\">\n\t\t\t\t\t<h2 class=\"elementor-heading-title elementor-size-default\">Quelle est votre motivation personnelle pour si\u00e9ger au Bureau du SIE pour l\u2019ann\u00e9e 2026\/27 ?<\/h2>\t\t\t\t<\/div>\n\t\t\t\t<\/div>\n\t\t\t\t\t<\/div>\n\t\t\t\t<\/div>\n\t\t<div class=\"elementor-element elementor-element-5428fc6 e-flex e-con-boxed e-con e-parent\" data-id=\"5428fc6\" data-element_type=\"container\" data-e-type=\"container\">\n\t\t\t\t\t<div class=\"e-con-inner\">\n\t\t\t\t<div class=\"elementor-element elementor-element-92fdaf3 elementor-widget elementor-widget-text-editor\" data-id=\"92fdaf3\" data-element_type=\"widget\" data-e-type=\"widget\" data-widget_type=\"text-editor.default\">\n\t\t\t\t<div class=\"elementor-widget-container\">\n\t\t\t\t\t\t\t\t\t<p>Ma d\u00e9cision de rejoindre la Commission des Bourses, du Mentorat et de l\u2019Acad\u00e9mie du Leadership est n\u00e9e de mon exp\u00e9rience en tant que Pr\u00e9sidente de club et Directrice de Programme du SI Italie. Apr\u00e8s plusieurs ann\u00e9es d\u2019engagement aux niveaux local et national, j\u2019ai ressenti le besoin d\u2019\u00e9largir ma perspective car pour faire v\u00e9ritablement \u00e9voluer la situation des femmes, l\u2019engagement local ne suffit pas : il faut aussi une solidarit\u00e9 europ\u00e9enne. <\/p><p>Les relations internationales et la passion pour les autres cultures ont toujours fait partie de ma vie. Je suis dipl\u00f4m\u00e9e en langues modernes et, tout au long de ma carri\u00e8re d\u2019enseignante, j\u2019ai constamment encourag\u00e9 mes \u00e9l\u00e8ves \u00e0 participer \u00e0 des projets et \u00e0 des \u00e9changes europ\u00e9ens. Tout cela m\u2019a donn\u00e9, je crois, une ouverture naturelle \u00e0 la collaboration transfrontali\u00e8re et la conviction profonde que les changements les plus significatifs se construisent ensemble, au-del\u00e0 des fronti\u00e8res.  <\/p><p>La gestion du programme de bourses correspond tout particuli\u00e8rement \u00e0 ce que je suis. Soutenir de jeunes femmes talentueuses \u00e0 un moment d\u00e9cisif de leur vie, en levant l\u2019obstacle financier qui se dresse entre leur ambition et les possibilit\u00e9s qui s\u2019offrent \u00e0 elles, constitue l\u2019une des expressions les plus directes de la mission du Soroptimist. <\/p><p>C\u2019est pourquoi je suis ici : parce que l\u2019excellence, lorsqu\u2019elle se multiplie au-del\u00e0 des fronti\u00e8res, devient une force de transformation.<\/p>\t\t\t\t\t\t\t\t<\/div>\n\t\t\t\t<\/div>\n\t\t\t\t\t<\/div>\n\t\t\t\t<\/div>\n\t\t<div class=\"elementor-element elementor-element-b77e51f e-flex e-con-boxed e-con e-parent\" data-id=\"b77e51f\" data-element_type=\"container\" data-e-type=\"container\">\n\t\t\t\t\t<div class=\"e-con-inner\">\n\t\t\t\t<div class=\"elementor-element elementor-element-53edae8 elementor-widget elementor-widget-heading\" data-id=\"53edae8\" data-element_type=\"widget\" data-e-type=\"widget\" data-widget_type=\"heading.default\">\n\t\t\t\t<div class=\"elementor-widget-container\">\n\t\t\t\t\t<h2 class=\"elementor-heading-title elementor-size-default\">Quelle est votre vision pour un monde meilleur ?<\/h2>\t\t\t\t<\/div>\n\t\t\t\t<\/div>\n\t\t\t\t<div class=\"elementor-element elementor-element-3236308 elementor-widget elementor-widget-text-editor\" data-id=\"3236308\" data-element_type=\"widget\" data-e-type=\"widget\" data-widget_type=\"text-editor.default\">\n\t\t\t\t<div class=\"elementor-widget-container\">\n\t\t\t\t\t\t\t\t\t<p>Pour moi, un monde meilleur est un monde dans lequel chaque femme b\u00e9n\u00e9ficie d\u2019un acc\u00e8s \u00e9gal \u00e0 l\u2019\u00e9ducation, aux opportunit\u00e9s \u00e9conomiques et \u00e0 la s\u00e9curit\u00e9 et o\u00f9 le potentiel d\u2019une femme n\u2019est jamais limit\u00e9 par le simple fait d\u2019\u00eatre une femme.<\/p><p>Ce qui m\u2019a convaincue qu\u2019un tel monde est possible, c\u2019est ce que j\u2019ai pu constater directement en examinant les dossiers de candidature aux bourses. Les femmes dont j\u2019ai \u00e9tudi\u00e9 les dossiers ne manquaient ni de talent, ni d\u2019ambition, ni de d\u00e9termination. Elles \u00e9taient exceptionnelles, dans leur domaine, dans leur engagement et dans leur vision de l\u2019avenir. Ce dont elles avaient besoin, c\u2019\u00e9tait simplement des moyens financiers leur permettant d\u2019aller plus loin. Et une fois cet obstacle lev\u00e9, elles ne se sont pas content\u00e9es de progresser professionnellement : elles sont devenues \u00e0 leur tour une ressource pour d\u2019autres femmes, multipliant ainsi plusieurs fois l\u2019impact d\u2019un investissement initial.    <\/p><p>C\u2019est ce que le Soroptimist accomplit lorsqu\u2019il donne le meilleur de lui-m\u00eame : il ne vient pas au secours des femmes. Il l\u00e8ve l\u2019obstacle qui se dresse entre une femme exceptionnelle et l\u2019avenir qu\u2019elle a d\u00e9j\u00e0 m\u00e9rit\u00e9. <\/p><p>Pour ce biennium, mes objectifs sont concrets : renforcer le processus d\u2019attribution des bourses afin qu\u2019il permette d\u2019atteindre les candidates les plus m\u00e9ritantes dans toute l\u2019Europe ; cr\u00e9er un parcours qui se poursuive par le mentorat et le leadership ; et rendre notre impact mesurable et visible.<\/p><p>Un monde meilleur commence lorsque chaque femme dispose non seulement du droit de diriger, mais aussi des conditions r\u00e9elles pour pouvoir le faire. Mais il commence \u00e9galement avec chacune d\u2019entre nous. Aucun changement v\u00e9ritable ne peut avoir lieu sans responsabilit\u00e9 collective et c\u2019est l\u00e0, au sens le plus profond, ce que signifie \u00eatre Soroptimist : reconna\u00eetre que le monde que nous souhaitons pour les autres est un monde que nous devons nous-m\u00eames contribuer activement \u00e0 construire, ensemble.  <\/p>\t\t\t\t\t\t\t\t<\/div>\n\t\t\t\t<\/div>\n\t\t\t\t<div class=\"elementor-element elementor-element-61e2293 elementor-widget elementor-widget-heading\" data-id=\"61e2293\" data-element_type=\"widget\" data-e-type=\"widget\" data-widget_type=\"heading.default\">\n\t\t\t\t<div class=\"elementor-widget-container\">\n\t\t\t\t\t<h2 class=\"elementor-heading-title elementor-size-default\">Que faites vous pour rester motiv\u00e9e dans votre travail ?<\/h2>\t\t\t\t<\/div>\n\t\t\t\t<\/div>\n\t\t\t\t\t<\/div>\n\t\t\t\t<\/div>\n\t\t<div class=\"elementor-element elementor-element-99a3a02 e-flex e-con-boxed e-con e-parent\" data-id=\"99a3a02\" data-element_type=\"container\" data-e-type=\"container\">\n\t\t\t\t\t<div class=\"e-con-inner\">\n\t\t\t\t<div class=\"elementor-element elementor-element-50ac4f2 elementor-widget elementor-widget-text-editor\" data-id=\"50ac4f2\" data-element_type=\"widget\" data-e-type=\"widget\" data-widget_type=\"text-editor.default\">\n\t\t\t\t<div class=\"elementor-widget-container\">\n\t\t\t\t\t\t\t\t\t<p>Paradoxalement, c\u2019est souvent la difficult\u00e9 elle-m\u00eame qui me motive le plus. Lorsque je rencontre un obstacle, quelque chose en moi refuse de l\u2019accepter, je me surprends \u00e0 redoubler d\u2019efforts et \u00e0 chercher comment le surmonter plut\u00f4t que le contourner. <\/p><p>Mais au-del\u00e0 de mon propre temp\u00e9rament, il existe une raison plus profonde qui me pousse \u00e0 continuer. Lorsque je pense aux millions de femmes pour lesquelles les in\u00e9galit\u00e9s de genre sont encore une r\u00e9alit\u00e9 quotidienne, je pense \u00e0 ma petite-fille de trois ans. Je ne veux pas qu\u2019une fois adulte, elle ait \u00e0 affronter les m\u00eames obstacles auxquels les femmes sont confront\u00e9es aujourd\u2019hui. Cette pens\u00e9e me motive davantage que n\u2019importe quel objectif professionnel.   <\/p><p>Lorsque des difficult\u00e9s surviennent, ma d\u00e9marche est r\u00e9fl\u00e9chie : je m\u2019arr\u00eate, j\u2019examine ce que j\u2019ai fait, je demande \u00e0 mes co\u00e9quipi\u00e8res un retour sinc\u00e8re et, si n\u00e9cessaire, je change de cap.<\/p><p>J\u2019ai \u00e9galement eu beaucoup de chance. Tout au long de mon parcours au sein du Soroptimist, j\u2019ai toujours \u00e9t\u00e9 entour\u00e9e de coll\u00e8gues qui m\u2019ont soutenue et encourag\u00e9e et je m\u2019efforce d\u2019apporter ce m\u00eame soutien aux personnes avec lesquelles je travaille. <\/p>\t\t\t\t\t\t\t\t<\/div>\n\t\t\t\t<\/div>\n\t\t<div class=\"elementor-element elementor-element-f94e84b e-grid e-con-full e-con e-child\" data-id=\"f94e84b\" data-element_type=\"container\" data-e-type=\"container\">\n\t\t\t\t<div class=\"elementor-element elementor-element-dc1e4c5 elementor-widget elementor-widget-image\" data-id=\"dc1e4c5\" data-element_type=\"widget\" data-e-type=\"widget\" data-widget_type=\"image.default\">\n\t\t\t\t<div class=\"elementor-widget-container\">\n\t\t\t\t\t\t\t\t\t\t\t\t<figure class=\"wp-caption\">\n\t\t\t\t\t\t\t\t\t\t<img fetchpriority=\"high\" decoding=\"async\" width=\"482\" height=\"302\" src=\"https:\/\/www.soroptimisteurope.org\/wp-content\/uploads\/2026\/08\/Picture2.jpg\" class=\"attachment-large size-large wp-image-54114\" alt=\"\" srcset=\"https:\/\/www.soroptimisteurope.org\/wp-content\/uploads\/2026\/08\/Picture2.jpg 482w, https:\/\/www.soroptimisteurope.org\/wp-content\/uploads\/2026\/08\/Picture2-300x188.jpg 300w\" sizes=\"(max-width: 482px) 100vw, 482px\" \/>\t\t\t\t\t\t\t\t\t\t\t<figcaption class=\"widget-image-caption wp-caption-text\">Bureau du SI Italie - 2024-2025<\/figcaption>\n\t\t\t\t\t\t\t\t\t\t<\/figure>\n\t\t\t\t\t\t\t\t\t<\/div>\n\t\t\t\t<\/div>\n\t\t\t\t<div class=\"elementor-element elementor-element-f5d3eb6 elementor-widget elementor-widget-image\" data-id=\"f5d3eb6\" data-element_type=\"widget\" data-e-type=\"widget\" data-widget_type=\"image.default\">\n\t\t\t\t<div class=\"elementor-widget-container\">\n\t\t\t\t\t\t\t\t\t\t\t\t<figure class=\"wp-caption\">\n\t\t\t\t\t\t\t\t\t\t<img decoding=\"async\" width=\"427\" height=\"320\" src=\"https:\/\/www.soroptimisteurope.org\/wp-content\/uploads\/2026\/08\/Picture1.jpg\" class=\"attachment-medium_large size-medium_large wp-image-54115\" alt=\"\" srcset=\"https:\/\/www.soroptimisteurope.org\/wp-content\/uploads\/2026\/08\/Picture1.jpg 427w, https:\/\/www.soroptimisteurope.org\/wp-content\/uploads\/2026\/08\/Picture1-300x225.jpg 300w\" sizes=\"(max-width: 427px) 100vw, 427px\" \/>\t\t\t\t\t\t\t\t\t\t\t<figcaption class=\"widget-image-caption wp-caption-text\">Dans le cadre des 16 jours d'activisme contre la violence de genre, en partenariat avec \u00ab Donne e Riso \u00bb - novembre 2025<\/figcaption>\n\t\t\t\t\t\t\t\t\t\t<\/figure>\n\t\t\t\t\t\t\t\t\t<\/div>\n\t\t\t\t<\/div>\n\t\t\t\t<\/div>\n\t\t\t\t<div class=\"elementor-element elementor-element-0684072 elementor-widget elementor-widget-heading\" data-id=\"0684072\" data-element_type=\"widget\" data-e-type=\"widget\" data-widget_type=\"heading.default\">\n\t\t\t\t<div class=\"elementor-widget-container\">\n\t\t\t\t\t<h2 class=\"elementor-heading-title elementor-size-default\">Que fait votre pays pour soutenir et autonomiser les femmes ?<\/h2>\t\t\t\t<\/div>\n\t\t\t\t<\/div>\n\t\t\t\t<div class=\"elementor-element elementor-element-4323782 elementor-widget elementor-widget-text-editor\" data-id=\"4323782\" data-element_type=\"widget\" data-e-type=\"widget\" data-widget_type=\"text-editor.default\">\n\t\t\t\t<div class=\"elementor-widget-container\">\n\t\t\t\t\t\t\t\t\t<p>L\u2019Italie s\u2019est dot\u00e9e d\u2019un cadre l\u00e9gislatif substantiel en mati\u00e8re d\u2019\u00e9galit\u00e9 entre les femmes et les hommes, un cadre qui aborde la sant\u00e9, la s\u00e9curit\u00e9 et la participation \u00e9conomique \u00e0 travers des mesures concr\u00e8tes et juridiquement contraignantes.<\/p><p>Dans le domaine de la m\u00e9decine de genre,<strong> l\u2019Italie a \u00e9t\u00e9 le premier pays au monde<\/strong> \u00e0 inscrire une approche sp\u00e9cifique au genre dans son syst\u00e8me national de sant\u00e9. La loi 3\/2018 impose la prise en compte du sexe et du genre dans l\u2019ensemble de la pratique Clinique, de la pr\u00e9vention au diagnostic et au traitement, tandis que le Centre national de r\u00e9f\u00e9rence pour la m\u00e9decine de genre de l\u2019ISS coordonne sa mise en \u0153uvre \u00e0 l\u2019\u00e9chelle nationale. <\/p><p>En mati\u00e8re de violences faites aux femmes,<strong> le Codice Rosso <\/strong>\u2014 loi 69\/2019 a instaur\u00e9 une r\u00e9ponse judiciaire acc\u00e9l\u00e9r\u00e9e aux violences fond\u00e9es sur le genre, en imposant aux procureurs d\u2019entendre les victimes dans les trois jours suivant le d\u00e9p\u00f4t d\u2019une plainte. En d\u00e9cembre 2025, <strong>la loi 181\/2025 <\/strong>est all\u00e9e plus loin encore, en faisant du f\u00e9minicide une infraction p\u00e9nale autonome passible automatiquement de la r\u00e9clusion \u00e0 perp\u00e9tuit\u00e9. L\u2019Italie a \u00e9galement cr\u00e9\u00e9 une Commission parlementaire permanente d\u2019enqu\u00eate sur le f\u00e9minicide (Commissione Parlamentare di Inchiesta sul Femminicidio), charg\u00e9e de suivre la mise en \u0153uvre des lois contre les violences et de pr\u00e9senter r\u00e9guli\u00e8rement des rapports au Parlement, l\u2019un des rares organes de contr\u00f4le sp\u00e9cifiquement consacr\u00e9s \u00e0 cette question en Europe.  <\/p><p>En mati\u00e8re d\u2019\u00e9galit\u00e9 professionnelle, la<strong> loi 162\/2021<\/strong> a introduit la Certification de l\u2019\u00e9galit\u00e9 de genre pour les entreprises de plus de cinquante salari\u00e9s, assortie d\u2019incitations fiscales concr\u00e8tes, tandis que les quotas de genre dans les entreprises garantissent une repr\u00e9sentation minimale des femmes au sein des conseils d\u2019administration des soci\u00e9t\u00e9s cot\u00e9es ainsi que dans l\u2019administration publique.<\/p><p>La l\u00e9gislation n\u2019est toutefois qu\u2019un point de d\u00e9part. Des organisations comme le Soroptimist ont la responsabilit\u00e9 indispensable de veiller \u00e0 ce que les principes inscrits dans la loi se traduisent concr\u00e8tement dans la vie quotidienne des femmes \u00e0 travers tout le pays. <\/p>\t\t\t\t\t\t\t\t<\/div>\n\t\t\t\t<\/div>\n\t\t\t\t<div class=\"elementor-element elementor-element-959c106 elementor-widget elementor-widget-image\" data-id=\"959c106\" data-element_type=\"widget\" data-e-type=\"widget\" data-widget_type=\"image.default\">\n\t\t\t\t<div class=\"elementor-widget-container\">\n\t\t\t\t\t\t\t\t\t\t\t\t\t\t\t<img decoding=\"async\" width=\"482\" height=\"482\" src=\"https:\/\/www.soroptimisteurope.org\/wp-content\/uploads\/2026\/08\/Picture3.jpg\" class=\"attachment-large size-large wp-image-54116\" alt=\"\" srcset=\"https:\/\/www.soroptimisteurope.org\/wp-content\/uploads\/2026\/08\/Picture3.jpg 482w, https:\/\/www.soroptimisteurope.org\/wp-content\/uploads\/2026\/08\/Picture3-300x300.jpg 300w, https:\/\/www.soroptimisteurope.org\/wp-content\/uploads\/2026\/08\/Picture3-150x150.jpg 150w\" sizes=\"(max-width: 482px) 100vw, 482px\" \/>\t\t\t\t\t\t\t\t\t\t\t\t\t\t\t<\/div>\n\t\t\t\t<\/div>\n\t\t\t\t<div class=\"elementor-element elementor-element-9096827 elementor-widget elementor-widget-heading\" data-id=\"9096827\" data-element_type=\"widget\" data-e-type=\"widget\" data-widget_type=\"heading.default\">\n\t\t\t\t<div class=\"elementor-widget-container\">\n\t\t\t\t\t<h2 class=\"elementor-heading-title elementor-size-default\">Parlez-nous de votre club Soroptimist ! De quels projets \u00eates-vous le plus fi\u00e8res ? <\/h2>\t\t\t\t<\/div>\n\t\t\t\t<\/div>\n\t\t\t\t\t<\/div>\n\t\t\t\t<\/div>\n\t\t<div class=\"elementor-element elementor-element-c814a1a e-flex e-con-boxed e-con e-parent\" data-id=\"c814a1a\" data-element_type=\"container\" data-e-type=\"container\">\n\t\t\t\t\t<div class=\"e-con-inner\">\n\t\t\t\t<div class=\"elementor-element elementor-element-1014a6a elementor-widget elementor-widget-text-editor\" data-id=\"1014a6a\" data-element_type=\"widget\" data-e-type=\"widget\" data-widget_type=\"text-editor.default\">\n\t\t\t\t<div class=\"elementor-widget-container\">\n\t\t\t\t\t\t\t\t\t<p>Le SI Club de Vercelli est au service de sa communaut\u00e9 depuis plus de soixante ans, conjuguant un solide ancrage local \u00e0 une vision europ\u00e9enne plus large.<\/p><p>Le projet qui me tient le plus \u00e0 c\u0153ur est<strong><em> Oasi delle Api<\/em><\/strong> \u2014 l\u2019Oasis des Abeilles \u2014 que j\u2019ai inaugur\u00e9 en 2021, alors que j\u2019\u00e9tais pr\u00e9sidente du Club, \u00e0 l\u2019occasion du centenaire du Soroptimist International. Sur les terrains jouxtant l\u2019\u00e9tablissement p\u00e9nitentiaire de Vercelli, nous avons cr\u00e9\u00e9 un espace d\u00e9di\u00e9 \u00e0 l\u2019apiculture : 650 plants de lavande, 15 arbres mellif\u00e8res et une ruche confi\u00e9e aux soins des personnes d\u00e9tenues. Biodiversit\u00e9, inclusion sociale et \u00e9ducation se sont ainsi r\u00e9unies dans une m\u00eame initiative \u2014 les personnes d\u00e9tenues se sont occup\u00e9es de la ruche et ont produit du miel, les femmes incarc\u00e9r\u00e9es ont confectionn\u00e9 des sachets de lavande destin\u00e9s \u00e0 la vente, et des \u00e9coliers de la r\u00e9gion ont r\u00e9alis\u00e9 des dessins et des histoires r\u00e9unis dans un livre illustr\u00e9. Une action concr\u00e8te \u00e0 visage humain.   <\/p><p>Ce m\u00eame esprit anime <em><strong>SI Sostiene in Carcere<\/strong><\/em>, un projet national actif depuis 2018, dont Vercelli est le Club moteur au sein d\u2019un r\u00e9seau de six clubs du nord-est du Pi\u00e9mont. Au fil des ann\u00e9es, nous avons propos\u00e9 aux femmes d\u00e9tenues un \u00e9ventail croissant de formations professionnelles : couture de niveau d\u00e9butant et avanc\u00e9, culture de plantes m\u00e9dicinales, p\u00e2tisserie et fabrication de glaces et, plus r\u00e9cemment, en juin 2025, une formation professionnelle en cuisine, Libere in Cucina. Chaque programme est con\u00e7u non seulement pour transmettre une comp\u00e9tence, mais aussi pour offrir une v\u00e9ritable voie vers l\u2019autonomie et la r\u00e9insertion sociale.  <\/p><p>Au-del\u00e0 de l\u2019\u00e9tablissement p\u00e9nitentiaire, le Club entretient des liens \u00e9troits avec les institutions locales. Chaque ann\u00e9e, dans le cadre de la campagne \u00ab\u00a0Oranger le Monde\u00a0\u00bb, nos membres s\u2019associent aux agricultrices de Confagricoltura Donna pour vendre des cl\u00e9mentines au public, les recettes \u00e9tant directement revers\u00e9es au centre de lutte contre les violences faites aux femmes de Vercelli. Nous collaborons \u00e9troitement avec les \u00e9tablissements scolaires locaux sur des projets li\u00e9s \u00e0 l\u2019\u00e9ducation et \u00e0 l\u2019\u00e9galit\u00e9 de genre, avec l\u2019h\u00f4pital, dont les m\u00e9decins se sont associ\u00e9s \u00e0 nous pour organiser une importante conf\u00e9rence sur la m\u00e9decine de genre, ainsi qu\u2019avec <em>l\u2019Universit\u00e0 del Piemonte Orientale<\/em>, dont nous r\u00e9compensons chaque ann\u00e9e les \u00e9tudiantes les plus m\u00e9ritantes par l\u2019attribution de bourses.  <\/p><p>Ce qui rend Vercelli si particulier, c\u2019est la conviction qu\u2019un changement durable se construit par un engagement concret et constant, envers la communaut\u00e9, envers les institutions avec lesquelles nous travaillons et envers ces femmes que d\u2019autres oublient trop souvent.<\/p>\t\t\t\t\t\t\t\t<\/div>\n\t\t\t\t<\/div>\n\t\t\t\t\t<\/div>\n\t\t\t\t<\/div>\n\t\t<div class=\"elementor-element elementor-element-d00fbe8 e-flex e-con-boxed e-con e-parent\" data-id=\"d00fbe8\" data-element_type=\"container\" data-e-type=\"container\">\n\t\t\t\t\t<div class=\"e-con-inner\">\n\t\t\t\t<div class=\"elementor-element elementor-element-31a9943 elementor-widget elementor-widget-image\" data-id=\"31a9943\" data-element_type=\"widget\" data-e-type=\"widget\" data-widget_type=\"image.default\">\n\t\t\t\t<div class=\"elementor-widget-container\">\n\t\t\t\t\t\t\t\t\t\t\t\t<figure class=\"wp-caption\">\n\t\t\t\t\t\t\t\t\t\t<img loading=\"lazy\" decoding=\"async\" width=\"643\" height=\"857\" src=\"https:\/\/www.soroptimisteurope.org\/wp-content\/uploads\/2026\/08\/Picture4.jpg\" class=\"attachment-medium_large size-medium_large wp-image-54117\" alt=\"\" srcset=\"https:\/\/www.soroptimisteurope.org\/wp-content\/uploads\/2026\/08\/Picture4.jpg 643w, https:\/\/www.soroptimisteurope.org\/wp-content\/uploads\/2026\/08\/Picture4-225x300.jpg 225w\" sizes=\"(max-width: 643px) 100vw, 643px\" \/>\t\t\t\t\t\t\t\t\t\t\t<figcaption class=\"widget-image-caption wp-caption-text\">Vercelli \u2014 l'abbaye de Sant'Andrea, monument le plus important de la ville, construite en 1226 dans le style romano-gothique.<\/figcaption>\n\t\t\t\t\t\t\t\t\t\t<\/figure>\n\t\t\t\t\t\t\t\t\t<\/div>\n\t\t\t\t<\/div>\n\t\t\t\t\t<\/div>\n\t\t\t\t<\/div>\n\t\t\t\t<\/div>\n\t\t","protected":false},"excerpt":{"rendered":"<p>\u00ab R\u00e9v\u00e9ler son potentiel. Lever les barri\u00e8res. La laisser ouvrir la voie. \u00bb Quelle est votre motivation personnelle pour si\u00e9ger au Bureau du SIE pour l\u2019ann\u00e9e 2026\/27 ? Ma d\u00e9cision [&hellip;]<\/p>\n","protected":false},"author":3,"featured_media":51993,"comment_status":"closed","ping_status":"closed","sticky":false,"template":"","format":"standard","meta":{"_acf_changed":false,"give_campaign_id":0,"footnotes":""},"categories":[129],"tags":[],"class_list":["post-54105","post","type-post","status-publish","format-standard","has-post-thumbnail","hentry","category-nouvelles"],"acf":{"article_actualites_liees":false,"article_documents":false,"article_email_contact":"","article_evenements_sociaux":false,"article_nom_contact":"","article_numero_contact":"","article_photo_de_couverture":false,"article_trombinoscope":false,"article_chapeau":"","article_contenu":false,"article_video":"","article_auteur_texte":""},"yoast_head":"<!-- This site is optimized with the Yoast SEO plugin v28.2 - https:\/\/yoast.com\/product\/yoast-seo-wordpress\/ -->\n<title>Rencontrez Rita Chiappa, membre de la Commission des Bourses, du Mentorat et de l&#039;Acad\u00e9mie du Leadership du SIE - Soroptimist<\/title>\n<meta name=\"robots\" content=\"index, follow, max-snippet:-1, max-image-preview:large, max-video-preview:-1\" \/>\n<link rel=\"canonical\" href=\"https:\/\/www.soroptimisteurope.org\/meet-rita-chiappa-sie-scholarship-mentoring-and-leadership-academy-committee-member\/\" \/>\n<meta property=\"og:locale\" content=\"fr_FR\" \/>\n<meta property=\"og:type\" content=\"article\" \/>\n<meta property=\"og:title\" content=\"Rencontrez Rita Chiappa, membre de la Commission des Bourses, du Mentorat et de l&#039;Acad\u00e9mie du Leadership du SIE - Soroptimist\" \/>\n<meta property=\"og:description\" content=\"\u00ab R\u00e9v\u00e9ler son potentiel. Lever les barri\u00e8res. La laisser ouvrir la voie. \u00bb Quelle est votre motivation personnelle pour si\u00e9ger au Bureau du SIE pour l\u2019ann\u00e9e 2026\/27 ? Ma d\u00e9cision [&hellip;]\" \/>\n<meta property=\"og:url\" content=\"https:\/\/www.soroptimisteurope.org\/meet-rita-chiappa-sie-scholarship-mentoring-and-leadership-academy-committee-member\/\" \/>\n<meta property=\"og:site_name\" content=\"Soroptimist\" \/>\n<meta property=\"article:published_time\" content=\"2026-09-06T07:00:00+00:00\" \/>\n<meta property=\"og:image\" content=\"https:\/\/www.soroptimisteurope.org\/wp-content\/uploads\/2026\/01\/Rita-Chiappa.jpg\" \/>\n\t<meta property=\"og:image:width\" content=\"567\" \/>\n\t<meta property=\"og:image:height\" content=\"569\" \/>\n\t<meta property=\"og:image:type\" content=\"image\/jpeg\" \/>\n<meta name=\"author\" content=\"Soroptimist\" \/>\n<meta name=\"twitter:card\" content=\"summary_large_image\" \/>\n<meta name=\"twitter:label1\" content=\"\u00c9crit par\" \/>\n\t<meta name=\"twitter:data1\" content=\"Soroptimist\" \/>\n\t<meta name=\"twitter:label2\" content=\"Dur\u00e9e de lecture estim\u00e9e\" \/>\n\t<meta name=\"twitter:data2\" content=\"8 minutes\" \/>\n<script type=\"application\/ld+json\" class=\"yoast-schema-graph\">{\"@context\":\"https:\\\/\\\/schema.org\",\"@graph\":[{\"@type\":\"Article\",\"@id\":\"https:\\\/\\\/www.soroptimisteurope.org\\\/meet-rita-chiappa-sie-scholarship-mentoring-and-leadership-academy-committee-member\\\/#article\",\"isPartOf\":{\"@id\":\"https:\\\/\\\/www.soroptimisteurope.org\\\/meet-rita-chiappa-sie-scholarship-mentoring-and-leadership-academy-committee-member\\\/\"},\"author\":{\"name\":\"Soroptimist\",\"@id\":\"https:\\\/\\\/www.soroptimisteurope.org\\\/#\\\/schema\\\/person\\\/704fb842a150c870ec736ee629ee7e24\"},\"headline\":\"Rencontrez Rita Chiappa, membre de la Commission des Bourses, du Mentorat et de l&rsquo;Acad\u00e9mie du Leadership du SIE\",\"datePublished\":\"2026-09-06T07:00:00+00:00\",\"mainEntityOfPage\":{\"@id\":\"https:\\\/\\\/www.soroptimisteurope.org\\\/meet-rita-chiappa-sie-scholarship-mentoring-and-leadership-academy-committee-member\\\/\"},\"wordCount\":1777,\"image\":{\"@id\":\"https:\\\/\\\/www.soroptimisteurope.org\\\/meet-rita-chiappa-sie-scholarship-mentoring-and-leadership-academy-committee-member\\\/#primaryimage\"},\"thumbnailUrl\":\"https:\\\/\\\/www.soroptimisteurope.org\\\/wp-content\\\/uploads\\\/2026\\\/01\\\/Rita-Chiappa.jpg\",\"articleSection\":[\"Nouvelles\"],\"inLanguage\":\"fr-FR\"},{\"@type\":\"WebPage\",\"@id\":\"https:\\\/\\\/www.soroptimisteurope.org\\\/meet-rita-chiappa-sie-scholarship-mentoring-and-leadership-academy-committee-member\\\/\",\"url\":\"https:\\\/\\\/www.soroptimisteurope.org\\\/meet-rita-chiappa-sie-scholarship-mentoring-and-leadership-academy-committee-member\\\/\",\"name\":\"Rencontrez Rita Chiappa, membre de la Commission des Bourses, du Mentorat et de l'Acad\u00e9mie du Leadership du SIE - Soroptimist\",\"isPartOf\":{\"@id\":\"https:\\\/\\\/www.soroptimisteurope.org\\\/#website\"},\"primaryImageOfPage\":{\"@id\":\"https:\\\/\\\/www.soroptimisteurope.org\\\/meet-rita-chiappa-sie-scholarship-mentoring-and-leadership-academy-committee-member\\\/#primaryimage\"},\"image\":{\"@id\":\"https:\\\/\\\/www.soroptimisteurope.org\\\/meet-rita-chiappa-sie-scholarship-mentoring-and-leadership-academy-committee-member\\\/#primaryimage\"},\"thumbnailUrl\":\"https:\\\/\\\/www.soroptimisteurope.org\\\/wp-content\\\/uploads\\\/2026\\\/01\\\/Rita-Chiappa.jpg\",\"datePublished\":\"2026-09-06T07:00:00+00:00\",\"author\":{\"@id\":\"https:\\\/\\\/www.soroptimisteurope.org\\\/#\\\/schema\\\/person\\\/704fb842a150c870ec736ee629ee7e24\"},\"breadcrumb\":{\"@id\":\"https:\\\/\\\/www.soroptimisteurope.org\\\/meet-rita-chiappa-sie-scholarship-mentoring-and-leadership-academy-committee-member\\\/#breadcrumb\"},\"inLanguage\":\"fr-FR\",\"potentialAction\":[{\"@type\":\"ReadAction\",\"target\":[\"https:\\\/\\\/www.soroptimisteurope.org\\\/meet-rita-chiappa-sie-scholarship-mentoring-and-leadership-academy-committee-member\\\/\"]}]},{\"@type\":\"ImageObject\",\"inLanguage\":\"fr-FR\",\"@id\":\"https:\\\/\\\/www.soroptimisteurope.org\\\/meet-rita-chiappa-sie-scholarship-mentoring-and-leadership-academy-committee-member\\\/#primaryimage\",\"url\":\"https:\\\/\\\/www.soroptimisteurope.org\\\/wp-content\\\/uploads\\\/2026\\\/01\\\/Rita-Chiappa.jpg\",\"contentUrl\":\"https:\\\/\\\/www.soroptimisteurope.org\\\/wp-content\\\/uploads\\\/2026\\\/01\\\/Rita-Chiappa.jpg\",\"width\":567,\"height\":569},{\"@type\":\"BreadcrumbList\",\"@id\":\"https:\\\/\\\/www.soroptimisteurope.org\\\/meet-rita-chiappa-sie-scholarship-mentoring-and-leadership-academy-committee-member\\\/#breadcrumb\",\"itemListElement\":[{\"@type\":\"ListItem\",\"position\":1,\"name\":\"Accueil\",\"item\":\"https:\\\/\\\/www.soroptimisteurope.org\\\/fr\\\/accueil\\\/\"},{\"@type\":\"ListItem\",\"position\":2,\"name\":\"Rencontrez Rita Chiappa, membre de la Commission des Bourses, du Mentorat et de l&#8217;Acad\u00e9mie du Leadership du SIE\"}]},{\"@type\":\"WebSite\",\"@id\":\"https:\\\/\\\/www.soroptimisteurope.org\\\/#website\",\"url\":\"https:\\\/\\\/www.soroptimisteurope.org\\\/\",\"name\":\"Soroptimist\",\"description\":\"\",\"potentialAction\":[{\"@type\":\"SearchAction\",\"target\":{\"@type\":\"EntryPoint\",\"urlTemplate\":\"https:\\\/\\\/www.soroptimisteurope.org\\\/?s={search_term_string}\"},\"query-input\":{\"@type\":\"PropertyValueSpecification\",\"valueRequired\":true,\"valueName\":\"search_term_string\"}}],\"inLanguage\":\"fr-FR\"},{\"@type\":\"Person\",\"@id\":\"https:\\\/\\\/www.soroptimisteurope.org\\\/#\\\/schema\\\/person\\\/704fb842a150c870ec736ee629ee7e24\",\"name\":\"Soroptimist\",\"url\":\"https:\\\/\\\/www.soroptimisteurope.org\\\/fr\\\/author\\\/soropadmin2\\\/\"}]}<\/script>\n<!-- \/ Yoast SEO plugin. -->","yoast_head_json":{"title":"Rencontrez Rita Chiappa, membre de la Commission des Bourses, du Mentorat et de l'Acad\u00e9mie du Leadership du SIE - Soroptimist","robots":{"index":"index","follow":"follow","max-snippet":"max-snippet:-1","max-image-preview":"max-image-preview:large","max-video-preview":"max-video-preview:-1"},"canonical":"https:\/\/www.soroptimisteurope.org\/meet-rita-chiappa-sie-scholarship-mentoring-and-leadership-academy-committee-member\/","og_locale":"fr_FR","og_type":"article","og_title":"Rencontrez Rita Chiappa, membre de la Commission des Bourses, du Mentorat et de l'Acad\u00e9mie du Leadership du SIE - Soroptimist","og_description":"\u00ab R\u00e9v\u00e9ler son potentiel. Lever les barri\u00e8res. La laisser ouvrir la voie. \u00bb Quelle est votre motivation personnelle pour si\u00e9ger au Bureau du SIE pour l\u2019ann\u00e9e 2026\/27 ? Ma d\u00e9cision [&hellip;]","og_url":"https:\/\/www.soroptimisteurope.org\/meet-rita-chiappa-sie-scholarship-mentoring-and-leadership-academy-committee-member\/","og_site_name":"Soroptimist","article_published_time":"2026-09-06T07:00:00+00:00","og_image":[{"width":567,"height":569,"url":"https:\/\/www.soroptimisteurope.org\/wp-content\/uploads\/2026\/01\/Rita-Chiappa.jpg","type":"image\/jpeg"}],"author":"Soroptimist","twitter_card":"summary_large_image","twitter_misc":{"\u00c9crit par":"Soroptimist","Dur\u00e9e de lecture estim\u00e9e":"8 minutes"},"schema":{"@context":"https:\/\/schema.org","@graph":[{"@type":"Article","@id":"https:\/\/www.soroptimisteurope.org\/meet-rita-chiappa-sie-scholarship-mentoring-and-leadership-academy-committee-member\/#article","isPartOf":{"@id":"https:\/\/www.soroptimisteurope.org\/meet-rita-chiappa-sie-scholarship-mentoring-and-leadership-academy-committee-member\/"},"author":{"name":"Soroptimist","@id":"https:\/\/www.soroptimisteurope.org\/#\/schema\/person\/704fb842a150c870ec736ee629ee7e24"},"headline":"Rencontrez Rita Chiappa, membre de la Commission des Bourses, du Mentorat et de l&rsquo;Acad\u00e9mie du Leadership du SIE","datePublished":"2026-09-06T07:00:00+00:00","mainEntityOfPage":{"@id":"https:\/\/www.soroptimisteurope.org\/meet-rita-chiappa-sie-scholarship-mentoring-and-leadership-academy-committee-member\/"},"wordCount":1777,"image":{"@id":"https:\/\/www.soroptimisteurope.org\/meet-rita-chiappa-sie-scholarship-mentoring-and-leadership-academy-committee-member\/#primaryimage"},"thumbnailUrl":"https:\/\/www.soroptimisteurope.org\/wp-content\/uploads\/2026\/01\/Rita-Chiappa.jpg","articleSection":["Nouvelles"],"inLanguage":"fr-FR"},{"@type":"WebPage","@id":"https:\/\/www.soroptimisteurope.org\/meet-rita-chiappa-sie-scholarship-mentoring-and-leadership-academy-committee-member\/","url":"https:\/\/www.soroptimisteurope.org\/meet-rita-chiappa-sie-scholarship-mentoring-and-leadership-academy-committee-member\/","name":"Rencontrez Rita Chiappa, membre de la Commission des Bourses, du Mentorat et de l'Acad\u00e9mie du Leadership du SIE - Soroptimist","isPartOf":{"@id":"https:\/\/www.soroptimisteurope.org\/#website"},"primaryImageOfPage":{"@id":"https:\/\/www.soroptimisteurope.org\/meet-rita-chiappa-sie-scholarship-mentoring-and-leadership-academy-committee-member\/#primaryimage"},"image":{"@id":"https:\/\/www.soroptimisteurope.org\/meet-rita-chiappa-sie-scholarship-mentoring-and-leadership-academy-committee-member\/#primaryimage"},"thumbnailUrl":"https:\/\/www.soroptimisteurope.org\/wp-content\/uploads\/2026\/01\/Rita-Chiappa.jpg","datePublished":"2026-09-06T07:00:00+00:00","author":{"@id":"https:\/\/www.soroptimisteurope.org\/#\/schema\/person\/704fb842a150c870ec736ee629ee7e24"},"breadcrumb":{"@id":"https:\/\/www.soroptimisteurope.org\/meet-rita-chiappa-sie-scholarship-mentoring-and-leadership-academy-committee-member\/#breadcrumb"},"inLanguage":"fr-FR","potentialAction":[{"@type":"ReadAction","target":["https:\/\/www.soroptimisteurope.org\/meet-rita-chiappa-sie-scholarship-mentoring-and-leadership-academy-committee-member\/"]}]},{"@type":"ImageObject","inLanguage":"fr-FR","@id":"https:\/\/www.soroptimisteurope.org\/meet-rita-chiappa-sie-scholarship-mentoring-and-leadership-academy-committee-member\/#primaryimage","url":"https:\/\/www.soroptimisteurope.org\/wp-content\/uploads\/2026\/01\/Rita-Chiappa.jpg","contentUrl":"https:\/\/www.soroptimisteurope.org\/wp-content\/uploads\/2026\/01\/Rita-Chiappa.jpg","width":567,"height":569},{"@type":"BreadcrumbList","@id":"https:\/\/www.soroptimisteurope.org\/meet-rita-chiappa-sie-scholarship-mentoring-and-leadership-academy-committee-member\/#breadcrumb","itemListElement":[{"@type":"ListItem","position":1,"name":"Accueil","item":"https:\/\/www.soroptimisteurope.org\/fr\/accueil\/"},{"@type":"ListItem","position":2,"name":"Rencontrez Rita Chiappa, membre de la Commission des Bourses, du Mentorat et de l&#8217;Acad\u00e9mie du Leadership du SIE"}]},{"@type":"WebSite","@id":"https:\/\/www.soroptimisteurope.org\/#website","url":"https:\/\/www.soroptimisteurope.org\/","name":"Soroptimist","description":"","potentialAction":[{"@type":"SearchAction","target":{"@type":"EntryPoint","urlTemplate":"https:\/\/www.soroptimisteurope.org\/?s={search_term_string}"},"query-input":{"@type":"PropertyValueSpecification","valueRequired":true,"valueName":"search_term_string"}}],"inLanguage":"fr-FR"},{"@type":"Person","@id":"https:\/\/www.soroptimisteurope.org\/#\/schema\/person\/704fb842a150c870ec736ee629ee7e24","name":"Soroptimist","url":"https:\/\/www.soroptimisteurope.org\/fr\/author\/soropadmin2\/"}]}},"_links":{"self":[{"href":"https:\/\/www.soroptimisteurope.org\/fr\/wp-json\/wp\/v2\/posts\/54105","targetHints":{"allow":["GET"]}}],"collection":[{"href":"https:\/\/www.soroptimisteurope.org\/fr\/wp-json\/wp\/v2\/posts"}],"about":[{"href":"https:\/\/www.soroptimisteurope.org\/fr\/wp-json\/wp\/v2\/types\/post"}],"author":[{"embeddable":true,"href":"https:\/\/www.soroptimisteurope.org\/fr\/wp-json\/wp\/v2\/users\/3"}],"replies":[{"embeddable":true,"href":"https:\/\/www.soroptimisteurope.org\/fr\/wp-json\/wp\/v2\/comments?post=54105"}],"version-history":[{"count":2,"href":"https:\/\/www.soroptimisteurope.org\/fr\/wp-json\/wp\/v2\/posts\/54105\/revisions"}],"predecessor-version":[{"id":54118,"href":"https:\/\/www.soroptimisteurope.org\/fr\/wp-json\/wp\/v2\/posts\/54105\/revisions\/54118"}],"wp:featuredmedia":[{"embeddable":true,"href":"https:\/\/www.soroptimisteurope.org\/fr\/wp-json\/wp\/v2\/media\/51993"}],"wp:attachment":[{"href":"https:\/\/www.soroptimisteurope.org\/fr\/wp-json\/wp\/v2\/media?parent=54105"}],"wp:term":[{"taxonomy":"category","embeddable":true,"href":"https:\/\/www.soroptimisteurope.org\/fr\/wp-json\/wp\/v2\/categories?post=54105"},{"taxonomy":"post_tag","embeddable":true,"href":"https:\/\/www.soroptimisteurope.org\/fr\/wp-json\/wp\/v2\/tags?post=54105"}],"curies":[{"name":"wp","href":"https:\/\/api.w.org\/{rel}","templated":true}]}}