{"id":7416,"date":"2017-03-07T10:25:42","date_gmt":"2017-03-07T09:25:42","guid":{"rendered":"http:\/\/www.soroptimisteurope.org\/fr\/?p=7416"},"modified":"2025-11-25T14:49:23","modified_gmt":"2025-11-25T13:49:23","slug":"soroptimistes-jour-journee-internationale-de-femme","status":"publish","type":"post","link":"https:\/\/www.soroptimisteurope.org\/fr\/soroptimistes-jour-journee-internationale-de-femme\/","title":{"rendered":"Pour les Soroptimist, chaque jour est une Journ\u00e9e internationale de la femme !"},"content":{"rendered":"<p>\u00ab\u00a0Les femmes dans un monde du travail en \u00e9volution\u00a0: une plan\u00e8te 50-50 d\u2019ici \u00e0 2030\u00a0\u00bb sera le th\u00e8me des Nations Unies pour la Journ\u00e9e internationale de la femme qui sera c\u00e9l\u00e9br\u00e9e le 8 mars 2017. Chaque ann\u00e9e, un nouveau th\u00e8me est choisi dans le but de faciliter la mise en \u0153uvre du Programme de d\u00e9veloppement durable \u00e0 l\u2019horizon 2030, lequel int\u00e8gre 17 objectifs qui visent \u00e0 transformer le monde. Les objectifs cl\u00e9s pour les femmes sont le num\u00e9ro 5\u00a0: parvenir \u00e0 l\u2019\u00e9galit\u00e9 des sexes et \u00e0 l\u2019autonomisation des femmes et des filles, et le num\u00e9ro 4\u00a0: garantir l\u2019acc\u00e8s de tous \u00e0 une \u00e9ducation de qualit\u00e9, sur un pied d\u2019\u00e9galit\u00e9, et promouvoir les possibilit\u00e9s d\u2019apprentissage tout au long de la vie.<\/p>\n<p>&nbsp;<\/p>\n<p>En tant qu\u2019organisation compos\u00e9e de femmes actives et professionnelles agissant pour les femmes, le Soroptimist International conna\u00eet mieux que quiconque les d\u00e9fis auxquels ces derni\u00e8res sont confront\u00e9es sur le march\u00e9 du travail, celui-ci a d\u2019ailleurs vocation de les relever. Certaines d\u2019entre nous ont m\u00eame peut-\u00eatre fait personnellement l\u2019exp\u00e9rience de la subtilit\u00e9 des in\u00e9galit\u00e9s fond\u00e9es sur le sexe ! Nos Unions et nos Clubs ont lanc\u00e9 divers programmes de mentorat, des projets de formation, ainsi que des cours d\u2019entraide visant \u00e0 permettre aux femmes de surmonter les obstacles auxquels elles font face sur leur lieu de travail, et de faire progresser leur carri\u00e8re professionnelle. Cela \u00e9tant, l\u2019autonomisation peut aussi passer par l\u2019apprentissage d\u2019un m\u00e9tier pouvant leur permettre d\u2019acqu\u00e9rir une ind\u00e9pendance financi\u00e8re ou par l\u2019enseignement de leurs droits. Les diverses mani\u00e8res novatrices et cr\u00e9atives auxquelles nos membres ont recours pour venir en aide aux femmes et aux filles dans le cadre de leurs \u00e9tudes, dans leur travail et dans leur vie de tous les jours ne cesseront jamais de m\u2019\u00e9tonner.<\/p>\n<p>&nbsp;<\/p>\n<p>Les Soroptimist du monde entier c\u00e9l\u00e9brerons la Journ\u00e9e internationale de la femme \u00e0 travers l\u2019organisation d\u2019\u00e9v\u00e8nements et de projets uniques. Je souhaite \u00e0 toutes les femmes une belle et joyeuse c\u00e9l\u00e9bration, et remercie nos membres, notamment pour leur altruisme et les inlassables efforts qu\u2019ils d\u00e9ploient pour am\u00e9liorer les conditions de vie des femmes et des filles. Comme l\u2019illustrent les exemples mis en \u00e9vidence sur notre nouveau site Internet, nous faisons v\u00e9ritablement avancer les choses !<\/p>\n","protected":false},"excerpt":{"rendered":"<p>\u00ab\u00a0Les femmes dans un monde du travail en \u00e9volution\u00a0: une plan\u00e8te 50-50 d\u2019ici \u00e0 2030\u00a0\u00bb sera le th\u00e8me des Nations Unies pour la Journ\u00e9e internationale de la femme qui sera [&hellip;]<\/p>\n","protected":false},"author":5,"featured_media":35950,"comment_status":"closed","ping_status":"closed","sticky":false,"template":"","format":"standard","meta":{"_acf_changed":false,"give_campaign_id":0,"footnotes":""},"categories":[120,129,130],"tags":[189,190],"class_list":["post-7416","post","type-post","status-publish","format-standard","has-post-thumbnail","hentry","category-advocacy-fr","category-nouvelles","category-autonomie-financiere","tag-autonomie-financiere","tag-advocacy-fr"],"acf":{"article_photo_de_couverture":false,"article_chapeau":"","article_contenu":[{"article_titre_du_paragraphe":"","article_paragraphe":"<p>\u00ab\u00a0Les femmes dans un monde du travail en \u00e9volution\u00a0: une plan\u00e8te 50-50 d\u2019ici \u00e0 2030\u00a0\u00bb sera le th\u00e8me des Nations Unies pour la Journ\u00e9e internationale de la femme qui sera c\u00e9l\u00e9br\u00e9e le 8 mars 2017. Chaque ann\u00e9e, un nouveau th\u00e8me est choisi dans le but de faciliter la mise en \u0153uvre du Programme de d\u00e9veloppement durable \u00e0 l\u2019horizon 2030, lequel int\u00e8gre 17 objectifs qui visent \u00e0 transformer le monde. Les objectifs cl\u00e9s pour les femmes sont le num\u00e9ro 5\u00a0: parvenir \u00e0 l\u2019\u00e9galit\u00e9 des sexes et \u00e0 l\u2019autonomisation des femmes et des filles, et le num\u00e9ro 4\u00a0: garantir l\u2019acc\u00e8s de tous \u00e0 une \u00e9ducation de qualit\u00e9, sur un pied d\u2019\u00e9galit\u00e9, et promouvoir les possibilit\u00e9s d\u2019apprentissage tout au long de la vie.<\/p>\n<p>&nbsp;<\/p>\n<p>En tant qu\u2019organisation compos\u00e9e de femmes actives et professionnelles agissant pour les femmes, le Soroptimist International conna\u00eet mieux que quiconque les d\u00e9fis auxquels ces derni\u00e8res sont confront\u00e9es sur le march\u00e9 du travail, celui-ci a d\u2019ailleurs vocation de les relever. Certaines d\u2019entre nous ont m\u00eame peut-\u00eatre fait personnellement l\u2019exp\u00e9rience de la subtilit\u00e9 des in\u00e9galit\u00e9s fond\u00e9es sur le sexe ! Nos Unions et nos Clubs ont lanc\u00e9 divers programmes de mentorat, des projets de formation, ainsi que des cours d\u2019entraide visant \u00e0 permettre aux femmes de surmonter les obstacles auxquels elles font face sur leur lieu de travail, et de faire progresser leur carri\u00e8re professionnelle. Cela \u00e9tant, l\u2019autonomisation peut aussi passer par l\u2019apprentissage d\u2019un m\u00e9tier pouvant leur permettre d\u2019acqu\u00e9rir une ind\u00e9pendance financi\u00e8re ou par l\u2019enseignement de leurs droits. Les diverses mani\u00e8res novatrices et cr\u00e9atives auxquelles nos membres ont recours pour venir en aide aux femmes et aux filles dans le cadre de leurs \u00e9tudes, dans leur travail et dans leur vie de tous les jours ne cesseront jamais de m\u2019\u00e9tonner.<\/p>\n<p>&nbsp;<\/p>\n<p>Les Soroptimist du monde entier c\u00e9l\u00e9brerons la Journ\u00e9e internationale de la femme \u00e0 travers l\u2019organisation d\u2019\u00e9v\u00e8nements et de projets uniques. Je souhaite \u00e0 toutes les femmes une belle et joyeuse c\u00e9l\u00e9bration, et remercie nos membres, notamment pour leur altruisme et les inlassables efforts qu\u2019ils d\u00e9ploient pour am\u00e9liorer les conditions de vie des femmes et des filles. Comme l\u2019illustrent les exemples mis en \u00e9vidence sur notre nouveau site Internet, nous faisons v\u00e9ritablement avancer les choses !<\/p>\n","article_media_image":false,"article_media_video":""}],"article_trombinoscope":false,"article_video":"","article_evenements_sociaux":false,"article_auteur_texte":"","article_nom_contact":"","article_email_contact":"","article_numero_contact":"","article_documents":false,"article_actualites_liees":false},"yoast_head":"<!-- This site is optimized with the Yoast SEO plugin v27.4 - https:\/\/yoast.com\/product\/yoast-seo-wordpress\/ -->\n<title>Pour les Soroptimist, chaque jour est une Journ\u00e9e internationale de la femme ! - Soroptimist<\/title>\n<meta name=\"robots\" content=\"index, follow, max-snippet:-1, max-image-preview:large, max-video-preview:-1\" \/>\n<link rel=\"canonical\" href=\"https:\/\/www.soroptimisteurope.org\/fr\/soroptimistes-jour-journee-internationale-de-femme\/\" \/>\n<meta property=\"og:locale\" content=\"fr_FR\" \/>\n<meta property=\"og:type\" content=\"article\" \/>\n<meta property=\"og:title\" content=\"Pour les Soroptimist, chaque jour est une Journ\u00e9e internationale de la femme ! - Soroptimist\" \/>\n<meta property=\"og:description\" content=\"\u00ab\u00a0Les femmes dans un monde du travail en \u00e9volution\u00a0: une plan\u00e8te 50-50 d\u2019ici \u00e0 2030\u00a0\u00bb sera le th\u00e8me des Nations Unies pour la Journ\u00e9e internationale de la femme qui sera [&hellip;]\" \/>\n<meta property=\"og:url\" content=\"https:\/\/www.soroptimisteurope.org\/fr\/soroptimistes-jour-journee-internationale-de-femme\/\" \/>\n<meta property=\"og:site_name\" content=\"Soroptimist\" \/>\n<meta property=\"article:published_time\" content=\"2017-03-07T09:25:42+00:00\" \/>\n<meta property=\"article:modified_time\" content=\"2025-11-25T13:49:23+00:00\" \/>\n<meta property=\"og:image\" content=\"https:\/\/www.soroptimisteurope.org\/wp-content\/uploads\/2025\/04\/dsc-8833-edit-4web-5.jpg\" \/>\n\t<meta property=\"og:image:width\" content=\"1134\" \/>\n\t<meta property=\"og:image:height\" content=\"754\" \/>\n\t<meta property=\"og:image:type\" content=\"image\/jpeg\" \/>\n<meta name=\"author\" content=\"Virginie Racine\" \/>\n<meta name=\"twitter:card\" content=\"summary_large_image\" \/>\n<meta name=\"twitter:label1\" content=\"\u00c9crit par\" \/>\n\t<meta name=\"twitter:data1\" content=\"Virginie Racine\" \/>\n\t<meta name=\"twitter:label2\" content=\"Dur\u00e9e de lecture estim\u00e9e\" \/>\n\t<meta name=\"twitter:data2\" content=\"2 minutes\" \/>\n<script type=\"application\/ld+json\" class=\"yoast-schema-graph\">{\"@context\":\"https:\\\/\\\/schema.org\",\"@graph\":[{\"@type\":\"Article\",\"@id\":\"https:\\\/\\\/www.soroptimisteurope.org\\\/fr\\\/soroptimistes-jour-journee-internationale-de-femme\\\/#article\",\"isPartOf\":{\"@id\":\"https:\\\/\\\/www.soroptimisteurope.org\\\/fr\\\/soroptimistes-jour-journee-internationale-de-femme\\\/\"},\"author\":{\"name\":\"Virginie Racine\",\"@id\":\"https:\\\/\\\/www.soroptimisteurope.org\\\/#\\\/schema\\\/person\\\/71cb5ee8dc72773ed419609bf2274619\"},\"headline\":\"Pour les Soroptimist, chaque jour est une Journ\u00e9e internationale de la femme !\",\"datePublished\":\"2017-03-07T09:25:42+00:00\",\"dateModified\":\"2025-11-25T13:49:23+00:00\",\"mainEntityOfPage\":{\"@id\":\"https:\\\/\\\/www.soroptimisteurope.org\\\/fr\\\/soroptimistes-jour-journee-internationale-de-femme\\\/\"},\"wordCount\":424,\"image\":{\"@id\":\"https:\\\/\\\/www.soroptimisteurope.org\\\/fr\\\/soroptimistes-jour-journee-internationale-de-femme\\\/#primaryimage\"},\"thumbnailUrl\":\"https:\\\/\\\/www.soroptimisteurope.org\\\/wp-content\\\/uploads\\\/2025\\\/04\\\/dsc-8833-edit-4web-5.jpg\",\"keywords\":[\"Autonomie financi\u00e8re\",\"Advocacy\"],\"articleSection\":[\"Advocacy\",\"Nouvelles\",\"Autonomie financi\u00e8re\"],\"inLanguage\":\"fr-FR\"},{\"@type\":\"WebPage\",\"@id\":\"https:\\\/\\\/www.soroptimisteurope.org\\\/fr\\\/soroptimistes-jour-journee-internationale-de-femme\\\/\",\"url\":\"https:\\\/\\\/www.soroptimisteurope.org\\\/fr\\\/soroptimistes-jour-journee-internationale-de-femme\\\/\",\"name\":\"Pour les Soroptimist, chaque jour est une Journ\u00e9e internationale de la femme ! - Soroptimist\",\"isPartOf\":{\"@id\":\"https:\\\/\\\/www.soroptimisteurope.org\\\/#website\"},\"primaryImageOfPage\":{\"@id\":\"https:\\\/\\\/www.soroptimisteurope.org\\\/fr\\\/soroptimistes-jour-journee-internationale-de-femme\\\/#primaryimage\"},\"image\":{\"@id\":\"https:\\\/\\\/www.soroptimisteurope.org\\\/fr\\\/soroptimistes-jour-journee-internationale-de-femme\\\/#primaryimage\"},\"thumbnailUrl\":\"https:\\\/\\\/www.soroptimisteurope.org\\\/wp-content\\\/uploads\\\/2025\\\/04\\\/dsc-8833-edit-4web-5.jpg\",\"datePublished\":\"2017-03-07T09:25:42+00:00\",\"dateModified\":\"2025-11-25T13:49:23+00:00\",\"author\":{\"@id\":\"https:\\\/\\\/www.soroptimisteurope.org\\\/#\\\/schema\\\/person\\\/71cb5ee8dc72773ed419609bf2274619\"},\"breadcrumb\":{\"@id\":\"https:\\\/\\\/www.soroptimisteurope.org\\\/fr\\\/soroptimistes-jour-journee-internationale-de-femme\\\/#breadcrumb\"},\"inLanguage\":\"fr-FR\",\"potentialAction\":[{\"@type\":\"ReadAction\",\"target\":[\"https:\\\/\\\/www.soroptimisteurope.org\\\/fr\\\/soroptimistes-jour-journee-internationale-de-femme\\\/\"]}]},{\"@type\":\"ImageObject\",\"inLanguage\":\"fr-FR\",\"@id\":\"https:\\\/\\\/www.soroptimisteurope.org\\\/fr\\\/soroptimistes-jour-journee-internationale-de-femme\\\/#primaryimage\",\"url\":\"https:\\\/\\\/www.soroptimisteurope.org\\\/wp-content\\\/uploads\\\/2025\\\/04\\\/dsc-8833-edit-4web-5.jpg\",\"contentUrl\":\"https:\\\/\\\/www.soroptimisteurope.org\\\/wp-content\\\/uploads\\\/2025\\\/04\\\/dsc-8833-edit-4web-5.jpg\",\"width\":1134,\"height\":754},{\"@type\":\"BreadcrumbList\",\"@id\":\"https:\\\/\\\/www.soroptimisteurope.org\\\/fr\\\/soroptimistes-jour-journee-internationale-de-femme\\\/#breadcrumb\",\"itemListElement\":[{\"@type\":\"ListItem\",\"position\":1,\"name\":\"Accueil\",\"item\":\"https:\\\/\\\/www.soroptimisteurope.org\\\/fr\\\/\"},{\"@type\":\"ListItem\",\"position\":2,\"name\":\"Pour les Soroptimist, chaque jour est une Journ\u00e9e internationale de la femme !\"}]},{\"@type\":\"WebSite\",\"@id\":\"https:\\\/\\\/www.soroptimisteurope.org\\\/#website\",\"url\":\"https:\\\/\\\/www.soroptimisteurope.org\\\/\",\"name\":\"Soroptimist\",\"description\":\"\",\"potentialAction\":[{\"@type\":\"SearchAction\",\"target\":{\"@type\":\"EntryPoint\",\"urlTemplate\":\"https:\\\/\\\/www.soroptimisteurope.org\\\/?s={search_term_string}\"},\"query-input\":{\"@type\":\"PropertyValueSpecification\",\"valueRequired\":true,\"valueName\":\"search_term_string\"}}],\"inLanguage\":\"fr-FR\"},{\"@type\":\"Person\",\"@id\":\"https:\\\/\\\/www.soroptimisteurope.org\\\/#\\\/schema\\\/person\\\/71cb5ee8dc72773ed419609bf2274619\",\"name\":\"Virginie Racine\",\"url\":\"https:\\\/\\\/www.soroptimisteurope.org\\\/fr\\\/author\\\/adminsorop2k21\\\/\"}]}<\/script>\n<!-- \/ Yoast SEO plugin. -->","yoast_head_json":{"title":"Pour les Soroptimist, chaque jour est une Journ\u00e9e internationale de la femme ! - Soroptimist","robots":{"index":"index","follow":"follow","max-snippet":"max-snippet:-1","max-image-preview":"max-image-preview:large","max-video-preview":"max-video-preview:-1"},"canonical":"https:\/\/www.soroptimisteurope.org\/fr\/soroptimistes-jour-journee-internationale-de-femme\/","og_locale":"fr_FR","og_type":"article","og_title":"Pour les Soroptimist, chaque jour est une Journ\u00e9e internationale de la femme ! - Soroptimist","og_description":"\u00ab\u00a0Les femmes dans un monde du travail en \u00e9volution\u00a0: une plan\u00e8te 50-50 d\u2019ici \u00e0 2030\u00a0\u00bb sera le th\u00e8me des Nations Unies pour la Journ\u00e9e internationale de la femme qui sera [&hellip;]","og_url":"https:\/\/www.soroptimisteurope.org\/fr\/soroptimistes-jour-journee-internationale-de-femme\/","og_site_name":"Soroptimist","article_published_time":"2017-03-07T09:25:42+00:00","article_modified_time":"2025-11-25T13:49:23+00:00","og_image":[{"width":1134,"height":754,"url":"https:\/\/www.soroptimisteurope.org\/wp-content\/uploads\/2025\/04\/dsc-8833-edit-4web-5.jpg","type":"image\/jpeg"}],"author":"Virginie Racine","twitter_card":"summary_large_image","twitter_misc":{"\u00c9crit par":"Virginie Racine","Dur\u00e9e de lecture estim\u00e9e":"2 minutes"},"schema":{"@context":"https:\/\/schema.org","@graph":[{"@type":"Article","@id":"https:\/\/www.soroptimisteurope.org\/fr\/soroptimistes-jour-journee-internationale-de-femme\/#article","isPartOf":{"@id":"https:\/\/www.soroptimisteurope.org\/fr\/soroptimistes-jour-journee-internationale-de-femme\/"},"author":{"name":"Virginie Racine","@id":"https:\/\/www.soroptimisteurope.org\/#\/schema\/person\/71cb5ee8dc72773ed419609bf2274619"},"headline":"Pour les Soroptimist, chaque jour est une Journ\u00e9e internationale de la femme !","datePublished":"2017-03-07T09:25:42+00:00","dateModified":"2025-11-25T13:49:23+00:00","mainEntityOfPage":{"@id":"https:\/\/www.soroptimisteurope.org\/fr\/soroptimistes-jour-journee-internationale-de-femme\/"},"wordCount":424,"image":{"@id":"https:\/\/www.soroptimisteurope.org\/fr\/soroptimistes-jour-journee-internationale-de-femme\/#primaryimage"},"thumbnailUrl":"https:\/\/www.soroptimisteurope.org\/wp-content\/uploads\/2025\/04\/dsc-8833-edit-4web-5.jpg","keywords":["Autonomie financi\u00e8re","Advocacy"],"articleSection":["Advocacy","Nouvelles","Autonomie financi\u00e8re"],"inLanguage":"fr-FR"},{"@type":"WebPage","@id":"https:\/\/www.soroptimisteurope.org\/fr\/soroptimistes-jour-journee-internationale-de-femme\/","url":"https:\/\/www.soroptimisteurope.org\/fr\/soroptimistes-jour-journee-internationale-de-femme\/","name":"Pour les Soroptimist, chaque jour est une Journ\u00e9e internationale de la femme ! - Soroptimist","isPartOf":{"@id":"https:\/\/www.soroptimisteurope.org\/#website"},"primaryImageOfPage":{"@id":"https:\/\/www.soroptimisteurope.org\/fr\/soroptimistes-jour-journee-internationale-de-femme\/#primaryimage"},"image":{"@id":"https:\/\/www.soroptimisteurope.org\/fr\/soroptimistes-jour-journee-internationale-de-femme\/#primaryimage"},"thumbnailUrl":"https:\/\/www.soroptimisteurope.org\/wp-content\/uploads\/2025\/04\/dsc-8833-edit-4web-5.jpg","datePublished":"2017-03-07T09:25:42+00:00","dateModified":"2025-11-25T13:49:23+00:00","author":{"@id":"https:\/\/www.soroptimisteurope.org\/#\/schema\/person\/71cb5ee8dc72773ed419609bf2274619"},"breadcrumb":{"@id":"https:\/\/www.soroptimisteurope.org\/fr\/soroptimistes-jour-journee-internationale-de-femme\/#breadcrumb"},"inLanguage":"fr-FR","potentialAction":[{"@type":"ReadAction","target":["https:\/\/www.soroptimisteurope.org\/fr\/soroptimistes-jour-journee-internationale-de-femme\/"]}]},{"@type":"ImageObject","inLanguage":"fr-FR","@id":"https:\/\/www.soroptimisteurope.org\/fr\/soroptimistes-jour-journee-internationale-de-femme\/#primaryimage","url":"https:\/\/www.soroptimisteurope.org\/wp-content\/uploads\/2025\/04\/dsc-8833-edit-4web-5.jpg","contentUrl":"https:\/\/www.soroptimisteurope.org\/wp-content\/uploads\/2025\/04\/dsc-8833-edit-4web-5.jpg","width":1134,"height":754},{"@type":"BreadcrumbList","@id":"https:\/\/www.soroptimisteurope.org\/fr\/soroptimistes-jour-journee-internationale-de-femme\/#breadcrumb","itemListElement":[{"@type":"ListItem","position":1,"name":"Accueil","item":"https:\/\/www.soroptimisteurope.org\/fr\/"},{"@type":"ListItem","position":2,"name":"Pour les Soroptimist, chaque jour est une Journ\u00e9e internationale de la femme !"}]},{"@type":"WebSite","@id":"https:\/\/www.soroptimisteurope.org\/#website","url":"https:\/\/www.soroptimisteurope.org\/","name":"Soroptimist","description":"","potentialAction":[{"@type":"SearchAction","target":{"@type":"EntryPoint","urlTemplate":"https:\/\/www.soroptimisteurope.org\/?s={search_term_string}"},"query-input":{"@type":"PropertyValueSpecification","valueRequired":true,"valueName":"search_term_string"}}],"inLanguage":"fr-FR"},{"@type":"Person","@id":"https:\/\/www.soroptimisteurope.org\/#\/schema\/person\/71cb5ee8dc72773ed419609bf2274619","name":"Virginie Racine","url":"https:\/\/www.soroptimisteurope.org\/fr\/author\/adminsorop2k21\/"}]}},"_links":{"self":[{"href":"https:\/\/www.soroptimisteurope.org\/fr\/wp-json\/wp\/v2\/posts\/7416","targetHints":{"allow":["GET"]}}],"collection":[{"href":"https:\/\/www.soroptimisteurope.org\/fr\/wp-json\/wp\/v2\/posts"}],"about":[{"href":"https:\/\/www.soroptimisteurope.org\/fr\/wp-json\/wp\/v2\/types\/post"}],"author":[{"embeddable":true,"href":"https:\/\/www.soroptimisteurope.org\/fr\/wp-json\/wp\/v2\/users\/5"}],"replies":[{"embeddable":true,"href":"https:\/\/www.soroptimisteurope.org\/fr\/wp-json\/wp\/v2\/comments?post=7416"}],"version-history":[{"count":3,"href":"https:\/\/www.soroptimisteurope.org\/fr\/wp-json\/wp\/v2\/posts\/7416\/revisions"}],"predecessor-version":[{"id":34649,"href":"https:\/\/www.soroptimisteurope.org\/fr\/wp-json\/wp\/v2\/posts\/7416\/revisions\/34649"}],"wp:featuredmedia":[{"embeddable":true,"href":"https:\/\/www.soroptimisteurope.org\/fr\/wp-json\/wp\/v2\/media\/35950"}],"wp:attachment":[{"href":"https:\/\/www.soroptimisteurope.org\/fr\/wp-json\/wp\/v2\/media?parent=7416"}],"wp:term":[{"taxonomy":"category","embeddable":true,"href":"https:\/\/www.soroptimisteurope.org\/fr\/wp-json\/wp\/v2\/categories?post=7416"},{"taxonomy":"post_tag","embeddable":true,"href":"https:\/\/www.soroptimisteurope.org\/fr\/wp-json\/wp\/v2\/tags?post=7416"}],"curies":[{"name":"wp","href":"https:\/\/api.w.org\/{rel}","templated":true}]}}