{"id":7591,"date":"2017-03-09T12:37:59","date_gmt":"2017-03-09T11:37:59","guid":{"rendered":"http:\/\/www.soroptimisteurope.org\/fr\/?p=7591"},"modified":"2025-05-13T11:15:50","modified_gmt":"2025-05-13T09:15:50","slug":"sie-strongly-represented-at-the-commission-on-the-status-of-women-csw61","status":"publish","type":"post","link":"https:\/\/www.soroptimisteurope.org\/fr\/sie-strongly-represented-at-the-commission-on-the-status-of-women-csw61\/","title":{"rendered":"Le SIE Fortement Repr\u00e9sent\u00e9 \u00e0 la Commission de l\u2019ONU sur le Statut des Femmes (CSW61)"},"content":{"rendered":"<p>En tant qu\u2019organisation non gouvernementale accr\u00e9dit\u00e9e par l\u2019ECOSOC, le Soroptimist International d\u2019Europe sera repr\u00e9sent\u00e9 par une d\u00e9l\u00e9gation de 20 Soroptimist, men\u00e9es par la Pr\u00e9sidente SIE Maria Elisabetta de Franciscis et la Vice-Pr\u00e9sidente Plaidoyer du SIE Sigrid Ag. Le th\u00e8me prioritaire pour la session de cette ann\u00e9e est \u00ab\u00a0L\u2019autonomisation \u00e9conomique des femmes dans le monde du travail\u00a0 en \u00e9volution.\u00a0\u00bb<\/p>\n<p>&nbsp;<\/p>\n<p>La Journ\u00e9e de Consultation des ONGs du 12 Mars plantera le d\u00e9cor pour la CSW61. Plus tard dans la journ\u00e9e, la Pr\u00e9sidente Maria Elisabetta de Franciscis sera l\u2019h\u00f4te d\u2019une r\u00e9ception pour la d\u00e9l\u00e9gation de la F\u00e9d\u00e9ration.<\/p>\n<p>&nbsp;<\/p>\n<p>Tout au long de la proc\u00e9dure, les d\u00e9l\u00e9gu\u00e9es SIE feront du r\u00e9seautage avec les autres organisations et les repr\u00e9sentants des gouvernements\u00a0; distribueront des documents d\u2019information sur notre organisation et fourniront des d\u00e9tails sur les t\u00e2ches et les messages cl\u00e9s des Soroptimist, leur travail de projets et l\u2019implication du SI aupr\u00e8s de l\u2019ONU.<\/p>\n<p>&nbsp;<\/p>\n<p>Le Forum des ONG du CSW est une s\u00e9rie d\u2019\u00e9v\u00e8nements qui ont lieu parall\u00e8lement \u00e0 la UN CSW. Ces \u00e9v\u00e8nements rendent hommage au travail que des organisations comme Soroptimist International d\u2019Europe accomplissent \u00e0 travers le monde et proposent des perspectives instructives et int\u00e9ressantes concernant un large \u00e9ventail de questions ayant un effet sur les femmes et les filles. Soroptimist International organisera un \u00e9v\u00e8nement faisant partie du Forum des ONGs CSW le Mercredi 15 Mars.<\/p>\n<p>&nbsp;<\/p>\n<p>Nos d\u00e9l\u00e9gu\u00e9s SIE posteront r\u00e9guli\u00e8rement des rapports et des photos sur Facebook. Pendant la session, veuillez \u00e9galement consulter le <a href=\"http:\/\/www.soroptimistinternational.org\">site du SI<\/a> pour plus de d\u00e9tails sur les \u00e9v\u00e8nements.<\/p>\n<p>&nbsp;<\/p>\n<p><a href=\"http:\/\/www.unwomen.org\/en\/csw\/csw61-2017\">Message vid\u00e9o du pr\u00e9sident de CSW61, son excellence Antonio de Aguiar Patriota du Br\u00e9sil<\/a><\/p>\n","protected":false},"excerpt":{"rendered":"<p>Environ 80 repr\u00e9sentantes des quatre F\u00e9d\u00e9rations et du Soroptimist International se rassembleront au Quartier G\u00e9n\u00e9ral des Nations-Unies \u00e0 New York du 12 au 24 Mars 2017 pour la 61e session de la Commission de l\u2019ONU sur le Statut des Femmes (CSW61).<\/p>\n","protected":false},"author":5,"featured_media":0,"comment_status":"open","ping_status":"open","sticky":false,"template":"","format":"standard","meta":{"_acf_changed":false,"give_campaign_id":0,"footnotes":""},"categories":[],"tags":[],"class_list":["post-7591","post","type-post","status-publish","format-standard","hentry"],"acf":{"article_actualites_liees":false,"article_documents":false,"article_numero_contact":"","article_email_contact":"","article_nom_contact":"","article_contenu":[{"article_titre_du_paragraphe":"","article_paragraphe":"<p>En tant qu\u2019organisation non gouvernementale accr\u00e9dit\u00e9e par l\u2019ECOSOC, le Soroptimist International d\u2019Europe sera repr\u00e9sent\u00e9 par une d\u00e9l\u00e9gation de 20 Soroptimist, men\u00e9es par la Pr\u00e9sidente SIE Maria Elisabetta de Franciscis et la Vice-Pr\u00e9sidente Plaidoyer du SIE Sigrid Ag. Le th\u00e8me prioritaire pour la session de cette ann\u00e9e est \u00ab\u00a0L\u2019autonomisation \u00e9conomique des femmes dans le monde du travail\u00a0 en \u00e9volution.\u00a0\u00bb<\/p>\n<p>&nbsp;<\/p>\n<p>La Journ\u00e9e de Consultation des ONGs du 12 Mars plantera le d\u00e9cor pour la CSW61. Plus tard dans la journ\u00e9e, la Pr\u00e9sidente Maria Elisabetta de Franciscis sera l\u2019h\u00f4te d\u2019une r\u00e9ception pour la d\u00e9l\u00e9gation de la F\u00e9d\u00e9ration.<\/p>\n<p>&nbsp;<\/p>\n<p>Tout au long de la proc\u00e9dure, les d\u00e9l\u00e9gu\u00e9es SIE feront du r\u00e9seautage avec les autres organisations et les repr\u00e9sentants des gouvernements\u00a0; distribueront des documents d\u2019information sur notre organisation et fourniront des d\u00e9tails sur les t\u00e2ches et les messages cl\u00e9s des Soroptimist, leur travail de projets et l\u2019implication du SI aupr\u00e8s de l\u2019ONU.<\/p>\n<p>&nbsp;<\/p>\n<p>Le Forum des ONG du CSW est une s\u00e9rie d\u2019\u00e9v\u00e8nements qui ont lieu parall\u00e8lement \u00e0 la UN CSW. Ces \u00e9v\u00e8nements rendent hommage au travail que des organisations comme Soroptimist International d\u2019Europe accomplissent \u00e0 travers le monde et proposent des perspectives instructives et int\u00e9ressantes concernant un large \u00e9ventail de questions ayant un effet sur les femmes et les filles. Soroptimist International organisera un \u00e9v\u00e8nement faisant partie du Forum des ONGs CSW le Mercredi 15 Mars.<\/p>\n<p>&nbsp;<\/p>\n<p>Nos d\u00e9l\u00e9gu\u00e9s SIE posteront r\u00e9guli\u00e8rement des rapports et des photos sur Facebook. Pendant la session, veuillez \u00e9galement consulter le <a href=\"http:\/\/www.soroptimistinternational.org\">site du SI<\/a> pour plus de d\u00e9tails sur les \u00e9v\u00e8nements.<\/p>\n<p>&nbsp;<\/p>\n<p><a href=\"http:\/\/www.unwomen.org\/en\/csw\/csw61-2017\">Message vid\u00e9o du pr\u00e9sident de CSW61, son excellence Antonio de Aguiar Patriota du Br\u00e9sil<\/a><\/p>\n","article_media_image":false,"article_media_video":""}],"article_trombinoscope":false,"article_video":"","article_evenements_sociaux":false,"article_auteur_texte":"","article_chapeau":"<p>Environ 80 repr\u00e9sentantes des quatre F\u00e9d\u00e9rations et du Soroptimist International se rassembleront au Quartier G\u00e9n\u00e9ral des Nations-Unies \u00e0 New York du 12 au 24 Mars 2017 pour la 61e session de la Commission de l\u2019ONU sur le Statut des Femmes (CSW61).<\/p>\n","article_photo_de_couverture":false},"yoast_head":"<!-- This site is optimized with the Yoast SEO plugin v27.5 - https:\/\/yoast.com\/product\/yoast-seo-wordpress\/ -->\n<title>Le SIE Fortement Repr\u00e9sent\u00e9 \u00e0 la Commission de l\u2019ONU sur le Statut des Femmes (CSW61) - Soroptimist<\/title>\n<meta name=\"robots\" content=\"index, follow, max-snippet:-1, max-image-preview:large, max-video-preview:-1\" \/>\n<link rel=\"canonical\" href=\"https:\/\/www.soroptimisteurope.org\/sie-fortement-represente-a-commission-de-lonu-statut-femmes-csw61\/\" \/>\n<meta property=\"og:locale\" content=\"fr_FR\" \/>\n<meta property=\"og:type\" content=\"article\" \/>\n<meta property=\"og:title\" content=\"Le SIE Fortement Repr\u00e9sent\u00e9 \u00e0 la Commission de l\u2019ONU sur le Statut des Femmes (CSW61) - Soroptimist\" \/>\n<meta property=\"og:description\" content=\"Environ 80 repr\u00e9sentantes des quatre F\u00e9d\u00e9rations et du Soroptimist International se rassembleront au Quartier G\u00e9n\u00e9ral des Nations-Unies \u00e0 New York du 12 au 24 Mars 2017 pour la 61e session de la Commission de l\u2019ONU sur le Statut des Femmes (CSW61).\" \/>\n<meta property=\"og:url\" content=\"https:\/\/www.soroptimisteurope.org\/sie-fortement-represente-a-commission-de-lonu-statut-femmes-csw61\/\" \/>\n<meta property=\"og:site_name\" content=\"Soroptimist\" \/>\n<meta property=\"article:published_time\" content=\"2017-03-09T11:37:59+00:00\" \/>\n<meta property=\"article:modified_time\" content=\"2025-05-13T09:15:50+00:00\" \/>\n<meta name=\"author\" content=\"Virginie Racine\" \/>\n<meta name=\"twitter:card\" content=\"summary_large_image\" \/>\n<meta name=\"twitter:label1\" content=\"\u00c9crit par\" \/>\n\t<meta name=\"twitter:data1\" content=\"Virginie Racine\" \/>\n\t<meta name=\"twitter:label2\" content=\"Dur\u00e9e de lecture estim\u00e9e\" \/>\n\t<meta name=\"twitter:data2\" content=\"2 minutes\" \/>\n<script type=\"application\/ld+json\" class=\"yoast-schema-graph\">{\"@context\":\"https:\\\/\\\/schema.org\",\"@graph\":[{\"@type\":\"Article\",\"@id\":\"https:\\\/\\\/www.soroptimisteurope.org\\\/sie-fortement-represente-a-commission-de-lonu-statut-femmes-csw61\\\/#article\",\"isPartOf\":{\"@id\":\"https:\\\/\\\/www.soroptimisteurope.org\\\/sie-fortement-represente-a-commission-de-lonu-statut-femmes-csw61\\\/\"},\"author\":{\"name\":\"Virginie Racine\",\"@id\":\"https:\\\/\\\/www.soroptimisteurope.org\\\/#\\\/schema\\\/person\\\/71cb5ee8dc72773ed419609bf2274619\"},\"headline\":\"Le SIE Fortement Repr\u00e9sent\u00e9 \u00e0 la Commission de l\u2019ONU sur le Statut des Femmes (CSW61)\",\"datePublished\":\"2017-03-09T11:37:59+00:00\",\"dateModified\":\"2025-05-13T09:15:50+00:00\",\"mainEntityOfPage\":{\"@id\":\"https:\\\/\\\/www.soroptimisteurope.org\\\/sie-fortement-represente-a-commission-de-lonu-statut-femmes-csw61\\\/\"},\"wordCount\":336,\"commentCount\":0,\"inLanguage\":\"fr-FR\",\"potentialAction\":[{\"@type\":\"CommentAction\",\"name\":\"Comment\",\"target\":[\"https:\\\/\\\/www.soroptimisteurope.org\\\/sie-fortement-represente-a-commission-de-lonu-statut-femmes-csw61\\\/#respond\"]}]},{\"@type\":\"WebPage\",\"@id\":\"https:\\\/\\\/www.soroptimisteurope.org\\\/sie-fortement-represente-a-commission-de-lonu-statut-femmes-csw61\\\/\",\"url\":\"https:\\\/\\\/www.soroptimisteurope.org\\\/sie-fortement-represente-a-commission-de-lonu-statut-femmes-csw61\\\/\",\"name\":\"Le SIE Fortement Repr\u00e9sent\u00e9 \u00e0 la Commission de l\u2019ONU sur le Statut des Femmes (CSW61) - Soroptimist\",\"isPartOf\":{\"@id\":\"https:\\\/\\\/www.soroptimisteurope.org\\\/#website\"},\"datePublished\":\"2017-03-09T11:37:59+00:00\",\"dateModified\":\"2025-05-13T09:15:50+00:00\",\"author\":{\"@id\":\"https:\\\/\\\/www.soroptimisteurope.org\\\/#\\\/schema\\\/person\\\/71cb5ee8dc72773ed419609bf2274619\"},\"breadcrumb\":{\"@id\":\"https:\\\/\\\/www.soroptimisteurope.org\\\/sie-fortement-represente-a-commission-de-lonu-statut-femmes-csw61\\\/#breadcrumb\"},\"inLanguage\":\"fr-FR\",\"potentialAction\":[{\"@type\":\"ReadAction\",\"target\":[\"https:\\\/\\\/www.soroptimisteurope.org\\\/sie-fortement-represente-a-commission-de-lonu-statut-femmes-csw61\\\/\"]}]},{\"@type\":\"BreadcrumbList\",\"@id\":\"https:\\\/\\\/www.soroptimisteurope.org\\\/sie-fortement-represente-a-commission-de-lonu-statut-femmes-csw61\\\/#breadcrumb\",\"itemListElement\":[{\"@type\":\"ListItem\",\"position\":1,\"name\":\"Accueil\",\"item\":\"https:\\\/\\\/www.soroptimisteurope.org\\\/fr\\\/accueil\\\/\"},{\"@type\":\"ListItem\",\"position\":2,\"name\":\"Le SIE Fortement Repr\u00e9sent\u00e9 \u00e0 la Commission de l\u2019ONU sur le Statut des Femmes (CSW61)\"}]},{\"@type\":\"WebSite\",\"@id\":\"https:\\\/\\\/www.soroptimisteurope.org\\\/#website\",\"url\":\"https:\\\/\\\/www.soroptimisteurope.org\\\/\",\"name\":\"Soroptimist\",\"description\":\"\",\"potentialAction\":[{\"@type\":\"SearchAction\",\"target\":{\"@type\":\"EntryPoint\",\"urlTemplate\":\"https:\\\/\\\/www.soroptimisteurope.org\\\/?s={search_term_string}\"},\"query-input\":{\"@type\":\"PropertyValueSpecification\",\"valueRequired\":true,\"valueName\":\"search_term_string\"}}],\"inLanguage\":\"fr-FR\"},{\"@type\":\"Person\",\"@id\":\"https:\\\/\\\/www.soroptimisteurope.org\\\/#\\\/schema\\\/person\\\/71cb5ee8dc72773ed419609bf2274619\",\"name\":\"Virginie Racine\",\"url\":\"https:\\\/\\\/www.soroptimisteurope.org\\\/fr\\\/author\\\/adminsorop2k21\\\/\"}]}<\/script>\n<!-- \/ Yoast SEO plugin. -->","yoast_head_json":{"title":"Le SIE Fortement Repr\u00e9sent\u00e9 \u00e0 la Commission de l\u2019ONU sur le Statut des Femmes (CSW61) - Soroptimist","robots":{"index":"index","follow":"follow","max-snippet":"max-snippet:-1","max-image-preview":"max-image-preview:large","max-video-preview":"max-video-preview:-1"},"canonical":"https:\/\/www.soroptimisteurope.org\/sie-fortement-represente-a-commission-de-lonu-statut-femmes-csw61\/","og_locale":"fr_FR","og_type":"article","og_title":"Le SIE Fortement Repr\u00e9sent\u00e9 \u00e0 la Commission de l\u2019ONU sur le Statut des Femmes (CSW61) - Soroptimist","og_description":"Environ 80 repr\u00e9sentantes des quatre F\u00e9d\u00e9rations et du Soroptimist International se rassembleront au Quartier G\u00e9n\u00e9ral des Nations-Unies \u00e0 New York du 12 au 24 Mars 2017 pour la 61e session de la Commission de l\u2019ONU sur le Statut des Femmes (CSW61).","og_url":"https:\/\/www.soroptimisteurope.org\/sie-fortement-represente-a-commission-de-lonu-statut-femmes-csw61\/","og_site_name":"Soroptimist","article_published_time":"2017-03-09T11:37:59+00:00","article_modified_time":"2025-05-13T09:15:50+00:00","author":"Virginie Racine","twitter_card":"summary_large_image","twitter_misc":{"\u00c9crit par":"Virginie Racine","Dur\u00e9e de lecture estim\u00e9e":"2 minutes"},"schema":{"@context":"https:\/\/schema.org","@graph":[{"@type":"Article","@id":"https:\/\/www.soroptimisteurope.org\/sie-fortement-represente-a-commission-de-lonu-statut-femmes-csw61\/#article","isPartOf":{"@id":"https:\/\/www.soroptimisteurope.org\/sie-fortement-represente-a-commission-de-lonu-statut-femmes-csw61\/"},"author":{"name":"Virginie Racine","@id":"https:\/\/www.soroptimisteurope.org\/#\/schema\/person\/71cb5ee8dc72773ed419609bf2274619"},"headline":"Le SIE Fortement Repr\u00e9sent\u00e9 \u00e0 la Commission de l\u2019ONU sur le Statut des Femmes (CSW61)","datePublished":"2017-03-09T11:37:59+00:00","dateModified":"2025-05-13T09:15:50+00:00","mainEntityOfPage":{"@id":"https:\/\/www.soroptimisteurope.org\/sie-fortement-represente-a-commission-de-lonu-statut-femmes-csw61\/"},"wordCount":336,"commentCount":0,"inLanguage":"fr-FR","potentialAction":[{"@type":"CommentAction","name":"Comment","target":["https:\/\/www.soroptimisteurope.org\/sie-fortement-represente-a-commission-de-lonu-statut-femmes-csw61\/#respond"]}]},{"@type":"WebPage","@id":"https:\/\/www.soroptimisteurope.org\/sie-fortement-represente-a-commission-de-lonu-statut-femmes-csw61\/","url":"https:\/\/www.soroptimisteurope.org\/sie-fortement-represente-a-commission-de-lonu-statut-femmes-csw61\/","name":"Le SIE Fortement Repr\u00e9sent\u00e9 \u00e0 la Commission de l\u2019ONU sur le Statut des Femmes (CSW61) - Soroptimist","isPartOf":{"@id":"https:\/\/www.soroptimisteurope.org\/#website"},"datePublished":"2017-03-09T11:37:59+00:00","dateModified":"2025-05-13T09:15:50+00:00","author":{"@id":"https:\/\/www.soroptimisteurope.org\/#\/schema\/person\/71cb5ee8dc72773ed419609bf2274619"},"breadcrumb":{"@id":"https:\/\/www.soroptimisteurope.org\/sie-fortement-represente-a-commission-de-lonu-statut-femmes-csw61\/#breadcrumb"},"inLanguage":"fr-FR","potentialAction":[{"@type":"ReadAction","target":["https:\/\/www.soroptimisteurope.org\/sie-fortement-represente-a-commission-de-lonu-statut-femmes-csw61\/"]}]},{"@type":"BreadcrumbList","@id":"https:\/\/www.soroptimisteurope.org\/sie-fortement-represente-a-commission-de-lonu-statut-femmes-csw61\/#breadcrumb","itemListElement":[{"@type":"ListItem","position":1,"name":"Accueil","item":"https:\/\/www.soroptimisteurope.org\/fr\/accueil\/"},{"@type":"ListItem","position":2,"name":"Le SIE Fortement Repr\u00e9sent\u00e9 \u00e0 la Commission de l\u2019ONU sur le Statut des Femmes (CSW61)"}]},{"@type":"WebSite","@id":"https:\/\/www.soroptimisteurope.org\/#website","url":"https:\/\/www.soroptimisteurope.org\/","name":"Soroptimist","description":"","potentialAction":[{"@type":"SearchAction","target":{"@type":"EntryPoint","urlTemplate":"https:\/\/www.soroptimisteurope.org\/?s={search_term_string}"},"query-input":{"@type":"PropertyValueSpecification","valueRequired":true,"valueName":"search_term_string"}}],"inLanguage":"fr-FR"},{"@type":"Person","@id":"https:\/\/www.soroptimisteurope.org\/#\/schema\/person\/71cb5ee8dc72773ed419609bf2274619","name":"Virginie Racine","url":"https:\/\/www.soroptimisteurope.org\/fr\/author\/adminsorop2k21\/"}]}},"_links":{"self":[{"href":"https:\/\/www.soroptimisteurope.org\/fr\/wp-json\/wp\/v2\/posts\/7591","targetHints":{"allow":["GET"]}}],"collection":[{"href":"https:\/\/www.soroptimisteurope.org\/fr\/wp-json\/wp\/v2\/posts"}],"about":[{"href":"https:\/\/www.soroptimisteurope.org\/fr\/wp-json\/wp\/v2\/types\/post"}],"author":[{"embeddable":true,"href":"https:\/\/www.soroptimisteurope.org\/fr\/wp-json\/wp\/v2\/users\/5"}],"replies":[{"embeddable":true,"href":"https:\/\/www.soroptimisteurope.org\/fr\/wp-json\/wp\/v2\/comments?post=7591"}],"version-history":[{"count":0,"href":"https:\/\/www.soroptimisteurope.org\/fr\/wp-json\/wp\/v2\/posts\/7591\/revisions"}],"wp:attachment":[{"href":"https:\/\/www.soroptimisteurope.org\/fr\/wp-json\/wp\/v2\/media?parent=7591"}],"wp:term":[{"taxonomy":"category","embeddable":true,"href":"https:\/\/www.soroptimisteurope.org\/fr\/wp-json\/wp\/v2\/categories?post=7591"},{"taxonomy":"post_tag","embeddable":true,"href":"https:\/\/www.soroptimisteurope.org\/fr\/wp-json\/wp\/v2\/tags?post=7591"}],"curies":[{"name":"wp","href":"https:\/\/api.w.org\/{rel}","templated":true}]}}