{"id":8728,"date":"2017-06-19T17:36:20","date_gmt":"2017-06-19T16:36:20","guid":{"rendered":"http:\/\/www.soroptimisteurope.org\/fr\/?p=8728"},"modified":"2025-05-13T11:15:59","modified_gmt":"2025-05-13T09:15:59","slug":"nouvelle-offre-participation-a-2-jours-congres-sie","status":"publish","type":"post","link":"https:\/\/www.soroptimisteurope.org\/fr\/nouvelle-offre-participation-a-2-jours-congres-sie\/","title":{"rendered":"Nouvelle offre, participation \u00e0 2 jours du Congr\u00e8s du SIE"},"content":{"rendered":"<p>Vous avez maintenant la possibilit\u00e9 de vous inscrire pour\u00a02 jours du Congr\u00e8s \u00e0 Florence (vendredi et samedi OU samedi et dimanche), au prix de 260 euros.<\/p>\n<p><a href=\"http:\/\/www.soroptimistflorence2017.com\/fr\/\" target=\"_blank\">Inscrivez-vous<\/a> d\u00e8s aujourd&rsquo;hui !<\/p>\n","protected":false},"excerpt":{"rendered":"<p>Nouvelle opportunit\u00e9 ! Inscription pour 2 jours de participation au Congr\u00e8s du SIE<\/p>\n","protected":false},"author":5,"featured_media":36080,"comment_status":"open","ping_status":"open","sticky":false,"template":"","format":"standard","meta":{"_acf_changed":false,"give_campaign_id":0,"footnotes":""},"categories":[129],"tags":[],"class_list":["post-8728","post","type-post","status-publish","format-standard","has-post-thumbnail","hentry","category-nouvelles"],"acf":{"article_photo_de_couverture":false,"article_chapeau":"<p>Nouvelle opportunit\u00e9 ! Inscription pour 2 jours de participation au Congr\u00e8s du SIE <\/p>\n","article_contenu":[{"article_titre_du_paragraphe":"","article_paragraphe":"<p>Vous avez maintenant la possibilit\u00e9 de vous inscrire pour\u00a02 jours du Congr\u00e8s \u00e0 Florence (vendredi et samedi OU samedi et dimanche), au prix de 260 euros.<\/p>\n<p><a href=\"http:\/\/www.soroptimistflorence2017.com\/fr\/\" target=\"_blank\">Inscrivez-vous<\/a> d\u00e8s aujourd&rsquo;hui !<\/p>\n","article_media_image":false,"article_media_video":""}],"article_trombinoscope":false,"article_video":"","article_evenements_sociaux":false,"article_auteur_texte":"","article_nom_contact":"","article_email_contact":"","article_numero_contact":"","article_documents":false,"article_actualites_liees":false},"yoast_head":"<!-- This site is optimized with the Yoast SEO plugin v27.5 - https:\/\/yoast.com\/product\/yoast-seo-wordpress\/ -->\n<title>Nouvelle offre, participation \u00e0 2 jours du Congr\u00e8s du SIE - Soroptimist<\/title>\n<meta name=\"robots\" content=\"index, follow, max-snippet:-1, max-image-preview:large, max-video-preview:-1\" \/>\n<link rel=\"canonical\" href=\"https:\/\/www.soroptimisteurope.org\/new-offer-sie-congress-2017-two-day-registration\/\" \/>\n<meta property=\"og:locale\" content=\"fr_FR\" \/>\n<meta property=\"og:type\" content=\"article\" \/>\n<meta property=\"og:title\" content=\"Nouvelle offre, participation \u00e0 2 jours du Congr\u00e8s du SIE - Soroptimist\" \/>\n<meta property=\"og:description\" content=\"Nouvelle opportunit\u00e9 ! Inscription pour 2 jours de participation au Congr\u00e8s du SIE\" \/>\n<meta property=\"og:url\" content=\"https:\/\/www.soroptimisteurope.org\/new-offer-sie-congress-2017-two-day-registration\/\" \/>\n<meta property=\"og:site_name\" content=\"Soroptimist\" \/>\n<meta property=\"article:published_time\" content=\"2017-06-19T16:36:20+00:00\" \/>\n<meta property=\"article:modified_time\" content=\"2025-05-13T09:15:59+00:00\" \/>\n<meta property=\"og:image\" content=\"https:\/\/www.soroptimisteurope.org\/wp-content\/uploads\/2025\/04\/florence-duomo-italy-01-3.jpg\" \/>\n\t<meta property=\"og:image:width\" content=\"1200\" \/>\n\t<meta property=\"og:image:height\" content=\"780\" \/>\n\t<meta property=\"og:image:type\" content=\"image\/jpeg\" \/>\n<meta name=\"author\" content=\"Virginie Racine\" \/>\n<meta name=\"twitter:card\" content=\"summary_large_image\" \/>\n<meta name=\"twitter:label1\" content=\"\u00c9crit par\" \/>\n\t<meta name=\"twitter:data1\" content=\"Virginie Racine\" \/>\n<script type=\"application\/ld+json\" class=\"yoast-schema-graph\">{\"@context\":\"https:\\\/\\\/schema.org\",\"@graph\":[{\"@type\":\"Article\",\"@id\":\"https:\\\/\\\/www.soroptimisteurope.org\\\/new-offer-sie-congress-2017-two-day-registration\\\/#article\",\"isPartOf\":{\"@id\":\"https:\\\/\\\/www.soroptimisteurope.org\\\/new-offer-sie-congress-2017-two-day-registration\\\/\"},\"author\":{\"name\":\"Virginie Racine\",\"@id\":\"https:\\\/\\\/www.soroptimisteurope.org\\\/#\\\/schema\\\/person\\\/71cb5ee8dc72773ed419609bf2274619\"},\"headline\":\"Nouvelle offre, participation \u00e0 2 jours du Congr\u00e8s du SIE\",\"datePublished\":\"2017-06-19T16:36:20+00:00\",\"dateModified\":\"2025-05-13T09:15:59+00:00\",\"mainEntityOfPage\":{\"@id\":\"https:\\\/\\\/www.soroptimisteurope.org\\\/new-offer-sie-congress-2017-two-day-registration\\\/\"},\"wordCount\":39,\"commentCount\":0,\"image\":{\"@id\":\"https:\\\/\\\/www.soroptimisteurope.org\\\/new-offer-sie-congress-2017-two-day-registration\\\/#primaryimage\"},\"thumbnailUrl\":\"https:\\\/\\\/www.soroptimisteurope.org\\\/wp-content\\\/uploads\\\/2025\\\/04\\\/florence-duomo-italy-01-3.jpg\",\"articleSection\":[\"Nouvelles\"],\"inLanguage\":\"fr-FR\",\"potentialAction\":[{\"@type\":\"CommentAction\",\"name\":\"Comment\",\"target\":[\"https:\\\/\\\/www.soroptimisteurope.org\\\/new-offer-sie-congress-2017-two-day-registration\\\/#respond\"]}]},{\"@type\":\"WebPage\",\"@id\":\"https:\\\/\\\/www.soroptimisteurope.org\\\/new-offer-sie-congress-2017-two-day-registration\\\/\",\"url\":\"https:\\\/\\\/www.soroptimisteurope.org\\\/new-offer-sie-congress-2017-two-day-registration\\\/\",\"name\":\"Nouvelle offre, participation \u00e0 2 jours du Congr\u00e8s du SIE - Soroptimist\",\"isPartOf\":{\"@id\":\"https:\\\/\\\/www.soroptimisteurope.org\\\/#website\"},\"primaryImageOfPage\":{\"@id\":\"https:\\\/\\\/www.soroptimisteurope.org\\\/new-offer-sie-congress-2017-two-day-registration\\\/#primaryimage\"},\"image\":{\"@id\":\"https:\\\/\\\/www.soroptimisteurope.org\\\/new-offer-sie-congress-2017-two-day-registration\\\/#primaryimage\"},\"thumbnailUrl\":\"https:\\\/\\\/www.soroptimisteurope.org\\\/wp-content\\\/uploads\\\/2025\\\/04\\\/florence-duomo-italy-01-3.jpg\",\"datePublished\":\"2017-06-19T16:36:20+00:00\",\"dateModified\":\"2025-05-13T09:15:59+00:00\",\"author\":{\"@id\":\"https:\\\/\\\/www.soroptimisteurope.org\\\/#\\\/schema\\\/person\\\/71cb5ee8dc72773ed419609bf2274619\"},\"breadcrumb\":{\"@id\":\"https:\\\/\\\/www.soroptimisteurope.org\\\/new-offer-sie-congress-2017-two-day-registration\\\/#breadcrumb\"},\"inLanguage\":\"fr-FR\",\"potentialAction\":[{\"@type\":\"ReadAction\",\"target\":[\"https:\\\/\\\/www.soroptimisteurope.org\\\/new-offer-sie-congress-2017-two-day-registration\\\/\"]}]},{\"@type\":\"ImageObject\",\"inLanguage\":\"fr-FR\",\"@id\":\"https:\\\/\\\/www.soroptimisteurope.org\\\/new-offer-sie-congress-2017-two-day-registration\\\/#primaryimage\",\"url\":\"https:\\\/\\\/www.soroptimisteurope.org\\\/wp-content\\\/uploads\\\/2025\\\/04\\\/florence-duomo-italy-01-3.jpg\",\"contentUrl\":\"https:\\\/\\\/www.soroptimisteurope.org\\\/wp-content\\\/uploads\\\/2025\\\/04\\\/florence-duomo-italy-01-3.jpg\",\"width\":1200,\"height\":780},{\"@type\":\"BreadcrumbList\",\"@id\":\"https:\\\/\\\/www.soroptimisteurope.org\\\/new-offer-sie-congress-2017-two-day-registration\\\/#breadcrumb\",\"itemListElement\":[{\"@type\":\"ListItem\",\"position\":1,\"name\":\"Accueil\",\"item\":\"https:\\\/\\\/www.soroptimisteurope.org\\\/fr\\\/\"},{\"@type\":\"ListItem\",\"position\":2,\"name\":\"Nouvelle offre, participation \u00e0 2 jours du Congr\u00e8s du SIE\"}]},{\"@type\":\"WebSite\",\"@id\":\"https:\\\/\\\/www.soroptimisteurope.org\\\/#website\",\"url\":\"https:\\\/\\\/www.soroptimisteurope.org\\\/\",\"name\":\"Soroptimist\",\"description\":\"\",\"potentialAction\":[{\"@type\":\"SearchAction\",\"target\":{\"@type\":\"EntryPoint\",\"urlTemplate\":\"https:\\\/\\\/www.soroptimisteurope.org\\\/?s={search_term_string}\"},\"query-input\":{\"@type\":\"PropertyValueSpecification\",\"valueRequired\":true,\"valueName\":\"search_term_string\"}}],\"inLanguage\":\"fr-FR\"},{\"@type\":\"Person\",\"@id\":\"https:\\\/\\\/www.soroptimisteurope.org\\\/#\\\/schema\\\/person\\\/71cb5ee8dc72773ed419609bf2274619\",\"name\":\"Virginie Racine\",\"url\":\"https:\\\/\\\/www.soroptimisteurope.org\\\/fr\\\/author\\\/adminsorop2k21\\\/\"}]}<\/script>\n<!-- \/ Yoast SEO plugin. -->","yoast_head_json":{"title":"Nouvelle offre, participation \u00e0 2 jours du Congr\u00e8s du SIE - Soroptimist","robots":{"index":"index","follow":"follow","max-snippet":"max-snippet:-1","max-image-preview":"max-image-preview:large","max-video-preview":"max-video-preview:-1"},"canonical":"https:\/\/www.soroptimisteurope.org\/new-offer-sie-congress-2017-two-day-registration\/","og_locale":"fr_FR","og_type":"article","og_title":"Nouvelle offre, participation \u00e0 2 jours du Congr\u00e8s du SIE - Soroptimist","og_description":"Nouvelle opportunit\u00e9 ! Inscription pour 2 jours de participation au Congr\u00e8s du SIE","og_url":"https:\/\/www.soroptimisteurope.org\/new-offer-sie-congress-2017-two-day-registration\/","og_site_name":"Soroptimist","article_published_time":"2017-06-19T16:36:20+00:00","article_modified_time":"2025-05-13T09:15:59+00:00","og_image":[{"width":1200,"height":780,"url":"https:\/\/www.soroptimisteurope.org\/wp-content\/uploads\/2025\/04\/florence-duomo-italy-01-3.jpg","type":"image\/jpeg"}],"author":"Virginie Racine","twitter_card":"summary_large_image","twitter_misc":{"\u00c9crit par":"Virginie Racine"},"schema":{"@context":"https:\/\/schema.org","@graph":[{"@type":"Article","@id":"https:\/\/www.soroptimisteurope.org\/new-offer-sie-congress-2017-two-day-registration\/#article","isPartOf":{"@id":"https:\/\/www.soroptimisteurope.org\/new-offer-sie-congress-2017-two-day-registration\/"},"author":{"name":"Virginie Racine","@id":"https:\/\/www.soroptimisteurope.org\/#\/schema\/person\/71cb5ee8dc72773ed419609bf2274619"},"headline":"Nouvelle offre, participation \u00e0 2 jours du Congr\u00e8s du SIE","datePublished":"2017-06-19T16:36:20+00:00","dateModified":"2025-05-13T09:15:59+00:00","mainEntityOfPage":{"@id":"https:\/\/www.soroptimisteurope.org\/new-offer-sie-congress-2017-two-day-registration\/"},"wordCount":39,"commentCount":0,"image":{"@id":"https:\/\/www.soroptimisteurope.org\/new-offer-sie-congress-2017-two-day-registration\/#primaryimage"},"thumbnailUrl":"https:\/\/www.soroptimisteurope.org\/wp-content\/uploads\/2025\/04\/florence-duomo-italy-01-3.jpg","articleSection":["Nouvelles"],"inLanguage":"fr-FR","potentialAction":[{"@type":"CommentAction","name":"Comment","target":["https:\/\/www.soroptimisteurope.org\/new-offer-sie-congress-2017-two-day-registration\/#respond"]}]},{"@type":"WebPage","@id":"https:\/\/www.soroptimisteurope.org\/new-offer-sie-congress-2017-two-day-registration\/","url":"https:\/\/www.soroptimisteurope.org\/new-offer-sie-congress-2017-two-day-registration\/","name":"Nouvelle offre, participation \u00e0 2 jours du Congr\u00e8s du SIE - Soroptimist","isPartOf":{"@id":"https:\/\/www.soroptimisteurope.org\/#website"},"primaryImageOfPage":{"@id":"https:\/\/www.soroptimisteurope.org\/new-offer-sie-congress-2017-two-day-registration\/#primaryimage"},"image":{"@id":"https:\/\/www.soroptimisteurope.org\/new-offer-sie-congress-2017-two-day-registration\/#primaryimage"},"thumbnailUrl":"https:\/\/www.soroptimisteurope.org\/wp-content\/uploads\/2025\/04\/florence-duomo-italy-01-3.jpg","datePublished":"2017-06-19T16:36:20+00:00","dateModified":"2025-05-13T09:15:59+00:00","author":{"@id":"https:\/\/www.soroptimisteurope.org\/#\/schema\/person\/71cb5ee8dc72773ed419609bf2274619"},"breadcrumb":{"@id":"https:\/\/www.soroptimisteurope.org\/new-offer-sie-congress-2017-two-day-registration\/#breadcrumb"},"inLanguage":"fr-FR","potentialAction":[{"@type":"ReadAction","target":["https:\/\/www.soroptimisteurope.org\/new-offer-sie-congress-2017-two-day-registration\/"]}]},{"@type":"ImageObject","inLanguage":"fr-FR","@id":"https:\/\/www.soroptimisteurope.org\/new-offer-sie-congress-2017-two-day-registration\/#primaryimage","url":"https:\/\/www.soroptimisteurope.org\/wp-content\/uploads\/2025\/04\/florence-duomo-italy-01-3.jpg","contentUrl":"https:\/\/www.soroptimisteurope.org\/wp-content\/uploads\/2025\/04\/florence-duomo-italy-01-3.jpg","width":1200,"height":780},{"@type":"BreadcrumbList","@id":"https:\/\/www.soroptimisteurope.org\/new-offer-sie-congress-2017-two-day-registration\/#breadcrumb","itemListElement":[{"@type":"ListItem","position":1,"name":"Accueil","item":"https:\/\/www.soroptimisteurope.org\/fr\/"},{"@type":"ListItem","position":2,"name":"Nouvelle offre, participation \u00e0 2 jours du Congr\u00e8s du SIE"}]},{"@type":"WebSite","@id":"https:\/\/www.soroptimisteurope.org\/#website","url":"https:\/\/www.soroptimisteurope.org\/","name":"Soroptimist","description":"","potentialAction":[{"@type":"SearchAction","target":{"@type":"EntryPoint","urlTemplate":"https:\/\/www.soroptimisteurope.org\/?s={search_term_string}"},"query-input":{"@type":"PropertyValueSpecification","valueRequired":true,"valueName":"search_term_string"}}],"inLanguage":"fr-FR"},{"@type":"Person","@id":"https:\/\/www.soroptimisteurope.org\/#\/schema\/person\/71cb5ee8dc72773ed419609bf2274619","name":"Virginie Racine","url":"https:\/\/www.soroptimisteurope.org\/fr\/author\/adminsorop2k21\/"}]}},"_links":{"self":[{"href":"https:\/\/www.soroptimisteurope.org\/fr\/wp-json\/wp\/v2\/posts\/8728","targetHints":{"allow":["GET"]}}],"collection":[{"href":"https:\/\/www.soroptimisteurope.org\/fr\/wp-json\/wp\/v2\/posts"}],"about":[{"href":"https:\/\/www.soroptimisteurope.org\/fr\/wp-json\/wp\/v2\/types\/post"}],"author":[{"embeddable":true,"href":"https:\/\/www.soroptimisteurope.org\/fr\/wp-json\/wp\/v2\/users\/5"}],"replies":[{"embeddable":true,"href":"https:\/\/www.soroptimisteurope.org\/fr\/wp-json\/wp\/v2\/comments?post=8728"}],"version-history":[{"count":0,"href":"https:\/\/www.soroptimisteurope.org\/fr\/wp-json\/wp\/v2\/posts\/8728\/revisions"}],"wp:featuredmedia":[{"embeddable":true,"href":"https:\/\/www.soroptimisteurope.org\/fr\/wp-json\/wp\/v2\/media\/36080"}],"wp:attachment":[{"href":"https:\/\/www.soroptimisteurope.org\/fr\/wp-json\/wp\/v2\/media?parent=8728"}],"wp:term":[{"taxonomy":"category","embeddable":true,"href":"https:\/\/www.soroptimisteurope.org\/fr\/wp-json\/wp\/v2\/categories?post=8728"},{"taxonomy":"post_tag","embeddable":true,"href":"https:\/\/www.soroptimisteurope.org\/fr\/wp-json\/wp\/v2\/tags?post=8728"}],"curies":[{"name":"wp","href":"https:\/\/api.w.org\/{rel}","templated":true}]}}